{"id":57098,"date":"2025-06-20T00:01:33","date_gmt":"2025-06-20T03:01:33","guid":{"rendered":"https:\/\/verdadeon.com.br\/portal\/?p=57098"},"modified":"2025-06-20T12:37:41","modified_gmt":"2025-06-20T15:37:41","slug":"policia-civil-e-cpfl-deflagram-operacao-contra-furto-de-energia-eletrica-em-franca","status":"publish","type":"post","link":"https:\/\/verdadeon.com.br\/portal\/2025\/06\/20\/policia-civil-e-cpfl-deflagram-operacao-contra-furto-de-energia-eletrica-em-franca\/","title":{"rendered":"CPFL e Pol\u00edcia Civil deflagram opera\u00e7\u00e3o contra furto de energia el\u00e9trica em Franca"},"content":{"rendered":"<h2>V\u00e1rias empresas foram fiscalizadas<\/h2>\n<p>A CPFL Paulista realizou, na \u00faltima ter\u00e7a-feira (17), mais uma opera\u00e7\u00e3o de combate \u00e0s fraudes e furtos de energia em Franca, com apoio da Pol\u00edcia Civil. Durante a a\u00e7\u00e3o, foram inspecionadas as instala\u00e7\u00f5es el\u00e9tricas de 22 estabelecimentos comerciais, incluindo bares, adegas, lojas e postos de servi\u00e7os. O<br \/>\ntrabalho resultou na identifica\u00e7\u00e3o de 13 irregularidades.<\/p>\n<p>As equipes da distribuidora regularizaram as medi\u00e7\u00f5es e realizar\u00e3o os c\u00e1lculos sobre a quantidade de energia desviada. Os respectivos valores ser\u00e3o repassados pela companhia aos respons\u00e1veis pelas fraudes. Sete propriet\u00e1rios de estabelecimentos foram conduzidos \u00e0 delegacia para prestar esclarecimentos.<\/p>\n<p><img data-recalc-dims=\"1\" loading=\"lazy\" decoding=\"async\" class=\"size-full wp-image-57132 aligncenter\" src=\"https:\/\/i0.wp.com\/verdadeon.com.br\/portal\/wp-content\/uploads\/2025\/06\/image-43.jpg?resize=699%2C428&#038;ssl=1\" alt=\"\" width=\"699\" height=\"428\" srcset=\"https:\/\/i0.wp.com\/verdadeon.com.br\/portal\/wp-content\/uploads\/2025\/06\/image-43.jpg?w=699&amp;ssl=1 699w, https:\/\/i0.wp.com\/verdadeon.com.br\/portal\/wp-content\/uploads\/2025\/06\/image-43.jpg?resize=300%2C184&amp;ssl=1 300w, https:\/\/i0.wp.com\/verdadeon.com.br\/portal\/wp-content\/uploads\/2025\/06\/image-43.jpg?resize=238%2C146&amp;ssl=1 238w, https:\/\/i0.wp.com\/verdadeon.com.br\/portal\/wp-content\/uploads\/2025\/06\/image-43.jpg?resize=50%2C31&amp;ssl=1 50w, https:\/\/i0.wp.com\/verdadeon.com.br\/portal\/wp-content\/uploads\/2025\/06\/image-43.jpg?resize=122%2C75&amp;ssl=1 122w\" sizes=\"auto, (max-width: 699px) 100vw, 699px\" \/><\/p>\n<p>Inspe\u00e7\u00f5es como essas vem sendo intensificadas pela concession\u00e1ria e contam com o apoio das autoridades policiais com o objetivo de coibir as liga\u00e7\u00f5es clandestinas e manipula\u00e7\u00f5es de medidores de energia.<\/p>\n<p>A companhia, inclusive, investe continuamente em tecnologias de monitoramento e detec\u00e7\u00e3o de fraudes e furtos, como o uso de intelig\u00eancia artificial que orienta opera\u00e7\u00f5es mais assertivas e os sistemas de medi\u00e7\u00e3o blindada para grandes clientes. No ano de 2025, foram 87.553.000 kWh de energia recuperados em toda a \u00e1rea de concess\u00e3o. A quantidade seria suficiente para abastecer uma cidade de 35 mil casas com quatro moradores durante um ano.<\/p>\n<p>Al\u00e9m de sobrecarregar as redes el\u00e9tricas, deixando o sistema de distribui\u00e7\u00e3o de energia mais suscet\u00edvel \u00e0s interrup\u00e7\u00f5es no fornecimento, os indiv\u00edduos que cometem o crime tamb\u00e9m est\u00e3o colocando em risco as suas vidas.<\/p>\n<p>Vale lembrar que os atos de fraudar ou furtar de energia s\u00e3o crimes previstos no C\u00f3digo Penal, e a pena pode variar de um a quatro anos de deten\u00e7\u00e3o. Tamb\u00e9m s\u00e3o cobrados dos fraudadores os valores das tarifas referentes a todo o per\u00edodo em que ocorreu o roubo, acrescidos da devida multa. Al\u00e9m disso, as fraudes e furtos podem encarecer a conta de energia para todos. A Ag\u00eancia Nacional de Energia El\u00e9trica (ANEEL) distribui parte dos preju\u00edzos causados pelas \u201cperdas comerciais\u201d, como s\u00e3o denominadas, para a tarifa da distribuidora detentora da concess\u00e3o da \u00e1rea, no\u00a0<span class=\"il\">momento<\/span>\u00a0das revis\u00f5es tarif\u00e1rias.<\/p>\n<p><strong>Denuncie<\/strong><br \/>\nA CPFL Paulista incentiva a colabora\u00e7\u00e3o da popula\u00e7\u00e3o para o combate \u00e0s irregularidades por meio de den\u00fancia an\u00f4nima pelo app \u201cCPFL\u202fEnergia\u201d ou o site \u202f<a href=\"http:\/\/www.cpfl.com.br\/fraude\" target=\"_blank\" rel=\"noopener noreferrer\" data-saferedirecturl=\"https:\/\/www.google.com\/url?q=http:\/\/www.cpfl.com.br\/fraude&amp;source=gmail&amp;ust=1750364317119000&amp;usg=AOvVaw3tNkwNJXtVyK90P6DlsQTg\">www.cpfl.com.br\/fraude<\/a>\u00a0[1].<\/p>\n","protected":false},"excerpt":{"rendered":"<p>V\u00e1rias empresas foram fiscalizadas A CPFL Paulista realizou, na \u00faltima ter\u00e7a-feira (17), mais uma opera\u00e7\u00e3o de combate \u00e0s fraudes e furtos de energia em Franca, com<span class=\"excerpt-hellip\"> [\u2026]<\/span><\/p>\n","protected":false},"author":10,"featured_media":57131,"comment_status":"open","ping_status":"open","sticky":false,"template":"","format":"standard","meta":{"_jetpack_memberships_contains_paid_content":false,"footnotes":"","jetpack_publicize_message":"","jetpack_publicize_feature_enabled":true,"jetpack_social_post_already_shared":true,"jetpack_social_options":{"image_generator_settings":{"template":"highway","default_image_id":0,"enabled":false},"version":2}},"categories":[28,81],"tags":[],"class_list":["post-57098","post","type-post","status-publish","format-standard","has-post-thumbnail","hentry","category-cotidiano","category-manchete"],"yoast_head":"<!-- This site is optimized with the Yoast SEO plugin v25.6 - https:\/\/yoast.com\/wordpress\/plugins\/seo\/ -->\n<title>CPFL e Pol\u00edcia Civil deflagram opera\u00e7\u00e3o contra furto de energia el\u00e9trica em Franca - VerdadeOn<\/title>\n<meta name=\"robots\" content=\"index, follow, max-snippet:-1, max-image-preview:large, max-video-preview:-1\" \/>\n<link rel=\"canonical\" href=\"https:\/\/verdadeon.com.br\/portal\/2025\/06\/20\/policia-civil-e-cpfl-deflagram-operacao-contra-furto-de-energia-eletrica-em-franca\/\" \/>\n<meta property=\"og:locale\" content=\"pt_BR\" \/>\n<meta property=\"og:type\" content=\"article\" \/>\n<meta property=\"og:title\" content=\"CPFL e Pol\u00edcia Civil deflagram opera\u00e7\u00e3o contra furto de energia el\u00e9trica em Franca - VerdadeOn\" \/>\n<meta property=\"og:description\" content=\"V\u00e1rias empresas foram fiscalizadas A CPFL Paulista realizou, na \u00faltima ter\u00e7a-feira (17), mais uma opera\u00e7\u00e3o de combate \u00e0s fraudes e furtos de energia em Franca, com [\u2026]\" \/>\n<meta property=\"og:url\" content=\"https:\/\/verdadeon.com.br\/portal\/2025\/06\/20\/policia-civil-e-cpfl-deflagram-operacao-contra-furto-de-energia-eletrica-em-franca\/\" \/>\n<meta property=\"og:site_name\" content=\"VerdadeOn\" \/>\n<meta property=\"article:published_time\" content=\"2025-06-20T03:01:33+00:00\" \/>\n<meta property=\"article:modified_time\" content=\"2025-06-20T15:37:41+00:00\" \/>\n<meta property=\"og:image\" content=\"https:\/\/verdadeon.com.br\/portal\/wp-content\/uploads\/2025\/06\/image-1-1-1.jpg\" \/>\n\t<meta property=\"og:image:width\" content=\"476\" \/>\n\t<meta property=\"og:image:height\" content=\"320\" \/>\n\t<meta property=\"og:image:type\" content=\"image\/jpeg\" \/>\n<meta name=\"author\" content=\"Redacao VerdadeOn\" \/>\n<meta name=\"twitter:card\" content=\"summary_large_image\" \/>\n<meta name=\"twitter:label1\" content=\"Escrito por\" \/>\n\t<meta name=\"twitter:data1\" content=\"Redacao VerdadeOn\" \/>\n\t<meta name=\"twitter:label2\" content=\"Est. tempo de leitura\" \/>\n\t<meta name=\"twitter:data2\" content=\"3 minutos\" \/>\n<script type=\"application\/ld+json\" class=\"yoast-schema-graph\">{\"@context\":\"https:\/\/schema.org\",\"@graph\":[{\"@type\":\"WebPage\",\"@id\":\"https:\/\/verdadeon.com.br\/portal\/2025\/06\/20\/policia-civil-e-cpfl-deflagram-operacao-contra-furto-de-energia-eletrica-em-franca\/\",\"url\":\"https:\/\/verdadeon.com.br\/portal\/2025\/06\/20\/policia-civil-e-cpfl-deflagram-operacao-contra-furto-de-energia-eletrica-em-franca\/\",\"name\":\"CPFL e Pol\u00edcia Civil deflagram opera\u00e7\u00e3o contra furto de energia el\u00e9trica em Franca - VerdadeOn\",\"isPartOf\":{\"@id\":\"https:\/\/verdadeon.com.br\/portal\/#website\"},\"primaryImageOfPage\":{\"@id\":\"https:\/\/verdadeon.com.br\/portal\/2025\/06\/20\/policia-civil-e-cpfl-deflagram-operacao-contra-furto-de-energia-eletrica-em-franca\/#primaryimage\"},\"image\":{\"@id\":\"https:\/\/verdadeon.com.br\/portal\/2025\/06\/20\/policia-civil-e-cpfl-deflagram-operacao-contra-furto-de-energia-eletrica-em-franca\/#primaryimage\"},\"thumbnailUrl\":\"https:\/\/i0.wp.com\/verdadeon.com.br\/portal\/wp-content\/uploads\/2025\/06\/image-1-1-1.jpg?fit=476%2C320&ssl=1\",\"datePublished\":\"2025-06-20T03:01:33+00:00\",\"dateModified\":\"2025-06-20T15:37:41+00:00\",\"author\":{\"@id\":\"https:\/\/verdadeon.com.br\/portal\/#\/schema\/person\/a5060ad1e9ea3df545188fc93ce43d2f\"},\"breadcrumb\":{\"@id\":\"https:\/\/verdadeon.com.br\/portal\/2025\/06\/20\/policia-civil-e-cpfl-deflagram-operacao-contra-furto-de-energia-eletrica-em-franca\/#breadcrumb\"},\"inLanguage\":\"pt-BR\",\"potentialAction\":[{\"@type\":\"ReadAction\",\"target\":[\"https:\/\/verdadeon.com.br\/portal\/2025\/06\/20\/policia-civil-e-cpfl-deflagram-operacao-contra-furto-de-energia-eletrica-em-franca\/\"]}]},{\"@type\":\"ImageObject\",\"inLanguage\":\"pt-BR\",\"@id\":\"https:\/\/verdadeon.com.br\/portal\/2025\/06\/20\/policia-civil-e-cpfl-deflagram-operacao-contra-furto-de-energia-eletrica-em-franca\/#primaryimage\",\"url\":\"https:\/\/i0.wp.com\/verdadeon.com.br\/portal\/wp-content\/uploads\/2025\/06\/image-1-1-1.jpg?fit=476%2C320&ssl=1\",\"contentUrl\":\"https:\/\/i0.wp.com\/verdadeon.com.br\/portal\/wp-content\/uploads\/2025\/06\/image-1-1-1.jpg?fit=476%2C320&ssl=1\",\"width\":476,\"height\":320,\"caption\":\"Equipes da CPFL Paulista e Pol\u00edcia Civil constataram liga\u00e7\u00f5es irregulares em estabelecimentos comerciais em Franca (\u00a9CPFL Energia)\"},{\"@type\":\"BreadcrumbList\",\"@id\":\"https:\/\/verdadeon.com.br\/portal\/2025\/06\/20\/policia-civil-e-cpfl-deflagram-operacao-contra-furto-de-energia-eletrica-em-franca\/#breadcrumb\",\"itemListElement\":[{\"@type\":\"ListItem\",\"position\":1,\"name\":\"In\u00edcio\",\"item\":\"https:\/\/verdadeon.com.br\/portal\/\"},{\"@type\":\"ListItem\",\"position\":2,\"name\":\"CPFL e Pol\u00edcia Civil deflagram opera\u00e7\u00e3o contra furto de energia el\u00e9trica em Franca\"}]},{\"@type\":\"WebSite\",\"@id\":\"https:\/\/verdadeon.com.br\/portal\/#website\",\"url\":\"https:\/\/verdadeon.com.br\/portal\/\",\"name\":\"VerdadeOn\",\"description\":\"Not\u00edcias di\u00e1rias sobre Franca, Regi\u00e3o, Esporte, Cultura, Cotidiano, Colunas. Cobertura nos principais eventos da cidade \u00e9 aqui - Verdadeon Franca\",\"potentialAction\":[{\"@type\":\"SearchAction\",\"target\":{\"@type\":\"EntryPoint\",\"urlTemplate\":\"https:\/\/verdadeon.com.br\/portal\/?s={search_term_string}\"},\"query-input\":{\"@type\":\"PropertyValueSpecification\",\"valueRequired\":true,\"valueName\":\"search_term_string\"}}],\"inLanguage\":\"pt-BR\"},{\"@type\":\"Person\",\"@id\":\"https:\/\/verdadeon.com.br\/portal\/#\/schema\/person\/a5060ad1e9ea3df545188fc93ce43d2f\",\"name\":\"Redacao VerdadeOn\",\"image\":{\"@type\":\"ImageObject\",\"inLanguage\":\"pt-BR\",\"@id\":\"https:\/\/verdadeon.com.br\/portal\/#\/schema\/person\/image\/\",\"url\":\"https:\/\/secure.gravatar.com\/avatar\/459a9613caaaf07f582c3d0841eea68bdd66f533e465e6ba8b9cb45619572cf4?s=96&d=mm&r=g\",\"contentUrl\":\"https:\/\/secure.gravatar.com\/avatar\/459a9613caaaf07f582c3d0841eea68bdd66f533e465e6ba8b9cb45619572cf4?s=96&d=mm&r=g\",\"caption\":\"Redacao VerdadeOn\"},\"url\":\"https:\/\/verdadeon.com.br\/portal\/author\/redacao\/\"}]}<\/script>\n<!-- \/ Yoast SEO plugin. -->","yoast_head_json":{"title":"CPFL e Pol\u00edcia Civil deflagram opera\u00e7\u00e3o contra furto de energia el\u00e9trica em Franca - VerdadeOn","robots":{"index":"index","follow":"follow","max-snippet":"max-snippet:-1","max-image-preview":"max-image-preview:large","max-video-preview":"max-video-preview:-1"},"canonical":"https:\/\/verdadeon.com.br\/portal\/2025\/06\/20\/policia-civil-e-cpfl-deflagram-operacao-contra-furto-de-energia-eletrica-em-franca\/","og_locale":"pt_BR","og_type":"article","og_title":"CPFL e Pol\u00edcia Civil deflagram opera\u00e7\u00e3o contra furto de energia el\u00e9trica em Franca - VerdadeOn","og_description":"V\u00e1rias empresas foram fiscalizadas A CPFL Paulista realizou, na \u00faltima ter\u00e7a-feira (17), mais uma opera\u00e7\u00e3o de combate \u00e0s fraudes e furtos de energia em Franca, com [\u2026]","og_url":"https:\/\/verdadeon.com.br\/portal\/2025\/06\/20\/policia-civil-e-cpfl-deflagram-operacao-contra-furto-de-energia-eletrica-em-franca\/","og_site_name":"VerdadeOn","article_published_time":"2025-06-20T03:01:33+00:00","article_modified_time":"2025-06-20T15:37:41+00:00","og_image":[{"width":476,"height":320,"url":"https:\/\/verdadeon.com.br\/portal\/wp-content\/uploads\/2025\/06\/image-1-1-1.jpg","type":"image\/jpeg"}],"author":"Redacao VerdadeOn","twitter_card":"summary_large_image","twitter_misc":{"Escrito por":"Redacao VerdadeOn","Est. tempo de leitura":"3 minutos"},"schema":{"@context":"https:\/\/schema.org","@graph":[{"@type":"WebPage","@id":"https:\/\/verdadeon.com.br\/portal\/2025\/06\/20\/policia-civil-e-cpfl-deflagram-operacao-contra-furto-de-energia-eletrica-em-franca\/","url":"https:\/\/verdadeon.com.br\/portal\/2025\/06\/20\/policia-civil-e-cpfl-deflagram-operacao-contra-furto-de-energia-eletrica-em-franca\/","name":"CPFL e Pol\u00edcia Civil deflagram opera\u00e7\u00e3o contra furto de energia el\u00e9trica em Franca - VerdadeOn","isPartOf":{"@id":"https:\/\/verdadeon.com.br\/portal\/#website"},"primaryImageOfPage":{"@id":"https:\/\/verdadeon.com.br\/portal\/2025\/06\/20\/policia-civil-e-cpfl-deflagram-operacao-contra-furto-de-energia-eletrica-em-franca\/#primaryimage"},"image":{"@id":"https:\/\/verdadeon.com.br\/portal\/2025\/06\/20\/policia-civil-e-cpfl-deflagram-operacao-contra-furto-de-energia-eletrica-em-franca\/#primaryimage"},"thumbnailUrl":"https:\/\/i0.wp.com\/verdadeon.com.br\/portal\/wp-content\/uploads\/2025\/06\/image-1-1-1.jpg?fit=476%2C320&ssl=1","datePublished":"2025-06-20T03:01:33+00:00","dateModified":"2025-06-20T15:37:41+00:00","author":{"@id":"https:\/\/verdadeon.com.br\/portal\/#\/schema\/person\/a5060ad1e9ea3df545188fc93ce43d2f"},"breadcrumb":{"@id":"https:\/\/verdadeon.com.br\/portal\/2025\/06\/20\/policia-civil-e-cpfl-deflagram-operacao-contra-furto-de-energia-eletrica-em-franca\/#breadcrumb"},"inLanguage":"pt-BR","potentialAction":[{"@type":"ReadAction","target":["https:\/\/verdadeon.com.br\/portal\/2025\/06\/20\/policia-civil-e-cpfl-deflagram-operacao-contra-furto-de-energia-eletrica-em-franca\/"]}]},{"@type":"ImageObject","inLanguage":"pt-BR","@id":"https:\/\/verdadeon.com.br\/portal\/2025\/06\/20\/policia-civil-e-cpfl-deflagram-operacao-contra-furto-de-energia-eletrica-em-franca\/#primaryimage","url":"https:\/\/i0.wp.com\/verdadeon.com.br\/portal\/wp-content\/uploads\/2025\/06\/image-1-1-1.jpg?fit=476%2C320&ssl=1","contentUrl":"https:\/\/i0.wp.com\/verdadeon.com.br\/portal\/wp-content\/uploads\/2025\/06\/image-1-1-1.jpg?fit=476%2C320&ssl=1","width":476,"height":320,"caption":"Equipes da CPFL Paulista e Pol\u00edcia Civil constataram liga\u00e7\u00f5es irregulares em estabelecimentos comerciais em Franca (\u00a9CPFL Energia)"},{"@type":"BreadcrumbList","@id":"https:\/\/verdadeon.com.br\/portal\/2025\/06\/20\/policia-civil-e-cpfl-deflagram-operacao-contra-furto-de-energia-eletrica-em-franca\/#breadcrumb","itemListElement":[{"@type":"ListItem","position":1,"name":"In\u00edcio","item":"https:\/\/verdadeon.com.br\/portal\/"},{"@type":"ListItem","position":2,"name":"CPFL e Pol\u00edcia Civil deflagram opera\u00e7\u00e3o contra furto de energia el\u00e9trica em Franca"}]},{"@type":"WebSite","@id":"https:\/\/verdadeon.com.br\/portal\/#website","url":"https:\/\/verdadeon.com.br\/portal\/","name":"VerdadeOn","description":"Not\u00edcias di\u00e1rias sobre Franca, Regi\u00e3o, Esporte, Cultura, Cotidiano, Colunas. Cobertura nos principais eventos da cidade \u00e9 aqui - Verdadeon Franca","potentialAction":[{"@type":"SearchAction","target":{"@type":"EntryPoint","urlTemplate":"https:\/\/verdadeon.com.br\/portal\/?s={search_term_string}"},"query-input":{"@type":"PropertyValueSpecification","valueRequired":true,"valueName":"search_term_string"}}],"inLanguage":"pt-BR"},{"@type":"Person","@id":"https:\/\/verdadeon.com.br\/portal\/#\/schema\/person\/a5060ad1e9ea3df545188fc93ce43d2f","name":"Redacao VerdadeOn","image":{"@type":"ImageObject","inLanguage":"pt-BR","@id":"https:\/\/verdadeon.com.br\/portal\/#\/schema\/person\/image\/","url":"https:\/\/secure.gravatar.com\/avatar\/459a9613caaaf07f582c3d0841eea68bdd66f533e465e6ba8b9cb45619572cf4?s=96&d=mm&r=g","contentUrl":"https:\/\/secure.gravatar.com\/avatar\/459a9613caaaf07f582c3d0841eea68bdd66f533e465e6ba8b9cb45619572cf4?s=96&d=mm&r=g","caption":"Redacao VerdadeOn"},"url":"https:\/\/verdadeon.com.br\/portal\/author\/redacao\/"}]}},"jetpack_publicize_connections":[],"jetpack_featured_media_url":"https:\/\/i0.wp.com\/verdadeon.com.br\/portal\/wp-content\/uploads\/2025\/06\/image-1-1-1.jpg?fit=476%2C320&ssl=1","jetpack_sharing_enabled":true,"_links":{"self":[{"href":"https:\/\/verdadeon.com.br\/portal\/wp-json\/wp\/v2\/posts\/57098","targetHints":{"allow":["GET"]}}],"collection":[{"href":"https:\/\/verdadeon.com.br\/portal\/wp-json\/wp\/v2\/posts"}],"about":[{"href":"https:\/\/verdadeon.com.br\/portal\/wp-json\/wp\/v2\/types\/post"}],"author":[{"embeddable":true,"href":"https:\/\/verdadeon.com.br\/portal\/wp-json\/wp\/v2\/users\/10"}],"replies":[{"embeddable":true,"href":"https:\/\/verdadeon.com.br\/portal\/wp-json\/wp\/v2\/comments?post=57098"}],"version-history":[{"count":4,"href":"https:\/\/verdadeon.com.br\/portal\/wp-json\/wp\/v2\/posts\/57098\/revisions"}],"predecessor-version":[{"id":57133,"href":"https:\/\/verdadeon.com.br\/portal\/wp-json\/wp\/v2\/posts\/57098\/revisions\/57133"}],"wp:featuredmedia":[{"embeddable":true,"href":"https:\/\/verdadeon.com.br\/portal\/wp-json\/wp\/v2\/media\/57131"}],"wp:attachment":[{"href":"https:\/\/verdadeon.com.br\/portal\/wp-json\/wp\/v2\/media?parent=57098"}],"wp:term":[{"taxonomy":"category","embeddable":true,"href":"https:\/\/verdadeon.com.br\/portal\/wp-json\/wp\/v2\/categories?post=57098"},{"taxonomy":"post_tag","embeddable":true,"href":"https:\/\/verdadeon.com.br\/portal\/wp-json\/wp\/v2\/tags?post=57098"}],"curies":[{"name":"wp","href":"https:\/\/api.w.org\/{rel}","templated":true}]}}