{"id":56961,"date":"2025-06-13T14:53:36","date_gmt":"2025-06-13T17:53:36","guid":{"rendered":"https:\/\/verdadeon.com.br\/portal\/?p=56961"},"modified":"2025-06-13T14:53:36","modified_gmt":"2025-06-13T17:53:36","slug":"papa-leao-xiv-anuncia-nova-data-de-canonizacao-de-carlo-acutis","status":"publish","type":"post","link":"https:\/\/verdadeon.com.br\/portal\/2025\/06\/13\/papa-leao-xiv-anuncia-nova-data-de-canonizacao-de-carlo-acutis\/","title":{"rendered":"Papa Le\u00e3o XIV anuncia nova data de canoniza\u00e7\u00e3o de Carlo Acutis"},"content":{"rendered":"<div class=\"header-noticia full-width\">\n<h2 class=\"linha-fina-noticia\">Jovem \u00e9 popularmente conhecido como o primeiro santo millennial<\/h2>\n<\/div>\n<div class=\"subheader\">\n<div class=\"container-autoria\">\n<p>A canoniza\u00e7\u00e3o de Carlo Acutis, popularmente conhecido como o primeiro santo da gera\u00e7\u00e3o millennial (do mil\u00eanio), ser\u00e1 realizada\u00a0no dia 7 de setembro. O an\u00fancio foi feito nesta sexta-feira (13) pelo papa Le\u00e3o XIV, durante reuni\u00e3o do Consist\u00f3rio Ordin\u00e1rio P\u00fablico, no Vaticano.<img data-recalc-dims=\"1\" decoding=\"async\" src=\"https:\/\/i0.wp.com\/agenciabrasil.ebc.com.br\/ebc.png?w=1220&#038;ssl=1\" \/><img data-recalc-dims=\"1\" decoding=\"async\" src=\"https:\/\/i0.wp.com\/agenciabrasil.ebc.com.br\/ebc.gif?w=1220&#038;ssl=1\" \/><\/p>\n<p>I<strong>nicialmente, a canoniza\u00e7\u00e3o de Carlo Acutis havia sido marcada para o dia 27 de abril, na Pra\u00e7a de S\u00e3o Pedro, como parte das celebra\u00e7\u00f5es jubilares dedicadas aos adolescentes. Com a morte do papa Francisco, em 21 de abril, logo ap\u00f3s o domingo de P\u00e1scoa, a data foi alterada.<\/strong><\/p>\n<p>Carlo Acutis nasceu em 3 de maio de 1991 em Londres, na Inglaterra, e morreu aos 15 anos, em 12 de outubro de 2006 em Monza, na It\u00e1lia, ap\u00f3s ser acometido por uma leucemia classificada como fulminante. Os primeiros sinais da doen\u00e7a apareceram pouco antes, em setembro.<\/p>\n<p>\u201cDesde cedo, Carlo demonstrou grande habilidade para a inform\u00e1tica, dom que utilizou no servi\u00e7o aos outros e na divulga\u00e7\u00e3o de conte\u00fados de forma\u00e7\u00e3o crist\u00e3, como a exposi\u00e7\u00e3o sobre os milagres eucar\u00edsticos\u201d, informou o Vaticano, citando Acutis como modelo de santidade na era digital.<\/p>\n<p>O jovem foi beatificado no dia 10 de outubro de 2020 pelo papa Francisco. \u00c0 \u00e9poca, o santo padre o descreveu como algu\u00e9m que \u201cn\u00e3o se acomodou numa imobilidade confort\u00e1vel, mas colheu as necessidades do seu tempo, porque viu o rosto de Cristo nos mais fr\u00e1geis\u201d.<\/p>\n<p>\u201cSeu testemunho mostra aos jovens de hoje que a verdadeira felicidade se encontra pondo Deus em primeiro lugar e servindo-O nos irm\u00e3os, especialmente nos \u00faltimos\u201d, disse o pont\u00edfice, ao reconhecer um dos milagres de Carlo Acutis, cujos restos mortais repousam na cidade italiana de Assis.<\/p>\n<h2>Milagres<\/h2>\n<p><strong>Foi na Igreja Nossa Senhora Aparecida, em Campo Grande, que ocorreu o primeiro milagre reconhecido oficialmente pelo Vaticano por intercess\u00e3o de Carlo Acutis, no ano de 2013. O protagonista do que a Santa S\u00e9 se refere como cura milagrosa \u00e9 o brasileiro Matheus Lins Vianna, \u00e0 \u00e9poca\u00a0com 3 anos.<\/strong><\/p>\n<p>Diagnosticado com\u00a0grave condi\u00e7\u00e3o no p\u00e2ncreas, o menino n\u00e3o conseguia se alimentar e apresentava v\u00f4mitos constantes. \u201cAp\u00f3s intensas ora\u00e7\u00f5es da fam\u00edlia e um toque espont\u00e2neo em uma rel\u00edquia de Carlo Acutis durante uma celebra\u00e7\u00e3o, o menino foi curado de forma inexplic\u00e1vel, como atestado por exames m\u00e9dicos posteriores\u201d.<\/p>\n<p><strong>O milagre, aprovado pelo Vaticano em 2020, levou \u00e0 beatifica\u00e7\u00e3o de Carlo<\/strong>. J\u00e1 o reconhecimento do segundo milagre atribu\u00eddo \u00e0 intercess\u00e3o do jovem possibilitou sua canoniza\u00e7\u00e3o: a cura da costa-riquenha Valeria Valverde, 21 anos, que se feriu gravemente ap\u00f3s um acidente de bicicleta em Floren\u00e7a, na It\u00e1lia, em 2022.<\/p>\n<p>Seis dias ap\u00f3s o acidente, a m\u00e3e de Val\u00e9ria fez uma peregrina\u00e7\u00e3o \u00e0 cidade de Assis para rezar pela cura da filha no t\u00famulo do beato Carlo Acutis, deixando um bilhete escrito. Nesse mesmo dia, Val\u00e9ria come\u00e7ou a respirar sozinha e, no dia seguinte, recuperou o uso dos membros superiores e recuperou parcialmente a fala.<\/p>\n<p>Ao contr\u00e1rio das previs\u00f5es m\u00e9dicas, Val\u00e9ria passou uma semana fazendo sess\u00f5es de fisioterapia e, no dia 2 de setembro de 2022, dois meses ap\u00f3s o acidente, ela mesma fez uma peregrina\u00e7\u00e3o ao t\u00famulo de Carlo Acutis, acompanhada da m\u00e3e, para celebrar sua cura.<\/p>\n<p>Fonte: Ag\u00eancia Brasil<\/p>\n<\/div>\n<\/div>\n","protected":false},"excerpt":{"rendered":"<p>Jovem \u00e9 popularmente conhecido como o primeiro santo millennial A canoniza\u00e7\u00e3o de Carlo Acutis, popularmente conhecido como o primeiro santo da gera\u00e7\u00e3o millennial (do mil\u00eanio), ser\u00e1<span class=\"excerpt-hellip\"> [\u2026]<\/span><\/p>\n","protected":false},"author":10,"featured_media":48357,"comment_status":"open","ping_status":"open","sticky":false,"template":"","format":"standard","meta":{"_jetpack_memberships_contains_paid_content":false,"footnotes":"","jetpack_publicize_message":"","jetpack_publicize_feature_enabled":true,"jetpack_social_post_already_shared":true,"jetpack_social_options":{"image_generator_settings":{"template":"highway","default_image_id":0,"enabled":false},"version":2}},"categories":[28,44],"tags":[],"class_list":["post-56961","post","type-post","status-publish","format-standard","has-post-thumbnail","hentry","category-cotidiano","category-noticias"],"yoast_head":"<!-- This site is optimized with the Yoast SEO plugin v25.6 - https:\/\/yoast.com\/wordpress\/plugins\/seo\/ -->\n<title>Papa Le\u00e3o XIV anuncia nova data de canoniza\u00e7\u00e3o de Carlo Acutis - VerdadeOn<\/title>\n<meta name=\"robots\" content=\"index, follow, max-snippet:-1, max-image-preview:large, max-video-preview:-1\" \/>\n<link rel=\"canonical\" href=\"https:\/\/verdadeon.com.br\/portal\/2025\/06\/13\/papa-leao-xiv-anuncia-nova-data-de-canonizacao-de-carlo-acutis\/\" \/>\n<meta property=\"og:locale\" content=\"pt_BR\" \/>\n<meta property=\"og:type\" content=\"article\" \/>\n<meta property=\"og:title\" content=\"Papa Le\u00e3o XIV anuncia nova data de canoniza\u00e7\u00e3o de Carlo Acutis - VerdadeOn\" \/>\n<meta property=\"og:description\" content=\"Jovem \u00e9 popularmente conhecido como o primeiro santo millennial A canoniza\u00e7\u00e3o de Carlo Acutis, popularmente conhecido como o primeiro santo da gera\u00e7\u00e3o millennial (do mil\u00eanio), ser\u00e1 [\u2026]\" \/>\n<meta property=\"og:url\" content=\"https:\/\/verdadeon.com.br\/portal\/2025\/06\/13\/papa-leao-xiv-anuncia-nova-data-de-canonizacao-de-carlo-acutis\/\" \/>\n<meta property=\"og:site_name\" content=\"VerdadeOn\" \/>\n<meta property=\"article:published_time\" content=\"2025-06-13T17:53:36+00:00\" \/>\n<meta property=\"og:image\" content=\"https:\/\/verdadeon.com.br\/portal\/wp-content\/uploads\/2024\/08\/WhatsApp-Image-2024-08-13-at-11.12.58-1.jpeg\" \/>\n\t<meta property=\"og:image:width\" content=\"554\" \/>\n\t<meta property=\"og:image:height\" content=\"372\" \/>\n\t<meta property=\"og:image:type\" content=\"image\/jpeg\" \/>\n<meta name=\"author\" content=\"Redacao VerdadeOn\" \/>\n<meta name=\"twitter:card\" content=\"summary_large_image\" \/>\n<meta name=\"twitter:label1\" content=\"Escrito por\" \/>\n\t<meta name=\"twitter:data1\" content=\"Redacao VerdadeOn\" \/>\n\t<meta name=\"twitter:label2\" content=\"Est. tempo de leitura\" \/>\n\t<meta name=\"twitter:data2\" content=\"3 minutos\" \/>\n<script type=\"application\/ld+json\" class=\"yoast-schema-graph\">{\"@context\":\"https:\/\/schema.org\",\"@graph\":[{\"@type\":\"WebPage\",\"@id\":\"https:\/\/verdadeon.com.br\/portal\/2025\/06\/13\/papa-leao-xiv-anuncia-nova-data-de-canonizacao-de-carlo-acutis\/\",\"url\":\"https:\/\/verdadeon.com.br\/portal\/2025\/06\/13\/papa-leao-xiv-anuncia-nova-data-de-canonizacao-de-carlo-acutis\/\",\"name\":\"Papa Le\u00e3o XIV anuncia nova data de canoniza\u00e7\u00e3o de Carlo Acutis - VerdadeOn\",\"isPartOf\":{\"@id\":\"https:\/\/verdadeon.com.br\/portal\/#website\"},\"primaryImageOfPage\":{\"@id\":\"https:\/\/verdadeon.com.br\/portal\/2025\/06\/13\/papa-leao-xiv-anuncia-nova-data-de-canonizacao-de-carlo-acutis\/#primaryimage\"},\"image\":{\"@id\":\"https:\/\/verdadeon.com.br\/portal\/2025\/06\/13\/papa-leao-xiv-anuncia-nova-data-de-canonizacao-de-carlo-acutis\/#primaryimage\"},\"thumbnailUrl\":\"https:\/\/i0.wp.com\/verdadeon.com.br\/portal\/wp-content\/uploads\/2024\/08\/WhatsApp-Image-2024-08-13-at-11.12.58-1.jpeg?fit=554%2C372&ssl=1\",\"datePublished\":\"2025-06-13T17:53:36+00:00\",\"author\":{\"@id\":\"https:\/\/verdadeon.com.br\/portal\/#\/schema\/person\/a5060ad1e9ea3df545188fc93ce43d2f\"},\"breadcrumb\":{\"@id\":\"https:\/\/verdadeon.com.br\/portal\/2025\/06\/13\/papa-leao-xiv-anuncia-nova-data-de-canonizacao-de-carlo-acutis\/#breadcrumb\"},\"inLanguage\":\"pt-BR\",\"potentialAction\":[{\"@type\":\"ReadAction\",\"target\":[\"https:\/\/verdadeon.com.br\/portal\/2025\/06\/13\/papa-leao-xiv-anuncia-nova-data-de-canonizacao-de-carlo-acutis\/\"]}]},{\"@type\":\"ImageObject\",\"inLanguage\":\"pt-BR\",\"@id\":\"https:\/\/verdadeon.com.br\/portal\/2025\/06\/13\/papa-leao-xiv-anuncia-nova-data-de-canonizacao-de-carlo-acutis\/#primaryimage\",\"url\":\"https:\/\/i0.wp.com\/verdadeon.com.br\/portal\/wp-content\/uploads\/2024\/08\/WhatsApp-Image-2024-08-13-at-11.12.58-1.jpeg?fit=554%2C372&ssl=1\",\"contentUrl\":\"https:\/\/i0.wp.com\/verdadeon.com.br\/portal\/wp-content\/uploads\/2024\/08\/WhatsApp-Image-2024-08-13-at-11.12.58-1.jpeg?fit=554%2C372&ssl=1\",\"width\":554,\"height\":372,\"caption\":\"Milagre ocorrido em 2013 possibilitou beatifica\u00e7\u00e3o de Carlo Acutis (\u00a9Divulga\u00e7\u00e3o)\"},{\"@type\":\"BreadcrumbList\",\"@id\":\"https:\/\/verdadeon.com.br\/portal\/2025\/06\/13\/papa-leao-xiv-anuncia-nova-data-de-canonizacao-de-carlo-acutis\/#breadcrumb\",\"itemListElement\":[{\"@type\":\"ListItem\",\"position\":1,\"name\":\"In\u00edcio\",\"item\":\"https:\/\/verdadeon.com.br\/portal\/\"},{\"@type\":\"ListItem\",\"position\":2,\"name\":\"Papa Le\u00e3o XIV anuncia nova data de canoniza\u00e7\u00e3o de Carlo Acutis\"}]},{\"@type\":\"WebSite\",\"@id\":\"https:\/\/verdadeon.com.br\/portal\/#website\",\"url\":\"https:\/\/verdadeon.com.br\/portal\/\",\"name\":\"VerdadeOn\",\"description\":\"Not\u00edcias di\u00e1rias sobre Franca, Regi\u00e3o, Esporte, Cultura, Cotidiano, Colunas. Cobertura nos principais eventos da cidade \u00e9 aqui - Verdadeon Franca\",\"potentialAction\":[{\"@type\":\"SearchAction\",\"target\":{\"@type\":\"EntryPoint\",\"urlTemplate\":\"https:\/\/verdadeon.com.br\/portal\/?s={search_term_string}\"},\"query-input\":{\"@type\":\"PropertyValueSpecification\",\"valueRequired\":true,\"valueName\":\"search_term_string\"}}],\"inLanguage\":\"pt-BR\"},{\"@type\":\"Person\",\"@id\":\"https:\/\/verdadeon.com.br\/portal\/#\/schema\/person\/a5060ad1e9ea3df545188fc93ce43d2f\",\"name\":\"Redacao VerdadeOn\",\"image\":{\"@type\":\"ImageObject\",\"inLanguage\":\"pt-BR\",\"@id\":\"https:\/\/verdadeon.com.br\/portal\/#\/schema\/person\/image\/\",\"url\":\"https:\/\/secure.gravatar.com\/avatar\/459a9613caaaf07f582c3d0841eea68bdd66f533e465e6ba8b9cb45619572cf4?s=96&d=mm&r=g\",\"contentUrl\":\"https:\/\/secure.gravatar.com\/avatar\/459a9613caaaf07f582c3d0841eea68bdd66f533e465e6ba8b9cb45619572cf4?s=96&d=mm&r=g\",\"caption\":\"Redacao VerdadeOn\"},\"url\":\"https:\/\/verdadeon.com.br\/portal\/author\/redacao\/\"}]}<\/script>\n<!-- \/ Yoast SEO plugin. -->","yoast_head_json":{"title":"Papa Le\u00e3o XIV anuncia nova data de canoniza\u00e7\u00e3o de Carlo Acutis - VerdadeOn","robots":{"index":"index","follow":"follow","max-snippet":"max-snippet:-1","max-image-preview":"max-image-preview:large","max-video-preview":"max-video-preview:-1"},"canonical":"https:\/\/verdadeon.com.br\/portal\/2025\/06\/13\/papa-leao-xiv-anuncia-nova-data-de-canonizacao-de-carlo-acutis\/","og_locale":"pt_BR","og_type":"article","og_title":"Papa Le\u00e3o XIV anuncia nova data de canoniza\u00e7\u00e3o de Carlo Acutis - VerdadeOn","og_description":"Jovem \u00e9 popularmente conhecido como o primeiro santo millennial A canoniza\u00e7\u00e3o de Carlo Acutis, popularmente conhecido como o primeiro santo da gera\u00e7\u00e3o millennial (do mil\u00eanio), ser\u00e1 [\u2026]","og_url":"https:\/\/verdadeon.com.br\/portal\/2025\/06\/13\/papa-leao-xiv-anuncia-nova-data-de-canonizacao-de-carlo-acutis\/","og_site_name":"VerdadeOn","article_published_time":"2025-06-13T17:53:36+00:00","og_image":[{"width":554,"height":372,"url":"https:\/\/verdadeon.com.br\/portal\/wp-content\/uploads\/2024\/08\/WhatsApp-Image-2024-08-13-at-11.12.58-1.jpeg","type":"image\/jpeg"}],"author":"Redacao VerdadeOn","twitter_card":"summary_large_image","twitter_misc":{"Escrito por":"Redacao VerdadeOn","Est. tempo de leitura":"3 minutos"},"schema":{"@context":"https:\/\/schema.org","@graph":[{"@type":"WebPage","@id":"https:\/\/verdadeon.com.br\/portal\/2025\/06\/13\/papa-leao-xiv-anuncia-nova-data-de-canonizacao-de-carlo-acutis\/","url":"https:\/\/verdadeon.com.br\/portal\/2025\/06\/13\/papa-leao-xiv-anuncia-nova-data-de-canonizacao-de-carlo-acutis\/","name":"Papa Le\u00e3o XIV anuncia nova data de canoniza\u00e7\u00e3o de Carlo Acutis - VerdadeOn","isPartOf":{"@id":"https:\/\/verdadeon.com.br\/portal\/#website"},"primaryImageOfPage":{"@id":"https:\/\/verdadeon.com.br\/portal\/2025\/06\/13\/papa-leao-xiv-anuncia-nova-data-de-canonizacao-de-carlo-acutis\/#primaryimage"},"image":{"@id":"https:\/\/verdadeon.com.br\/portal\/2025\/06\/13\/papa-leao-xiv-anuncia-nova-data-de-canonizacao-de-carlo-acutis\/#primaryimage"},"thumbnailUrl":"https:\/\/i0.wp.com\/verdadeon.com.br\/portal\/wp-content\/uploads\/2024\/08\/WhatsApp-Image-2024-08-13-at-11.12.58-1.jpeg?fit=554%2C372&ssl=1","datePublished":"2025-06-13T17:53:36+00:00","author":{"@id":"https:\/\/verdadeon.com.br\/portal\/#\/schema\/person\/a5060ad1e9ea3df545188fc93ce43d2f"},"breadcrumb":{"@id":"https:\/\/verdadeon.com.br\/portal\/2025\/06\/13\/papa-leao-xiv-anuncia-nova-data-de-canonizacao-de-carlo-acutis\/#breadcrumb"},"inLanguage":"pt-BR","potentialAction":[{"@type":"ReadAction","target":["https:\/\/verdadeon.com.br\/portal\/2025\/06\/13\/papa-leao-xiv-anuncia-nova-data-de-canonizacao-de-carlo-acutis\/"]}]},{"@type":"ImageObject","inLanguage":"pt-BR","@id":"https:\/\/verdadeon.com.br\/portal\/2025\/06\/13\/papa-leao-xiv-anuncia-nova-data-de-canonizacao-de-carlo-acutis\/#primaryimage","url":"https:\/\/i0.wp.com\/verdadeon.com.br\/portal\/wp-content\/uploads\/2024\/08\/WhatsApp-Image-2024-08-13-at-11.12.58-1.jpeg?fit=554%2C372&ssl=1","contentUrl":"https:\/\/i0.wp.com\/verdadeon.com.br\/portal\/wp-content\/uploads\/2024\/08\/WhatsApp-Image-2024-08-13-at-11.12.58-1.jpeg?fit=554%2C372&ssl=1","width":554,"height":372,"caption":"Milagre ocorrido em 2013 possibilitou beatifica\u00e7\u00e3o de Carlo Acutis (\u00a9Divulga\u00e7\u00e3o)"},{"@type":"BreadcrumbList","@id":"https:\/\/verdadeon.com.br\/portal\/2025\/06\/13\/papa-leao-xiv-anuncia-nova-data-de-canonizacao-de-carlo-acutis\/#breadcrumb","itemListElement":[{"@type":"ListItem","position":1,"name":"In\u00edcio","item":"https:\/\/verdadeon.com.br\/portal\/"},{"@type":"ListItem","position":2,"name":"Papa Le\u00e3o XIV anuncia nova data de canoniza\u00e7\u00e3o de Carlo Acutis"}]},{"@type":"WebSite","@id":"https:\/\/verdadeon.com.br\/portal\/#website","url":"https:\/\/verdadeon.com.br\/portal\/","name":"VerdadeOn","description":"Not\u00edcias di\u00e1rias sobre Franca, Regi\u00e3o, Esporte, Cultura, Cotidiano, Colunas. Cobertura nos principais eventos da cidade \u00e9 aqui - Verdadeon Franca","potentialAction":[{"@type":"SearchAction","target":{"@type":"EntryPoint","urlTemplate":"https:\/\/verdadeon.com.br\/portal\/?s={search_term_string}"},"query-input":{"@type":"PropertyValueSpecification","valueRequired":true,"valueName":"search_term_string"}}],"inLanguage":"pt-BR"},{"@type":"Person","@id":"https:\/\/verdadeon.com.br\/portal\/#\/schema\/person\/a5060ad1e9ea3df545188fc93ce43d2f","name":"Redacao VerdadeOn","image":{"@type":"ImageObject","inLanguage":"pt-BR","@id":"https:\/\/verdadeon.com.br\/portal\/#\/schema\/person\/image\/","url":"https:\/\/secure.gravatar.com\/avatar\/459a9613caaaf07f582c3d0841eea68bdd66f533e465e6ba8b9cb45619572cf4?s=96&d=mm&r=g","contentUrl":"https:\/\/secure.gravatar.com\/avatar\/459a9613caaaf07f582c3d0841eea68bdd66f533e465e6ba8b9cb45619572cf4?s=96&d=mm&r=g","caption":"Redacao VerdadeOn"},"url":"https:\/\/verdadeon.com.br\/portal\/author\/redacao\/"}]}},"jetpack_publicize_connections":[],"jetpack_featured_media_url":"https:\/\/i0.wp.com\/verdadeon.com.br\/portal\/wp-content\/uploads\/2024\/08\/WhatsApp-Image-2024-08-13-at-11.12.58-1.jpeg?fit=554%2C372&ssl=1","jetpack_sharing_enabled":true,"_links":{"self":[{"href":"https:\/\/verdadeon.com.br\/portal\/wp-json\/wp\/v2\/posts\/56961","targetHints":{"allow":["GET"]}}],"collection":[{"href":"https:\/\/verdadeon.com.br\/portal\/wp-json\/wp\/v2\/posts"}],"about":[{"href":"https:\/\/verdadeon.com.br\/portal\/wp-json\/wp\/v2\/types\/post"}],"author":[{"embeddable":true,"href":"https:\/\/verdadeon.com.br\/portal\/wp-json\/wp\/v2\/users\/10"}],"replies":[{"embeddable":true,"href":"https:\/\/verdadeon.com.br\/portal\/wp-json\/wp\/v2\/comments?post=56961"}],"version-history":[{"count":1,"href":"https:\/\/verdadeon.com.br\/portal\/wp-json\/wp\/v2\/posts\/56961\/revisions"}],"predecessor-version":[{"id":56962,"href":"https:\/\/verdadeon.com.br\/portal\/wp-json\/wp\/v2\/posts\/56961\/revisions\/56962"}],"wp:featuredmedia":[{"embeddable":true,"href":"https:\/\/verdadeon.com.br\/portal\/wp-json\/wp\/v2\/media\/48357"}],"wp:attachment":[{"href":"https:\/\/verdadeon.com.br\/portal\/wp-json\/wp\/v2\/media?parent=56961"}],"wp:term":[{"taxonomy":"category","embeddable":true,"href":"https:\/\/verdadeon.com.br\/portal\/wp-json\/wp\/v2\/categories?post=56961"},{"taxonomy":"post_tag","embeddable":true,"href":"https:\/\/verdadeon.com.br\/portal\/wp-json\/wp\/v2\/tags?post=56961"}],"curies":[{"name":"wp","href":"https:\/\/api.w.org\/{rel}","templated":true}]}}