{"id":56937,"date":"2025-06-12T07:00:41","date_gmt":"2025-06-12T10:00:41","guid":{"rendered":"https:\/\/verdadeon.com.br\/portal\/?p=56937"},"modified":"2025-06-12T14:54:58","modified_gmt":"2025-06-12T17:54:58","slug":"inscricoes-para-o-enem-2025-terminam-nesta-sexta","status":"publish","type":"post","link":"https:\/\/verdadeon.com.br\/portal\/2025\/06\/12\/inscricoes-para-o-enem-2025-terminam-nesta-sexta\/","title":{"rendered":"Inscri\u00e7\u00f5es para o Enem 2025 terminam nesta sexta"},"content":{"rendered":"<div class=\"header-noticia full-width\">\n<h2 class=\"linha-fina-noticia\">Saiba como se inscrever na P\u00e1gina do Participante<\/h2>\n<\/div>\n<div class=\"subheader\">\n<div class=\"container-autoria\">\n<p><strong>As inscri\u00e7\u00f5es para o Exame Nacional do Ensino M\u00e9dio (Enem) de 2025 se encerram \u00e0s 23h59 (no hor\u00e1rio de Bras\u00edlia) desta sexta-feira (13).<\/strong>\u00a0O\u00a0<a href=\"https:\/\/agenciabrasil.ebc.com.br\/educacao\/noticia\/2025-06\/prazo-de-inscricao-no-enem-e-prorrogado-para-o-dia-13-de-junho\" target=\"_blank\" rel=\"noopener\">prazo que terminaria em 6 de junho<\/a>\u00a0foi prorrogado em uma semana pelo Minist\u00e9rio da Educa\u00e7\u00e3o (MEC).\u00a0<img data-recalc-dims=\"1\" decoding=\"async\" src=\"https:\/\/i0.wp.com\/agenciabrasil.ebc.com.br\/ebc.png?w=1220&#038;ssl=1\" \/><img data-recalc-dims=\"1\" decoding=\"async\" src=\"https:\/\/i0.wp.com\/agenciabrasil.ebc.com.br\/ebc.gif?w=1220&#038;ssl=1\" \/><\/p>\n<p><strong>A nova data limite \u00e9 v\u00e1lida tamb\u00e9m para as pessoas interessadas em solicitar atendimento especializado no Enem e para solicitar tratamento pelo nome social.\u00a0<\/strong><\/p>\n<p>Cada uma das situa\u00e7\u00f5es deve ser informada no momento da inscri\u00e7\u00e3o diretamente na\u00a0<a href=\"https:\/\/enem.inep.gov.br\/participante\/#!\/\" target=\"_blank\" rel=\"noopener\">P\u00e1gina do Participante<\/a>, preencher os dados solicitados e enviar a documenta\u00e7\u00e3o exigida.<\/p>\n<p><strong>Com a prorroga\u00e7\u00e3o do per\u00edodo de inscri\u00e7\u00f5es, o pagamento da taxa de inscri\u00e7\u00e3o poder\u00e1 ser feito at\u00e9 a pr\u00f3xima quarta-feira, 18 de junho, para garantir a participa\u00e7\u00e3o no exame.<\/strong><\/p>\n<p>A\u00a0<strong>Ag\u00eancia Brasil\u00a0<\/strong>preparou um passo a passo do procedimento de inscri\u00e7\u00e3o para ajudar os interessados.\u00a0<strong><a href=\"https:\/\/agenciabrasil.ebc.com.br\/educacao\/noticia\/2025-06\/enem-2025-prazo-para-inscricoes-termina-nesta-sexta%20%20]\" target=\"_blank\" rel=\"noopener\">Confira aqui\u00a0<\/a>o tutorial.<\/strong><\/p>\n<h2>Todos devem se inscrever<\/h2>\n<p>Todos os interessados em fazer o Enem 2025 devem se inscrever exclusivamente na\u00a0<a href=\"https:\/\/enem.inep.gov.br\/participante\/#!\/\" target=\"_blank\" rel=\"noopener\">P\u00e1gina do Participante<\/a>,\u00a0no\u00a0<em>site<\/em>\u00a0do Instituto Nacional de Estudos e Pesquisas Educacionais An\u00edsio Teixeira (Inep), respons\u00e1vel por todas as etapas do exame.<\/p>\n<p><strong>Os participantes que tiveram os pedidos de isen\u00e7\u00e3o da taxa de inscri\u00e7\u00e3o e as justificativas de aus\u00eancia em 2024 aprovados pelo Inep precisam se inscrever no exame.<\/strong><\/p>\n<p>O exame ainda representa uma oportunidade para o participante &#8220;treineiro&#8221; testar seus conhecimentos.\u00a0<strong>O Inep define como &#8220;treineiro&#8221; no Enem aquele que concluir\u00e1 o ensino m\u00e9dio ap\u00f3s o ano letivo de 2025; que n\u00e3o est\u00e1 cursando ou n\u00e3o concluiu o ensino m\u00e9dio e quer se autoavaliar.<\/strong><\/p>\n<h2>Novidades<\/h2>\n<p><strong>Os estudantes do 3\u00ba ano do ensino m\u00e9dio em escola p\u00fablica, mesmo com sua inscri\u00e7\u00e3o pr\u00e9-preenchida automaticamente, pela primeira vez, precisam atualizar os dados solicitados e confirmar a inscri\u00e7\u00e3o\u00a0para garantir a participa\u00e7\u00e3o nesta edi\u00e7\u00e3o.<\/strong><\/p>\n<p>Estes candidatos n\u00e3o pagar\u00e3o a taxa de inscri\u00e7\u00e3o. Al\u00e9m de ter o objetivo de facilitar o processo de inscri\u00e7\u00e3o, a medida pretende estimular a participa\u00e7\u00e3o deste p\u00fablico no Enem.<\/p>\n<p><a href=\"https:\/\/agenciabrasil.ebc.com.br\/educacao\/noticia\/2025-05\/saiba-como-o-enem-voltara-certificar-conclusao-do-ensino-medio\" target=\"_blank\" rel=\"noopener\">Em 2025, o Enem tem outra novidade<\/a>: o exame voltar\u00e1 a ser uma op\u00e7\u00e3o para quem quer obter o certificado de conclus\u00e3o do ensino m\u00e9dio ou a declara\u00e7\u00e3o parcial de profici\u00eancia. Para esta finalidade, podem se inscrever os candidatos:<\/p>\n<p>\u00b7 com mais de 18 anos que n\u00e3o terminaram essa etapa dos estudos;<\/p>\n<p>\u00b7 que alcan\u00e7ar, em cada \u00e1rea do conhecimento da prova, a pontua\u00e7\u00e3o m\u00ednima (igual ou maior que 450 pontos);<\/p>\n<p>\u00b7 tirar nota de menos 500 pontos na prova de reda\u00e7\u00e3o.<\/p>\n<h2>Acessibilidade<\/h2>\n<p>As pessoas interessadas em solicitar atendimento especializado no Enem 2025 devem enviar a documenta\u00e7\u00e3o que comprove a condi\u00e7\u00e3o que motiva o atendimento especializado, dentro deste prazo, por meio da\u00a0<a href=\"https:\/\/enem.inep.gov.br\/participante\/#!\/\" target=\"_blank\" rel=\"noopener\">P\u00e1gina do Participante<\/a>.<\/p>\n<p>O Minist\u00e9rio da Educa\u00e7\u00e3o (MEC) explica que o participante que teve a documenta\u00e7\u00e3o deste tipo aprovada pelo Inep nas edi\u00e7\u00f5es do Enem de 2021 a 2024 n\u00e3o precisar\u00e1 anexar nova documenta\u00e7\u00e3o.<\/p>\n<p><a href=\"https:\/\/agenciabrasil.ebc.com.br\/educacao\/noticia\/2025-06\/enem-publicado-o-edital-em-libras-destinado-pessoas-com-deficiencia\" target=\"_blank\" rel=\"noopener\">Pessoas com defici\u00eancia auditiva ou surdez<\/a>\u00a0tamb\u00e9m podem defici\u00eancia consultar o edital do Enem 2025 na L\u00edngua Brasileira de Sinais (Libras) com todas as regras e prazos do processo seletivo.<\/p>\n<p>O v\u00eddeo com o conte\u00fado completo do edital est\u00e1 dispon\u00edvel no canal do\u00a0<a href=\"https:\/\/www.youtube.com\/watch?v=JOD6xa6VsM4\" target=\"_blank\" rel=\"noopener\">Inep no YouTube<\/a><\/p>\n<h2>Inclus\u00e3o<\/h2>\n<p><a href=\"https:\/\/agenciabrasil.ebc.com.br\/educacao\/noticia\/2025-06\/enem-2025-prazo-para-solicitar-nome-social-termina-na-sexta-feira\" target=\"_blank\" rel=\"noopener\">Sobre o nome social<\/a>, esse tratamento \u00e9 exclusivo de participantes travestis, transexuais ou transg\u00eaneros que se identificam e querem ser reconhecidos socialmente conforme sua identidade de g\u00eanero.<\/p>\n<p><strong>O nome social deve ser o mesmo cadastrado na Receita Federal e este ser\u00e1 apresentado em todos os documentos e materiais administrativos do Enem, como no cart\u00e3o de confirma\u00e7\u00e3o de inscri\u00e7\u00e3o e nas provas.<\/strong><\/p>\n<h2>Taxa de inscri\u00e7\u00e3o<\/h2>\n<p><strong>A taxa de inscri\u00e7\u00e3o deve ser paga at\u00e9 a pr\u00f3xima quarta-feira (18) tanto pelo candidatos n\u00e3o isentos como pelos candidatos que tiveram a solicita\u00e7\u00e3o de isen\u00e7\u00e3o da taxa de inscri\u00e7\u00e3o reprovada pelo Inep ou que a justificativa de aus\u00eancia nas provas de 2024 n\u00e3o foi aceita pela autarquia.<\/strong><\/p>\n<p>No boleto da Guia de Recolhimento da Uni\u00e3o (GRU Cobran\u00e7a) no valor de R$ 85 ficar\u00e1 dispon\u00edvel na tela inicial da P\u00e1gina do Participante ap\u00f3s finalizar o processo de inscri\u00e7\u00e3o.<\/p>\n<p><strong>O pagamento poder\u00e1 ser feito por Pix, cart\u00e3o de cr\u00e9dito, d\u00e9bito em conta corrente ou poupan\u00e7a. Para pagar por Pix, basta acessar o QR Code que consta no boleto.<\/strong><\/p>\n<p>O sistema n\u00e3o gerar\u00e1 boleto para duas situa\u00e7\u00f5es, mesmo ao candidato que ainda n\u00e3o tenha solicitado isen\u00e7\u00e3o da taxa de inscri\u00e7\u00e3o:<\/p>\n<p>1. estudantes concluintes do ensino m\u00e9dio, em 2025, matriculados em qualquer modalidade de ensino (regular ou EJA), em escolas p\u00fablicas;<\/p>\n<p>2. quem informar na inscri\u00e7\u00e3o que usar\u00e1 os resultados do Enem 2025 para tentar conseguir o certificado de conclus\u00e3o do ensino m\u00e9dio ou declara\u00e7\u00e3o parcial de profici\u00eancia e que esteja inscrito no Cadastro \u00danico para Programas Sociais do governo federal (Cad\u00danico).<\/p>\n<h2>Provas<\/h2>\n<p><strong>Os dias de aplica\u00e7\u00e3o das provas do Enem 2025 em todos os estados e no Distrito Federal\u00a0n\u00e3o mudaram. Permanecem em 9 e 16 de novembro.<\/strong><\/p>\n<p><strong>As exce\u00e7\u00f5es, j\u00e1 previstas no edital desta edi\u00e7\u00e3o, s\u00e3o os munic\u00edpios de Bel\u00e9m, Ananindeua e Marituba, no Par\u00e1, onde os candidatos far\u00e3o provas em 30 de novembro e 7 de dezembro, devido \u00e0 realiza\u00e7\u00e3o da 30\u00aa Confer\u00eancia das Na\u00e7\u00f5es Unidas sobre Mudan\u00e7as Clim\u00e1ticas (COP 30), na capital paraense, no per\u00edodo.<\/strong><\/p>\n<p>O Enem 2025 mant\u00e9m o formato de quatro provas objetivas (com 45 quest\u00f5es cada) e uma reda\u00e7\u00e3o.<\/p>\n<p><strong>No primeiro dia, ser\u00e3o aplicadas as provas de reda\u00e7\u00e3o, l\u00edngua portuguesa, literatura, l\u00edngua estrangeira (ingl\u00eas ou espanhol) e o Enem ter\u00e1 5 horas e 30 minutos de dura\u00e7\u00e3o.<\/strong><\/p>\n<p><strong>No segundo dia, com provas com 5 horas de dura\u00e7\u00e3o, o exame nacional avaliar\u00e1 os conhecimentos de qu\u00edmica, f\u00edsica e biologia e matem\u00e1tica.<\/strong><\/p>\n<h2>O exame<\/h2>\n<p>O Enem \u00e9 considerado a principal porta de entrada para a educa\u00e7\u00e3o superior no Brasil, por meio do Sistema de Sele\u00e7\u00e3o Unificada (Sisu) e de iniciativas como o Programa Universidade para Todos (Prouni) e o Fundo de Financiamento Estudantil (Fies).<\/p>\n<p>Fonte: Ag\u00eancia Brasil<\/p>\n<\/div>\n<\/div>\n","protected":false},"excerpt":{"rendered":"<p>Saiba como se inscrever na P\u00e1gina do Participante As inscri\u00e7\u00f5es para o Exame Nacional do Ensino M\u00e9dio (Enem) de 2025 se encerram \u00e0s 23h59 (no hor\u00e1rio<span class=\"excerpt-hellip\"> [\u2026]<\/span><\/p>\n","protected":false},"author":10,"featured_media":56938,"comment_status":"open","ping_status":"open","sticky":false,"template":"","format":"standard","meta":{"_jetpack_memberships_contains_paid_content":false,"footnotes":"","jetpack_publicize_message":"","jetpack_publicize_feature_enabled":true,"jetpack_social_post_already_shared":true,"jetpack_social_options":{"image_generator_settings":{"template":"highway","default_image_id":0,"enabled":false},"version":2}},"categories":[28,44],"tags":[],"class_list":["post-56937","post","type-post","status-publish","format-standard","has-post-thumbnail","hentry","category-cotidiano","category-noticias"],"yoast_head":"<!-- This site is optimized with the Yoast SEO plugin v25.6 - https:\/\/yoast.com\/wordpress\/plugins\/seo\/ -->\n<title>Inscri\u00e7\u00f5es para o Enem 2025 terminam nesta sexta - VerdadeOn<\/title>\n<meta name=\"robots\" content=\"index, follow, max-snippet:-1, max-image-preview:large, max-video-preview:-1\" \/>\n<link rel=\"canonical\" href=\"https:\/\/verdadeon.com.br\/portal\/2025\/06\/12\/inscricoes-para-o-enem-2025-terminam-nesta-sexta\/\" \/>\n<meta property=\"og:locale\" content=\"pt_BR\" \/>\n<meta property=\"og:type\" content=\"article\" \/>\n<meta property=\"og:title\" content=\"Inscri\u00e7\u00f5es para o Enem 2025 terminam nesta sexta - VerdadeOn\" \/>\n<meta property=\"og:description\" content=\"Saiba como se inscrever na P\u00e1gina do Participante As inscri\u00e7\u00f5es para o Exame Nacional do Ensino M\u00e9dio (Enem) de 2025 se encerram \u00e0s 23h59 (no hor\u00e1rio [\u2026]\" \/>\n<meta property=\"og:url\" content=\"https:\/\/verdadeon.com.br\/portal\/2025\/06\/12\/inscricoes-para-o-enem-2025-terminam-nesta-sexta\/\" \/>\n<meta property=\"og:site_name\" content=\"VerdadeOn\" \/>\n<meta property=\"article:published_time\" content=\"2025-06-12T10:00:41+00:00\" \/>\n<meta property=\"article:modified_time\" content=\"2025-06-12T17:54:58+00:00\" \/>\n<meta property=\"og:image\" content=\"https:\/\/verdadeon.com.br\/portal\/wp-content\/uploads\/2025\/06\/rbr6332.jpg\" \/>\n\t<meta property=\"og:image:width\" content=\"1170\" \/>\n\t<meta property=\"og:image:height\" content=\"700\" \/>\n\t<meta property=\"og:image:type\" content=\"image\/jpeg\" \/>\n<meta name=\"author\" content=\"Redacao VerdadeOn\" \/>\n<meta name=\"twitter:card\" content=\"summary_large_image\" \/>\n<meta name=\"twitter:label1\" content=\"Escrito por\" \/>\n\t<meta name=\"twitter:data1\" content=\"Redacao VerdadeOn\" \/>\n\t<meta name=\"twitter:label2\" content=\"Est. tempo de leitura\" \/>\n\t<meta name=\"twitter:data2\" content=\"6 minutos\" \/>\n<script type=\"application\/ld+json\" class=\"yoast-schema-graph\">{\"@context\":\"https:\/\/schema.org\",\"@graph\":[{\"@type\":\"WebPage\",\"@id\":\"https:\/\/verdadeon.com.br\/portal\/2025\/06\/12\/inscricoes-para-o-enem-2025-terminam-nesta-sexta\/\",\"url\":\"https:\/\/verdadeon.com.br\/portal\/2025\/06\/12\/inscricoes-para-o-enem-2025-terminam-nesta-sexta\/\",\"name\":\"Inscri\u00e7\u00f5es para o Enem 2025 terminam nesta sexta - VerdadeOn\",\"isPartOf\":{\"@id\":\"https:\/\/verdadeon.com.br\/portal\/#website\"},\"primaryImageOfPage\":{\"@id\":\"https:\/\/verdadeon.com.br\/portal\/2025\/06\/12\/inscricoes-para-o-enem-2025-terminam-nesta-sexta\/#primaryimage\"},\"image\":{\"@id\":\"https:\/\/verdadeon.com.br\/portal\/2025\/06\/12\/inscricoes-para-o-enem-2025-terminam-nesta-sexta\/#primaryimage\"},\"thumbnailUrl\":\"https:\/\/i0.wp.com\/verdadeon.com.br\/portal\/wp-content\/uploads\/2025\/06\/rbr6332.jpg?fit=1170%2C700&ssl=1\",\"datePublished\":\"2025-06-12T10:00:41+00:00\",\"dateModified\":\"2025-06-12T17:54:58+00:00\",\"author\":{\"@id\":\"https:\/\/verdadeon.com.br\/portal\/#\/schema\/person\/a5060ad1e9ea3df545188fc93ce43d2f\"},\"breadcrumb\":{\"@id\":\"https:\/\/verdadeon.com.br\/portal\/2025\/06\/12\/inscricoes-para-o-enem-2025-terminam-nesta-sexta\/#breadcrumb\"},\"inLanguage\":\"pt-BR\",\"potentialAction\":[{\"@type\":\"ReadAction\",\"target\":[\"https:\/\/verdadeon.com.br\/portal\/2025\/06\/12\/inscricoes-para-o-enem-2025-terminam-nesta-sexta\/\"]}]},{\"@type\":\"ImageObject\",\"inLanguage\":\"pt-BR\",\"@id\":\"https:\/\/verdadeon.com.br\/portal\/2025\/06\/12\/inscricoes-para-o-enem-2025-terminam-nesta-sexta\/#primaryimage\",\"url\":\"https:\/\/i0.wp.com\/verdadeon.com.br\/portal\/wp-content\/uploads\/2025\/06\/rbr6332.jpg?fit=1170%2C700&ssl=1\",\"contentUrl\":\"https:\/\/i0.wp.com\/verdadeon.com.br\/portal\/wp-content\/uploads\/2025\/06\/rbr6332.jpg?fit=1170%2C700&ssl=1\",\"width\":1170,\"height\":700,\"caption\":\"(\u00a9T\u00e2nia R\u00eago\/Ag\u00eancia Brasil)\"},{\"@type\":\"BreadcrumbList\",\"@id\":\"https:\/\/verdadeon.com.br\/portal\/2025\/06\/12\/inscricoes-para-o-enem-2025-terminam-nesta-sexta\/#breadcrumb\",\"itemListElement\":[{\"@type\":\"ListItem\",\"position\":1,\"name\":\"In\u00edcio\",\"item\":\"https:\/\/verdadeon.com.br\/portal\/\"},{\"@type\":\"ListItem\",\"position\":2,\"name\":\"Inscri\u00e7\u00f5es para o Enem 2025 terminam nesta sexta\"}]},{\"@type\":\"WebSite\",\"@id\":\"https:\/\/verdadeon.com.br\/portal\/#website\",\"url\":\"https:\/\/verdadeon.com.br\/portal\/\",\"name\":\"VerdadeOn\",\"description\":\"Not\u00edcias di\u00e1rias sobre Franca, Regi\u00e3o, Esporte, Cultura, Cotidiano, Colunas. Cobertura nos principais eventos da cidade \u00e9 aqui - Verdadeon Franca\",\"potentialAction\":[{\"@type\":\"SearchAction\",\"target\":{\"@type\":\"EntryPoint\",\"urlTemplate\":\"https:\/\/verdadeon.com.br\/portal\/?s={search_term_string}\"},\"query-input\":{\"@type\":\"PropertyValueSpecification\",\"valueRequired\":true,\"valueName\":\"search_term_string\"}}],\"inLanguage\":\"pt-BR\"},{\"@type\":\"Person\",\"@id\":\"https:\/\/verdadeon.com.br\/portal\/#\/schema\/person\/a5060ad1e9ea3df545188fc93ce43d2f\",\"name\":\"Redacao VerdadeOn\",\"image\":{\"@type\":\"ImageObject\",\"inLanguage\":\"pt-BR\",\"@id\":\"https:\/\/verdadeon.com.br\/portal\/#\/schema\/person\/image\/\",\"url\":\"https:\/\/secure.gravatar.com\/avatar\/459a9613caaaf07f582c3d0841eea68bdd66f533e465e6ba8b9cb45619572cf4?s=96&d=mm&r=g\",\"contentUrl\":\"https:\/\/secure.gravatar.com\/avatar\/459a9613caaaf07f582c3d0841eea68bdd66f533e465e6ba8b9cb45619572cf4?s=96&d=mm&r=g\",\"caption\":\"Redacao VerdadeOn\"},\"url\":\"https:\/\/verdadeon.com.br\/portal\/author\/redacao\/\"}]}<\/script>\n<!-- \/ Yoast SEO plugin. -->","yoast_head_json":{"title":"Inscri\u00e7\u00f5es para o Enem 2025 terminam nesta sexta - VerdadeOn","robots":{"index":"index","follow":"follow","max-snippet":"max-snippet:-1","max-image-preview":"max-image-preview:large","max-video-preview":"max-video-preview:-1"},"canonical":"https:\/\/verdadeon.com.br\/portal\/2025\/06\/12\/inscricoes-para-o-enem-2025-terminam-nesta-sexta\/","og_locale":"pt_BR","og_type":"article","og_title":"Inscri\u00e7\u00f5es para o Enem 2025 terminam nesta sexta - VerdadeOn","og_description":"Saiba como se inscrever na P\u00e1gina do Participante As inscri\u00e7\u00f5es para o Exame Nacional do Ensino M\u00e9dio (Enem) de 2025 se encerram \u00e0s 23h59 (no hor\u00e1rio [\u2026]","og_url":"https:\/\/verdadeon.com.br\/portal\/2025\/06\/12\/inscricoes-para-o-enem-2025-terminam-nesta-sexta\/","og_site_name":"VerdadeOn","article_published_time":"2025-06-12T10:00:41+00:00","article_modified_time":"2025-06-12T17:54:58+00:00","og_image":[{"width":1170,"height":700,"url":"https:\/\/verdadeon.com.br\/portal\/wp-content\/uploads\/2025\/06\/rbr6332.jpg","type":"image\/jpeg"}],"author":"Redacao VerdadeOn","twitter_card":"summary_large_image","twitter_misc":{"Escrito por":"Redacao VerdadeOn","Est. tempo de leitura":"6 minutos"},"schema":{"@context":"https:\/\/schema.org","@graph":[{"@type":"WebPage","@id":"https:\/\/verdadeon.com.br\/portal\/2025\/06\/12\/inscricoes-para-o-enem-2025-terminam-nesta-sexta\/","url":"https:\/\/verdadeon.com.br\/portal\/2025\/06\/12\/inscricoes-para-o-enem-2025-terminam-nesta-sexta\/","name":"Inscri\u00e7\u00f5es para o Enem 2025 terminam nesta sexta - VerdadeOn","isPartOf":{"@id":"https:\/\/verdadeon.com.br\/portal\/#website"},"primaryImageOfPage":{"@id":"https:\/\/verdadeon.com.br\/portal\/2025\/06\/12\/inscricoes-para-o-enem-2025-terminam-nesta-sexta\/#primaryimage"},"image":{"@id":"https:\/\/verdadeon.com.br\/portal\/2025\/06\/12\/inscricoes-para-o-enem-2025-terminam-nesta-sexta\/#primaryimage"},"thumbnailUrl":"https:\/\/i0.wp.com\/verdadeon.com.br\/portal\/wp-content\/uploads\/2025\/06\/rbr6332.jpg?fit=1170%2C700&ssl=1","datePublished":"2025-06-12T10:00:41+00:00","dateModified":"2025-06-12T17:54:58+00:00","author":{"@id":"https:\/\/verdadeon.com.br\/portal\/#\/schema\/person\/a5060ad1e9ea3df545188fc93ce43d2f"},"breadcrumb":{"@id":"https:\/\/verdadeon.com.br\/portal\/2025\/06\/12\/inscricoes-para-o-enem-2025-terminam-nesta-sexta\/#breadcrumb"},"inLanguage":"pt-BR","potentialAction":[{"@type":"ReadAction","target":["https:\/\/verdadeon.com.br\/portal\/2025\/06\/12\/inscricoes-para-o-enem-2025-terminam-nesta-sexta\/"]}]},{"@type":"ImageObject","inLanguage":"pt-BR","@id":"https:\/\/verdadeon.com.br\/portal\/2025\/06\/12\/inscricoes-para-o-enem-2025-terminam-nesta-sexta\/#primaryimage","url":"https:\/\/i0.wp.com\/verdadeon.com.br\/portal\/wp-content\/uploads\/2025\/06\/rbr6332.jpg?fit=1170%2C700&ssl=1","contentUrl":"https:\/\/i0.wp.com\/verdadeon.com.br\/portal\/wp-content\/uploads\/2025\/06\/rbr6332.jpg?fit=1170%2C700&ssl=1","width":1170,"height":700,"caption":"(\u00a9T\u00e2nia R\u00eago\/Ag\u00eancia Brasil)"},{"@type":"BreadcrumbList","@id":"https:\/\/verdadeon.com.br\/portal\/2025\/06\/12\/inscricoes-para-o-enem-2025-terminam-nesta-sexta\/#breadcrumb","itemListElement":[{"@type":"ListItem","position":1,"name":"In\u00edcio","item":"https:\/\/verdadeon.com.br\/portal\/"},{"@type":"ListItem","position":2,"name":"Inscri\u00e7\u00f5es para o Enem 2025 terminam nesta sexta"}]},{"@type":"WebSite","@id":"https:\/\/verdadeon.com.br\/portal\/#website","url":"https:\/\/verdadeon.com.br\/portal\/","name":"VerdadeOn","description":"Not\u00edcias di\u00e1rias sobre Franca, Regi\u00e3o, Esporte, Cultura, Cotidiano, Colunas. Cobertura nos principais eventos da cidade \u00e9 aqui - Verdadeon Franca","potentialAction":[{"@type":"SearchAction","target":{"@type":"EntryPoint","urlTemplate":"https:\/\/verdadeon.com.br\/portal\/?s={search_term_string}"},"query-input":{"@type":"PropertyValueSpecification","valueRequired":true,"valueName":"search_term_string"}}],"inLanguage":"pt-BR"},{"@type":"Person","@id":"https:\/\/verdadeon.com.br\/portal\/#\/schema\/person\/a5060ad1e9ea3df545188fc93ce43d2f","name":"Redacao VerdadeOn","image":{"@type":"ImageObject","inLanguage":"pt-BR","@id":"https:\/\/verdadeon.com.br\/portal\/#\/schema\/person\/image\/","url":"https:\/\/secure.gravatar.com\/avatar\/459a9613caaaf07f582c3d0841eea68bdd66f533e465e6ba8b9cb45619572cf4?s=96&d=mm&r=g","contentUrl":"https:\/\/secure.gravatar.com\/avatar\/459a9613caaaf07f582c3d0841eea68bdd66f533e465e6ba8b9cb45619572cf4?s=96&d=mm&r=g","caption":"Redacao VerdadeOn"},"url":"https:\/\/verdadeon.com.br\/portal\/author\/redacao\/"}]}},"jetpack_publicize_connections":[],"jetpack_featured_media_url":"https:\/\/i0.wp.com\/verdadeon.com.br\/portal\/wp-content\/uploads\/2025\/06\/rbr6332.jpg?fit=1170%2C700&ssl=1","jetpack_sharing_enabled":true,"_links":{"self":[{"href":"https:\/\/verdadeon.com.br\/portal\/wp-json\/wp\/v2\/posts\/56937","targetHints":{"allow":["GET"]}}],"collection":[{"href":"https:\/\/verdadeon.com.br\/portal\/wp-json\/wp\/v2\/posts"}],"about":[{"href":"https:\/\/verdadeon.com.br\/portal\/wp-json\/wp\/v2\/types\/post"}],"author":[{"embeddable":true,"href":"https:\/\/verdadeon.com.br\/portal\/wp-json\/wp\/v2\/users\/10"}],"replies":[{"embeddable":true,"href":"https:\/\/verdadeon.com.br\/portal\/wp-json\/wp\/v2\/comments?post=56937"}],"version-history":[{"count":1,"href":"https:\/\/verdadeon.com.br\/portal\/wp-json\/wp\/v2\/posts\/56937\/revisions"}],"predecessor-version":[{"id":56939,"href":"https:\/\/verdadeon.com.br\/portal\/wp-json\/wp\/v2\/posts\/56937\/revisions\/56939"}],"wp:featuredmedia":[{"embeddable":true,"href":"https:\/\/verdadeon.com.br\/portal\/wp-json\/wp\/v2\/media\/56938"}],"wp:attachment":[{"href":"https:\/\/verdadeon.com.br\/portal\/wp-json\/wp\/v2\/media?parent=56937"}],"wp:term":[{"taxonomy":"category","embeddable":true,"href":"https:\/\/verdadeon.com.br\/portal\/wp-json\/wp\/v2\/categories?post=56937"},{"taxonomy":"post_tag","embeddable":true,"href":"https:\/\/verdadeon.com.br\/portal\/wp-json\/wp\/v2\/tags?post=56937"}],"curies":[{"name":"wp","href":"https:\/\/api.w.org\/{rel}","templated":true}]}}