{"id":56897,"date":"2025-06-11T14:59:30","date_gmt":"2025-06-11T17:59:30","guid":{"rendered":"https:\/\/verdadeon.com.br\/portal\/?p=56897"},"modified":"2025-06-11T14:59:30","modified_gmt":"2025-06-11T17:59:30","slug":"veiculos-a-diesel-regiao-de-franca-e-uma-das-que-mais-apresentam-poluicao-veicular","status":"publish","type":"post","link":"https:\/\/verdadeon.com.br\/portal\/2025\/06\/11\/veiculos-a-diesel-regiao-de-franca-e-uma-das-que-mais-apresentam-poluicao-veicular\/","title":{"rendered":"Ve\u00edculos a diesel: Regi\u00e3o de Franca \u00e9 uma das que mais apresentam polui\u00e7\u00e3o veicular"},"content":{"rendered":"<h2>Megaopera\u00e7\u00e3o da CETESB fiscaliza mais de 34 mil ve\u00edculos a diesel no Estado de S\u00e3o Paulo<\/h2>\n<p>A Companhia Ambiental do Estado de S\u00e3o Paulo (CETESB), \u00f3rg\u00e3o vinculado \u00e0 Secretaria de Meio Ambiente, Infraestrutura e Log\u00edstica de S\u00e3o Paulo (Semil), fiscalizou 34.217 ve\u00edculos movidos a diesel em uma megaopera\u00e7\u00e3o de combate \u00e0 polui\u00e7\u00e3o atmosf\u00e9rica realizada no in\u00edcio desa semana, em rodovias de todo o estado. Ao todo, 404 ve\u00edculos foram autuados por irregularidades, o equivalente a 1,5% das abordagens. A maioria dos inspecionados estava em<img loading=\"lazy\" decoding=\"async\" class=\"CToWUd a6T\" tabindex=\"0\" src=\"https:\/\/ci3.googleusercontent.com\/meips\/ADKq_Nb5317aCU2GX-QZsD4P5Eec_xwaOS7ninfvmtzP7SOKRvjSyAaiO_ft4mJeVwTK5iSuxrXHMLx3hYoDdcgsJOYhePhcq74rkgbGBMlJZDsQjlIFXDmLvqFwtc5-4GLwbdixiqfCq2iemaANJuebLA7ImPwuAK81wYnPLTY-39whFhcI_W5SSo6ah89RTzFL5WXDBqZ2yYavk76vtT-f=s0-d-e1-ft#https:\/\/files.pressmanager.net\/clientes\/e1b4c6580eb37e8e22e11fe80c0d74f7\/imagens\/2025\/06\/11\/084488405be10b5f16da44be597f2250_medium.jpg\" alt=\"\" width=\"300\" height=\"400\" align=\"right\" hspace=\"10\" vspace=\"10\" data-bit=\"iit\" \/> conformidade com as normas ambientais.<\/p>\n<p>Entre os pontos com maior volume de ve\u00edculos fiscalizados, destacaram-se Osasco (7.090 ve\u00edculos), S\u00e3o Jos\u00e9 dos Campos (2.525), Campinas (2.282) e Registro (1.720). J\u00e1 os locais com maior percentual de ve\u00edculos irregulares foram Bauru (5,3%), Santo Amaro (5,2%), Franca (3,9%) e Presidente Prudente (3,7%).<\/p>\n<p>A a\u00e7\u00e3o, que integra a Opera\u00e7\u00e3o Inverno 2025, ocorreu em 27 pontos estrat\u00e9gicos e contou com o apoio da Pol\u00edcia Militar Rodovi\u00e1ria e da Pol\u00edcia Rodovi\u00e1ria Federal. O foco foi coibir emiss\u00f5es acima do permitido, especialmente no per\u00edodo que antecede a estiagem.<\/p>\n<p>\u201cEstamos refor\u00e7ando a fiscaliza\u00e7\u00e3o ambiental e promovendo tamb\u00e9m a\u00e7\u00f5es educativas junto aos motoristas. A manuten\u00e7\u00e3o adequada dos ve\u00edculos e o uso correto das tecnologias antipolui\u00e7\u00e3o s\u00e3o essenciais para reduzir o impacto na qualidade do ar\u201d, destacou Vanderlei Borsari, gerente da Divis\u00e3o de Emiss\u00f5es Veiculares da CETESB.<\/p>\n<p>Os ve\u00edculos autuados poder\u00e3o obter 70% de desconto no valor da multa, desde que realizem a manuten\u00e7\u00e3o necess\u00e1ria e apresentem um laudo de emiss\u00e3o em conformidade com os limites legais no prazo estabelecido. O benef\u00edcio est\u00e1 previsto na Delibera\u00e7\u00e3o Normativa n\u00ba 43\/2021, que regulamenta o Programa de Controle da Polui\u00e7\u00e3o do Ar por Ve\u00edculos Automotores (PCPV).<\/p>\n<p>Durante as abordagens, foram utilizados opac\u00edmetros (equipamentos que medem a densidade da fuma\u00e7a), testes com ARLA 32 (agente redutor de emiss\u00f5es) e a Escala de Ringelmann, para avalia\u00e7\u00e3o visual das emiss\u00f5es.<\/p>\n<p>Esta foi a segunda megaopera\u00e7\u00e3o realizada pela CETESB em 2025. Na primeira, ocorrida em 13 de maio, 37.959 ve\u00edculos foram fiscalizados e 490 autua\u00e7\u00f5es aplicadas.<\/p>\n<p>A opera\u00e7\u00e3o Fuma\u00e7a Preta \u00e9 intensificada entre maio e setembro, per\u00edodo em que a dispers\u00e3o de poluentes na atmosfera \u00e9 menor.<\/p>\n","protected":false},"excerpt":{"rendered":"<p>Megaopera\u00e7\u00e3o da CETESB fiscaliza mais de 34 mil ve\u00edculos a diesel no Estado de S\u00e3o Paulo A Companhia Ambiental do Estado de S\u00e3o Paulo (CETESB), \u00f3rg\u00e3o<span class=\"excerpt-hellip\"> [\u2026]<\/span><\/p>\n","protected":false},"author":10,"featured_media":56898,"comment_status":"open","ping_status":"open","sticky":false,"template":"","format":"standard","meta":{"_jetpack_memberships_contains_paid_content":false,"footnotes":"","jetpack_publicize_message":"","jetpack_publicize_feature_enabled":true,"jetpack_social_post_already_shared":true,"jetpack_social_options":{"image_generator_settings":{"template":"highway","default_image_id":0,"enabled":false},"version":2}},"categories":[28,44],"tags":[],"class_list":["post-56897","post","type-post","status-publish","format-standard","has-post-thumbnail","hentry","category-cotidiano","category-noticias"],"yoast_head":"<!-- This site is optimized with the Yoast SEO plugin v25.6 - https:\/\/yoast.com\/wordpress\/plugins\/seo\/ -->\n<title>Ve\u00edculos a diesel: Regi\u00e3o de Franca \u00e9 uma das que mais apresentam polui\u00e7\u00e3o veicular - VerdadeOn<\/title>\n<meta name=\"robots\" content=\"index, follow, max-snippet:-1, max-image-preview:large, max-video-preview:-1\" \/>\n<link rel=\"canonical\" href=\"https:\/\/verdadeon.com.br\/portal\/2025\/06\/11\/veiculos-a-diesel-regiao-de-franca-e-uma-das-que-mais-apresentam-poluicao-veicular\/\" \/>\n<meta property=\"og:locale\" content=\"pt_BR\" \/>\n<meta property=\"og:type\" content=\"article\" \/>\n<meta property=\"og:title\" content=\"Ve\u00edculos a diesel: Regi\u00e3o de Franca \u00e9 uma das que mais apresentam polui\u00e7\u00e3o veicular - VerdadeOn\" \/>\n<meta property=\"og:description\" content=\"Megaopera\u00e7\u00e3o da CETESB fiscaliza mais de 34 mil ve\u00edculos a diesel no Estado de S\u00e3o Paulo A Companhia Ambiental do Estado de S\u00e3o Paulo (CETESB), \u00f3rg\u00e3o [\u2026]\" \/>\n<meta property=\"og:url\" content=\"https:\/\/verdadeon.com.br\/portal\/2025\/06\/11\/veiculos-a-diesel-regiao-de-franca-e-uma-das-que-mais-apresentam-poluicao-veicular\/\" \/>\n<meta property=\"og:site_name\" content=\"VerdadeOn\" \/>\n<meta property=\"article:published_time\" content=\"2025-06-11T17:59:30+00:00\" \/>\n<meta property=\"og:image\" content=\"https:\/\/verdadeon.com.br\/portal\/wp-content\/uploads\/2025\/06\/megacomando-10-06.jpg\" \/>\n\t<meta property=\"og:image:width\" content=\"864\" \/>\n\t<meta property=\"og:image:height\" content=\"633\" \/>\n\t<meta property=\"og:image:type\" content=\"image\/jpeg\" \/>\n<meta name=\"author\" content=\"Redacao VerdadeOn\" \/>\n<meta name=\"twitter:card\" content=\"summary_large_image\" \/>\n<meta name=\"twitter:label1\" content=\"Escrito por\" \/>\n\t<meta name=\"twitter:data1\" content=\"Redacao VerdadeOn\" \/>\n\t<meta name=\"twitter:label2\" content=\"Est. tempo de leitura\" \/>\n\t<meta name=\"twitter:data2\" content=\"3 minutos\" \/>\n<script type=\"application\/ld+json\" class=\"yoast-schema-graph\">{\"@context\":\"https:\/\/schema.org\",\"@graph\":[{\"@type\":\"WebPage\",\"@id\":\"https:\/\/verdadeon.com.br\/portal\/2025\/06\/11\/veiculos-a-diesel-regiao-de-franca-e-uma-das-que-mais-apresentam-poluicao-veicular\/\",\"url\":\"https:\/\/verdadeon.com.br\/portal\/2025\/06\/11\/veiculos-a-diesel-regiao-de-franca-e-uma-das-que-mais-apresentam-poluicao-veicular\/\",\"name\":\"Ve\u00edculos a diesel: Regi\u00e3o de Franca \u00e9 uma das que mais apresentam polui\u00e7\u00e3o veicular - VerdadeOn\",\"isPartOf\":{\"@id\":\"https:\/\/verdadeon.com.br\/portal\/#website\"},\"primaryImageOfPage\":{\"@id\":\"https:\/\/verdadeon.com.br\/portal\/2025\/06\/11\/veiculos-a-diesel-regiao-de-franca-e-uma-das-que-mais-apresentam-poluicao-veicular\/#primaryimage\"},\"image\":{\"@id\":\"https:\/\/verdadeon.com.br\/portal\/2025\/06\/11\/veiculos-a-diesel-regiao-de-franca-e-uma-das-que-mais-apresentam-poluicao-veicular\/#primaryimage\"},\"thumbnailUrl\":\"https:\/\/i0.wp.com\/verdadeon.com.br\/portal\/wp-content\/uploads\/2025\/06\/megacomando-10-06.jpg?fit=864%2C633&ssl=1\",\"datePublished\":\"2025-06-11T17:59:30+00:00\",\"author\":{\"@id\":\"https:\/\/verdadeon.com.br\/portal\/#\/schema\/person\/a5060ad1e9ea3df545188fc93ce43d2f\"},\"breadcrumb\":{\"@id\":\"https:\/\/verdadeon.com.br\/portal\/2025\/06\/11\/veiculos-a-diesel-regiao-de-franca-e-uma-das-que-mais-apresentam-poluicao-veicular\/#breadcrumb\"},\"inLanguage\":\"pt-BR\",\"potentialAction\":[{\"@type\":\"ReadAction\",\"target\":[\"https:\/\/verdadeon.com.br\/portal\/2025\/06\/11\/veiculos-a-diesel-regiao-de-franca-e-uma-das-que-mais-apresentam-poluicao-veicular\/\"]}]},{\"@type\":\"ImageObject\",\"inLanguage\":\"pt-BR\",\"@id\":\"https:\/\/verdadeon.com.br\/portal\/2025\/06\/11\/veiculos-a-diesel-regiao-de-franca-e-uma-das-que-mais-apresentam-poluicao-veicular\/#primaryimage\",\"url\":\"https:\/\/i0.wp.com\/verdadeon.com.br\/portal\/wp-content\/uploads\/2025\/06\/megacomando-10-06.jpg?fit=864%2C633&ssl=1\",\"contentUrl\":\"https:\/\/i0.wp.com\/verdadeon.com.br\/portal\/wp-content\/uploads\/2025\/06\/megacomando-10-06.jpg?fit=864%2C633&ssl=1\",\"width\":864,\"height\":633,\"caption\":\"A\u00e7\u00e3o contra polui\u00e7\u00e3o veicular resultou em mais de 400 autua\u00e7\u00f5es; opera\u00e7\u00e3o Fuma\u00e7a Preta segue at\u00e9 setembro, per\u00edodo em que a dispers\u00e3o de poluentes na atmosfera \u00e9 menor (\u00a9Divulga\u00e7\u00e3o)\"},{\"@type\":\"BreadcrumbList\",\"@id\":\"https:\/\/verdadeon.com.br\/portal\/2025\/06\/11\/veiculos-a-diesel-regiao-de-franca-e-uma-das-que-mais-apresentam-poluicao-veicular\/#breadcrumb\",\"itemListElement\":[{\"@type\":\"ListItem\",\"position\":1,\"name\":\"In\u00edcio\",\"item\":\"https:\/\/verdadeon.com.br\/portal\/\"},{\"@type\":\"ListItem\",\"position\":2,\"name\":\"Ve\u00edculos a diesel: Regi\u00e3o de Franca \u00e9 uma das que mais apresentam polui\u00e7\u00e3o veicular\"}]},{\"@type\":\"WebSite\",\"@id\":\"https:\/\/verdadeon.com.br\/portal\/#website\",\"url\":\"https:\/\/verdadeon.com.br\/portal\/\",\"name\":\"VerdadeOn\",\"description\":\"Not\u00edcias di\u00e1rias sobre Franca, Regi\u00e3o, Esporte, Cultura, Cotidiano, Colunas. Cobertura nos principais eventos da cidade \u00e9 aqui - Verdadeon Franca\",\"potentialAction\":[{\"@type\":\"SearchAction\",\"target\":{\"@type\":\"EntryPoint\",\"urlTemplate\":\"https:\/\/verdadeon.com.br\/portal\/?s={search_term_string}\"},\"query-input\":{\"@type\":\"PropertyValueSpecification\",\"valueRequired\":true,\"valueName\":\"search_term_string\"}}],\"inLanguage\":\"pt-BR\"},{\"@type\":\"Person\",\"@id\":\"https:\/\/verdadeon.com.br\/portal\/#\/schema\/person\/a5060ad1e9ea3df545188fc93ce43d2f\",\"name\":\"Redacao VerdadeOn\",\"image\":{\"@type\":\"ImageObject\",\"inLanguage\":\"pt-BR\",\"@id\":\"https:\/\/verdadeon.com.br\/portal\/#\/schema\/person\/image\/\",\"url\":\"https:\/\/secure.gravatar.com\/avatar\/459a9613caaaf07f582c3d0841eea68bdd66f533e465e6ba8b9cb45619572cf4?s=96&d=mm&r=g\",\"contentUrl\":\"https:\/\/secure.gravatar.com\/avatar\/459a9613caaaf07f582c3d0841eea68bdd66f533e465e6ba8b9cb45619572cf4?s=96&d=mm&r=g\",\"caption\":\"Redacao VerdadeOn\"},\"url\":\"https:\/\/verdadeon.com.br\/portal\/author\/redacao\/\"}]}<\/script>\n<!-- \/ Yoast SEO plugin. -->","yoast_head_json":{"title":"Ve\u00edculos a diesel: Regi\u00e3o de Franca \u00e9 uma das que mais apresentam polui\u00e7\u00e3o veicular - VerdadeOn","robots":{"index":"index","follow":"follow","max-snippet":"max-snippet:-1","max-image-preview":"max-image-preview:large","max-video-preview":"max-video-preview:-1"},"canonical":"https:\/\/verdadeon.com.br\/portal\/2025\/06\/11\/veiculos-a-diesel-regiao-de-franca-e-uma-das-que-mais-apresentam-poluicao-veicular\/","og_locale":"pt_BR","og_type":"article","og_title":"Ve\u00edculos a diesel: Regi\u00e3o de Franca \u00e9 uma das que mais apresentam polui\u00e7\u00e3o veicular - VerdadeOn","og_description":"Megaopera\u00e7\u00e3o da CETESB fiscaliza mais de 34 mil ve\u00edculos a diesel no Estado de S\u00e3o Paulo A Companhia Ambiental do Estado de S\u00e3o Paulo (CETESB), \u00f3rg\u00e3o [\u2026]","og_url":"https:\/\/verdadeon.com.br\/portal\/2025\/06\/11\/veiculos-a-diesel-regiao-de-franca-e-uma-das-que-mais-apresentam-poluicao-veicular\/","og_site_name":"VerdadeOn","article_published_time":"2025-06-11T17:59:30+00:00","og_image":[{"width":864,"height":633,"url":"https:\/\/verdadeon.com.br\/portal\/wp-content\/uploads\/2025\/06\/megacomando-10-06.jpg","type":"image\/jpeg"}],"author":"Redacao VerdadeOn","twitter_card":"summary_large_image","twitter_misc":{"Escrito por":"Redacao VerdadeOn","Est. tempo de leitura":"3 minutos"},"schema":{"@context":"https:\/\/schema.org","@graph":[{"@type":"WebPage","@id":"https:\/\/verdadeon.com.br\/portal\/2025\/06\/11\/veiculos-a-diesel-regiao-de-franca-e-uma-das-que-mais-apresentam-poluicao-veicular\/","url":"https:\/\/verdadeon.com.br\/portal\/2025\/06\/11\/veiculos-a-diesel-regiao-de-franca-e-uma-das-que-mais-apresentam-poluicao-veicular\/","name":"Ve\u00edculos a diesel: Regi\u00e3o de Franca \u00e9 uma das que mais apresentam polui\u00e7\u00e3o veicular - VerdadeOn","isPartOf":{"@id":"https:\/\/verdadeon.com.br\/portal\/#website"},"primaryImageOfPage":{"@id":"https:\/\/verdadeon.com.br\/portal\/2025\/06\/11\/veiculos-a-diesel-regiao-de-franca-e-uma-das-que-mais-apresentam-poluicao-veicular\/#primaryimage"},"image":{"@id":"https:\/\/verdadeon.com.br\/portal\/2025\/06\/11\/veiculos-a-diesel-regiao-de-franca-e-uma-das-que-mais-apresentam-poluicao-veicular\/#primaryimage"},"thumbnailUrl":"https:\/\/i0.wp.com\/verdadeon.com.br\/portal\/wp-content\/uploads\/2025\/06\/megacomando-10-06.jpg?fit=864%2C633&ssl=1","datePublished":"2025-06-11T17:59:30+00:00","author":{"@id":"https:\/\/verdadeon.com.br\/portal\/#\/schema\/person\/a5060ad1e9ea3df545188fc93ce43d2f"},"breadcrumb":{"@id":"https:\/\/verdadeon.com.br\/portal\/2025\/06\/11\/veiculos-a-diesel-regiao-de-franca-e-uma-das-que-mais-apresentam-poluicao-veicular\/#breadcrumb"},"inLanguage":"pt-BR","potentialAction":[{"@type":"ReadAction","target":["https:\/\/verdadeon.com.br\/portal\/2025\/06\/11\/veiculos-a-diesel-regiao-de-franca-e-uma-das-que-mais-apresentam-poluicao-veicular\/"]}]},{"@type":"ImageObject","inLanguage":"pt-BR","@id":"https:\/\/verdadeon.com.br\/portal\/2025\/06\/11\/veiculos-a-diesel-regiao-de-franca-e-uma-das-que-mais-apresentam-poluicao-veicular\/#primaryimage","url":"https:\/\/i0.wp.com\/verdadeon.com.br\/portal\/wp-content\/uploads\/2025\/06\/megacomando-10-06.jpg?fit=864%2C633&ssl=1","contentUrl":"https:\/\/i0.wp.com\/verdadeon.com.br\/portal\/wp-content\/uploads\/2025\/06\/megacomando-10-06.jpg?fit=864%2C633&ssl=1","width":864,"height":633,"caption":"A\u00e7\u00e3o contra polui\u00e7\u00e3o veicular resultou em mais de 400 autua\u00e7\u00f5es; opera\u00e7\u00e3o Fuma\u00e7a Preta segue at\u00e9 setembro, per\u00edodo em que a dispers\u00e3o de poluentes na atmosfera \u00e9 menor (\u00a9Divulga\u00e7\u00e3o)"},{"@type":"BreadcrumbList","@id":"https:\/\/verdadeon.com.br\/portal\/2025\/06\/11\/veiculos-a-diesel-regiao-de-franca-e-uma-das-que-mais-apresentam-poluicao-veicular\/#breadcrumb","itemListElement":[{"@type":"ListItem","position":1,"name":"In\u00edcio","item":"https:\/\/verdadeon.com.br\/portal\/"},{"@type":"ListItem","position":2,"name":"Ve\u00edculos a diesel: Regi\u00e3o de Franca \u00e9 uma das que mais apresentam polui\u00e7\u00e3o veicular"}]},{"@type":"WebSite","@id":"https:\/\/verdadeon.com.br\/portal\/#website","url":"https:\/\/verdadeon.com.br\/portal\/","name":"VerdadeOn","description":"Not\u00edcias di\u00e1rias sobre Franca, Regi\u00e3o, Esporte, Cultura, Cotidiano, Colunas. Cobertura nos principais eventos da cidade \u00e9 aqui - Verdadeon Franca","potentialAction":[{"@type":"SearchAction","target":{"@type":"EntryPoint","urlTemplate":"https:\/\/verdadeon.com.br\/portal\/?s={search_term_string}"},"query-input":{"@type":"PropertyValueSpecification","valueRequired":true,"valueName":"search_term_string"}}],"inLanguage":"pt-BR"},{"@type":"Person","@id":"https:\/\/verdadeon.com.br\/portal\/#\/schema\/person\/a5060ad1e9ea3df545188fc93ce43d2f","name":"Redacao VerdadeOn","image":{"@type":"ImageObject","inLanguage":"pt-BR","@id":"https:\/\/verdadeon.com.br\/portal\/#\/schema\/person\/image\/","url":"https:\/\/secure.gravatar.com\/avatar\/459a9613caaaf07f582c3d0841eea68bdd66f533e465e6ba8b9cb45619572cf4?s=96&d=mm&r=g","contentUrl":"https:\/\/secure.gravatar.com\/avatar\/459a9613caaaf07f582c3d0841eea68bdd66f533e465e6ba8b9cb45619572cf4?s=96&d=mm&r=g","caption":"Redacao VerdadeOn"},"url":"https:\/\/verdadeon.com.br\/portal\/author\/redacao\/"}]}},"jetpack_publicize_connections":[],"jetpack_featured_media_url":"https:\/\/i0.wp.com\/verdadeon.com.br\/portal\/wp-content\/uploads\/2025\/06\/megacomando-10-06.jpg?fit=864%2C633&ssl=1","jetpack_sharing_enabled":true,"_links":{"self":[{"href":"https:\/\/verdadeon.com.br\/portal\/wp-json\/wp\/v2\/posts\/56897","targetHints":{"allow":["GET"]}}],"collection":[{"href":"https:\/\/verdadeon.com.br\/portal\/wp-json\/wp\/v2\/posts"}],"about":[{"href":"https:\/\/verdadeon.com.br\/portal\/wp-json\/wp\/v2\/types\/post"}],"author":[{"embeddable":true,"href":"https:\/\/verdadeon.com.br\/portal\/wp-json\/wp\/v2\/users\/10"}],"replies":[{"embeddable":true,"href":"https:\/\/verdadeon.com.br\/portal\/wp-json\/wp\/v2\/comments?post=56897"}],"version-history":[{"count":1,"href":"https:\/\/verdadeon.com.br\/portal\/wp-json\/wp\/v2\/posts\/56897\/revisions"}],"predecessor-version":[{"id":56899,"href":"https:\/\/verdadeon.com.br\/portal\/wp-json\/wp\/v2\/posts\/56897\/revisions\/56899"}],"wp:featuredmedia":[{"embeddable":true,"href":"https:\/\/verdadeon.com.br\/portal\/wp-json\/wp\/v2\/media\/56898"}],"wp:attachment":[{"href":"https:\/\/verdadeon.com.br\/portal\/wp-json\/wp\/v2\/media?parent=56897"}],"wp:term":[{"taxonomy":"category","embeddable":true,"href":"https:\/\/verdadeon.com.br\/portal\/wp-json\/wp\/v2\/categories?post=56897"},{"taxonomy":"post_tag","embeddable":true,"href":"https:\/\/verdadeon.com.br\/portal\/wp-json\/wp\/v2\/tags?post=56897"}],"curies":[{"name":"wp","href":"https:\/\/api.w.org\/{rel}","templated":true}]}}