{"id":56870,"date":"2025-06-13T00:01:47","date_gmt":"2025-06-13T03:01:47","guid":{"rendered":"https:\/\/verdadeon.com.br\/portal\/?p=56870"},"modified":"2025-06-13T13:27:44","modified_gmt":"2025-06-13T16:27:44","slug":"transicao-para-energia-solar-cresce-em-cidades-do-interior-de-sao-paulo","status":"publish","type":"post","link":"https:\/\/verdadeon.com.br\/portal\/2025\/06\/13\/transicao-para-energia-solar-cresce-em-cidades-do-interior-de-sao-paulo\/","title":{"rendered":"Transi\u00e7\u00e3o para energia solar cresce em cidades do interior de S\u00e3o Paulo"},"content":{"rendered":"<h2>Cidades como Franca, Ribeir\u00e3o Preto e Sert\u00e3ozinho adotam solu\u00e7\u00f5es como energia solar para reduzir custos p\u00fablicos e emiss\u00f5es, com destaque para o modelo por assinatura<\/h2>\n<p>No interior de S\u00e3o Paulo, cidades como Franca, Ribeir\u00e3o Preto e Sert\u00e3ozinho est\u00e3o descobrindo que investir em energia limpa pode ser uma boa sa\u00edda para dois desafios bem conhecidos: economizar nos gastos p\u00fablicos e reduzir o impacto ambiental das suas atividades.<\/p>\n<p>Em Franca, por exemplo, a C\u00e2mara Municipal decidiu instalar um sistema de energia fotovoltaica no pr\u00e9dio da institui\u00e7\u00e3o. A proposta, anunciada em abril deste ano, \u00e9 simples e direta: cortar at\u00e9 95% dos gastos com a conta de luz. O projeto foi divulgado no portal oficial da C\u00e2mara e deve transformar a sede legislativa em um exemplo de consumo consciente e eficiente.<\/p>\n<p>Enquanto isso, Ribeir\u00e3o Preto tamb\u00e9m avan\u00e7a em dire\u00e7\u00e3o a um modelo mais sustent\u00e1vel. A cidade j\u00e1 aparece entre os 20 munic\u00edpios paulistas com maior gera\u00e7\u00e3o de energia solar distribu\u00edda, com mais de 52 megawatts (MW) de pot\u00eancia instalada.<\/p>\n<p>Os dados fazem parte de um relat\u00f3rio divulgado pela Associa\u00e7\u00e3o Brasileira de Energia Solar Fotovoltaica (ABSOLAR), em fevereiro de 2024. S\u00f3 no \u00faltimo ano a cidade aumentou em 28% sua capacidade instalada \u2013 um n\u00famero que chama a aten\u00e7\u00e3o e mostra quanto o setor tem crescido por l\u00e1.<\/p>\n<p>Em Sert\u00e3ozinho, a transi\u00e7\u00e3o para fontes limpas n\u00e3o \u00e9 exatamente uma novidade. Tradicionalmente ligada \u00e0 produ\u00e7\u00e3o de etanol e \u00e0 gera\u00e7\u00e3o de energia a partir da biomassa da cana-de-a\u00e7\u00facar, a cidade agora tamb\u00e9m est\u00e1 apostando nos sistemas solares.<\/p>\n<p>Segundo levantamento da consultoria Greener, o custo m\u00e9dio para instala\u00e7\u00e3o de pain\u00e9is caiu 17% no pa\u00eds entre 2020 e 2024, tornando essa op\u00e7\u00e3o mais vi\u00e1vel para empresas e pequenos produtores.<\/p>\n<p>Os n\u00fameros refor\u00e7am uma tend\u00eancia que vem ganhando for\u00e7a em todo o estado. De acordo com a Secretaria de Agricultura e Abastecimento de S\u00e3o Paulo, o estado \u00e9 hoje o l\u00edder nacional na gera\u00e7\u00e3o de energia solar, com mais de 2,7 GW de pot\u00eancia instalada. A informa\u00e7\u00e3o, divulgada em janeiro de 2024, foi obtida a partir de dados da Aneel (Ag\u00eancia Nacional de Energia El\u00e9trica) e da pr\u00f3pria ABSOLAR.<\/p>\n<p>Mas nem s\u00f3 grandes obras est\u00e3o mudando a cara da energia no interior paulista. Uma alternativa que vem crescendo, especialmente entre pequenos consumidores e empreendedores, \u00e9 a <a href=\"https:\/\/bulbeenergia.com.br\/blog\/energia-solar-por-assinatura-como-funciona\/\"><strong>energia solar por assinatura<\/strong><\/a>.<\/p>\n<p>At\u00e9 mesmo as estradas do estado est\u00e3o entrando nessa onda. Segundo levantamento feito pelo site Estrad\u00e3o, em parceria com concession\u00e1rias paulistas, j\u00e1 existem mais de 13 mil pontos de infraestrutura rodovi\u00e1ria, como postes de sinaliza\u00e7\u00e3o, c\u00e2meras e bases de apoio, abastecidos por energia solar. \u00c9 um movimento que mostra como a sustentabilidade come\u00e7a a fazer parte da rotina, ainda que de forma silenciosa.<\/p>\n","protected":false},"excerpt":{"rendered":"<p>Cidades como Franca, Ribeir\u00e3o Preto e Sert\u00e3ozinho adotam solu\u00e7\u00f5es como energia solar para reduzir custos p\u00fablicos e emiss\u00f5es, com destaque para o modelo por assinatura No<span class=\"excerpt-hellip\"> [\u2026]<\/span><\/p>\n","protected":false},"author":10,"featured_media":56871,"comment_status":"open","ping_status":"open","sticky":false,"template":"","format":"standard","meta":{"_jetpack_memberships_contains_paid_content":false,"footnotes":"","jetpack_publicize_message":"","jetpack_publicize_feature_enabled":true,"jetpack_social_post_already_shared":true,"jetpack_social_options":{"image_generator_settings":{"template":"highway","default_image_id":0,"enabled":false},"version":2}},"categories":[28,44],"tags":[],"class_list":["post-56870","post","type-post","status-publish","format-standard","has-post-thumbnail","hentry","category-cotidiano","category-noticias"],"yoast_head":"<!-- This site is optimized with the Yoast SEO plugin v25.6 - https:\/\/yoast.com\/wordpress\/plugins\/seo\/ -->\n<title>Transi\u00e7\u00e3o para energia solar cresce em cidades do interior de S\u00e3o Paulo - VerdadeOn<\/title>\n<meta name=\"robots\" content=\"index, follow, max-snippet:-1, max-image-preview:large, max-video-preview:-1\" \/>\n<link rel=\"canonical\" href=\"https:\/\/verdadeon.com.br\/portal\/2025\/06\/13\/transicao-para-energia-solar-cresce-em-cidades-do-interior-de-sao-paulo\/\" \/>\n<meta property=\"og:locale\" content=\"pt_BR\" \/>\n<meta property=\"og:type\" content=\"article\" \/>\n<meta property=\"og:title\" content=\"Transi\u00e7\u00e3o para energia solar cresce em cidades do interior de S\u00e3o Paulo - VerdadeOn\" \/>\n<meta property=\"og:description\" content=\"Cidades como Franca, Ribeir\u00e3o Preto e Sert\u00e3ozinho adotam solu\u00e7\u00f5es como energia solar para reduzir custos p\u00fablicos e emiss\u00f5es, com destaque para o modelo por assinatura No [\u2026]\" \/>\n<meta property=\"og:url\" content=\"https:\/\/verdadeon.com.br\/portal\/2025\/06\/13\/transicao-para-energia-solar-cresce-em-cidades-do-interior-de-sao-paulo\/\" \/>\n<meta property=\"og:site_name\" content=\"VerdadeOn\" \/>\n<meta property=\"article:published_time\" content=\"2025-06-13T03:01:47+00:00\" \/>\n<meta property=\"article:modified_time\" content=\"2025-06-13T16:27:44+00:00\" \/>\n<meta property=\"og:image\" content=\"https:\/\/verdadeon.com.br\/portal\/wp-content\/uploads\/2025\/06\/iStock-2207431007-1.jpg\" \/>\n\t<meta property=\"og:image:width\" content=\"1254\" \/>\n\t<meta property=\"og:image:height\" content=\"836\" \/>\n\t<meta property=\"og:image:type\" content=\"image\/jpeg\" \/>\n<meta name=\"author\" content=\"Redacao VerdadeOn\" \/>\n<meta name=\"twitter:card\" content=\"summary_large_image\" \/>\n<meta name=\"twitter:label1\" content=\"Escrito por\" \/>\n\t<meta name=\"twitter:data1\" content=\"Redacao VerdadeOn\" \/>\n\t<meta name=\"twitter:label2\" content=\"Est. tempo de leitura\" \/>\n\t<meta name=\"twitter:data2\" content=\"2 minutos\" \/>\n<script type=\"application\/ld+json\" class=\"yoast-schema-graph\">{\"@context\":\"https:\/\/schema.org\",\"@graph\":[{\"@type\":\"WebPage\",\"@id\":\"https:\/\/verdadeon.com.br\/portal\/2025\/06\/13\/transicao-para-energia-solar-cresce-em-cidades-do-interior-de-sao-paulo\/\",\"url\":\"https:\/\/verdadeon.com.br\/portal\/2025\/06\/13\/transicao-para-energia-solar-cresce-em-cidades-do-interior-de-sao-paulo\/\",\"name\":\"Transi\u00e7\u00e3o para energia solar cresce em cidades do interior de S\u00e3o Paulo - VerdadeOn\",\"isPartOf\":{\"@id\":\"https:\/\/verdadeon.com.br\/portal\/#website\"},\"primaryImageOfPage\":{\"@id\":\"https:\/\/verdadeon.com.br\/portal\/2025\/06\/13\/transicao-para-energia-solar-cresce-em-cidades-do-interior-de-sao-paulo\/#primaryimage\"},\"image\":{\"@id\":\"https:\/\/verdadeon.com.br\/portal\/2025\/06\/13\/transicao-para-energia-solar-cresce-em-cidades-do-interior-de-sao-paulo\/#primaryimage\"},\"thumbnailUrl\":\"https:\/\/i0.wp.com\/verdadeon.com.br\/portal\/wp-content\/uploads\/2025\/06\/iStock-2207431007-1.jpg?fit=1254%2C836&ssl=1\",\"datePublished\":\"2025-06-13T03:01:47+00:00\",\"dateModified\":\"2025-06-13T16:27:44+00:00\",\"author\":{\"@id\":\"https:\/\/verdadeon.com.br\/portal\/#\/schema\/person\/a5060ad1e9ea3df545188fc93ce43d2f\"},\"breadcrumb\":{\"@id\":\"https:\/\/verdadeon.com.br\/portal\/2025\/06\/13\/transicao-para-energia-solar-cresce-em-cidades-do-interior-de-sao-paulo\/#breadcrumb\"},\"inLanguage\":\"pt-BR\",\"potentialAction\":[{\"@type\":\"ReadAction\",\"target\":[\"https:\/\/verdadeon.com.br\/portal\/2025\/06\/13\/transicao-para-energia-solar-cresce-em-cidades-do-interior-de-sao-paulo\/\"]}]},{\"@type\":\"ImageObject\",\"inLanguage\":\"pt-BR\",\"@id\":\"https:\/\/verdadeon.com.br\/portal\/2025\/06\/13\/transicao-para-energia-solar-cresce-em-cidades-do-interior-de-sao-paulo\/#primaryimage\",\"url\":\"https:\/\/i0.wp.com\/verdadeon.com.br\/portal\/wp-content\/uploads\/2025\/06\/iStock-2207431007-1.jpg?fit=1254%2C836&ssl=1\",\"contentUrl\":\"https:\/\/i0.wp.com\/verdadeon.com.br\/portal\/wp-content\/uploads\/2025\/06\/iStock-2207431007-1.jpg?fit=1254%2C836&ssl=1\",\"width\":1254,\"height\":836,\"caption\":\"(\u00a9iStock)\"},{\"@type\":\"BreadcrumbList\",\"@id\":\"https:\/\/verdadeon.com.br\/portal\/2025\/06\/13\/transicao-para-energia-solar-cresce-em-cidades-do-interior-de-sao-paulo\/#breadcrumb\",\"itemListElement\":[{\"@type\":\"ListItem\",\"position\":1,\"name\":\"In\u00edcio\",\"item\":\"https:\/\/verdadeon.com.br\/portal\/\"},{\"@type\":\"ListItem\",\"position\":2,\"name\":\"Transi\u00e7\u00e3o para energia solar cresce em cidades do interior de S\u00e3o Paulo\"}]},{\"@type\":\"WebSite\",\"@id\":\"https:\/\/verdadeon.com.br\/portal\/#website\",\"url\":\"https:\/\/verdadeon.com.br\/portal\/\",\"name\":\"VerdadeOn\",\"description\":\"Not\u00edcias di\u00e1rias sobre Franca, Regi\u00e3o, Esporte, Cultura, Cotidiano, Colunas. Cobertura nos principais eventos da cidade \u00e9 aqui - Verdadeon Franca\",\"potentialAction\":[{\"@type\":\"SearchAction\",\"target\":{\"@type\":\"EntryPoint\",\"urlTemplate\":\"https:\/\/verdadeon.com.br\/portal\/?s={search_term_string}\"},\"query-input\":{\"@type\":\"PropertyValueSpecification\",\"valueRequired\":true,\"valueName\":\"search_term_string\"}}],\"inLanguage\":\"pt-BR\"},{\"@type\":\"Person\",\"@id\":\"https:\/\/verdadeon.com.br\/portal\/#\/schema\/person\/a5060ad1e9ea3df545188fc93ce43d2f\",\"name\":\"Redacao VerdadeOn\",\"image\":{\"@type\":\"ImageObject\",\"inLanguage\":\"pt-BR\",\"@id\":\"https:\/\/verdadeon.com.br\/portal\/#\/schema\/person\/image\/\",\"url\":\"https:\/\/secure.gravatar.com\/avatar\/459a9613caaaf07f582c3d0841eea68bdd66f533e465e6ba8b9cb45619572cf4?s=96&d=mm&r=g\",\"contentUrl\":\"https:\/\/secure.gravatar.com\/avatar\/459a9613caaaf07f582c3d0841eea68bdd66f533e465e6ba8b9cb45619572cf4?s=96&d=mm&r=g\",\"caption\":\"Redacao VerdadeOn\"},\"url\":\"https:\/\/verdadeon.com.br\/portal\/author\/redacao\/\"}]}<\/script>\n<!-- \/ Yoast SEO plugin. -->","yoast_head_json":{"title":"Transi\u00e7\u00e3o para energia solar cresce em cidades do interior de S\u00e3o Paulo - VerdadeOn","robots":{"index":"index","follow":"follow","max-snippet":"max-snippet:-1","max-image-preview":"max-image-preview:large","max-video-preview":"max-video-preview:-1"},"canonical":"https:\/\/verdadeon.com.br\/portal\/2025\/06\/13\/transicao-para-energia-solar-cresce-em-cidades-do-interior-de-sao-paulo\/","og_locale":"pt_BR","og_type":"article","og_title":"Transi\u00e7\u00e3o para energia solar cresce em cidades do interior de S\u00e3o Paulo - VerdadeOn","og_description":"Cidades como Franca, Ribeir\u00e3o Preto e Sert\u00e3ozinho adotam solu\u00e7\u00f5es como energia solar para reduzir custos p\u00fablicos e emiss\u00f5es, com destaque para o modelo por assinatura No [\u2026]","og_url":"https:\/\/verdadeon.com.br\/portal\/2025\/06\/13\/transicao-para-energia-solar-cresce-em-cidades-do-interior-de-sao-paulo\/","og_site_name":"VerdadeOn","article_published_time":"2025-06-13T03:01:47+00:00","article_modified_time":"2025-06-13T16:27:44+00:00","og_image":[{"width":1254,"height":836,"url":"https:\/\/verdadeon.com.br\/portal\/wp-content\/uploads\/2025\/06\/iStock-2207431007-1.jpg","type":"image\/jpeg"}],"author":"Redacao VerdadeOn","twitter_card":"summary_large_image","twitter_misc":{"Escrito por":"Redacao VerdadeOn","Est. tempo de leitura":"2 minutos"},"schema":{"@context":"https:\/\/schema.org","@graph":[{"@type":"WebPage","@id":"https:\/\/verdadeon.com.br\/portal\/2025\/06\/13\/transicao-para-energia-solar-cresce-em-cidades-do-interior-de-sao-paulo\/","url":"https:\/\/verdadeon.com.br\/portal\/2025\/06\/13\/transicao-para-energia-solar-cresce-em-cidades-do-interior-de-sao-paulo\/","name":"Transi\u00e7\u00e3o para energia solar cresce em cidades do interior de S\u00e3o Paulo - VerdadeOn","isPartOf":{"@id":"https:\/\/verdadeon.com.br\/portal\/#website"},"primaryImageOfPage":{"@id":"https:\/\/verdadeon.com.br\/portal\/2025\/06\/13\/transicao-para-energia-solar-cresce-em-cidades-do-interior-de-sao-paulo\/#primaryimage"},"image":{"@id":"https:\/\/verdadeon.com.br\/portal\/2025\/06\/13\/transicao-para-energia-solar-cresce-em-cidades-do-interior-de-sao-paulo\/#primaryimage"},"thumbnailUrl":"https:\/\/i0.wp.com\/verdadeon.com.br\/portal\/wp-content\/uploads\/2025\/06\/iStock-2207431007-1.jpg?fit=1254%2C836&ssl=1","datePublished":"2025-06-13T03:01:47+00:00","dateModified":"2025-06-13T16:27:44+00:00","author":{"@id":"https:\/\/verdadeon.com.br\/portal\/#\/schema\/person\/a5060ad1e9ea3df545188fc93ce43d2f"},"breadcrumb":{"@id":"https:\/\/verdadeon.com.br\/portal\/2025\/06\/13\/transicao-para-energia-solar-cresce-em-cidades-do-interior-de-sao-paulo\/#breadcrumb"},"inLanguage":"pt-BR","potentialAction":[{"@type":"ReadAction","target":["https:\/\/verdadeon.com.br\/portal\/2025\/06\/13\/transicao-para-energia-solar-cresce-em-cidades-do-interior-de-sao-paulo\/"]}]},{"@type":"ImageObject","inLanguage":"pt-BR","@id":"https:\/\/verdadeon.com.br\/portal\/2025\/06\/13\/transicao-para-energia-solar-cresce-em-cidades-do-interior-de-sao-paulo\/#primaryimage","url":"https:\/\/i0.wp.com\/verdadeon.com.br\/portal\/wp-content\/uploads\/2025\/06\/iStock-2207431007-1.jpg?fit=1254%2C836&ssl=1","contentUrl":"https:\/\/i0.wp.com\/verdadeon.com.br\/portal\/wp-content\/uploads\/2025\/06\/iStock-2207431007-1.jpg?fit=1254%2C836&ssl=1","width":1254,"height":836,"caption":"(\u00a9iStock)"},{"@type":"BreadcrumbList","@id":"https:\/\/verdadeon.com.br\/portal\/2025\/06\/13\/transicao-para-energia-solar-cresce-em-cidades-do-interior-de-sao-paulo\/#breadcrumb","itemListElement":[{"@type":"ListItem","position":1,"name":"In\u00edcio","item":"https:\/\/verdadeon.com.br\/portal\/"},{"@type":"ListItem","position":2,"name":"Transi\u00e7\u00e3o para energia solar cresce em cidades do interior de S\u00e3o Paulo"}]},{"@type":"WebSite","@id":"https:\/\/verdadeon.com.br\/portal\/#website","url":"https:\/\/verdadeon.com.br\/portal\/","name":"VerdadeOn","description":"Not\u00edcias di\u00e1rias sobre Franca, Regi\u00e3o, Esporte, Cultura, Cotidiano, Colunas. Cobertura nos principais eventos da cidade \u00e9 aqui - Verdadeon Franca","potentialAction":[{"@type":"SearchAction","target":{"@type":"EntryPoint","urlTemplate":"https:\/\/verdadeon.com.br\/portal\/?s={search_term_string}"},"query-input":{"@type":"PropertyValueSpecification","valueRequired":true,"valueName":"search_term_string"}}],"inLanguage":"pt-BR"},{"@type":"Person","@id":"https:\/\/verdadeon.com.br\/portal\/#\/schema\/person\/a5060ad1e9ea3df545188fc93ce43d2f","name":"Redacao VerdadeOn","image":{"@type":"ImageObject","inLanguage":"pt-BR","@id":"https:\/\/verdadeon.com.br\/portal\/#\/schema\/person\/image\/","url":"https:\/\/secure.gravatar.com\/avatar\/459a9613caaaf07f582c3d0841eea68bdd66f533e465e6ba8b9cb45619572cf4?s=96&d=mm&r=g","contentUrl":"https:\/\/secure.gravatar.com\/avatar\/459a9613caaaf07f582c3d0841eea68bdd66f533e465e6ba8b9cb45619572cf4?s=96&d=mm&r=g","caption":"Redacao VerdadeOn"},"url":"https:\/\/verdadeon.com.br\/portal\/author\/redacao\/"}]}},"jetpack_publicize_connections":[],"jetpack_featured_media_url":"https:\/\/i0.wp.com\/verdadeon.com.br\/portal\/wp-content\/uploads\/2025\/06\/iStock-2207431007-1.jpg?fit=1254%2C836&ssl=1","jetpack_sharing_enabled":true,"_links":{"self":[{"href":"https:\/\/verdadeon.com.br\/portal\/wp-json\/wp\/v2\/posts\/56870","targetHints":{"allow":["GET"]}}],"collection":[{"href":"https:\/\/verdadeon.com.br\/portal\/wp-json\/wp\/v2\/posts"}],"about":[{"href":"https:\/\/verdadeon.com.br\/portal\/wp-json\/wp\/v2\/types\/post"}],"author":[{"embeddable":true,"href":"https:\/\/verdadeon.com.br\/portal\/wp-json\/wp\/v2\/users\/10"}],"replies":[{"embeddable":true,"href":"https:\/\/verdadeon.com.br\/portal\/wp-json\/wp\/v2\/comments?post=56870"}],"version-history":[{"count":1,"href":"https:\/\/verdadeon.com.br\/portal\/wp-json\/wp\/v2\/posts\/56870\/revisions"}],"predecessor-version":[{"id":56872,"href":"https:\/\/verdadeon.com.br\/portal\/wp-json\/wp\/v2\/posts\/56870\/revisions\/56872"}],"wp:featuredmedia":[{"embeddable":true,"href":"https:\/\/verdadeon.com.br\/portal\/wp-json\/wp\/v2\/media\/56871"}],"wp:attachment":[{"href":"https:\/\/verdadeon.com.br\/portal\/wp-json\/wp\/v2\/media?parent=56870"}],"wp:term":[{"taxonomy":"category","embeddable":true,"href":"https:\/\/verdadeon.com.br\/portal\/wp-json\/wp\/v2\/categories?post=56870"},{"taxonomy":"post_tag","embeddable":true,"href":"https:\/\/verdadeon.com.br\/portal\/wp-json\/wp\/v2\/tags?post=56870"}],"curies":[{"name":"wp","href":"https:\/\/api.w.org\/{rel}","templated":true}]}}