{"id":5679,"date":"2020-03-25T17:42:45","date_gmt":"2020-03-25T20:42:45","guid":{"rendered":"http:\/\/verdadeon.com.br\/portal\/?p=5679"},"modified":"2020-03-25T17:42:45","modified_gmt":"2020-03-25T20:42:45","slug":"21-mil-francanos-sao-vacinados-contra-a-gripe-nos-primeiros-3-dias","status":"publish","type":"post","link":"https:\/\/verdadeon.com.br\/portal\/2020\/03\/25\/21-mil-francanos-sao-vacinados-contra-a-gripe-nos-primeiros-3-dias\/","title":{"rendered":"21 mil francanos s\u00e3o vacinados contra a gripe nos primeiros 3 dias"},"content":{"rendered":"<h2>Primeira fase da Campanha de Vacina\u00e7\u00e3o contra a gripe Influenza (H1N1) contempla idosos e profissionais da sa\u00fade<\/h2>\n<p>&nbsp;<\/p>\n<p>Mais de 21 mil francanos, entre idosos e profissionais da sa\u00fade, foram imunizados contra a gripe Influenza (H1N1) apenas nos tr\u00eas primeiros dias da campanha. Desde a segunda-feira (23) uma verdadeira corrida em busca da vacina come\u00e7ou nos postos criados para a vacina\u00e7\u00e3o. Ontem (24) grandes filas se formaram ao redor do Poliesportivo, no Residencial Para\u00edso, onde as vacinas s\u00e3o aplicadas no sistema de \u2018Drive Thru\u2019.<br \/>\nPara esta quinta-feira (26) a Secret\u00e1ria de Sa\u00fade mant\u00e9m a programa\u00e7\u00e3o normal de vacina\u00e7\u00e3o, das 8 \u00e0s 12 horas, em todas as escolas onde come\u00e7ou a campanha na segunda-feira e no \u2018Drive Thru\u2019, no Poliesportivo.<br \/>\n\u201cAs pessoas ainda apareceram em grande n\u00famero, por\u00e9m, est\u00e3o se conscientizando de que existe um longo prazo para a vacina\u00e7\u00e3o que segue at\u00e9 o dia 22 de maio, n\u00e3o havendo necessidade de enfrentamento de filas\u201d, informou o secret\u00e1rio de Sa\u00fade, Luiz Carlos Vergara, que pontuou ainda que nesta quarta-feira o movimento nos postos de vacina\u00e7\u00e3o fluiu melhor. O novo secret\u00e1rio ainda afirmou que n\u00e3o h\u00e1 necessidade de correria j\u00e1 que o Estado garantiu que haver\u00e1 vacina para todos que integram o p\u00fablico alvo.<br \/>\nConfira as escolas transformadas em postos de vacina\u00e7\u00e3o: \u201cJos\u00e9 M\u00e1rio Faleiros\u201d, Aeroporto III; \u201cCarmen Nogueira Nic\u00e1cio\u201d, Jardim Paulista; \u201cFrei Germano de Annecy\u201d, Parque Progresso; \u201cSuzana Ribeiro Sandoval\u201d, Vila Imperador; \u201cMichel Haber\u201d, Jardim Paulistano; \u201cEvaristo Fabr\u00edcio\u201d, Aeroporto 2; \u201c\u00c2ngelo Scarabucci\u201d, Jardim Scabarabucci\/Sta Cruz; \u201cSuely Machado da Silva\u201d, Jardim Brasil\u00e2ndia\/S\u00e3o Luiz; \u201cBar\u00e3o da Franca\u201d, Vilas Nova\/Stos Dumont; \u201cSud\u00e1rio Ferreira\u201d, Parque Leporace; \u201cAna Rosa de Lima\u201d, Parque do Horto; \u201cH\u00e9lio Palermo\u201d, Jardim Derm\u00ednio e \u201cOdette Bueno Ribeiro\u201d, Jardim Luiza\/Vera Cruz.<\/p>\n","protected":false},"excerpt":{"rendered":"<p>Primeira fase da Campanha de Vacina\u00e7\u00e3o contra a gripe Influenza (H1N1) contempla idosos e profissionais da sa\u00fade &nbsp; Mais de 21 mil francanos, entre idosos e<span class=\"excerpt-hellip\"> [\u2026]<\/span><\/p>\n","protected":false},"author":3,"featured_media":5680,"comment_status":"open","ping_status":"open","sticky":false,"template":"","format":"standard","meta":{"_jetpack_memberships_contains_paid_content":false,"footnotes":"","jetpack_publicize_message":"","jetpack_publicize_feature_enabled":true,"jetpack_social_post_already_shared":false,"jetpack_social_options":{"image_generator_settings":{"template":"highway","default_image_id":0,"enabled":false},"version":2}},"categories":[28,30],"tags":[46],"class_list":["post-5679","post","type-post","status-publish","format-standard","has-post-thumbnail","hentry","category-cotidiano","category-variedades","tag-cotidiano"],"yoast_head":"<!-- This site is optimized with the Yoast SEO plugin v25.6 - https:\/\/yoast.com\/wordpress\/plugins\/seo\/ -->\n<title>21 mil francanos s\u00e3o vacinados contra a gripe nos primeiros 3 dias - VerdadeOn<\/title>\n<meta name=\"robots\" content=\"index, follow, max-snippet:-1, max-image-preview:large, max-video-preview:-1\" \/>\n<link rel=\"canonical\" href=\"https:\/\/verdadeon.com.br\/portal\/2020\/03\/25\/21-mil-francanos-sao-vacinados-contra-a-gripe-nos-primeiros-3-dias\/\" \/>\n<meta property=\"og:locale\" content=\"pt_BR\" \/>\n<meta property=\"og:type\" content=\"article\" \/>\n<meta property=\"og:title\" content=\"21 mil francanos s\u00e3o vacinados contra a gripe nos primeiros 3 dias - VerdadeOn\" \/>\n<meta property=\"og:description\" content=\"Primeira fase da Campanha de Vacina\u00e7\u00e3o contra a gripe Influenza (H1N1) contempla idosos e profissionais da sa\u00fade &nbsp; Mais de 21 mil francanos, entre idosos e [\u2026]\" \/>\n<meta property=\"og:url\" content=\"https:\/\/verdadeon.com.br\/portal\/2020\/03\/25\/21-mil-francanos-sao-vacinados-contra-a-gripe-nos-primeiros-3-dias\/\" \/>\n<meta property=\"og:site_name\" content=\"VerdadeOn\" \/>\n<meta property=\"article:published_time\" content=\"2020-03-25T20:42:45+00:00\" \/>\n<meta property=\"og:image\" content=\"https:\/\/verdadeon.com.br\/portal\/wp-content\/uploads\/2020\/03\/WhatsApp-Image-2020-03-25-at-17.40.52-scaled.jpeg\" \/>\n\t<meta property=\"og:image:width\" content=\"1000\" \/>\n\t<meta property=\"og:image:height\" content=\"563\" \/>\n\t<meta property=\"og:image:type\" content=\"image\/jpeg\" \/>\n<meta name=\"author\" content=\"Admin\" \/>\n<meta name=\"twitter:card\" content=\"summary_large_image\" \/>\n<meta name=\"twitter:label1\" content=\"Escrito por\" \/>\n\t<meta name=\"twitter:data1\" content=\"Admin\" \/>\n\t<meta name=\"twitter:label2\" content=\"Est. tempo de leitura\" \/>\n\t<meta name=\"twitter:data2\" content=\"2 minutos\" \/>\n<script type=\"application\/ld+json\" class=\"yoast-schema-graph\">{\"@context\":\"https:\/\/schema.org\",\"@graph\":[{\"@type\":\"WebPage\",\"@id\":\"https:\/\/verdadeon.com.br\/portal\/2020\/03\/25\/21-mil-francanos-sao-vacinados-contra-a-gripe-nos-primeiros-3-dias\/\",\"url\":\"https:\/\/verdadeon.com.br\/portal\/2020\/03\/25\/21-mil-francanos-sao-vacinados-contra-a-gripe-nos-primeiros-3-dias\/\",\"name\":\"21 mil francanos s\u00e3o vacinados contra a gripe nos primeiros 3 dias - VerdadeOn\",\"isPartOf\":{\"@id\":\"https:\/\/verdadeon.com.br\/portal\/#website\"},\"primaryImageOfPage\":{\"@id\":\"https:\/\/verdadeon.com.br\/portal\/2020\/03\/25\/21-mil-francanos-sao-vacinados-contra-a-gripe-nos-primeiros-3-dias\/#primaryimage\"},\"image\":{\"@id\":\"https:\/\/verdadeon.com.br\/portal\/2020\/03\/25\/21-mil-francanos-sao-vacinados-contra-a-gripe-nos-primeiros-3-dias\/#primaryimage\"},\"thumbnailUrl\":\"https:\/\/i0.wp.com\/verdadeon.com.br\/portal\/wp-content\/uploads\/2020\/03\/WhatsApp-Image-2020-03-25-at-17.40.52-scaled.jpeg?fit=1000%2C563&ssl=1\",\"datePublished\":\"2020-03-25T20:42:45+00:00\",\"author\":{\"@id\":\"https:\/\/verdadeon.com.br\/portal\/#\/schema\/person\/31b3f1eb559e4ce9d3c1dc1f2268a70c\"},\"breadcrumb\":{\"@id\":\"https:\/\/verdadeon.com.br\/portal\/2020\/03\/25\/21-mil-francanos-sao-vacinados-contra-a-gripe-nos-primeiros-3-dias\/#breadcrumb\"},\"inLanguage\":\"pt-BR\",\"potentialAction\":[{\"@type\":\"ReadAction\",\"target\":[\"https:\/\/verdadeon.com.br\/portal\/2020\/03\/25\/21-mil-francanos-sao-vacinados-contra-a-gripe-nos-primeiros-3-dias\/\"]}]},{\"@type\":\"ImageObject\",\"inLanguage\":\"pt-BR\",\"@id\":\"https:\/\/verdadeon.com.br\/portal\/2020\/03\/25\/21-mil-francanos-sao-vacinados-contra-a-gripe-nos-primeiros-3-dias\/#primaryimage\",\"url\":\"https:\/\/i0.wp.com\/verdadeon.com.br\/portal\/wp-content\/uploads\/2020\/03\/WhatsApp-Image-2020-03-25-at-17.40.52-scaled.jpeg?fit=1000%2C563&ssl=1\",\"contentUrl\":\"https:\/\/i0.wp.com\/verdadeon.com.br\/portal\/wp-content\/uploads\/2020\/03\/WhatsApp-Image-2020-03-25-at-17.40.52-scaled.jpeg?fit=1000%2C563&ssl=1\",\"width\":1000,\"height\":563,\"caption\":\"Gin\u00e1sio Amauri Destro, no Complexo Poliesportivo (\u00a9William Borges)\"},{\"@type\":\"BreadcrumbList\",\"@id\":\"https:\/\/verdadeon.com.br\/portal\/2020\/03\/25\/21-mil-francanos-sao-vacinados-contra-a-gripe-nos-primeiros-3-dias\/#breadcrumb\",\"itemListElement\":[{\"@type\":\"ListItem\",\"position\":1,\"name\":\"In\u00edcio\",\"item\":\"https:\/\/verdadeon.com.br\/portal\/\"},{\"@type\":\"ListItem\",\"position\":2,\"name\":\"21 mil francanos s\u00e3o vacinados contra a gripe nos primeiros 3 dias\"}]},{\"@type\":\"WebSite\",\"@id\":\"https:\/\/verdadeon.com.br\/portal\/#website\",\"url\":\"https:\/\/verdadeon.com.br\/portal\/\",\"name\":\"VerdadeOn\",\"description\":\"Not\u00edcias di\u00e1rias sobre Franca, Regi\u00e3o, Esporte, Cultura, Cotidiano, Colunas. Cobertura nos principais eventos da cidade \u00e9 aqui - Verdadeon Franca\",\"potentialAction\":[{\"@type\":\"SearchAction\",\"target\":{\"@type\":\"EntryPoint\",\"urlTemplate\":\"https:\/\/verdadeon.com.br\/portal\/?s={search_term_string}\"},\"query-input\":{\"@type\":\"PropertyValueSpecification\",\"valueRequired\":true,\"valueName\":\"search_term_string\"}}],\"inLanguage\":\"pt-BR\"},{\"@type\":\"Person\",\"@id\":\"https:\/\/verdadeon.com.br\/portal\/#\/schema\/person\/31b3f1eb559e4ce9d3c1dc1f2268a70c\",\"name\":\"Admin\",\"image\":{\"@type\":\"ImageObject\",\"inLanguage\":\"pt-BR\",\"@id\":\"https:\/\/verdadeon.com.br\/portal\/#\/schema\/person\/image\/\",\"url\":\"https:\/\/secure.gravatar.com\/avatar\/e550a5b4dab3efe8ca3a8bf0fb981073a921f9a24159040707270602980dd8af?s=96&d=mm&r=g\",\"contentUrl\":\"https:\/\/secure.gravatar.com\/avatar\/e550a5b4dab3efe8ca3a8bf0fb981073a921f9a24159040707270602980dd8af?s=96&d=mm&r=g\",\"caption\":\"Admin\"},\"url\":\"https:\/\/verdadeon.com.br\/portal\/author\/admin\/\"}]}<\/script>\n<!-- \/ Yoast SEO plugin. -->","yoast_head_json":{"title":"21 mil francanos s\u00e3o vacinados contra a gripe nos primeiros 3 dias - VerdadeOn","robots":{"index":"index","follow":"follow","max-snippet":"max-snippet:-1","max-image-preview":"max-image-preview:large","max-video-preview":"max-video-preview:-1"},"canonical":"https:\/\/verdadeon.com.br\/portal\/2020\/03\/25\/21-mil-francanos-sao-vacinados-contra-a-gripe-nos-primeiros-3-dias\/","og_locale":"pt_BR","og_type":"article","og_title":"21 mil francanos s\u00e3o vacinados contra a gripe nos primeiros 3 dias - VerdadeOn","og_description":"Primeira fase da Campanha de Vacina\u00e7\u00e3o contra a gripe Influenza (H1N1) contempla idosos e profissionais da sa\u00fade &nbsp; Mais de 21 mil francanos, entre idosos e [\u2026]","og_url":"https:\/\/verdadeon.com.br\/portal\/2020\/03\/25\/21-mil-francanos-sao-vacinados-contra-a-gripe-nos-primeiros-3-dias\/","og_site_name":"VerdadeOn","article_published_time":"2020-03-25T20:42:45+00:00","og_image":[{"width":1000,"height":563,"url":"https:\/\/verdadeon.com.br\/portal\/wp-content\/uploads\/2020\/03\/WhatsApp-Image-2020-03-25-at-17.40.52-scaled.jpeg","type":"image\/jpeg"}],"author":"Admin","twitter_card":"summary_large_image","twitter_misc":{"Escrito por":"Admin","Est. tempo de leitura":"2 minutos"},"schema":{"@context":"https:\/\/schema.org","@graph":[{"@type":"WebPage","@id":"https:\/\/verdadeon.com.br\/portal\/2020\/03\/25\/21-mil-francanos-sao-vacinados-contra-a-gripe-nos-primeiros-3-dias\/","url":"https:\/\/verdadeon.com.br\/portal\/2020\/03\/25\/21-mil-francanos-sao-vacinados-contra-a-gripe-nos-primeiros-3-dias\/","name":"21 mil francanos s\u00e3o vacinados contra a gripe nos primeiros 3 dias - VerdadeOn","isPartOf":{"@id":"https:\/\/verdadeon.com.br\/portal\/#website"},"primaryImageOfPage":{"@id":"https:\/\/verdadeon.com.br\/portal\/2020\/03\/25\/21-mil-francanos-sao-vacinados-contra-a-gripe-nos-primeiros-3-dias\/#primaryimage"},"image":{"@id":"https:\/\/verdadeon.com.br\/portal\/2020\/03\/25\/21-mil-francanos-sao-vacinados-contra-a-gripe-nos-primeiros-3-dias\/#primaryimage"},"thumbnailUrl":"https:\/\/i0.wp.com\/verdadeon.com.br\/portal\/wp-content\/uploads\/2020\/03\/WhatsApp-Image-2020-03-25-at-17.40.52-scaled.jpeg?fit=1000%2C563&ssl=1","datePublished":"2020-03-25T20:42:45+00:00","author":{"@id":"https:\/\/verdadeon.com.br\/portal\/#\/schema\/person\/31b3f1eb559e4ce9d3c1dc1f2268a70c"},"breadcrumb":{"@id":"https:\/\/verdadeon.com.br\/portal\/2020\/03\/25\/21-mil-francanos-sao-vacinados-contra-a-gripe-nos-primeiros-3-dias\/#breadcrumb"},"inLanguage":"pt-BR","potentialAction":[{"@type":"ReadAction","target":["https:\/\/verdadeon.com.br\/portal\/2020\/03\/25\/21-mil-francanos-sao-vacinados-contra-a-gripe-nos-primeiros-3-dias\/"]}]},{"@type":"ImageObject","inLanguage":"pt-BR","@id":"https:\/\/verdadeon.com.br\/portal\/2020\/03\/25\/21-mil-francanos-sao-vacinados-contra-a-gripe-nos-primeiros-3-dias\/#primaryimage","url":"https:\/\/i0.wp.com\/verdadeon.com.br\/portal\/wp-content\/uploads\/2020\/03\/WhatsApp-Image-2020-03-25-at-17.40.52-scaled.jpeg?fit=1000%2C563&ssl=1","contentUrl":"https:\/\/i0.wp.com\/verdadeon.com.br\/portal\/wp-content\/uploads\/2020\/03\/WhatsApp-Image-2020-03-25-at-17.40.52-scaled.jpeg?fit=1000%2C563&ssl=1","width":1000,"height":563,"caption":"Gin\u00e1sio Amauri Destro, no Complexo Poliesportivo (\u00a9William Borges)"},{"@type":"BreadcrumbList","@id":"https:\/\/verdadeon.com.br\/portal\/2020\/03\/25\/21-mil-francanos-sao-vacinados-contra-a-gripe-nos-primeiros-3-dias\/#breadcrumb","itemListElement":[{"@type":"ListItem","position":1,"name":"In\u00edcio","item":"https:\/\/verdadeon.com.br\/portal\/"},{"@type":"ListItem","position":2,"name":"21 mil francanos s\u00e3o vacinados contra a gripe nos primeiros 3 dias"}]},{"@type":"WebSite","@id":"https:\/\/verdadeon.com.br\/portal\/#website","url":"https:\/\/verdadeon.com.br\/portal\/","name":"VerdadeOn","description":"Not\u00edcias di\u00e1rias sobre Franca, Regi\u00e3o, Esporte, Cultura, Cotidiano, Colunas. Cobertura nos principais eventos da cidade \u00e9 aqui - Verdadeon Franca","potentialAction":[{"@type":"SearchAction","target":{"@type":"EntryPoint","urlTemplate":"https:\/\/verdadeon.com.br\/portal\/?s={search_term_string}"},"query-input":{"@type":"PropertyValueSpecification","valueRequired":true,"valueName":"search_term_string"}}],"inLanguage":"pt-BR"},{"@type":"Person","@id":"https:\/\/verdadeon.com.br\/portal\/#\/schema\/person\/31b3f1eb559e4ce9d3c1dc1f2268a70c","name":"Admin","image":{"@type":"ImageObject","inLanguage":"pt-BR","@id":"https:\/\/verdadeon.com.br\/portal\/#\/schema\/person\/image\/","url":"https:\/\/secure.gravatar.com\/avatar\/e550a5b4dab3efe8ca3a8bf0fb981073a921f9a24159040707270602980dd8af?s=96&d=mm&r=g","contentUrl":"https:\/\/secure.gravatar.com\/avatar\/e550a5b4dab3efe8ca3a8bf0fb981073a921f9a24159040707270602980dd8af?s=96&d=mm&r=g","caption":"Admin"},"url":"https:\/\/verdadeon.com.br\/portal\/author\/admin\/"}]}},"jetpack_publicize_connections":[],"jetpack_featured_media_url":"https:\/\/i0.wp.com\/verdadeon.com.br\/portal\/wp-content\/uploads\/2020\/03\/WhatsApp-Image-2020-03-25-at-17.40.52-scaled.jpeg?fit=1000%2C563&ssl=1","jetpack_sharing_enabled":true,"_links":{"self":[{"href":"https:\/\/verdadeon.com.br\/portal\/wp-json\/wp\/v2\/posts\/5679","targetHints":{"allow":["GET"]}}],"collection":[{"href":"https:\/\/verdadeon.com.br\/portal\/wp-json\/wp\/v2\/posts"}],"about":[{"href":"https:\/\/verdadeon.com.br\/portal\/wp-json\/wp\/v2\/types\/post"}],"author":[{"embeddable":true,"href":"https:\/\/verdadeon.com.br\/portal\/wp-json\/wp\/v2\/users\/3"}],"replies":[{"embeddable":true,"href":"https:\/\/verdadeon.com.br\/portal\/wp-json\/wp\/v2\/comments?post=5679"}],"version-history":[{"count":0,"href":"https:\/\/verdadeon.com.br\/portal\/wp-json\/wp\/v2\/posts\/5679\/revisions"}],"wp:featuredmedia":[{"embeddable":true,"href":"https:\/\/verdadeon.com.br\/portal\/wp-json\/wp\/v2\/media\/5680"}],"wp:attachment":[{"href":"https:\/\/verdadeon.com.br\/portal\/wp-json\/wp\/v2\/media?parent=5679"}],"wp:term":[{"taxonomy":"category","embeddable":true,"href":"https:\/\/verdadeon.com.br\/portal\/wp-json\/wp\/v2\/categories?post=5679"},{"taxonomy":"post_tag","embeddable":true,"href":"https:\/\/verdadeon.com.br\/portal\/wp-json\/wp\/v2\/tags?post=5679"}],"curies":[{"name":"wp","href":"https:\/\/api.w.org\/{rel}","templated":true}]}}