{"id":5673,"date":"2020-03-25T16:06:46","date_gmt":"2020-03-25T19:06:46","guid":{"rendered":"http:\/\/verdadeon.com.br\/portal\/?p=5673"},"modified":"2020-03-25T16:06:46","modified_gmt":"2020-03-25T19:06:46","slug":"francanos-relatam-problemas-com-internet-nesta-quarta-feira-25","status":"publish","type":"post","link":"https:\/\/verdadeon.com.br\/portal\/2020\/03\/25\/francanos-relatam-problemas-com-internet-nesta-quarta-feira-25\/","title":{"rendered":"Francanos relatam problemas com internet nesta quarta-feira (25)"},"content":{"rendered":"<h2>Clientes Claro\/NET est\u00e3o enfrentando instabilidade do servi\u00e7o desde as 13 horas de hoje<\/h2>\n<p>&nbsp;<\/p>\n<p>Em meio ao isolamento social para combater a transmiss\u00e3o do novo coronav\u00edrus, francanos est\u00e3o enfrentando problemas no servi\u00e7o de internet da Claro\/NET desde o in\u00edcio da tarde desta quarta-feira (25). A informa\u00e7\u00e3o \u00e9 que o servi\u00e7o ser\u00e1 normalizado apenas \u00e0s 23 horas de hoje.<br \/>\n\u201cDesde o in\u00edcio da tarde a internet ficou ruim, n\u00e3o funciona direito. Resolvi entrar em contato com eles e a informa\u00e7\u00e3o era que minha regi\u00e3o est\u00e1 enfrentando problemas. Acredito que com todo mundo em casa a utiliza\u00e7\u00e3o est\u00e1 maior que o normal, mas \u00e9 complicado ficar em casa sem internet, ainda mais com crian\u00e7as\u201d, disse Vera Aparecida, 50, cliente Claro\/NET, que mora no Jardim Derm\u00ednio e est\u00e1 isolada em casa com o marido e os filhos.<br \/>\nEm contato com o servi\u00e7o de atendimento da Claro\/NET, atrav\u00e9s do canal 10621, a informa\u00e7\u00e3o \u00e9 que a cidade passa por um momento de instabilidade, provavelmente provocada pela sobrecarga, e que a previs\u00e3o \u00e9 que o servi\u00e7o retorne at\u00e9 \u00e0s 23 horas.<\/p>\n<p>&nbsp;<\/p>\n","protected":false},"excerpt":{"rendered":"<p>Clientes Claro\/NET est\u00e3o enfrentando instabilidade do servi\u00e7o desde as 13 horas de hoje &nbsp; Em meio ao isolamento social para combater a transmiss\u00e3o do novo coronav\u00edrus,<span class=\"excerpt-hellip\"> [\u2026]<\/span><\/p>\n","protected":false},"author":3,"featured_media":5674,"comment_status":"open","ping_status":"open","sticky":false,"template":"","format":"standard","meta":{"_jetpack_memberships_contains_paid_content":false,"footnotes":"","jetpack_publicize_message":"","jetpack_publicize_feature_enabled":true,"jetpack_social_post_already_shared":false,"jetpack_social_options":{"image_generator_settings":{"template":"highway","default_image_id":0,"enabled":false},"version":2}},"categories":[44,30],"tags":[46],"class_list":["post-5673","post","type-post","status-publish","format-standard","has-post-thumbnail","hentry","category-noticias","category-variedades","tag-cotidiano"],"yoast_head":"<!-- This site is optimized with the Yoast SEO plugin v25.6 - https:\/\/yoast.com\/wordpress\/plugins\/seo\/ -->\n<title>Francanos relatam problemas com internet nesta quarta-feira (25) - VerdadeOn<\/title>\n<meta name=\"robots\" content=\"index, follow, max-snippet:-1, max-image-preview:large, max-video-preview:-1\" \/>\n<link rel=\"canonical\" href=\"https:\/\/verdadeon.com.br\/portal\/2020\/03\/25\/francanos-relatam-problemas-com-internet-nesta-quarta-feira-25\/\" \/>\n<meta property=\"og:locale\" content=\"pt_BR\" \/>\n<meta property=\"og:type\" content=\"article\" \/>\n<meta property=\"og:title\" content=\"Francanos relatam problemas com internet nesta quarta-feira (25) - VerdadeOn\" \/>\n<meta property=\"og:description\" content=\"Clientes Claro\/NET est\u00e3o enfrentando instabilidade do servi\u00e7o desde as 13 horas de hoje &nbsp; Em meio ao isolamento social para combater a transmiss\u00e3o do novo coronav\u00edrus, [\u2026]\" \/>\n<meta property=\"og:url\" content=\"https:\/\/verdadeon.com.br\/portal\/2020\/03\/25\/francanos-relatam-problemas-com-internet-nesta-quarta-feira-25\/\" \/>\n<meta property=\"og:site_name\" content=\"VerdadeOn\" \/>\n<meta property=\"article:published_time\" content=\"2020-03-25T19:06:46+00:00\" \/>\n<meta property=\"og:image\" content=\"https:\/\/verdadeon.com.br\/portal\/wp-content\/uploads\/2020\/03\/claro-e-net.jpg\" \/>\n\t<meta property=\"og:image:width\" content=\"903\" \/>\n\t<meta property=\"og:image:height\" content=\"670\" \/>\n\t<meta property=\"og:image:type\" content=\"image\/jpeg\" \/>\n<meta name=\"author\" content=\"Admin\" \/>\n<meta name=\"twitter:card\" content=\"summary_large_image\" \/>\n<meta name=\"twitter:label1\" content=\"Escrito por\" \/>\n\t<meta name=\"twitter:data1\" content=\"Admin\" \/>\n\t<meta name=\"twitter:label2\" content=\"Est. tempo de leitura\" \/>\n\t<meta name=\"twitter:data2\" content=\"1 minuto\" \/>\n<script type=\"application\/ld+json\" class=\"yoast-schema-graph\">{\"@context\":\"https:\/\/schema.org\",\"@graph\":[{\"@type\":\"WebPage\",\"@id\":\"https:\/\/verdadeon.com.br\/portal\/2020\/03\/25\/francanos-relatam-problemas-com-internet-nesta-quarta-feira-25\/\",\"url\":\"https:\/\/verdadeon.com.br\/portal\/2020\/03\/25\/francanos-relatam-problemas-com-internet-nesta-quarta-feira-25\/\",\"name\":\"Francanos relatam problemas com internet nesta quarta-feira (25) - VerdadeOn\",\"isPartOf\":{\"@id\":\"https:\/\/verdadeon.com.br\/portal\/#website\"},\"primaryImageOfPage\":{\"@id\":\"https:\/\/verdadeon.com.br\/portal\/2020\/03\/25\/francanos-relatam-problemas-com-internet-nesta-quarta-feira-25\/#primaryimage\"},\"image\":{\"@id\":\"https:\/\/verdadeon.com.br\/portal\/2020\/03\/25\/francanos-relatam-problemas-com-internet-nesta-quarta-feira-25\/#primaryimage\"},\"thumbnailUrl\":\"https:\/\/i0.wp.com\/verdadeon.com.br\/portal\/wp-content\/uploads\/2020\/03\/claro-e-net.jpg?fit=903%2C670&ssl=1\",\"datePublished\":\"2020-03-25T19:06:46+00:00\",\"author\":{\"@id\":\"https:\/\/verdadeon.com.br\/portal\/#\/schema\/person\/31b3f1eb559e4ce9d3c1dc1f2268a70c\"},\"breadcrumb\":{\"@id\":\"https:\/\/verdadeon.com.br\/portal\/2020\/03\/25\/francanos-relatam-problemas-com-internet-nesta-quarta-feira-25\/#breadcrumb\"},\"inLanguage\":\"pt-BR\",\"potentialAction\":[{\"@type\":\"ReadAction\",\"target\":[\"https:\/\/verdadeon.com.br\/portal\/2020\/03\/25\/francanos-relatam-problemas-com-internet-nesta-quarta-feira-25\/\"]}]},{\"@type\":\"ImageObject\",\"inLanguage\":\"pt-BR\",\"@id\":\"https:\/\/verdadeon.com.br\/portal\/2020\/03\/25\/francanos-relatam-problemas-com-internet-nesta-quarta-feira-25\/#primaryimage\",\"url\":\"https:\/\/i0.wp.com\/verdadeon.com.br\/portal\/wp-content\/uploads\/2020\/03\/claro-e-net.jpg?fit=903%2C670&ssl=1\",\"contentUrl\":\"https:\/\/i0.wp.com\/verdadeon.com.br\/portal\/wp-content\/uploads\/2020\/03\/claro-e-net.jpg?fit=903%2C670&ssl=1\",\"width\":903,\"height\":670,\"caption\":\"Empresa informou aos clientes que servi\u00e7o deve ser normalizado apenas \u00e0s 23 horas desta quarta-feira (25)\"},{\"@type\":\"BreadcrumbList\",\"@id\":\"https:\/\/verdadeon.com.br\/portal\/2020\/03\/25\/francanos-relatam-problemas-com-internet-nesta-quarta-feira-25\/#breadcrumb\",\"itemListElement\":[{\"@type\":\"ListItem\",\"position\":1,\"name\":\"In\u00edcio\",\"item\":\"https:\/\/verdadeon.com.br\/portal\/\"},{\"@type\":\"ListItem\",\"position\":2,\"name\":\"Francanos relatam problemas com internet nesta quarta-feira (25)\"}]},{\"@type\":\"WebSite\",\"@id\":\"https:\/\/verdadeon.com.br\/portal\/#website\",\"url\":\"https:\/\/verdadeon.com.br\/portal\/\",\"name\":\"VerdadeOn\",\"description\":\"Not\u00edcias di\u00e1rias sobre Franca, Regi\u00e3o, Esporte, Cultura, Cotidiano, Colunas. Cobertura nos principais eventos da cidade \u00e9 aqui - Verdadeon Franca\",\"potentialAction\":[{\"@type\":\"SearchAction\",\"target\":{\"@type\":\"EntryPoint\",\"urlTemplate\":\"https:\/\/verdadeon.com.br\/portal\/?s={search_term_string}\"},\"query-input\":{\"@type\":\"PropertyValueSpecification\",\"valueRequired\":true,\"valueName\":\"search_term_string\"}}],\"inLanguage\":\"pt-BR\"},{\"@type\":\"Person\",\"@id\":\"https:\/\/verdadeon.com.br\/portal\/#\/schema\/person\/31b3f1eb559e4ce9d3c1dc1f2268a70c\",\"name\":\"Admin\",\"image\":{\"@type\":\"ImageObject\",\"inLanguage\":\"pt-BR\",\"@id\":\"https:\/\/verdadeon.com.br\/portal\/#\/schema\/person\/image\/\",\"url\":\"https:\/\/secure.gravatar.com\/avatar\/e550a5b4dab3efe8ca3a8bf0fb981073a921f9a24159040707270602980dd8af?s=96&d=mm&r=g\",\"contentUrl\":\"https:\/\/secure.gravatar.com\/avatar\/e550a5b4dab3efe8ca3a8bf0fb981073a921f9a24159040707270602980dd8af?s=96&d=mm&r=g\",\"caption\":\"Admin\"},\"url\":\"https:\/\/verdadeon.com.br\/portal\/author\/admin\/\"}]}<\/script>\n<!-- \/ Yoast SEO plugin. -->","yoast_head_json":{"title":"Francanos relatam problemas com internet nesta quarta-feira (25) - VerdadeOn","robots":{"index":"index","follow":"follow","max-snippet":"max-snippet:-1","max-image-preview":"max-image-preview:large","max-video-preview":"max-video-preview:-1"},"canonical":"https:\/\/verdadeon.com.br\/portal\/2020\/03\/25\/francanos-relatam-problemas-com-internet-nesta-quarta-feira-25\/","og_locale":"pt_BR","og_type":"article","og_title":"Francanos relatam problemas com internet nesta quarta-feira (25) - VerdadeOn","og_description":"Clientes Claro\/NET est\u00e3o enfrentando instabilidade do servi\u00e7o desde as 13 horas de hoje &nbsp; Em meio ao isolamento social para combater a transmiss\u00e3o do novo coronav\u00edrus, [\u2026]","og_url":"https:\/\/verdadeon.com.br\/portal\/2020\/03\/25\/francanos-relatam-problemas-com-internet-nesta-quarta-feira-25\/","og_site_name":"VerdadeOn","article_published_time":"2020-03-25T19:06:46+00:00","og_image":[{"width":903,"height":670,"url":"https:\/\/verdadeon.com.br\/portal\/wp-content\/uploads\/2020\/03\/claro-e-net.jpg","type":"image\/jpeg"}],"author":"Admin","twitter_card":"summary_large_image","twitter_misc":{"Escrito por":"Admin","Est. tempo de leitura":"1 minuto"},"schema":{"@context":"https:\/\/schema.org","@graph":[{"@type":"WebPage","@id":"https:\/\/verdadeon.com.br\/portal\/2020\/03\/25\/francanos-relatam-problemas-com-internet-nesta-quarta-feira-25\/","url":"https:\/\/verdadeon.com.br\/portal\/2020\/03\/25\/francanos-relatam-problemas-com-internet-nesta-quarta-feira-25\/","name":"Francanos relatam problemas com internet nesta quarta-feira (25) - VerdadeOn","isPartOf":{"@id":"https:\/\/verdadeon.com.br\/portal\/#website"},"primaryImageOfPage":{"@id":"https:\/\/verdadeon.com.br\/portal\/2020\/03\/25\/francanos-relatam-problemas-com-internet-nesta-quarta-feira-25\/#primaryimage"},"image":{"@id":"https:\/\/verdadeon.com.br\/portal\/2020\/03\/25\/francanos-relatam-problemas-com-internet-nesta-quarta-feira-25\/#primaryimage"},"thumbnailUrl":"https:\/\/i0.wp.com\/verdadeon.com.br\/portal\/wp-content\/uploads\/2020\/03\/claro-e-net.jpg?fit=903%2C670&ssl=1","datePublished":"2020-03-25T19:06:46+00:00","author":{"@id":"https:\/\/verdadeon.com.br\/portal\/#\/schema\/person\/31b3f1eb559e4ce9d3c1dc1f2268a70c"},"breadcrumb":{"@id":"https:\/\/verdadeon.com.br\/portal\/2020\/03\/25\/francanos-relatam-problemas-com-internet-nesta-quarta-feira-25\/#breadcrumb"},"inLanguage":"pt-BR","potentialAction":[{"@type":"ReadAction","target":["https:\/\/verdadeon.com.br\/portal\/2020\/03\/25\/francanos-relatam-problemas-com-internet-nesta-quarta-feira-25\/"]}]},{"@type":"ImageObject","inLanguage":"pt-BR","@id":"https:\/\/verdadeon.com.br\/portal\/2020\/03\/25\/francanos-relatam-problemas-com-internet-nesta-quarta-feira-25\/#primaryimage","url":"https:\/\/i0.wp.com\/verdadeon.com.br\/portal\/wp-content\/uploads\/2020\/03\/claro-e-net.jpg?fit=903%2C670&ssl=1","contentUrl":"https:\/\/i0.wp.com\/verdadeon.com.br\/portal\/wp-content\/uploads\/2020\/03\/claro-e-net.jpg?fit=903%2C670&ssl=1","width":903,"height":670,"caption":"Empresa informou aos clientes que servi\u00e7o deve ser normalizado apenas \u00e0s 23 horas desta quarta-feira (25)"},{"@type":"BreadcrumbList","@id":"https:\/\/verdadeon.com.br\/portal\/2020\/03\/25\/francanos-relatam-problemas-com-internet-nesta-quarta-feira-25\/#breadcrumb","itemListElement":[{"@type":"ListItem","position":1,"name":"In\u00edcio","item":"https:\/\/verdadeon.com.br\/portal\/"},{"@type":"ListItem","position":2,"name":"Francanos relatam problemas com internet nesta quarta-feira (25)"}]},{"@type":"WebSite","@id":"https:\/\/verdadeon.com.br\/portal\/#website","url":"https:\/\/verdadeon.com.br\/portal\/","name":"VerdadeOn","description":"Not\u00edcias di\u00e1rias sobre Franca, Regi\u00e3o, Esporte, Cultura, Cotidiano, Colunas. Cobertura nos principais eventos da cidade \u00e9 aqui - Verdadeon Franca","potentialAction":[{"@type":"SearchAction","target":{"@type":"EntryPoint","urlTemplate":"https:\/\/verdadeon.com.br\/portal\/?s={search_term_string}"},"query-input":{"@type":"PropertyValueSpecification","valueRequired":true,"valueName":"search_term_string"}}],"inLanguage":"pt-BR"},{"@type":"Person","@id":"https:\/\/verdadeon.com.br\/portal\/#\/schema\/person\/31b3f1eb559e4ce9d3c1dc1f2268a70c","name":"Admin","image":{"@type":"ImageObject","inLanguage":"pt-BR","@id":"https:\/\/verdadeon.com.br\/portal\/#\/schema\/person\/image\/","url":"https:\/\/secure.gravatar.com\/avatar\/e550a5b4dab3efe8ca3a8bf0fb981073a921f9a24159040707270602980dd8af?s=96&d=mm&r=g","contentUrl":"https:\/\/secure.gravatar.com\/avatar\/e550a5b4dab3efe8ca3a8bf0fb981073a921f9a24159040707270602980dd8af?s=96&d=mm&r=g","caption":"Admin"},"url":"https:\/\/verdadeon.com.br\/portal\/author\/admin\/"}]}},"jetpack_publicize_connections":[],"jetpack_featured_media_url":"https:\/\/i0.wp.com\/verdadeon.com.br\/portal\/wp-content\/uploads\/2020\/03\/claro-e-net.jpg?fit=903%2C670&ssl=1","jetpack_sharing_enabled":true,"_links":{"self":[{"href":"https:\/\/verdadeon.com.br\/portal\/wp-json\/wp\/v2\/posts\/5673","targetHints":{"allow":["GET"]}}],"collection":[{"href":"https:\/\/verdadeon.com.br\/portal\/wp-json\/wp\/v2\/posts"}],"about":[{"href":"https:\/\/verdadeon.com.br\/portal\/wp-json\/wp\/v2\/types\/post"}],"author":[{"embeddable":true,"href":"https:\/\/verdadeon.com.br\/portal\/wp-json\/wp\/v2\/users\/3"}],"replies":[{"embeddable":true,"href":"https:\/\/verdadeon.com.br\/portal\/wp-json\/wp\/v2\/comments?post=5673"}],"version-history":[{"count":0,"href":"https:\/\/verdadeon.com.br\/portal\/wp-json\/wp\/v2\/posts\/5673\/revisions"}],"wp:featuredmedia":[{"embeddable":true,"href":"https:\/\/verdadeon.com.br\/portal\/wp-json\/wp\/v2\/media\/5674"}],"wp:attachment":[{"href":"https:\/\/verdadeon.com.br\/portal\/wp-json\/wp\/v2\/media?parent=5673"}],"wp:term":[{"taxonomy":"category","embeddable":true,"href":"https:\/\/verdadeon.com.br\/portal\/wp-json\/wp\/v2\/categories?post=5673"},{"taxonomy":"post_tag","embeddable":true,"href":"https:\/\/verdadeon.com.br\/portal\/wp-json\/wp\/v2\/tags?post=5673"}],"curies":[{"name":"wp","href":"https:\/\/api.w.org\/{rel}","templated":true}]}}