{"id":56607,"date":"2025-06-03T12:07:58","date_gmt":"2025-06-03T15:07:58","guid":{"rendered":"https:\/\/verdadeon.com.br\/portal\/?p=56607"},"modified":"2025-06-03T12:07:58","modified_gmt":"2025-06-03T15:07:58","slug":"sao-joaquim-da-barra-laudo-revela-velocidade-do-caminhao-envolvido-na-morte-dos-12-estudantes","status":"publish","type":"post","link":"https:\/\/verdadeon.com.br\/portal\/2025\/06\/03\/sao-joaquim-da-barra-laudo-revela-velocidade-do-caminhao-envolvido-na-morte-dos-12-estudantes\/","title":{"rendered":"S\u00e3o Joaquim da Barra: laudo revela velocidade do caminh\u00e3o envolvido na morte dos 12 estudantes"},"content":{"rendered":"<h2>Condutor responde o processo em liberdade<\/h2>\n<p style=\"text-align: right;\"><em><strong>Por Pedro Maia<\/strong><\/em><br \/>\n<em><strong>Editor-chefe<\/strong><\/em><\/p>\n<p>A Pol\u00edcia Civil de S\u00e3o Joaquim da Barra divulgou na segunda-feira, 2 de junho, o laudo do tac\u00f3grafo do caminh\u00e3o envolvido no acidente que vitimou fatalmente 12 estudantes de S\u00e3o Joaquim da Barra enquanto retornavam de universidades de Franca. O caso ocorreu em 20 de fevereiro deste ano.<\/p>\n<p>A an\u00e1lise e interpreta\u00e7\u00e3o dos elementos t\u00e9cnico-materiais coletados no local pela perita interpreta a reconstitui\u00e7\u00e3o do acidente: o motorista do Caminh\u00e3o-trator VOLVO\/FH 440 6X2T trafegava pela Rodovia Waldir Canevari, sentido Nuporanga &#8211; S\u00e3o Jos\u00e9 da Bela Vista, a uma velocidade de aproximadamente 88 quil\u00f4metros por hora, quando na altura do km 03, por motivos alheios \u00e0 per\u00edcia, derivou \u00e0 direita e saiu da pista para acostamento de terra e grama, \u00e0 direita do seu sentido de marcha.<\/p>\n<p>Em seguida, o ve\u00edculo retornou de forma abrupta para a pista, invadindo a faixa no sentido contr\u00e1rio, pelo qual trafegava o \u00f4nibus MBENZ. O registro apresentado no disco diagrama do caminh\u00e3o indicou, por meio de marca\u00e7\u00f5es caracter\u00edsticas (trepida\u00e7\u00e3o da agulha de grava\u00e7\u00e3o) que no momento do impacto o caminh\u00e3o estava a aproximadamente 78 quil\u00f4metros por hora.<\/p>\n<p>O condutor do caminh\u00e3o foi indiciado por homic\u00eddio culposo, les\u00e3o corporal, fuga do local do acidente e omiss\u00e3o de socorro, entretanto, responde ao processo em liberdade.<\/p>\n<p><strong>Acidente<\/strong><\/p>\n<p>Na trag\u00e9dia ocorrida, o \u00f4nibus transportava 29 estudantes, dos quais 12 morreram e outros 19, \u00e0 \u00e9poca, ficaram feridos. A Rodovia Waldir Canevari, onde ocorreu o acidente, vem sendo utilizada como rota alternativa, j\u00e1 que um trecho na Rodovia C\u00e2ndido Portinari (SP-345), na ponte sobre o Rio Salgado, precisou ser interditado &#8211; desde novembro de 2024 &#8211; em raz\u00e3o de problemas na estrutura.<\/p>\n","protected":false},"excerpt":{"rendered":"<p>Condutor responde o processo em liberdade Por Pedro Maia Editor-chefe A Pol\u00edcia Civil de S\u00e3o Joaquim da Barra divulgou na segunda-feira, 2 de junho, o laudo<span class=\"excerpt-hellip\"> [\u2026]<\/span><\/p>\n","protected":false},"author":10,"featured_media":54024,"comment_status":"open","ping_status":"open","sticky":false,"template":"","format":"standard","meta":{"_jetpack_memberships_contains_paid_content":false,"footnotes":"","jetpack_publicize_message":"","jetpack_publicize_feature_enabled":true,"jetpack_social_post_already_shared":true,"jetpack_social_options":{"image_generator_settings":{"template":"highway","default_image_id":0,"enabled":false},"version":2}},"categories":[28,81],"tags":[],"class_list":["post-56607","post","type-post","status-publish","format-standard","has-post-thumbnail","hentry","category-cotidiano","category-manchete"],"yoast_head":"<!-- This site is optimized with the Yoast SEO plugin v25.6 - https:\/\/yoast.com\/wordpress\/plugins\/seo\/ -->\n<title>S\u00e3o Joaquim da Barra: laudo revela velocidade do caminh\u00e3o envolvido na morte dos 12 estudantes - VerdadeOn<\/title>\n<meta name=\"robots\" content=\"index, follow, max-snippet:-1, max-image-preview:large, max-video-preview:-1\" \/>\n<link rel=\"canonical\" href=\"https:\/\/verdadeon.com.br\/portal\/2025\/06\/03\/sao-joaquim-da-barra-laudo-revela-velocidade-do-caminhao-envolvido-na-morte-dos-12-estudantes\/\" \/>\n<meta property=\"og:locale\" content=\"pt_BR\" \/>\n<meta property=\"og:type\" content=\"article\" \/>\n<meta property=\"og:title\" content=\"S\u00e3o Joaquim da Barra: laudo revela velocidade do caminh\u00e3o envolvido na morte dos 12 estudantes - VerdadeOn\" \/>\n<meta property=\"og:description\" content=\"Condutor responde o processo em liberdade Por Pedro Maia Editor-chefe A Pol\u00edcia Civil de S\u00e3o Joaquim da Barra divulgou na segunda-feira, 2 de junho, o laudo [\u2026]\" \/>\n<meta property=\"og:url\" content=\"https:\/\/verdadeon.com.br\/portal\/2025\/06\/03\/sao-joaquim-da-barra-laudo-revela-velocidade-do-caminhao-envolvido-na-morte-dos-12-estudantes\/\" \/>\n<meta property=\"og:site_name\" content=\"VerdadeOn\" \/>\n<meta property=\"article:published_time\" content=\"2025-06-03T15:07:58+00:00\" \/>\n<meta property=\"og:image\" content=\"https:\/\/verdadeon.com.br\/portal\/wp-content\/uploads\/2025\/02\/WhatsApp-Image-2025-02-21-at-11.26.55.jpeg\" \/>\n\t<meta property=\"og:image:width\" content=\"720\" \/>\n\t<meta property=\"og:image:height\" content=\"483\" \/>\n\t<meta property=\"og:image:type\" content=\"image\/jpeg\" \/>\n<meta name=\"author\" content=\"Redacao VerdadeOn\" \/>\n<meta name=\"twitter:card\" content=\"summary_large_image\" \/>\n<meta name=\"twitter:label1\" content=\"Escrito por\" \/>\n\t<meta name=\"twitter:data1\" content=\"Redacao VerdadeOn\" \/>\n\t<meta name=\"twitter:label2\" content=\"Est. tempo de leitura\" \/>\n\t<meta name=\"twitter:data2\" content=\"2 minutos\" \/>\n<script type=\"application\/ld+json\" class=\"yoast-schema-graph\">{\"@context\":\"https:\/\/schema.org\",\"@graph\":[{\"@type\":\"WebPage\",\"@id\":\"https:\/\/verdadeon.com.br\/portal\/2025\/06\/03\/sao-joaquim-da-barra-laudo-revela-velocidade-do-caminhao-envolvido-na-morte-dos-12-estudantes\/\",\"url\":\"https:\/\/verdadeon.com.br\/portal\/2025\/06\/03\/sao-joaquim-da-barra-laudo-revela-velocidade-do-caminhao-envolvido-na-morte-dos-12-estudantes\/\",\"name\":\"S\u00e3o Joaquim da Barra: laudo revela velocidade do caminh\u00e3o envolvido na morte dos 12 estudantes - VerdadeOn\",\"isPartOf\":{\"@id\":\"https:\/\/verdadeon.com.br\/portal\/#website\"},\"primaryImageOfPage\":{\"@id\":\"https:\/\/verdadeon.com.br\/portal\/2025\/06\/03\/sao-joaquim-da-barra-laudo-revela-velocidade-do-caminhao-envolvido-na-morte-dos-12-estudantes\/#primaryimage\"},\"image\":{\"@id\":\"https:\/\/verdadeon.com.br\/portal\/2025\/06\/03\/sao-joaquim-da-barra-laudo-revela-velocidade-do-caminhao-envolvido-na-morte-dos-12-estudantes\/#primaryimage\"},\"thumbnailUrl\":\"https:\/\/i0.wp.com\/verdadeon.com.br\/portal\/wp-content\/uploads\/2025\/02\/WhatsApp-Image-2025-02-21-at-11.26.55.jpeg?fit=720%2C483&ssl=1\",\"datePublished\":\"2025-06-03T15:07:58+00:00\",\"author\":{\"@id\":\"https:\/\/verdadeon.com.br\/portal\/#\/schema\/person\/a5060ad1e9ea3df545188fc93ce43d2f\"},\"breadcrumb\":{\"@id\":\"https:\/\/verdadeon.com.br\/portal\/2025\/06\/03\/sao-joaquim-da-barra-laudo-revela-velocidade-do-caminhao-envolvido-na-morte-dos-12-estudantes\/#breadcrumb\"},\"inLanguage\":\"pt-BR\",\"potentialAction\":[{\"@type\":\"ReadAction\",\"target\":[\"https:\/\/verdadeon.com.br\/portal\/2025\/06\/03\/sao-joaquim-da-barra-laudo-revela-velocidade-do-caminhao-envolvido-na-morte-dos-12-estudantes\/\"]}]},{\"@type\":\"ImageObject\",\"inLanguage\":\"pt-BR\",\"@id\":\"https:\/\/verdadeon.com.br\/portal\/2025\/06\/03\/sao-joaquim-da-barra-laudo-revela-velocidade-do-caminhao-envolvido-na-morte-dos-12-estudantes\/#primaryimage\",\"url\":\"https:\/\/i0.wp.com\/verdadeon.com.br\/portal\/wp-content\/uploads\/2025\/02\/WhatsApp-Image-2025-02-21-at-11.26.55.jpeg?fit=720%2C483&ssl=1\",\"contentUrl\":\"https:\/\/i0.wp.com\/verdadeon.com.br\/portal\/wp-content\/uploads\/2025\/02\/WhatsApp-Image-2025-02-21-at-11.26.55.jpeg?fit=720%2C483&ssl=1\",\"width\":720,\"height\":483,\"caption\":\"Coletivo transportava 29 estudantes; 12 pessoas morreram na trag\u00e9dia (\u00a9Reprodu\u00e7\u00e3o)\"},{\"@type\":\"BreadcrumbList\",\"@id\":\"https:\/\/verdadeon.com.br\/portal\/2025\/06\/03\/sao-joaquim-da-barra-laudo-revela-velocidade-do-caminhao-envolvido-na-morte-dos-12-estudantes\/#breadcrumb\",\"itemListElement\":[{\"@type\":\"ListItem\",\"position\":1,\"name\":\"In\u00edcio\",\"item\":\"https:\/\/verdadeon.com.br\/portal\/\"},{\"@type\":\"ListItem\",\"position\":2,\"name\":\"S\u00e3o Joaquim da Barra: laudo revela velocidade do caminh\u00e3o envolvido na morte dos 12 estudantes\"}]},{\"@type\":\"WebSite\",\"@id\":\"https:\/\/verdadeon.com.br\/portal\/#website\",\"url\":\"https:\/\/verdadeon.com.br\/portal\/\",\"name\":\"VerdadeOn\",\"description\":\"Not\u00edcias di\u00e1rias sobre Franca, Regi\u00e3o, Esporte, Cultura, Cotidiano, Colunas. Cobertura nos principais eventos da cidade \u00e9 aqui - Verdadeon Franca\",\"potentialAction\":[{\"@type\":\"SearchAction\",\"target\":{\"@type\":\"EntryPoint\",\"urlTemplate\":\"https:\/\/verdadeon.com.br\/portal\/?s={search_term_string}\"},\"query-input\":{\"@type\":\"PropertyValueSpecification\",\"valueRequired\":true,\"valueName\":\"search_term_string\"}}],\"inLanguage\":\"pt-BR\"},{\"@type\":\"Person\",\"@id\":\"https:\/\/verdadeon.com.br\/portal\/#\/schema\/person\/a5060ad1e9ea3df545188fc93ce43d2f\",\"name\":\"Redacao VerdadeOn\",\"image\":{\"@type\":\"ImageObject\",\"inLanguage\":\"pt-BR\",\"@id\":\"https:\/\/verdadeon.com.br\/portal\/#\/schema\/person\/image\/\",\"url\":\"https:\/\/secure.gravatar.com\/avatar\/459a9613caaaf07f582c3d0841eea68bdd66f533e465e6ba8b9cb45619572cf4?s=96&d=mm&r=g\",\"contentUrl\":\"https:\/\/secure.gravatar.com\/avatar\/459a9613caaaf07f582c3d0841eea68bdd66f533e465e6ba8b9cb45619572cf4?s=96&d=mm&r=g\",\"caption\":\"Redacao VerdadeOn\"},\"url\":\"https:\/\/verdadeon.com.br\/portal\/author\/redacao\/\"}]}<\/script>\n<!-- \/ Yoast SEO plugin. -->","yoast_head_json":{"title":"S\u00e3o Joaquim da Barra: laudo revela velocidade do caminh\u00e3o envolvido na morte dos 12 estudantes - VerdadeOn","robots":{"index":"index","follow":"follow","max-snippet":"max-snippet:-1","max-image-preview":"max-image-preview:large","max-video-preview":"max-video-preview:-1"},"canonical":"https:\/\/verdadeon.com.br\/portal\/2025\/06\/03\/sao-joaquim-da-barra-laudo-revela-velocidade-do-caminhao-envolvido-na-morte-dos-12-estudantes\/","og_locale":"pt_BR","og_type":"article","og_title":"S\u00e3o Joaquim da Barra: laudo revela velocidade do caminh\u00e3o envolvido na morte dos 12 estudantes - VerdadeOn","og_description":"Condutor responde o processo em liberdade Por Pedro Maia Editor-chefe A Pol\u00edcia Civil de S\u00e3o Joaquim da Barra divulgou na segunda-feira, 2 de junho, o laudo [\u2026]","og_url":"https:\/\/verdadeon.com.br\/portal\/2025\/06\/03\/sao-joaquim-da-barra-laudo-revela-velocidade-do-caminhao-envolvido-na-morte-dos-12-estudantes\/","og_site_name":"VerdadeOn","article_published_time":"2025-06-03T15:07:58+00:00","og_image":[{"width":720,"height":483,"url":"https:\/\/verdadeon.com.br\/portal\/wp-content\/uploads\/2025\/02\/WhatsApp-Image-2025-02-21-at-11.26.55.jpeg","type":"image\/jpeg"}],"author":"Redacao VerdadeOn","twitter_card":"summary_large_image","twitter_misc":{"Escrito por":"Redacao VerdadeOn","Est. tempo de leitura":"2 minutos"},"schema":{"@context":"https:\/\/schema.org","@graph":[{"@type":"WebPage","@id":"https:\/\/verdadeon.com.br\/portal\/2025\/06\/03\/sao-joaquim-da-barra-laudo-revela-velocidade-do-caminhao-envolvido-na-morte-dos-12-estudantes\/","url":"https:\/\/verdadeon.com.br\/portal\/2025\/06\/03\/sao-joaquim-da-barra-laudo-revela-velocidade-do-caminhao-envolvido-na-morte-dos-12-estudantes\/","name":"S\u00e3o Joaquim da Barra: laudo revela velocidade do caminh\u00e3o envolvido na morte dos 12 estudantes - VerdadeOn","isPartOf":{"@id":"https:\/\/verdadeon.com.br\/portal\/#website"},"primaryImageOfPage":{"@id":"https:\/\/verdadeon.com.br\/portal\/2025\/06\/03\/sao-joaquim-da-barra-laudo-revela-velocidade-do-caminhao-envolvido-na-morte-dos-12-estudantes\/#primaryimage"},"image":{"@id":"https:\/\/verdadeon.com.br\/portal\/2025\/06\/03\/sao-joaquim-da-barra-laudo-revela-velocidade-do-caminhao-envolvido-na-morte-dos-12-estudantes\/#primaryimage"},"thumbnailUrl":"https:\/\/i0.wp.com\/verdadeon.com.br\/portal\/wp-content\/uploads\/2025\/02\/WhatsApp-Image-2025-02-21-at-11.26.55.jpeg?fit=720%2C483&ssl=1","datePublished":"2025-06-03T15:07:58+00:00","author":{"@id":"https:\/\/verdadeon.com.br\/portal\/#\/schema\/person\/a5060ad1e9ea3df545188fc93ce43d2f"},"breadcrumb":{"@id":"https:\/\/verdadeon.com.br\/portal\/2025\/06\/03\/sao-joaquim-da-barra-laudo-revela-velocidade-do-caminhao-envolvido-na-morte-dos-12-estudantes\/#breadcrumb"},"inLanguage":"pt-BR","potentialAction":[{"@type":"ReadAction","target":["https:\/\/verdadeon.com.br\/portal\/2025\/06\/03\/sao-joaquim-da-barra-laudo-revela-velocidade-do-caminhao-envolvido-na-morte-dos-12-estudantes\/"]}]},{"@type":"ImageObject","inLanguage":"pt-BR","@id":"https:\/\/verdadeon.com.br\/portal\/2025\/06\/03\/sao-joaquim-da-barra-laudo-revela-velocidade-do-caminhao-envolvido-na-morte-dos-12-estudantes\/#primaryimage","url":"https:\/\/i0.wp.com\/verdadeon.com.br\/portal\/wp-content\/uploads\/2025\/02\/WhatsApp-Image-2025-02-21-at-11.26.55.jpeg?fit=720%2C483&ssl=1","contentUrl":"https:\/\/i0.wp.com\/verdadeon.com.br\/portal\/wp-content\/uploads\/2025\/02\/WhatsApp-Image-2025-02-21-at-11.26.55.jpeg?fit=720%2C483&ssl=1","width":720,"height":483,"caption":"Coletivo transportava 29 estudantes; 12 pessoas morreram na trag\u00e9dia (\u00a9Reprodu\u00e7\u00e3o)"},{"@type":"BreadcrumbList","@id":"https:\/\/verdadeon.com.br\/portal\/2025\/06\/03\/sao-joaquim-da-barra-laudo-revela-velocidade-do-caminhao-envolvido-na-morte-dos-12-estudantes\/#breadcrumb","itemListElement":[{"@type":"ListItem","position":1,"name":"In\u00edcio","item":"https:\/\/verdadeon.com.br\/portal\/"},{"@type":"ListItem","position":2,"name":"S\u00e3o Joaquim da Barra: laudo revela velocidade do caminh\u00e3o envolvido na morte dos 12 estudantes"}]},{"@type":"WebSite","@id":"https:\/\/verdadeon.com.br\/portal\/#website","url":"https:\/\/verdadeon.com.br\/portal\/","name":"VerdadeOn","description":"Not\u00edcias di\u00e1rias sobre Franca, Regi\u00e3o, Esporte, Cultura, Cotidiano, Colunas. Cobertura nos principais eventos da cidade \u00e9 aqui - Verdadeon Franca","potentialAction":[{"@type":"SearchAction","target":{"@type":"EntryPoint","urlTemplate":"https:\/\/verdadeon.com.br\/portal\/?s={search_term_string}"},"query-input":{"@type":"PropertyValueSpecification","valueRequired":true,"valueName":"search_term_string"}}],"inLanguage":"pt-BR"},{"@type":"Person","@id":"https:\/\/verdadeon.com.br\/portal\/#\/schema\/person\/a5060ad1e9ea3df545188fc93ce43d2f","name":"Redacao VerdadeOn","image":{"@type":"ImageObject","inLanguage":"pt-BR","@id":"https:\/\/verdadeon.com.br\/portal\/#\/schema\/person\/image\/","url":"https:\/\/secure.gravatar.com\/avatar\/459a9613caaaf07f582c3d0841eea68bdd66f533e465e6ba8b9cb45619572cf4?s=96&d=mm&r=g","contentUrl":"https:\/\/secure.gravatar.com\/avatar\/459a9613caaaf07f582c3d0841eea68bdd66f533e465e6ba8b9cb45619572cf4?s=96&d=mm&r=g","caption":"Redacao VerdadeOn"},"url":"https:\/\/verdadeon.com.br\/portal\/author\/redacao\/"}]}},"jetpack_publicize_connections":[],"jetpack_featured_media_url":"https:\/\/i0.wp.com\/verdadeon.com.br\/portal\/wp-content\/uploads\/2025\/02\/WhatsApp-Image-2025-02-21-at-11.26.55.jpeg?fit=720%2C483&ssl=1","jetpack_sharing_enabled":true,"_links":{"self":[{"href":"https:\/\/verdadeon.com.br\/portal\/wp-json\/wp\/v2\/posts\/56607","targetHints":{"allow":["GET"]}}],"collection":[{"href":"https:\/\/verdadeon.com.br\/portal\/wp-json\/wp\/v2\/posts"}],"about":[{"href":"https:\/\/verdadeon.com.br\/portal\/wp-json\/wp\/v2\/types\/post"}],"author":[{"embeddable":true,"href":"https:\/\/verdadeon.com.br\/portal\/wp-json\/wp\/v2\/users\/10"}],"replies":[{"embeddable":true,"href":"https:\/\/verdadeon.com.br\/portal\/wp-json\/wp\/v2\/comments?post=56607"}],"version-history":[{"count":1,"href":"https:\/\/verdadeon.com.br\/portal\/wp-json\/wp\/v2\/posts\/56607\/revisions"}],"predecessor-version":[{"id":56608,"href":"https:\/\/verdadeon.com.br\/portal\/wp-json\/wp\/v2\/posts\/56607\/revisions\/56608"}],"wp:featuredmedia":[{"embeddable":true,"href":"https:\/\/verdadeon.com.br\/portal\/wp-json\/wp\/v2\/media\/54024"}],"wp:attachment":[{"href":"https:\/\/verdadeon.com.br\/portal\/wp-json\/wp\/v2\/media?parent=56607"}],"wp:term":[{"taxonomy":"category","embeddable":true,"href":"https:\/\/verdadeon.com.br\/portal\/wp-json\/wp\/v2\/categories?post=56607"},{"taxonomy":"post_tag","embeddable":true,"href":"https:\/\/verdadeon.com.br\/portal\/wp-json\/wp\/v2\/tags?post=56607"}],"curies":[{"name":"wp","href":"https:\/\/api.w.org\/{rel}","templated":true}]}}