{"id":56546,"date":"2025-05-31T14:50:00","date_gmt":"2025-05-31T17:50:00","guid":{"rendered":"https:\/\/verdadeon.com.br\/portal\/?p=56546"},"modified":"2025-05-31T16:01:32","modified_gmt":"2025-05-31T19:01:32","slug":"junho-chega-ao-sesc-franca-com-programacao-que-celebra-a-diversidade-artistica","status":"publish","type":"post","link":"https:\/\/verdadeon.com.br\/portal\/2025\/05\/31\/junho-chega-ao-sesc-franca-com-programacao-que-celebra-a-diversidade-artistica\/","title":{"rendered":"Junho chega ao Sesc Franca com programa\u00e7\u00e3o que celebra a diversidade art\u00edstica"},"content":{"rendered":"<h2>De 4 a 8 de junho o p\u00fablico do Sesc Franca poder\u00e1 conferir espet\u00e1culos diversos e apreciar atividades teatrais, liter\u00e1rias, circenses, musicais e muito mais<\/h2>\n<p><b>\u2022 LITERATURA| <u>A CABE\u00c7A<\/u><\/b><\/p>\n<p>Com Cia. Avoa\u202fde Teatro<\/p>\n<p>No <b>dia 04 de junho<\/b>, na <b>Sala 2 do Sesc Franca<\/b>, o p\u00fablico poder\u00e1 conferir o espet\u00e1culo livremente inspirado no livro &#8220;<b>A cabe\u00e7a do santo<\/b>&#8220;, de <b>Socorro Acioli. <\/b>O trabalho reinventa a narrativa em uma f\u00e1bula contempor\u00e2nea, ambientada numa cidade t\u00e3o remota que nem o vento se atreve a alcan\u00e7\u00e1-la \u2014 um lugar esquecido pelo tempo.<\/p>\n<p>Samuel, movido pela promessa de vingan\u00e7a contra o pai ap\u00f3s a morte da m\u00e3e, parte em uma jornada sem volta. Mas seu caminho toma um rumo inesperado quando ele encontra algo inusitado: uma cabe\u00e7a. Mas de quem? Algo a descobrir juntos.<\/p>\n<p>A <b>Cia. Avoa de Teatro<\/b> surgiu no ano de 2017 na cidade de Franca \u2013 SP, com o objetivo de investigar o teatro performativo e o atravessamento das artes c\u00eanicas pela tecnologia e di\u00e1logo entre as linguagens de teatro e circo.<\/p>\n<p><b>Servi\u00e7o<\/b><\/p>\n<p><b>Data: <\/b>04 de junho. Quarta, 19h30<\/p>\n<p><b>Classifica\u00e7\u00e3o indicativa:<\/b> 14 anos<\/p>\n<p><b>Local:<\/b> Sala 2 do Sesc Franca<\/p>\n<p><b>Gr\u00e1tis\u202f| Retirada de senhas 30 min. antes<\/b><\/p>\n<p>&nbsp;<\/p>\n<p><b>\u2022 M\u00daSICA | M\u00c1RCIA MAH<\/b><\/p>\n<p>Luau Som da Terra \u2013 Biomas Encantados<\/p>\n<p>A m\u00fasica tem o poder de transformar, conscientizar e transmitir mensagens importantes de forma emocional e impactante, conectando as pessoas com sentimentos profundos e, evocando a sensa\u00e7\u00e3o de uni\u00e3o e empatia. Para celebrar essa experi\u00eancia musical, o <b>Sesc Franca<\/b> apresenta, no <b>dia 06 de junho<\/b>, <b>na Pra\u00e7a<\/b>, uma viagem musical pelo Brasil, onde o p\u00fablico passeia por diferentes \u00e9pocas e paisagens, descobrindo toda diversidade de sua cultura e meio ambiente.<\/p>\n<p>De norte a sul do pa\u00eds, tanto quanto s\u00e3o diversificados os biomas, tamb\u00e9m s\u00e3o os ritmos que os expressam: a milonga nos Pampas ga\u00fachos, o siriri no Pantanal, o coco e o bai\u00e3o na Caatinga e Cerrado, o samba, o choro, a moda de viola, a ciranda na Mata Atl\u00e2ntica, a toada e o carimb\u00f3 na Amaz\u00f4nia s\u00e3o exemplos dessa simbiose, onde as caracter\u00edsticas sonoras refletem tamb\u00e9m caracter\u00edsticas f\u00edsicas de cada regi\u00e3o retratada.<\/p>\n<p>Idealizado pela cantora e ativista ambiental, <b>M\u00e1rcia Mah<\/b>, o espet\u00e1culo \u00e9 acompanhado por um grupo composto por m\u00fasicos multi-instrumentistas que tem em comum a forma\u00e7\u00e3o no curso de MPB\/JAZZ do Conservat\u00f3rio Musical de Tatu\u00ed, e que atuam profissionalmente na pesquisa e em diversos projetos solos e coletivos.<\/p>\n<p>Em um mundo hiper conectado digitalmente o contato com a natureza est\u00e1 cada vez mais distante e, \u00e0 medida que a urg\u00eancia clim\u00e1tica nos convoca a assumir atitudes mais sustent\u00e1veis em rela\u00e7\u00e3o ao futuro do planeta, redescobrir essa conex\u00e3o atrav\u00e9s do canto, passado de gera\u00e7\u00e3o a gera\u00e7\u00e3o, \u00e9 uma forma de acessar essa ancestralidade.<\/p>\n<p><b>Servi\u00e7o<\/b><\/p>\n<p><b>Data: <\/b>06 de junho. Sexta, 19h30<\/p>\n<p><b>Classifica\u00e7\u00e3o indicativa:<\/b> Livre<\/p>\n<p><b>Local:<\/b> Pra\u00e7a do Sesc Franca<\/p>\n<p><b>Gr\u00e1tis\u00a0<\/b><\/p>\n<p>&nbsp;<\/p>\n<p><b>\u2022 LITERATURA| <u>O SUMI\u00c7O DAS PALAVRAS<\/u><\/b><\/p>\n<p>Com Aretha Amorim, Fl\u00e1via Prazeres e Perp\u00e9tua Amorim<\/p>\n<p>Nessa conta\u00e7\u00e3o de hist\u00f3ria, a apresenta\u00e7\u00e3o d\u00e1 corpo e voz \u00e0s p\u00e1ginas da f\u00e1bula escrita pela poeta francana <b>Perp\u00e9tua Amorim<\/b>, que traz um alerta sobre o uso excessivo de telas na atualidade, de forma l\u00fadica e descontra\u00edda. <b>Na Biblioteca do Sesc Franca<\/b>, para todos os p\u00fablicos, na tarde do s\u00e1bado, <b> 07 de junho<\/b>.<\/p>\n<p><b>Perp\u00e9tua Amorim<\/b> \u00e9 escritora e poeta francana com mais de 120 pr\u00eamios liter\u00e1rios, publicada em 85 antologias espalhadas pelo Brasil. Associada da Academia Francana de Letras (AFL) e da Academia Feminina Sulmineira de Letras (AFESMIL). Foi presidente da AFL em 3 gest\u00f5es consecutivas, e na gest\u00e3o atual, exerce o 4\u00ba mandato no cargo.<\/p>\n<p><b>Fl\u00e1via Prazeres<\/b> \u00e9 educadora musical e mestre em educa\u00e7\u00e3o pela UFSCar. Possui forma\u00e7\u00e3o em Antropom\u00fasica pelo Instituto Ouvir Ativo e em Arte do Brincante para educadores, pelo Instituto Brincante. Natural de Franca-SP, atualmente atua na rede municipal de ensino de S\u00e3o Carlos. Faz parte dos grupos Cia. Viagens Musicais e Giraful\u00f4.<\/p>\n<p><b>Aretha Amorim<\/b> \u00e9 pedagoga, contadora de hist\u00f3rias, doutoranda em Educa\u00e7\u00e3o pela Ufscar e batuqueira dos grupos Canto de Flor e Rosa da Mata.<\/p>\n<p><b>Servi\u00e7o<\/b><\/p>\n<p><b>Data: <\/b>07 de junho. S\u00e1bado, 15h<\/p>\n<p><b>Classifica\u00e7\u00e3o indicativa:<\/b> Livre<\/p>\n<p><b>Local:<\/b> Biblioteca do Sesc Franca<\/p>\n<p><b>Gr\u00e1tis\u00a0<\/b><\/p>\n<p>&nbsp;<\/p>\n<p><b>\u2022 CIRCO | <u>SOBRE TOMATES, TAMANCOS E TESOURAS<\/u><\/b><\/p>\n<p>Com Mafalda Mafalda<\/p>\n<p>O circo chega ao palco do <b>Teatro do Sesc Franca<\/b>, no <b>dia 07 de junho<\/b>, com o mon\u00f3logo tragic\u00f4mico que conta a hist\u00f3ria de <b>Mafalda Mafalda<\/b>, uma artista de cabar\u00e9 que enfrenta o fracasso e a rejei\u00e7\u00e3o de seu p\u00fablico, com direito a vaias e tomates. Como se n\u00e3o bastasse, acaba envolvida em uma trama policial. Para se defender das acusa\u00e7\u00f5es do inspetor de pol\u00edcia, decide contar \u00e0 plateia sua vers\u00e3o dos fatos.<\/p>\n<p><b>Mafalda <\/b>\u00e9 uma palha\u00e7a\u202fque nasceu h\u00e1 muito tempo e, segundo ela pr\u00f3pria, \u00e9 uma atriz cl\u00e1ssica que foi perdurando com o passar do tempo, fez muitas amizades, vestiu uma saia transparente com renda vermelha e subiu no picadeiro.\u202fEm raz\u00e3o de sua\u202fpersonalidade sagaz e fugaz, foi logo\u202fassociada \u00e0 figura<b> <\/b>da<b> Mafalda do Quino<\/b>, que \u00e9 brava e questionadora. Assim, foi\u202fbatizada de<b> Mafalda Mafalda, <\/b>duplamente.<\/p>\n<p><b>Andr\u00e9a Macera<\/b>, atriz desde 1986, palha\u00e7a desde 1996, diretora art\u00edstica do Teatro da Mafalda e \u00e9 quem d\u00e1 vida \u00e0 personagem. Fundou a Companhia em 2005, a partir do desenvolvimento de grande parte de seus estudos que ocorreram junto ao Grupo LUME \u2013 N\u00facleo Interdisciplinar de Pesquisas Teatrais da Unicamp; \u00e0 Tiche Vianna do Grupo Barrac\u00e3o Teatro; e \u00e0 Sue Morrison, sua mestra-clown Canadense.<\/p>\n<p><b>Servi\u00e7o<\/b><\/p>\n<p><b>Data: <\/b>07 de junho. S\u00e1bado, 19h30<\/p>\n<p><b>Classifica\u00e7\u00e3o indicativa:<\/b> 16 anos<\/p>\n<p><b>Local:<\/b> Teatro do Sesc Franca<\/p>\n<p><b>Ingressos: R$15 (credencial plena), R$25 (meia), R$50 (inteira)\u202f<\/b><br \/>\n<b>Abertura das vendas: <\/b>27 de maio, 17h (on-line) e 28 de maio, 17h (presencial)<b>\u202f<\/b><\/p>\n<p><b>Tradu\u00e7\u00e3o em Libras<\/b><\/p>\n<p>&nbsp;<\/p>\n<p><b>\u2022 CRIAN\u00c7AS | <u>RIO ABAIXO, RUMO AO MAR<\/u><\/b><\/p>\n<p>Com N\u00e1dia Campos\u202fe Guilherme Melo<\/p>\n<p>Neste espet\u00e1culo preparado para o p\u00fablico infantil, <b>N\u00e1dia Campos \u2014 <\/b>cantadeira, multi-instrumentista, compositora, pesquisadora, educadora e produtora \u2014, acompanhada de <b>Guilherme Melo \u2014 <\/b>multi-instrumentista, compositor e produtor audiovisual \u2014, conta a hist\u00f3ria de um rio com seus personagens, (lavadeiras, ribeirinhos, animais, canoeiros, peixes, m\u00e3e d\u2019\u00e1gua) que segue seu destino desde a nascente rumo ao mar. Neste percurso a trama estimula aprendizados sobre como a sociedade rural e urbana se relaciona com os rios, e estimula reflex\u00f5es e propostas de a\u00e7\u00f5es eco cidad\u00e3s com rela\u00e7\u00e3o aos rios e \u00e0 \u00e1gua.<\/p>\n<p>A narrativa \u00e9 feita com fundo musical e can\u00e7\u00f5es ilustrativas autorais e que fazem parte do cancioneiro popular brasileiro. Em v\u00e1rios momentos do espet\u00e1culo a plateia \u00e9 convidada a interagir com brincadeiras e jogos dram\u00e1ticos. Para apreciar com toda a fam\u00edlia, <b>na tarde de domingo<\/b>, <b>08 de junho<\/b>, na <b>Conviv\u00eancia do Sesc Franca<\/b>, com <b>entrada gratuita<\/b>.<\/p>\n<p><b>Servi\u00e7o<\/b><\/p>\n<p><b>Data: <\/b>08 de junho. Domingo, 16h<\/p>\n<p><b>Classifica\u00e7\u00e3o indicativa:<\/b> Livre<\/p>\n<p><b>Local:<\/b> Conviv\u00eancia do Sesc Franca<\/p>\n<p><b>Gr\u00e1tis\u00a0<\/b><\/p>\n<p>&nbsp;<\/p>\n<p><b>\u2022 M\u00daSICA | <u>BRUNA ALIMONDA E BANDA<\/u><\/b><\/p>\n<p>Forr\u00f3 das Antigas<b>\u00a0<\/b><\/p>\n<p>A cantora,\u202fcompositora e atriz pernambucana traz o amor e seus devaneios para a <b> Comedoria do Sesc Franca<\/b> em um show especial, com cl\u00e1ssicos do <b>Forr\u00f3 das<\/b> <b>Antigas<\/b>, trazendo uma voz feminina para hinos do g\u00eanero, no final da tarde do <b>domingo<\/b>, <b>08 de<\/b> <b>junho<\/b>, para embalar, dan\u00e7ar e cantar junto.<\/p>\n<p>Bruna iniciou na banda <b>Abacaxepa<\/b> e lan\u00e7ou em 2024 seu primeiro disco solo, \u201c<b>ESTADO<\/b> <b>FEBRIL<\/b>\u201d, misturando MPB, ritmos latinos e brega rom\u00e2ntico. Al\u00e9m de sua m\u00fasica, a artista conquistou uma presen\u00e7a significativa nas redes sociais. Com milhares de seguidores no TikTok e Instagram, ela compartilha seu talento musical de forma aut\u00eantica. Seus v\u00eddeos em voz e viol\u00e3o, juntamente com m\u00fasicas autorais como &#8220;<b>Me<\/b> <b> Beija na Rua<\/b>&#8220;, receberam reconhecimento de artistas renomados, como Adriana Calcanhoto, Marina Lima e Maria Beth\u00e2nia.<\/p>\n<p><b>Servi\u00e7o<\/b><\/p>\n<p><b>Data: <\/b>08 de junho. Domingo, 17h<\/p>\n<p><b>Classifica\u00e7\u00e3o indicativa:<\/b> Livre<\/p>\n<p><b>Local:<\/b> Comedoria do Sesc Franca<\/p>\n<p><b>Gr\u00e1tis\u00a0<\/b><\/p>\n<p><em><b>Ingressos podem ser adquiridos via aplicativo Credencial Sesc SP, Central de Relacionamento Digital (desktop) ou presencialmente nas unidades do Sesc.<\/b>\u00a0\u00a0<\/em><\/p>\n","protected":false},"excerpt":{"rendered":"<p>De 4 a 8 de junho o p\u00fablico do Sesc Franca poder\u00e1 conferir espet\u00e1culos diversos e apreciar atividades teatrais, liter\u00e1rias, circenses, musicais e muito mais \u2022<span class=\"excerpt-hellip\"> [\u2026]<\/span><\/p>\n","protected":false},"author":10,"featured_media":56547,"comment_status":"open","ping_status":"open","sticky":false,"template":"","format":"standard","meta":{"_jetpack_memberships_contains_paid_content":false,"footnotes":"","jetpack_publicize_message":"","jetpack_publicize_feature_enabled":true,"jetpack_social_post_already_shared":true,"jetpack_social_options":{"image_generator_settings":{"template":"highway","default_image_id":0,"enabled":false},"version":2}},"categories":[28,44],"tags":[],"class_list":["post-56546","post","type-post","status-publish","format-standard","has-post-thumbnail","hentry","category-cotidiano","category-noticias"],"yoast_head":"<!-- This site is optimized with the Yoast SEO plugin v25.6 - https:\/\/yoast.com\/wordpress\/plugins\/seo\/ -->\n<title>Junho chega ao Sesc Franca com programa\u00e7\u00e3o que celebra a diversidade art\u00edstica - VerdadeOn<\/title>\n<meta name=\"robots\" content=\"index, follow, max-snippet:-1, max-image-preview:large, max-video-preview:-1\" \/>\n<link rel=\"canonical\" href=\"https:\/\/verdadeon.com.br\/portal\/2025\/05\/31\/junho-chega-ao-sesc-franca-com-programacao-que-celebra-a-diversidade-artistica\/\" \/>\n<meta property=\"og:locale\" content=\"pt_BR\" \/>\n<meta property=\"og:type\" content=\"article\" \/>\n<meta property=\"og:title\" content=\"Junho chega ao Sesc Franca com programa\u00e7\u00e3o que celebra a diversidade art\u00edstica - VerdadeOn\" \/>\n<meta property=\"og:description\" content=\"De 4 a 8 de junho o p\u00fablico do Sesc Franca poder\u00e1 conferir espet\u00e1culos diversos e apreciar atividades teatrais, liter\u00e1rias, circenses, musicais e muito mais \u2022 [\u2026]\" \/>\n<meta property=\"og:url\" content=\"https:\/\/verdadeon.com.br\/portal\/2025\/05\/31\/junho-chega-ao-sesc-franca-com-programacao-que-celebra-a-diversidade-artistica\/\" \/>\n<meta property=\"og:site_name\" content=\"VerdadeOn\" \/>\n<meta property=\"article:published_time\" content=\"2025-05-31T17:50:00+00:00\" \/>\n<meta property=\"article:modified_time\" content=\"2025-05-31T19:01:32+00:00\" \/>\n<meta property=\"og:image\" content=\"https:\/\/verdadeon.com.br\/portal\/wp-content\/uploads\/2025\/05\/image-32.jpg\" \/>\n\t<meta property=\"og:image:width\" content=\"1300\" \/>\n\t<meta property=\"og:image:height\" content=\"867\" \/>\n\t<meta property=\"og:image:type\" content=\"image\/jpeg\" \/>\n<meta name=\"author\" content=\"Redacao VerdadeOn\" \/>\n<meta name=\"twitter:card\" content=\"summary_large_image\" \/>\n<meta name=\"twitter:label1\" content=\"Escrito por\" \/>\n\t<meta name=\"twitter:data1\" content=\"Redacao VerdadeOn\" \/>\n\t<meta name=\"twitter:label2\" content=\"Est. tempo de leitura\" \/>\n\t<meta name=\"twitter:data2\" content=\"8 minutos\" \/>\n<script type=\"application\/ld+json\" class=\"yoast-schema-graph\">{\"@context\":\"https:\/\/schema.org\",\"@graph\":[{\"@type\":\"WebPage\",\"@id\":\"https:\/\/verdadeon.com.br\/portal\/2025\/05\/31\/junho-chega-ao-sesc-franca-com-programacao-que-celebra-a-diversidade-artistica\/\",\"url\":\"https:\/\/verdadeon.com.br\/portal\/2025\/05\/31\/junho-chega-ao-sesc-franca-com-programacao-que-celebra-a-diversidade-artistica\/\",\"name\":\"Junho chega ao Sesc Franca com programa\u00e7\u00e3o que celebra a diversidade art\u00edstica - VerdadeOn\",\"isPartOf\":{\"@id\":\"https:\/\/verdadeon.com.br\/portal\/#website\"},\"primaryImageOfPage\":{\"@id\":\"https:\/\/verdadeon.com.br\/portal\/2025\/05\/31\/junho-chega-ao-sesc-franca-com-programacao-que-celebra-a-diversidade-artistica\/#primaryimage\"},\"image\":{\"@id\":\"https:\/\/verdadeon.com.br\/portal\/2025\/05\/31\/junho-chega-ao-sesc-franca-com-programacao-que-celebra-a-diversidade-artistica\/#primaryimage\"},\"thumbnailUrl\":\"https:\/\/i0.wp.com\/verdadeon.com.br\/portal\/wp-content\/uploads\/2025\/05\/image-32.jpg?fit=1300%2C867&ssl=1\",\"datePublished\":\"2025-05-31T17:50:00+00:00\",\"dateModified\":\"2025-05-31T19:01:32+00:00\",\"author\":{\"@id\":\"https:\/\/verdadeon.com.br\/portal\/#\/schema\/person\/a5060ad1e9ea3df545188fc93ce43d2f\"},\"breadcrumb\":{\"@id\":\"https:\/\/verdadeon.com.br\/portal\/2025\/05\/31\/junho-chega-ao-sesc-franca-com-programacao-que-celebra-a-diversidade-artistica\/#breadcrumb\"},\"inLanguage\":\"pt-BR\",\"potentialAction\":[{\"@type\":\"ReadAction\",\"target\":[\"https:\/\/verdadeon.com.br\/portal\/2025\/05\/31\/junho-chega-ao-sesc-franca-com-programacao-que-celebra-a-diversidade-artistica\/\"]}]},{\"@type\":\"ImageObject\",\"inLanguage\":\"pt-BR\",\"@id\":\"https:\/\/verdadeon.com.br\/portal\/2025\/05\/31\/junho-chega-ao-sesc-franca-com-programacao-que-celebra-a-diversidade-artistica\/#primaryimage\",\"url\":\"https:\/\/i0.wp.com\/verdadeon.com.br\/portal\/wp-content\/uploads\/2025\/05\/image-32.jpg?fit=1300%2C867&ssl=1\",\"contentUrl\":\"https:\/\/i0.wp.com\/verdadeon.com.br\/portal\/wp-content\/uploads\/2025\/05\/image-32.jpg?fit=1300%2C867&ssl=1\",\"width\":1300,\"height\":867,\"caption\":\"Sobre tomates, tamancos e tesouras (\u00a9Michelle Fran\u00e7a)\"},{\"@type\":\"BreadcrumbList\",\"@id\":\"https:\/\/verdadeon.com.br\/portal\/2025\/05\/31\/junho-chega-ao-sesc-franca-com-programacao-que-celebra-a-diversidade-artistica\/#breadcrumb\",\"itemListElement\":[{\"@type\":\"ListItem\",\"position\":1,\"name\":\"In\u00edcio\",\"item\":\"https:\/\/verdadeon.com.br\/portal\/\"},{\"@type\":\"ListItem\",\"position\":2,\"name\":\"Junho chega ao Sesc Franca com programa\u00e7\u00e3o que celebra a diversidade art\u00edstica\"}]},{\"@type\":\"WebSite\",\"@id\":\"https:\/\/verdadeon.com.br\/portal\/#website\",\"url\":\"https:\/\/verdadeon.com.br\/portal\/\",\"name\":\"VerdadeOn\",\"description\":\"Not\u00edcias di\u00e1rias sobre Franca, Regi\u00e3o, Esporte, Cultura, Cotidiano, Colunas. Cobertura nos principais eventos da cidade \u00e9 aqui - Verdadeon Franca\",\"potentialAction\":[{\"@type\":\"SearchAction\",\"target\":{\"@type\":\"EntryPoint\",\"urlTemplate\":\"https:\/\/verdadeon.com.br\/portal\/?s={search_term_string}\"},\"query-input\":{\"@type\":\"PropertyValueSpecification\",\"valueRequired\":true,\"valueName\":\"search_term_string\"}}],\"inLanguage\":\"pt-BR\"},{\"@type\":\"Person\",\"@id\":\"https:\/\/verdadeon.com.br\/portal\/#\/schema\/person\/a5060ad1e9ea3df545188fc93ce43d2f\",\"name\":\"Redacao VerdadeOn\",\"image\":{\"@type\":\"ImageObject\",\"inLanguage\":\"pt-BR\",\"@id\":\"https:\/\/verdadeon.com.br\/portal\/#\/schema\/person\/image\/\",\"url\":\"https:\/\/secure.gravatar.com\/avatar\/459a9613caaaf07f582c3d0841eea68bdd66f533e465e6ba8b9cb45619572cf4?s=96&d=mm&r=g\",\"contentUrl\":\"https:\/\/secure.gravatar.com\/avatar\/459a9613caaaf07f582c3d0841eea68bdd66f533e465e6ba8b9cb45619572cf4?s=96&d=mm&r=g\",\"caption\":\"Redacao VerdadeOn\"},\"url\":\"https:\/\/verdadeon.com.br\/portal\/author\/redacao\/\"}]}<\/script>\n<!-- \/ Yoast SEO plugin. -->","yoast_head_json":{"title":"Junho chega ao Sesc Franca com programa\u00e7\u00e3o que celebra a diversidade art\u00edstica - VerdadeOn","robots":{"index":"index","follow":"follow","max-snippet":"max-snippet:-1","max-image-preview":"max-image-preview:large","max-video-preview":"max-video-preview:-1"},"canonical":"https:\/\/verdadeon.com.br\/portal\/2025\/05\/31\/junho-chega-ao-sesc-franca-com-programacao-que-celebra-a-diversidade-artistica\/","og_locale":"pt_BR","og_type":"article","og_title":"Junho chega ao Sesc Franca com programa\u00e7\u00e3o que celebra a diversidade art\u00edstica - VerdadeOn","og_description":"De 4 a 8 de junho o p\u00fablico do Sesc Franca poder\u00e1 conferir espet\u00e1culos diversos e apreciar atividades teatrais, liter\u00e1rias, circenses, musicais e muito mais \u2022 [\u2026]","og_url":"https:\/\/verdadeon.com.br\/portal\/2025\/05\/31\/junho-chega-ao-sesc-franca-com-programacao-que-celebra-a-diversidade-artistica\/","og_site_name":"VerdadeOn","article_published_time":"2025-05-31T17:50:00+00:00","article_modified_time":"2025-05-31T19:01:32+00:00","og_image":[{"width":1300,"height":867,"url":"https:\/\/verdadeon.com.br\/portal\/wp-content\/uploads\/2025\/05\/image-32.jpg","type":"image\/jpeg"}],"author":"Redacao VerdadeOn","twitter_card":"summary_large_image","twitter_misc":{"Escrito por":"Redacao VerdadeOn","Est. tempo de leitura":"8 minutos"},"schema":{"@context":"https:\/\/schema.org","@graph":[{"@type":"WebPage","@id":"https:\/\/verdadeon.com.br\/portal\/2025\/05\/31\/junho-chega-ao-sesc-franca-com-programacao-que-celebra-a-diversidade-artistica\/","url":"https:\/\/verdadeon.com.br\/portal\/2025\/05\/31\/junho-chega-ao-sesc-franca-com-programacao-que-celebra-a-diversidade-artistica\/","name":"Junho chega ao Sesc Franca com programa\u00e7\u00e3o que celebra a diversidade art\u00edstica - VerdadeOn","isPartOf":{"@id":"https:\/\/verdadeon.com.br\/portal\/#website"},"primaryImageOfPage":{"@id":"https:\/\/verdadeon.com.br\/portal\/2025\/05\/31\/junho-chega-ao-sesc-franca-com-programacao-que-celebra-a-diversidade-artistica\/#primaryimage"},"image":{"@id":"https:\/\/verdadeon.com.br\/portal\/2025\/05\/31\/junho-chega-ao-sesc-franca-com-programacao-que-celebra-a-diversidade-artistica\/#primaryimage"},"thumbnailUrl":"https:\/\/i0.wp.com\/verdadeon.com.br\/portal\/wp-content\/uploads\/2025\/05\/image-32.jpg?fit=1300%2C867&ssl=1","datePublished":"2025-05-31T17:50:00+00:00","dateModified":"2025-05-31T19:01:32+00:00","author":{"@id":"https:\/\/verdadeon.com.br\/portal\/#\/schema\/person\/a5060ad1e9ea3df545188fc93ce43d2f"},"breadcrumb":{"@id":"https:\/\/verdadeon.com.br\/portal\/2025\/05\/31\/junho-chega-ao-sesc-franca-com-programacao-que-celebra-a-diversidade-artistica\/#breadcrumb"},"inLanguage":"pt-BR","potentialAction":[{"@type":"ReadAction","target":["https:\/\/verdadeon.com.br\/portal\/2025\/05\/31\/junho-chega-ao-sesc-franca-com-programacao-que-celebra-a-diversidade-artistica\/"]}]},{"@type":"ImageObject","inLanguage":"pt-BR","@id":"https:\/\/verdadeon.com.br\/portal\/2025\/05\/31\/junho-chega-ao-sesc-franca-com-programacao-que-celebra-a-diversidade-artistica\/#primaryimage","url":"https:\/\/i0.wp.com\/verdadeon.com.br\/portal\/wp-content\/uploads\/2025\/05\/image-32.jpg?fit=1300%2C867&ssl=1","contentUrl":"https:\/\/i0.wp.com\/verdadeon.com.br\/portal\/wp-content\/uploads\/2025\/05\/image-32.jpg?fit=1300%2C867&ssl=1","width":1300,"height":867,"caption":"Sobre tomates, tamancos e tesouras (\u00a9Michelle Fran\u00e7a)"},{"@type":"BreadcrumbList","@id":"https:\/\/verdadeon.com.br\/portal\/2025\/05\/31\/junho-chega-ao-sesc-franca-com-programacao-que-celebra-a-diversidade-artistica\/#breadcrumb","itemListElement":[{"@type":"ListItem","position":1,"name":"In\u00edcio","item":"https:\/\/verdadeon.com.br\/portal\/"},{"@type":"ListItem","position":2,"name":"Junho chega ao Sesc Franca com programa\u00e7\u00e3o que celebra a diversidade art\u00edstica"}]},{"@type":"WebSite","@id":"https:\/\/verdadeon.com.br\/portal\/#website","url":"https:\/\/verdadeon.com.br\/portal\/","name":"VerdadeOn","description":"Not\u00edcias di\u00e1rias sobre Franca, Regi\u00e3o, Esporte, Cultura, Cotidiano, Colunas. Cobertura nos principais eventos da cidade \u00e9 aqui - Verdadeon Franca","potentialAction":[{"@type":"SearchAction","target":{"@type":"EntryPoint","urlTemplate":"https:\/\/verdadeon.com.br\/portal\/?s={search_term_string}"},"query-input":{"@type":"PropertyValueSpecification","valueRequired":true,"valueName":"search_term_string"}}],"inLanguage":"pt-BR"},{"@type":"Person","@id":"https:\/\/verdadeon.com.br\/portal\/#\/schema\/person\/a5060ad1e9ea3df545188fc93ce43d2f","name":"Redacao VerdadeOn","image":{"@type":"ImageObject","inLanguage":"pt-BR","@id":"https:\/\/verdadeon.com.br\/portal\/#\/schema\/person\/image\/","url":"https:\/\/secure.gravatar.com\/avatar\/459a9613caaaf07f582c3d0841eea68bdd66f533e465e6ba8b9cb45619572cf4?s=96&d=mm&r=g","contentUrl":"https:\/\/secure.gravatar.com\/avatar\/459a9613caaaf07f582c3d0841eea68bdd66f533e465e6ba8b9cb45619572cf4?s=96&d=mm&r=g","caption":"Redacao VerdadeOn"},"url":"https:\/\/verdadeon.com.br\/portal\/author\/redacao\/"}]}},"jetpack_publicize_connections":[],"jetpack_featured_media_url":"https:\/\/i0.wp.com\/verdadeon.com.br\/portal\/wp-content\/uploads\/2025\/05\/image-32.jpg?fit=1300%2C867&ssl=1","jetpack_sharing_enabled":true,"_links":{"self":[{"href":"https:\/\/verdadeon.com.br\/portal\/wp-json\/wp\/v2\/posts\/56546","targetHints":{"allow":["GET"]}}],"collection":[{"href":"https:\/\/verdadeon.com.br\/portal\/wp-json\/wp\/v2\/posts"}],"about":[{"href":"https:\/\/verdadeon.com.br\/portal\/wp-json\/wp\/v2\/types\/post"}],"author":[{"embeddable":true,"href":"https:\/\/verdadeon.com.br\/portal\/wp-json\/wp\/v2\/users\/10"}],"replies":[{"embeddable":true,"href":"https:\/\/verdadeon.com.br\/portal\/wp-json\/wp\/v2\/comments?post=56546"}],"version-history":[{"count":1,"href":"https:\/\/verdadeon.com.br\/portal\/wp-json\/wp\/v2\/posts\/56546\/revisions"}],"predecessor-version":[{"id":56548,"href":"https:\/\/verdadeon.com.br\/portal\/wp-json\/wp\/v2\/posts\/56546\/revisions\/56548"}],"wp:featuredmedia":[{"embeddable":true,"href":"https:\/\/verdadeon.com.br\/portal\/wp-json\/wp\/v2\/media\/56547"}],"wp:attachment":[{"href":"https:\/\/verdadeon.com.br\/portal\/wp-json\/wp\/v2\/media?parent=56546"}],"wp:term":[{"taxonomy":"category","embeddable":true,"href":"https:\/\/verdadeon.com.br\/portal\/wp-json\/wp\/v2\/categories?post=56546"},{"taxonomy":"post_tag","embeddable":true,"href":"https:\/\/verdadeon.com.br\/portal\/wp-json\/wp\/v2\/tags?post=56546"}],"curies":[{"name":"wp","href":"https:\/\/api.w.org\/{rel}","templated":true}]}}