{"id":56530,"date":"2025-05-30T16:54:48","date_gmt":"2025-05-30T19:54:48","guid":{"rendered":"https:\/\/verdadeon.com.br\/portal\/?p=56530"},"modified":"2025-05-30T16:54:48","modified_gmt":"2025-05-30T19:54:48","slug":"ciesp-franca-reinaugura-ambiente-para-treinamentos-e-negocios-e-oferece-palestra-abordando-impactos-da-reforma-tributaria","status":"publish","type":"post","link":"https:\/\/verdadeon.com.br\/portal\/2025\/05\/30\/ciesp-franca-reinaugura-ambiente-para-treinamentos-e-negocios-e-oferece-palestra-abordando-impactos-da-reforma-tributaria\/","title":{"rendered":"Ciesp Franca reinaugura ambiente para treinamentos e neg\u00f3cios e oferece palestra abordando impactos da Reforma Tribut\u00e1ria"},"content":{"rendered":"<h2>Diretor Jur\u00eddico do Ciesp recomenda que empresas criem grupos internos para estudar impactos positivos e delicados da Reforma Tribut\u00e1ria<\/h2>\n<p>Cerca de 150 lideran\u00e7as empresariais e pol\u00edticas participaram nesta quinta (29), da Cerim\u00f4nia do Dia da Ind\u00fastria promovida pela Diretoria do Ciesp (Centro das Ind\u00fastrias do Estado de S\u00e3o Paulo) em Franca. O evento marcou a reinaugura\u00e7\u00e3o do audit\u00f3rio da Regional e contou com a palestra &#8220;Uso de Liminares do Ciesp pelos Associados e Reforma Tribut\u00e1ria&#8221;.<\/p>\n<p>O audit\u00f3rio foi transformado em um espa\u00e7o multiuso para a realiza\u00e7\u00e3o de eventos sociais (como happy hour, almo\u00e7os e jantares), reuni\u00f5es, treinamentos e palestras. A capacidade mais do que dobrou, passando de 99 para 250 pessoas e a \u00e1rea ganhou climatiza\u00e7\u00e3o, novo mobili\u00e1rio e paredes com prote\u00e7\u00e3o ac\u00fastica. A \u00e1rea tamb\u00e9m ganhou uma sala espec\u00edfica para a emiss\u00e3o de certificados digitais.<\/p>\n<p>O projeto de reforma custou R$ 300 mil e o espa\u00e7o poder\u00e1 ser alugado por associados e n\u00e3o associados do Ciesp.<\/p>\n<p>O presidente do Ciesp, Rafael Cervone, elogiou a iniciativa ressaltando a import\u00e2ncia das intera\u00e7\u00f5es presenciais, o que segundo ele foi um dos aprendizados durante a pandemia de covid-19.<\/p>\n<p>Para Cervone, as reuni\u00f5es online nem sempre t\u00eam a mesma efici\u00eancia das reuni\u00f5es presenciais e, por outro lado, os mais jovens, &#8220;mergulhados&#8221; no universo virtual, est\u00e3o interagindo cada vez menos, o que tem feito com que muitas pessoas pe\u00e7am por eventos presenciais.<\/p>\n<p>&#8220;O Ciesp tamb\u00e9m tem uma demanda muito forte, de associados e n\u00e3o associados, por a\u00e7\u00f5es que estimulem relacionamento para clientes e fornecedores se conhecerem e entenderem o que cada um produz&#8221;, disse, destacando tamb\u00e9m a import\u00e2ncia das capacita\u00e7\u00f5es. O diretor do Ciesp Franca, Carlos Tavares, acredita que a possibilidade de utilizar o espa\u00e7o para a promo\u00e7\u00e3o de eventos dar\u00e1 ainda mais visibilidade \u00e0 atua\u00e7\u00e3o do Ciesp na regi\u00e3o e, por consequ\u00eancia, atrair\u00e1 mais associados.<\/p>\n<p>&#8220;Essa intera\u00e7\u00e3o \u00e9 fundamental para a sinergia e a cria\u00e7\u00e3o de solu\u00e7\u00f5es para o pr\u00f3prio industrial. Quando nos encontramos, compartilhamos problemas e conquistas. Essa intera\u00e7\u00e3o permite a troca de ideias e experi\u00eancias, que \u00e9 importante para todos&#8221;, disse Carlos.<\/p>\n<p><img data-recalc-dims=\"1\" loading=\"lazy\" decoding=\"async\" class=\"alignnone size-full wp-image-56533\" src=\"https:\/\/i0.wp.com\/verdadeon.com.br\/portal\/wp-content\/uploads\/2025\/05\/WhatsApp-Image-2025-05-30-at-16.27.26-1.jpeg?resize=1220%2C813&#038;ssl=1\" alt=\"\" width=\"1220\" height=\"813\" srcset=\"https:\/\/i0.wp.com\/verdadeon.com.br\/portal\/wp-content\/uploads\/2025\/05\/WhatsApp-Image-2025-05-30-at-16.27.26-1.jpeg?w=1280&amp;ssl=1 1280w, https:\/\/i0.wp.com\/verdadeon.com.br\/portal\/wp-content\/uploads\/2025\/05\/WhatsApp-Image-2025-05-30-at-16.27.26-1.jpeg?resize=300%2C200&amp;ssl=1 300w, https:\/\/i0.wp.com\/verdadeon.com.br\/portal\/wp-content\/uploads\/2025\/05\/WhatsApp-Image-2025-05-30-at-16.27.26-1.jpeg?resize=1024%2C682&amp;ssl=1 1024w, https:\/\/i0.wp.com\/verdadeon.com.br\/portal\/wp-content\/uploads\/2025\/05\/WhatsApp-Image-2025-05-30-at-16.27.26-1.jpeg?resize=768%2C512&amp;ssl=1 768w, https:\/\/i0.wp.com\/verdadeon.com.br\/portal\/wp-content\/uploads\/2025\/05\/WhatsApp-Image-2025-05-30-at-16.27.26-1.jpeg?resize=219%2C146&amp;ssl=1 219w, https:\/\/i0.wp.com\/verdadeon.com.br\/portal\/wp-content\/uploads\/2025\/05\/WhatsApp-Image-2025-05-30-at-16.27.26-1.jpeg?resize=50%2C33&amp;ssl=1 50w, https:\/\/i0.wp.com\/verdadeon.com.br\/portal\/wp-content\/uploads\/2025\/05\/WhatsApp-Image-2025-05-30-at-16.27.26-1.jpeg?resize=113%2C75&amp;ssl=1 113w\" sizes=\"auto, (max-width: 1220px) 100vw, 1220px\" \/><\/p>\n<p><strong>Baixo custo e funcionalidade<\/strong><\/p>\n<p>O vice-presidente do Ciesp, Francesconi J\u00fanior, que foi um dos articuladores pela realiza\u00e7\u00e3o do projeto, tamb\u00e9m destacou a necessidade de um bom acolhimento ao associado. &#8220;\u00c9 muito importante ter um espa\u00e7o que permita \u00e0 regional aconchegar os associados, pois eles s\u00e3o a nossa raz\u00e3o de existir e n\u00f3s temos que atend\u00ea-los da melhor forma poss\u00edvel, prestando o melhor servi\u00e7o poss\u00edvel, acompanhado de uma boa infraestrutura&#8221;, disse Francesconi, ressaltando que o projeto foi &#8220;espartano&#8221;, no sentido de trazer funcionalidade com pouco investimento.<\/p>\n<p><strong>Grupos Internos e Reforma Tribut\u00e1ria<\/strong><\/p>\n<p>Em sua palestra, o advogado tributarista Elcio Honda falou sobre as liminares que o Ciesp tem conquistado e sobre como os associados podem se beneficiar.<\/p>\n<p>Ele tamb\u00e9m apresentou os pontos gerais mais impactantes e os que exigem mais aten\u00e7\u00e3o, de acordo com a Reforma Tribut\u00e1ria, cujo projeto tramita pelo Congresso.<\/p>\n<p>Ao final, o advogado aconselhou todas as empresas a criarem comit\u00eas internos para analisarem individualmente como ser\u00e3o afetadas pela reforma para poderem se preparar para as mudan\u00e7as da melhor maneira poss\u00edvel.<\/p>\n<p>&#8220;A Reforma Tribut\u00e1ria \u00e9 um sistema novo e n\u00f3s vamos conviver, durante os pr\u00f3ximos sete anos, at\u00e9 2033, com um per\u00edodo de transi\u00e7\u00e3o entre os dois sistemas: o novo, que est\u00e1 vindo e entra em vigor em 2026, e com o anterior que vai sair. Vai haver muita altera\u00e7\u00e3o, muda-se o pre\u00e7o do produto porque voc\u00ea vai ter a quest\u00e3o do cr\u00e9dito e voc\u00ea vai ter os fornecedores. O novo tributos inicidir\u00e3o sobre o consumo. Ent\u00e3o, \u00e9 preciso rever a log\u00edstica, observar onde voc\u00ea est\u00e1 baseado. Quem tem incentivo fiscal tem de fazer a revis\u00e3o&#8221; recomendou Honda.<\/p>\n<p>De acordo com ele, o comit\u00ea interno pode envolver \u00e1reas como a financeira, cont\u00e1bil, de TI, de custos, de contabilidade e de log\u00edstica para se debru\u00e7arem sobre as novas normas, iniciando as adapta\u00e7\u00f5es internas e o reposicionamento dos produtos.<\/p>\n<p><strong>Autoridades e homenagem<\/strong><\/p>\n<p>No evento, o empres\u00e1rio Saulo Pucci Bueno, que \u00e9 1\u2070 vice-diretor do Ciesp Franca foi homenageado. O evento tamb\u00e9m teve a presen\u00e7a do prefeito de Franca, Alexandre Ferreira, dentre outras autoridades.<\/p>\n<p>Durante o dia, a Diretoria Regional e a Presid\u00eancia do Ciesp visitaram a Ind\u00fastria Amazonas e a Cocapec (Cooperativa de Cafeicultores). A agenda havia sido iniciada com um almo\u00e7o na Boi Santo Couros\/Medieval Cervejaria, oferecido pelo empres\u00e1rio Wayner Machado.<\/p>\n<p><img data-recalc-dims=\"1\" loading=\"lazy\" decoding=\"async\" class=\"alignnone size-full wp-image-56532\" src=\"https:\/\/i0.wp.com\/verdadeon.com.br\/portal\/wp-content\/uploads\/2025\/05\/WhatsApp-Image-2025-05-30-at-16.27.25.jpeg?resize=1220%2C813&#038;ssl=1\" alt=\"\" width=\"1220\" height=\"813\" srcset=\"https:\/\/i0.wp.com\/verdadeon.com.br\/portal\/wp-content\/uploads\/2025\/05\/WhatsApp-Image-2025-05-30-at-16.27.25.jpeg?w=1280&amp;ssl=1 1280w, https:\/\/i0.wp.com\/verdadeon.com.br\/portal\/wp-content\/uploads\/2025\/05\/WhatsApp-Image-2025-05-30-at-16.27.25.jpeg?resize=300%2C200&amp;ssl=1 300w, https:\/\/i0.wp.com\/verdadeon.com.br\/portal\/wp-content\/uploads\/2025\/05\/WhatsApp-Image-2025-05-30-at-16.27.25.jpeg?resize=1024%2C682&amp;ssl=1 1024w, https:\/\/i0.wp.com\/verdadeon.com.br\/portal\/wp-content\/uploads\/2025\/05\/WhatsApp-Image-2025-05-30-at-16.27.25.jpeg?resize=768%2C512&amp;ssl=1 768w, https:\/\/i0.wp.com\/verdadeon.com.br\/portal\/wp-content\/uploads\/2025\/05\/WhatsApp-Image-2025-05-30-at-16.27.25.jpeg?resize=219%2C146&amp;ssl=1 219w, https:\/\/i0.wp.com\/verdadeon.com.br\/portal\/wp-content\/uploads\/2025\/05\/WhatsApp-Image-2025-05-30-at-16.27.25.jpeg?resize=50%2C33&amp;ssl=1 50w, https:\/\/i0.wp.com\/verdadeon.com.br\/portal\/wp-content\/uploads\/2025\/05\/WhatsApp-Image-2025-05-30-at-16.27.25.jpeg?resize=113%2C75&amp;ssl=1 113w\" sizes=\"auto, (max-width: 1220px) 100vw, 1220px\" \/><\/p>\n","protected":false},"excerpt":{"rendered":"<p>Diretor Jur\u00eddico do Ciesp recomenda que empresas criem grupos internos para estudar impactos positivos e delicados da Reforma Tribut\u00e1ria Cerca de 150 lideran\u00e7as empresariais e pol\u00edticas<span class=\"excerpt-hellip\"> [\u2026]<\/span><\/p>\n","protected":false},"author":10,"featured_media":56531,"comment_status":"open","ping_status":"open","sticky":false,"template":"","format":"standard","meta":{"_jetpack_memberships_contains_paid_content":false,"footnotes":"","jetpack_publicize_message":"","jetpack_publicize_feature_enabled":true,"jetpack_social_post_already_shared":true,"jetpack_social_options":{"image_generator_settings":{"template":"highway","default_image_id":0,"enabled":false},"version":2}},"categories":[28,44],"tags":[],"class_list":["post-56530","post","type-post","status-publish","format-standard","has-post-thumbnail","hentry","category-cotidiano","category-noticias"],"yoast_head":"<!-- This site is optimized with the Yoast SEO plugin v25.6 - https:\/\/yoast.com\/wordpress\/plugins\/seo\/ -->\n<title>Ciesp Franca reinaugura ambiente para treinamentos e neg\u00f3cios e oferece palestra abordando impactos da Reforma Tribut\u00e1ria - VerdadeOn<\/title>\n<meta name=\"robots\" content=\"index, follow, max-snippet:-1, max-image-preview:large, max-video-preview:-1\" \/>\n<link rel=\"canonical\" href=\"https:\/\/verdadeon.com.br\/portal\/2025\/05\/30\/ciesp-franca-reinaugura-ambiente-para-treinamentos-e-negocios-e-oferece-palestra-abordando-impactos-da-reforma-tributaria\/\" \/>\n<meta property=\"og:locale\" content=\"pt_BR\" \/>\n<meta property=\"og:type\" content=\"article\" \/>\n<meta property=\"og:title\" content=\"Ciesp Franca reinaugura ambiente para treinamentos e neg\u00f3cios e oferece palestra abordando impactos da Reforma Tribut\u00e1ria - VerdadeOn\" \/>\n<meta property=\"og:description\" content=\"Diretor Jur\u00eddico do Ciesp recomenda que empresas criem grupos internos para estudar impactos positivos e delicados da Reforma Tribut\u00e1ria Cerca de 150 lideran\u00e7as empresariais e pol\u00edticas [\u2026]\" \/>\n<meta property=\"og:url\" content=\"https:\/\/verdadeon.com.br\/portal\/2025\/05\/30\/ciesp-franca-reinaugura-ambiente-para-treinamentos-e-negocios-e-oferece-palestra-abordando-impactos-da-reforma-tributaria\/\" \/>\n<meta property=\"og:site_name\" content=\"VerdadeOn\" \/>\n<meta property=\"article:published_time\" content=\"2025-05-30T19:54:48+00:00\" \/>\n<meta property=\"og:image\" content=\"https:\/\/verdadeon.com.br\/portal\/wp-content\/uploads\/2025\/05\/WhatsApp-Image-2025-05-30-at-16.27.26.jpeg\" \/>\n\t<meta property=\"og:image:width\" content=\"1280\" \/>\n\t<meta property=\"og:image:height\" content=\"853\" \/>\n\t<meta property=\"og:image:type\" content=\"image\/jpeg\" \/>\n<meta name=\"author\" content=\"Redacao VerdadeOn\" \/>\n<meta name=\"twitter:card\" content=\"summary_large_image\" \/>\n<meta name=\"twitter:label1\" content=\"Escrito por\" \/>\n\t<meta name=\"twitter:data1\" content=\"Redacao VerdadeOn\" \/>\n\t<meta name=\"twitter:label2\" content=\"Est. tempo de leitura\" \/>\n\t<meta name=\"twitter:data2\" content=\"5 minutos\" \/>\n<script type=\"application\/ld+json\" class=\"yoast-schema-graph\">{\"@context\":\"https:\/\/schema.org\",\"@graph\":[{\"@type\":\"WebPage\",\"@id\":\"https:\/\/verdadeon.com.br\/portal\/2025\/05\/30\/ciesp-franca-reinaugura-ambiente-para-treinamentos-e-negocios-e-oferece-palestra-abordando-impactos-da-reforma-tributaria\/\",\"url\":\"https:\/\/verdadeon.com.br\/portal\/2025\/05\/30\/ciesp-franca-reinaugura-ambiente-para-treinamentos-e-negocios-e-oferece-palestra-abordando-impactos-da-reforma-tributaria\/\",\"name\":\"Ciesp Franca reinaugura ambiente para treinamentos e neg\u00f3cios e oferece palestra abordando impactos da Reforma Tribut\u00e1ria - VerdadeOn\",\"isPartOf\":{\"@id\":\"https:\/\/verdadeon.com.br\/portal\/#website\"},\"primaryImageOfPage\":{\"@id\":\"https:\/\/verdadeon.com.br\/portal\/2025\/05\/30\/ciesp-franca-reinaugura-ambiente-para-treinamentos-e-negocios-e-oferece-palestra-abordando-impactos-da-reforma-tributaria\/#primaryimage\"},\"image\":{\"@id\":\"https:\/\/verdadeon.com.br\/portal\/2025\/05\/30\/ciesp-franca-reinaugura-ambiente-para-treinamentos-e-negocios-e-oferece-palestra-abordando-impactos-da-reforma-tributaria\/#primaryimage\"},\"thumbnailUrl\":\"https:\/\/i0.wp.com\/verdadeon.com.br\/portal\/wp-content\/uploads\/2025\/05\/WhatsApp-Image-2025-05-30-at-16.27.26.jpeg?fit=1280%2C853&ssl=1\",\"datePublished\":\"2025-05-30T19:54:48+00:00\",\"author\":{\"@id\":\"https:\/\/verdadeon.com.br\/portal\/#\/schema\/person\/a5060ad1e9ea3df545188fc93ce43d2f\"},\"breadcrumb\":{\"@id\":\"https:\/\/verdadeon.com.br\/portal\/2025\/05\/30\/ciesp-franca-reinaugura-ambiente-para-treinamentos-e-negocios-e-oferece-palestra-abordando-impactos-da-reforma-tributaria\/#breadcrumb\"},\"inLanguage\":\"pt-BR\",\"potentialAction\":[{\"@type\":\"ReadAction\",\"target\":[\"https:\/\/verdadeon.com.br\/portal\/2025\/05\/30\/ciesp-franca-reinaugura-ambiente-para-treinamentos-e-negocios-e-oferece-palestra-abordando-impactos-da-reforma-tributaria\/\"]}]},{\"@type\":\"ImageObject\",\"inLanguage\":\"pt-BR\",\"@id\":\"https:\/\/verdadeon.com.br\/portal\/2025\/05\/30\/ciesp-franca-reinaugura-ambiente-para-treinamentos-e-negocios-e-oferece-palestra-abordando-impactos-da-reforma-tributaria\/#primaryimage\",\"url\":\"https:\/\/i0.wp.com\/verdadeon.com.br\/portal\/wp-content\/uploads\/2025\/05\/WhatsApp-Image-2025-05-30-at-16.27.26.jpeg?fit=1280%2C853&ssl=1\",\"contentUrl\":\"https:\/\/i0.wp.com\/verdadeon.com.br\/portal\/wp-content\/uploads\/2025\/05\/WhatsApp-Image-2025-05-30-at-16.27.26.jpeg?fit=1280%2C853&ssl=1\",\"width\":1280,\"height\":853,\"caption\":\"No evento, o empres\u00e1rio Saulo Pucci Bueno, que \u00e9 1\u2070 vice-diretor do Ciesp Franca foi homenageado (\u00a9Divulga\u00e7\u00e3o)\"},{\"@type\":\"BreadcrumbList\",\"@id\":\"https:\/\/verdadeon.com.br\/portal\/2025\/05\/30\/ciesp-franca-reinaugura-ambiente-para-treinamentos-e-negocios-e-oferece-palestra-abordando-impactos-da-reforma-tributaria\/#breadcrumb\",\"itemListElement\":[{\"@type\":\"ListItem\",\"position\":1,\"name\":\"In\u00edcio\",\"item\":\"https:\/\/verdadeon.com.br\/portal\/\"},{\"@type\":\"ListItem\",\"position\":2,\"name\":\"Ciesp Franca reinaugura ambiente para treinamentos e neg\u00f3cios e oferece palestra abordando impactos da Reforma Tribut\u00e1ria\"}]},{\"@type\":\"WebSite\",\"@id\":\"https:\/\/verdadeon.com.br\/portal\/#website\",\"url\":\"https:\/\/verdadeon.com.br\/portal\/\",\"name\":\"VerdadeOn\",\"description\":\"Not\u00edcias di\u00e1rias sobre Franca, Regi\u00e3o, Esporte, Cultura, Cotidiano, Colunas. Cobertura nos principais eventos da cidade \u00e9 aqui - Verdadeon Franca\",\"potentialAction\":[{\"@type\":\"SearchAction\",\"target\":{\"@type\":\"EntryPoint\",\"urlTemplate\":\"https:\/\/verdadeon.com.br\/portal\/?s={search_term_string}\"},\"query-input\":{\"@type\":\"PropertyValueSpecification\",\"valueRequired\":true,\"valueName\":\"search_term_string\"}}],\"inLanguage\":\"pt-BR\"},{\"@type\":\"Person\",\"@id\":\"https:\/\/verdadeon.com.br\/portal\/#\/schema\/person\/a5060ad1e9ea3df545188fc93ce43d2f\",\"name\":\"Redacao VerdadeOn\",\"image\":{\"@type\":\"ImageObject\",\"inLanguage\":\"pt-BR\",\"@id\":\"https:\/\/verdadeon.com.br\/portal\/#\/schema\/person\/image\/\",\"url\":\"https:\/\/secure.gravatar.com\/avatar\/459a9613caaaf07f582c3d0841eea68bdd66f533e465e6ba8b9cb45619572cf4?s=96&d=mm&r=g\",\"contentUrl\":\"https:\/\/secure.gravatar.com\/avatar\/459a9613caaaf07f582c3d0841eea68bdd66f533e465e6ba8b9cb45619572cf4?s=96&d=mm&r=g\",\"caption\":\"Redacao VerdadeOn\"},\"url\":\"https:\/\/verdadeon.com.br\/portal\/author\/redacao\/\"}]}<\/script>\n<!-- \/ Yoast SEO plugin. -->","yoast_head_json":{"title":"Ciesp Franca reinaugura ambiente para treinamentos e neg\u00f3cios e oferece palestra abordando impactos da Reforma Tribut\u00e1ria - VerdadeOn","robots":{"index":"index","follow":"follow","max-snippet":"max-snippet:-1","max-image-preview":"max-image-preview:large","max-video-preview":"max-video-preview:-1"},"canonical":"https:\/\/verdadeon.com.br\/portal\/2025\/05\/30\/ciesp-franca-reinaugura-ambiente-para-treinamentos-e-negocios-e-oferece-palestra-abordando-impactos-da-reforma-tributaria\/","og_locale":"pt_BR","og_type":"article","og_title":"Ciesp Franca reinaugura ambiente para treinamentos e neg\u00f3cios e oferece palestra abordando impactos da Reforma Tribut\u00e1ria - VerdadeOn","og_description":"Diretor Jur\u00eddico do Ciesp recomenda que empresas criem grupos internos para estudar impactos positivos e delicados da Reforma Tribut\u00e1ria Cerca de 150 lideran\u00e7as empresariais e pol\u00edticas [\u2026]","og_url":"https:\/\/verdadeon.com.br\/portal\/2025\/05\/30\/ciesp-franca-reinaugura-ambiente-para-treinamentos-e-negocios-e-oferece-palestra-abordando-impactos-da-reforma-tributaria\/","og_site_name":"VerdadeOn","article_published_time":"2025-05-30T19:54:48+00:00","og_image":[{"width":1280,"height":853,"url":"https:\/\/verdadeon.com.br\/portal\/wp-content\/uploads\/2025\/05\/WhatsApp-Image-2025-05-30-at-16.27.26.jpeg","type":"image\/jpeg"}],"author":"Redacao VerdadeOn","twitter_card":"summary_large_image","twitter_misc":{"Escrito por":"Redacao VerdadeOn","Est. tempo de leitura":"5 minutos"},"schema":{"@context":"https:\/\/schema.org","@graph":[{"@type":"WebPage","@id":"https:\/\/verdadeon.com.br\/portal\/2025\/05\/30\/ciesp-franca-reinaugura-ambiente-para-treinamentos-e-negocios-e-oferece-palestra-abordando-impactos-da-reforma-tributaria\/","url":"https:\/\/verdadeon.com.br\/portal\/2025\/05\/30\/ciesp-franca-reinaugura-ambiente-para-treinamentos-e-negocios-e-oferece-palestra-abordando-impactos-da-reforma-tributaria\/","name":"Ciesp Franca reinaugura ambiente para treinamentos e neg\u00f3cios e oferece palestra abordando impactos da Reforma Tribut\u00e1ria - VerdadeOn","isPartOf":{"@id":"https:\/\/verdadeon.com.br\/portal\/#website"},"primaryImageOfPage":{"@id":"https:\/\/verdadeon.com.br\/portal\/2025\/05\/30\/ciesp-franca-reinaugura-ambiente-para-treinamentos-e-negocios-e-oferece-palestra-abordando-impactos-da-reforma-tributaria\/#primaryimage"},"image":{"@id":"https:\/\/verdadeon.com.br\/portal\/2025\/05\/30\/ciesp-franca-reinaugura-ambiente-para-treinamentos-e-negocios-e-oferece-palestra-abordando-impactos-da-reforma-tributaria\/#primaryimage"},"thumbnailUrl":"https:\/\/i0.wp.com\/verdadeon.com.br\/portal\/wp-content\/uploads\/2025\/05\/WhatsApp-Image-2025-05-30-at-16.27.26.jpeg?fit=1280%2C853&ssl=1","datePublished":"2025-05-30T19:54:48+00:00","author":{"@id":"https:\/\/verdadeon.com.br\/portal\/#\/schema\/person\/a5060ad1e9ea3df545188fc93ce43d2f"},"breadcrumb":{"@id":"https:\/\/verdadeon.com.br\/portal\/2025\/05\/30\/ciesp-franca-reinaugura-ambiente-para-treinamentos-e-negocios-e-oferece-palestra-abordando-impactos-da-reforma-tributaria\/#breadcrumb"},"inLanguage":"pt-BR","potentialAction":[{"@type":"ReadAction","target":["https:\/\/verdadeon.com.br\/portal\/2025\/05\/30\/ciesp-franca-reinaugura-ambiente-para-treinamentos-e-negocios-e-oferece-palestra-abordando-impactos-da-reforma-tributaria\/"]}]},{"@type":"ImageObject","inLanguage":"pt-BR","@id":"https:\/\/verdadeon.com.br\/portal\/2025\/05\/30\/ciesp-franca-reinaugura-ambiente-para-treinamentos-e-negocios-e-oferece-palestra-abordando-impactos-da-reforma-tributaria\/#primaryimage","url":"https:\/\/i0.wp.com\/verdadeon.com.br\/portal\/wp-content\/uploads\/2025\/05\/WhatsApp-Image-2025-05-30-at-16.27.26.jpeg?fit=1280%2C853&ssl=1","contentUrl":"https:\/\/i0.wp.com\/verdadeon.com.br\/portal\/wp-content\/uploads\/2025\/05\/WhatsApp-Image-2025-05-30-at-16.27.26.jpeg?fit=1280%2C853&ssl=1","width":1280,"height":853,"caption":"No evento, o empres\u00e1rio Saulo Pucci Bueno, que \u00e9 1\u2070 vice-diretor do Ciesp Franca foi homenageado (\u00a9Divulga\u00e7\u00e3o)"},{"@type":"BreadcrumbList","@id":"https:\/\/verdadeon.com.br\/portal\/2025\/05\/30\/ciesp-franca-reinaugura-ambiente-para-treinamentos-e-negocios-e-oferece-palestra-abordando-impactos-da-reforma-tributaria\/#breadcrumb","itemListElement":[{"@type":"ListItem","position":1,"name":"In\u00edcio","item":"https:\/\/verdadeon.com.br\/portal\/"},{"@type":"ListItem","position":2,"name":"Ciesp Franca reinaugura ambiente para treinamentos e neg\u00f3cios e oferece palestra abordando impactos da Reforma Tribut\u00e1ria"}]},{"@type":"WebSite","@id":"https:\/\/verdadeon.com.br\/portal\/#website","url":"https:\/\/verdadeon.com.br\/portal\/","name":"VerdadeOn","description":"Not\u00edcias di\u00e1rias sobre Franca, Regi\u00e3o, Esporte, Cultura, Cotidiano, Colunas. Cobertura nos principais eventos da cidade \u00e9 aqui - Verdadeon Franca","potentialAction":[{"@type":"SearchAction","target":{"@type":"EntryPoint","urlTemplate":"https:\/\/verdadeon.com.br\/portal\/?s={search_term_string}"},"query-input":{"@type":"PropertyValueSpecification","valueRequired":true,"valueName":"search_term_string"}}],"inLanguage":"pt-BR"},{"@type":"Person","@id":"https:\/\/verdadeon.com.br\/portal\/#\/schema\/person\/a5060ad1e9ea3df545188fc93ce43d2f","name":"Redacao VerdadeOn","image":{"@type":"ImageObject","inLanguage":"pt-BR","@id":"https:\/\/verdadeon.com.br\/portal\/#\/schema\/person\/image\/","url":"https:\/\/secure.gravatar.com\/avatar\/459a9613caaaf07f582c3d0841eea68bdd66f533e465e6ba8b9cb45619572cf4?s=96&d=mm&r=g","contentUrl":"https:\/\/secure.gravatar.com\/avatar\/459a9613caaaf07f582c3d0841eea68bdd66f533e465e6ba8b9cb45619572cf4?s=96&d=mm&r=g","caption":"Redacao VerdadeOn"},"url":"https:\/\/verdadeon.com.br\/portal\/author\/redacao\/"}]}},"jetpack_publicize_connections":[],"jetpack_featured_media_url":"https:\/\/i0.wp.com\/verdadeon.com.br\/portal\/wp-content\/uploads\/2025\/05\/WhatsApp-Image-2025-05-30-at-16.27.26.jpeg?fit=1280%2C853&ssl=1","jetpack_sharing_enabled":true,"_links":{"self":[{"href":"https:\/\/verdadeon.com.br\/portal\/wp-json\/wp\/v2\/posts\/56530","targetHints":{"allow":["GET"]}}],"collection":[{"href":"https:\/\/verdadeon.com.br\/portal\/wp-json\/wp\/v2\/posts"}],"about":[{"href":"https:\/\/verdadeon.com.br\/portal\/wp-json\/wp\/v2\/types\/post"}],"author":[{"embeddable":true,"href":"https:\/\/verdadeon.com.br\/portal\/wp-json\/wp\/v2\/users\/10"}],"replies":[{"embeddable":true,"href":"https:\/\/verdadeon.com.br\/portal\/wp-json\/wp\/v2\/comments?post=56530"}],"version-history":[{"count":1,"href":"https:\/\/verdadeon.com.br\/portal\/wp-json\/wp\/v2\/posts\/56530\/revisions"}],"predecessor-version":[{"id":56534,"href":"https:\/\/verdadeon.com.br\/portal\/wp-json\/wp\/v2\/posts\/56530\/revisions\/56534"}],"wp:featuredmedia":[{"embeddable":true,"href":"https:\/\/verdadeon.com.br\/portal\/wp-json\/wp\/v2\/media\/56531"}],"wp:attachment":[{"href":"https:\/\/verdadeon.com.br\/portal\/wp-json\/wp\/v2\/media?parent=56530"}],"wp:term":[{"taxonomy":"category","embeddable":true,"href":"https:\/\/verdadeon.com.br\/portal\/wp-json\/wp\/v2\/categories?post=56530"},{"taxonomy":"post_tag","embeddable":true,"href":"https:\/\/verdadeon.com.br\/portal\/wp-json\/wp\/v2\/tags?post=56530"}],"curies":[{"name":"wp","href":"https:\/\/api.w.org\/{rel}","templated":true}]}}