{"id":56004,"date":"2025-05-13T12:48:38","date_gmt":"2025-05-13T15:48:38","guid":{"rendered":"https:\/\/verdadeon.com.br\/portal\/?p=56004"},"modified":"2025-05-13T12:48:38","modified_gmt":"2025-05-13T15:48:38","slug":"dois-homens-sao-presos-por-furto-e-receptacao-em-rifaina","status":"publish","type":"post","link":"https:\/\/verdadeon.com.br\/portal\/2025\/05\/13\/dois-homens-sao-presos-por-furto-e-receptacao-em-rifaina\/","title":{"rendered":"Dois homens s\u00e3o presos por furto e recepta\u00e7\u00e3o em Rifaina"},"content":{"rendered":"<h2>GCM e Pol\u00edcia Militar realizaram trabalho integrado<\/h2>\n<p style=\"text-align: right;\"><em><strong>Por Pedro Maia<\/strong><\/em><br \/>\n<em><strong>Editor-chefe<\/strong><\/em><\/p>\n<p>Nesta ter\u00e7a-feira, 12 de maio, dois homens receberam voz de pris\u00e3o ap\u00f3s furtarem objetos de pesca de um ve\u00edculo em Rifaina, na regi\u00e3o de Franca.<\/p>\n<p>A v\u00edtima compareceu \u00e0 base da Guarda Civil Municipal (GCM) do munic\u00edpio rifainense informando que havia estacionado seu ve\u00edculo em frente sua resid\u00eancia por alguns minutos. Ao retornar, percebeu que dois equipamentos de pesca (molinetes) haviam sumido. Imediatamente, o servi\u00e7o de monitoramento e intelig\u00eancia, verificando as c\u00e2meras, identificou o assaltante: W.C., de 35 anos.<\/p>\n<p>As informa\u00e7\u00f5es foram transmitidas \u00e0 Pol\u00edcia Militar que, em trabalho integrado com a Guarda Civil, iniciaram dilig\u00eancias e, com sucesso, localizaram o autor, que afirmou ter deixado os materiais com outro indiv\u00edduo, B.P.S., de 59 anos. Na sequ\u00eancia, as equipes deslocaram-se at\u00e9 \u00e0 resid\u00eancia indicada, sendo os objetos recuperados.<\/p>\n<p>Diante dos fatos foi dada voz de pris\u00e3o aos envolvidos, sendo um por furto e o outro por recepta\u00e7\u00e3o. A ocorr\u00eancia foi apresentada na CPJ (Central de Pol\u00edcia Judici\u00e1ria) em Franca. Os indiv\u00edduos permaneceram \u00e0 disposi\u00e7\u00e3o da justi\u00e7a e os equipamentos restitu\u00eddos ao propriet\u00e1rio.<\/p>\n","protected":false},"excerpt":{"rendered":"<p>GCM e Pol\u00edcia Militar realizaram trabalho integrado Por Pedro Maia Editor-chefe Nesta ter\u00e7a-feira, 12 de maio, dois homens receberam voz de pris\u00e3o ap\u00f3s furtarem objetos de<span class=\"excerpt-hellip\"> [\u2026]<\/span><\/p>\n","protected":false},"author":10,"featured_media":56005,"comment_status":"open","ping_status":"open","sticky":false,"template":"","format":"standard","meta":{"_jetpack_memberships_contains_paid_content":false,"footnotes":"","jetpack_publicize_message":"","jetpack_publicize_feature_enabled":true,"jetpack_social_post_already_shared":true,"jetpack_social_options":{"image_generator_settings":{"template":"highway","default_image_id":0,"enabled":false},"version":2}},"categories":[28,81],"tags":[],"class_list":["post-56004","post","type-post","status-publish","format-standard","has-post-thumbnail","hentry","category-cotidiano","category-manchete"],"yoast_head":"<!-- This site is optimized with the Yoast SEO plugin v25.6 - https:\/\/yoast.com\/wordpress\/plugins\/seo\/ -->\n<title>Dois homens s\u00e3o presos por furto e recepta\u00e7\u00e3o em Rifaina - VerdadeOn<\/title>\n<meta name=\"robots\" content=\"index, follow, max-snippet:-1, max-image-preview:large, max-video-preview:-1\" \/>\n<link rel=\"canonical\" href=\"https:\/\/verdadeon.com.br\/portal\/2025\/05\/13\/dois-homens-sao-presos-por-furto-e-receptacao-em-rifaina\/\" \/>\n<meta property=\"og:locale\" content=\"pt_BR\" \/>\n<meta property=\"og:type\" content=\"article\" \/>\n<meta property=\"og:title\" content=\"Dois homens s\u00e3o presos por furto e recepta\u00e7\u00e3o em Rifaina - VerdadeOn\" \/>\n<meta property=\"og:description\" content=\"GCM e Pol\u00edcia Militar realizaram trabalho integrado Por Pedro Maia Editor-chefe Nesta ter\u00e7a-feira, 12 de maio, dois homens receberam voz de pris\u00e3o ap\u00f3s furtarem objetos de [\u2026]\" \/>\n<meta property=\"og:url\" content=\"https:\/\/verdadeon.com.br\/portal\/2025\/05\/13\/dois-homens-sao-presos-por-furto-e-receptacao-em-rifaina\/\" \/>\n<meta property=\"og:site_name\" content=\"VerdadeOn\" \/>\n<meta property=\"article:published_time\" content=\"2025-05-13T15:48:38+00:00\" \/>\n<meta property=\"og:image\" content=\"https:\/\/verdadeon.com.br\/portal\/wp-content\/uploads\/2025\/05\/WhatsApp-Image-2025-05-12-at-22.52.17.jpeg\" \/>\n\t<meta property=\"og:image:width\" content=\"1280\" \/>\n\t<meta property=\"og:image:height\" content=\"1280\" \/>\n\t<meta property=\"og:image:type\" content=\"image\/jpeg\" \/>\n<meta name=\"author\" content=\"Redacao VerdadeOn\" \/>\n<meta name=\"twitter:card\" content=\"summary_large_image\" \/>\n<meta name=\"twitter:label1\" content=\"Escrito por\" \/>\n\t<meta name=\"twitter:data1\" content=\"Redacao VerdadeOn\" \/>\n\t<meta name=\"twitter:label2\" content=\"Est. tempo de leitura\" \/>\n\t<meta name=\"twitter:data2\" content=\"2 minutos\" \/>\n<script type=\"application\/ld+json\" class=\"yoast-schema-graph\">{\"@context\":\"https:\/\/schema.org\",\"@graph\":[{\"@type\":\"WebPage\",\"@id\":\"https:\/\/verdadeon.com.br\/portal\/2025\/05\/13\/dois-homens-sao-presos-por-furto-e-receptacao-em-rifaina\/\",\"url\":\"https:\/\/verdadeon.com.br\/portal\/2025\/05\/13\/dois-homens-sao-presos-por-furto-e-receptacao-em-rifaina\/\",\"name\":\"Dois homens s\u00e3o presos por furto e recepta\u00e7\u00e3o em Rifaina - VerdadeOn\",\"isPartOf\":{\"@id\":\"https:\/\/verdadeon.com.br\/portal\/#website\"},\"primaryImageOfPage\":{\"@id\":\"https:\/\/verdadeon.com.br\/portal\/2025\/05\/13\/dois-homens-sao-presos-por-furto-e-receptacao-em-rifaina\/#primaryimage\"},\"image\":{\"@id\":\"https:\/\/verdadeon.com.br\/portal\/2025\/05\/13\/dois-homens-sao-presos-por-furto-e-receptacao-em-rifaina\/#primaryimage\"},\"thumbnailUrl\":\"https:\/\/i0.wp.com\/verdadeon.com.br\/portal\/wp-content\/uploads\/2025\/05\/WhatsApp-Image-2025-05-12-at-22.52.17.jpeg?fit=1280%2C1280&ssl=1\",\"datePublished\":\"2025-05-13T15:48:38+00:00\",\"author\":{\"@id\":\"https:\/\/verdadeon.com.br\/portal\/#\/schema\/person\/a5060ad1e9ea3df545188fc93ce43d2f\"},\"breadcrumb\":{\"@id\":\"https:\/\/verdadeon.com.br\/portal\/2025\/05\/13\/dois-homens-sao-presos-por-furto-e-receptacao-em-rifaina\/#breadcrumb\"},\"inLanguage\":\"pt-BR\",\"potentialAction\":[{\"@type\":\"ReadAction\",\"target\":[\"https:\/\/verdadeon.com.br\/portal\/2025\/05\/13\/dois-homens-sao-presos-por-furto-e-receptacao-em-rifaina\/\"]}]},{\"@type\":\"ImageObject\",\"inLanguage\":\"pt-BR\",\"@id\":\"https:\/\/verdadeon.com.br\/portal\/2025\/05\/13\/dois-homens-sao-presos-por-furto-e-receptacao-em-rifaina\/#primaryimage\",\"url\":\"https:\/\/i0.wp.com\/verdadeon.com.br\/portal\/wp-content\/uploads\/2025\/05\/WhatsApp-Image-2025-05-12-at-22.52.17.jpeg?fit=1280%2C1280&ssl=1\",\"contentUrl\":\"https:\/\/i0.wp.com\/verdadeon.com.br\/portal\/wp-content\/uploads\/2025\/05\/WhatsApp-Image-2025-05-12-at-22.52.17.jpeg?fit=1280%2C1280&ssl=1\",\"width\":1280,\"height\":1280,\"caption\":\"(\u00a9Divulga\u00e7\u00e3o)\"},{\"@type\":\"BreadcrumbList\",\"@id\":\"https:\/\/verdadeon.com.br\/portal\/2025\/05\/13\/dois-homens-sao-presos-por-furto-e-receptacao-em-rifaina\/#breadcrumb\",\"itemListElement\":[{\"@type\":\"ListItem\",\"position\":1,\"name\":\"In\u00edcio\",\"item\":\"https:\/\/verdadeon.com.br\/portal\/\"},{\"@type\":\"ListItem\",\"position\":2,\"name\":\"Dois homens s\u00e3o presos por furto e recepta\u00e7\u00e3o em Rifaina\"}]},{\"@type\":\"WebSite\",\"@id\":\"https:\/\/verdadeon.com.br\/portal\/#website\",\"url\":\"https:\/\/verdadeon.com.br\/portal\/\",\"name\":\"VerdadeOn\",\"description\":\"Not\u00edcias di\u00e1rias sobre Franca, Regi\u00e3o, Esporte, Cultura, Cotidiano, Colunas. Cobertura nos principais eventos da cidade \u00e9 aqui - Verdadeon Franca\",\"potentialAction\":[{\"@type\":\"SearchAction\",\"target\":{\"@type\":\"EntryPoint\",\"urlTemplate\":\"https:\/\/verdadeon.com.br\/portal\/?s={search_term_string}\"},\"query-input\":{\"@type\":\"PropertyValueSpecification\",\"valueRequired\":true,\"valueName\":\"search_term_string\"}}],\"inLanguage\":\"pt-BR\"},{\"@type\":\"Person\",\"@id\":\"https:\/\/verdadeon.com.br\/portal\/#\/schema\/person\/a5060ad1e9ea3df545188fc93ce43d2f\",\"name\":\"Redacao VerdadeOn\",\"image\":{\"@type\":\"ImageObject\",\"inLanguage\":\"pt-BR\",\"@id\":\"https:\/\/verdadeon.com.br\/portal\/#\/schema\/person\/image\/\",\"url\":\"https:\/\/secure.gravatar.com\/avatar\/459a9613caaaf07f582c3d0841eea68bdd66f533e465e6ba8b9cb45619572cf4?s=96&d=mm&r=g\",\"contentUrl\":\"https:\/\/secure.gravatar.com\/avatar\/459a9613caaaf07f582c3d0841eea68bdd66f533e465e6ba8b9cb45619572cf4?s=96&d=mm&r=g\",\"caption\":\"Redacao VerdadeOn\"},\"url\":\"https:\/\/verdadeon.com.br\/portal\/author\/redacao\/\"}]}<\/script>\n<!-- \/ Yoast SEO plugin. -->","yoast_head_json":{"title":"Dois homens s\u00e3o presos por furto e recepta\u00e7\u00e3o em Rifaina - VerdadeOn","robots":{"index":"index","follow":"follow","max-snippet":"max-snippet:-1","max-image-preview":"max-image-preview:large","max-video-preview":"max-video-preview:-1"},"canonical":"https:\/\/verdadeon.com.br\/portal\/2025\/05\/13\/dois-homens-sao-presos-por-furto-e-receptacao-em-rifaina\/","og_locale":"pt_BR","og_type":"article","og_title":"Dois homens s\u00e3o presos por furto e recepta\u00e7\u00e3o em Rifaina - VerdadeOn","og_description":"GCM e Pol\u00edcia Militar realizaram trabalho integrado Por Pedro Maia Editor-chefe Nesta ter\u00e7a-feira, 12 de maio, dois homens receberam voz de pris\u00e3o ap\u00f3s furtarem objetos de [\u2026]","og_url":"https:\/\/verdadeon.com.br\/portal\/2025\/05\/13\/dois-homens-sao-presos-por-furto-e-receptacao-em-rifaina\/","og_site_name":"VerdadeOn","article_published_time":"2025-05-13T15:48:38+00:00","og_image":[{"width":1280,"height":1280,"url":"https:\/\/verdadeon.com.br\/portal\/wp-content\/uploads\/2025\/05\/WhatsApp-Image-2025-05-12-at-22.52.17.jpeg","type":"image\/jpeg"}],"author":"Redacao VerdadeOn","twitter_card":"summary_large_image","twitter_misc":{"Escrito por":"Redacao VerdadeOn","Est. tempo de leitura":"2 minutos"},"schema":{"@context":"https:\/\/schema.org","@graph":[{"@type":"WebPage","@id":"https:\/\/verdadeon.com.br\/portal\/2025\/05\/13\/dois-homens-sao-presos-por-furto-e-receptacao-em-rifaina\/","url":"https:\/\/verdadeon.com.br\/portal\/2025\/05\/13\/dois-homens-sao-presos-por-furto-e-receptacao-em-rifaina\/","name":"Dois homens s\u00e3o presos por furto e recepta\u00e7\u00e3o em Rifaina - VerdadeOn","isPartOf":{"@id":"https:\/\/verdadeon.com.br\/portal\/#website"},"primaryImageOfPage":{"@id":"https:\/\/verdadeon.com.br\/portal\/2025\/05\/13\/dois-homens-sao-presos-por-furto-e-receptacao-em-rifaina\/#primaryimage"},"image":{"@id":"https:\/\/verdadeon.com.br\/portal\/2025\/05\/13\/dois-homens-sao-presos-por-furto-e-receptacao-em-rifaina\/#primaryimage"},"thumbnailUrl":"https:\/\/i0.wp.com\/verdadeon.com.br\/portal\/wp-content\/uploads\/2025\/05\/WhatsApp-Image-2025-05-12-at-22.52.17.jpeg?fit=1280%2C1280&ssl=1","datePublished":"2025-05-13T15:48:38+00:00","author":{"@id":"https:\/\/verdadeon.com.br\/portal\/#\/schema\/person\/a5060ad1e9ea3df545188fc93ce43d2f"},"breadcrumb":{"@id":"https:\/\/verdadeon.com.br\/portal\/2025\/05\/13\/dois-homens-sao-presos-por-furto-e-receptacao-em-rifaina\/#breadcrumb"},"inLanguage":"pt-BR","potentialAction":[{"@type":"ReadAction","target":["https:\/\/verdadeon.com.br\/portal\/2025\/05\/13\/dois-homens-sao-presos-por-furto-e-receptacao-em-rifaina\/"]}]},{"@type":"ImageObject","inLanguage":"pt-BR","@id":"https:\/\/verdadeon.com.br\/portal\/2025\/05\/13\/dois-homens-sao-presos-por-furto-e-receptacao-em-rifaina\/#primaryimage","url":"https:\/\/i0.wp.com\/verdadeon.com.br\/portal\/wp-content\/uploads\/2025\/05\/WhatsApp-Image-2025-05-12-at-22.52.17.jpeg?fit=1280%2C1280&ssl=1","contentUrl":"https:\/\/i0.wp.com\/verdadeon.com.br\/portal\/wp-content\/uploads\/2025\/05\/WhatsApp-Image-2025-05-12-at-22.52.17.jpeg?fit=1280%2C1280&ssl=1","width":1280,"height":1280,"caption":"(\u00a9Divulga\u00e7\u00e3o)"},{"@type":"BreadcrumbList","@id":"https:\/\/verdadeon.com.br\/portal\/2025\/05\/13\/dois-homens-sao-presos-por-furto-e-receptacao-em-rifaina\/#breadcrumb","itemListElement":[{"@type":"ListItem","position":1,"name":"In\u00edcio","item":"https:\/\/verdadeon.com.br\/portal\/"},{"@type":"ListItem","position":2,"name":"Dois homens s\u00e3o presos por furto e recepta\u00e7\u00e3o em Rifaina"}]},{"@type":"WebSite","@id":"https:\/\/verdadeon.com.br\/portal\/#website","url":"https:\/\/verdadeon.com.br\/portal\/","name":"VerdadeOn","description":"Not\u00edcias di\u00e1rias sobre Franca, Regi\u00e3o, Esporte, Cultura, Cotidiano, Colunas. Cobertura nos principais eventos da cidade \u00e9 aqui - Verdadeon Franca","potentialAction":[{"@type":"SearchAction","target":{"@type":"EntryPoint","urlTemplate":"https:\/\/verdadeon.com.br\/portal\/?s={search_term_string}"},"query-input":{"@type":"PropertyValueSpecification","valueRequired":true,"valueName":"search_term_string"}}],"inLanguage":"pt-BR"},{"@type":"Person","@id":"https:\/\/verdadeon.com.br\/portal\/#\/schema\/person\/a5060ad1e9ea3df545188fc93ce43d2f","name":"Redacao VerdadeOn","image":{"@type":"ImageObject","inLanguage":"pt-BR","@id":"https:\/\/verdadeon.com.br\/portal\/#\/schema\/person\/image\/","url":"https:\/\/secure.gravatar.com\/avatar\/459a9613caaaf07f582c3d0841eea68bdd66f533e465e6ba8b9cb45619572cf4?s=96&d=mm&r=g","contentUrl":"https:\/\/secure.gravatar.com\/avatar\/459a9613caaaf07f582c3d0841eea68bdd66f533e465e6ba8b9cb45619572cf4?s=96&d=mm&r=g","caption":"Redacao VerdadeOn"},"url":"https:\/\/verdadeon.com.br\/portal\/author\/redacao\/"}]}},"jetpack_publicize_connections":[],"jetpack_featured_media_url":"https:\/\/i0.wp.com\/verdadeon.com.br\/portal\/wp-content\/uploads\/2025\/05\/WhatsApp-Image-2025-05-12-at-22.52.17.jpeg?fit=1280%2C1280&ssl=1","jetpack_sharing_enabled":true,"_links":{"self":[{"href":"https:\/\/verdadeon.com.br\/portal\/wp-json\/wp\/v2\/posts\/56004","targetHints":{"allow":["GET"]}}],"collection":[{"href":"https:\/\/verdadeon.com.br\/portal\/wp-json\/wp\/v2\/posts"}],"about":[{"href":"https:\/\/verdadeon.com.br\/portal\/wp-json\/wp\/v2\/types\/post"}],"author":[{"embeddable":true,"href":"https:\/\/verdadeon.com.br\/portal\/wp-json\/wp\/v2\/users\/10"}],"replies":[{"embeddable":true,"href":"https:\/\/verdadeon.com.br\/portal\/wp-json\/wp\/v2\/comments?post=56004"}],"version-history":[{"count":1,"href":"https:\/\/verdadeon.com.br\/portal\/wp-json\/wp\/v2\/posts\/56004\/revisions"}],"predecessor-version":[{"id":56006,"href":"https:\/\/verdadeon.com.br\/portal\/wp-json\/wp\/v2\/posts\/56004\/revisions\/56006"}],"wp:featuredmedia":[{"embeddable":true,"href":"https:\/\/verdadeon.com.br\/portal\/wp-json\/wp\/v2\/media\/56005"}],"wp:attachment":[{"href":"https:\/\/verdadeon.com.br\/portal\/wp-json\/wp\/v2\/media?parent=56004"}],"wp:term":[{"taxonomy":"category","embeddable":true,"href":"https:\/\/verdadeon.com.br\/portal\/wp-json\/wp\/v2\/categories?post=56004"},{"taxonomy":"post_tag","embeddable":true,"href":"https:\/\/verdadeon.com.br\/portal\/wp-json\/wp\/v2\/tags?post=56004"}],"curies":[{"name":"wp","href":"https:\/\/api.w.org\/{rel}","templated":true}]}}