{"id":55881,"date":"2025-05-08T17:41:11","date_gmt":"2025-05-08T20:41:11","guid":{"rendered":"https:\/\/verdadeon.com.br\/portal\/?p=55881"},"modified":"2025-05-08T17:41:11","modified_gmt":"2025-05-08T20:41:11","slug":"presidente-do-ciesp-uma-noticia-ruim-e-outra-pessima-sobre-os-juros-no-pais","status":"publish","type":"post","link":"https:\/\/verdadeon.com.br\/portal\/2025\/05\/08\/presidente-do-ciesp-uma-noticia-ruim-e-outra-pessima-sobre-os-juros-no-pais\/","title":{"rendered":"Presidente do Ciesp: \u201cuma not\u00edcia ruim e outra p\u00e9ssima sobre os juros no Pa\u00eds&#8221;"},"content":{"rendered":"<p>\u201cO Boletim Focus desta semana \u2013 quando o Copom reuniu-se na ter\u00e7a e na quarta-feira (6 e 7\/05) para deliberar sobre a Selic \u2013 publica uma not\u00edcia ruim e outra p\u00e9ssima sobre as expectativas do mercado: a primeira \u00e9 que a estimativa para a taxa no fim de 2025 caiu de 15% para 14,75%, \u00edndice ainda exagerado; a segunda \u00e9 que haver\u00e1 agora aumento de 0,5 ponto percentual. Ou seja, continuaremos com uns dos juros reais mais altos do mundo\u201d, observa Rafael Cervone, presidente do Centro das Ind\u00fastrias do Estado de S\u00e3o Paulo (Ciesp) e primeiro vice da Federa\u00e7\u00e3o das Ind\u00fastrias do Estado de S\u00e3o Paulo (Fiesp).<\/p>\n<p>Sua avalia\u00e7\u00e3o expressa o desalento do setor produtivo diante de uma pol\u00edtica monet\u00e1ria que, em vez de impulsionar a economia, parece fre\u00e1-la de maneira sistem\u00e1tica. Persistentes taxas elevadas imp\u00f5em um alto custo ao cr\u00e9dito, travando investimentos, desestimulando o consumo e comprometendo a capacidade das empresas de inovar, crescer e gerar empregos. \u201cO efeito domin\u00f3 \u00e9 imediato: menos investimento significa menos postos de trabalho, menor renda, menos consumo e mais dificuldades para a ind\u00fastria retomar seu protagonismo no desenvolvimento do Pa\u00eds\u201d, pondera.<\/p>\n<p>Para Cervone, essa l\u00f3gica perversa impacta todas as cadeias de valor. Empresas reduzem seus planos de expans\u00e3o e moderniza\u00e7\u00e3o. O com\u00e9rcio vende menos. O emprego formal encolhe. O poder de compra das fam\u00edlias diminui. Nesse cen\u00e1rio, persiste um ciclo vicioso que impede a expans\u00e3o mais robusta do PIB. \u201cJuros altos criam uma esp\u00e9cie de labirinto em que a economia brasileira anda em c\u00edrculos, sem encontrar a sa\u00edda do crescimento sustent\u00e1vel\u201d, salienta.<br \/>\nAl\u00e9m das consequ\u00eancias diretas sobre o setor privado, os juros elevados t\u00eam impacto profundo sobre as contas p\u00fablicas. O custo do servi\u00e7o da d\u00edvida aumenta, pressionando o or\u00e7amento federal e reduzindo o espa\u00e7o para investimentos em infraestrutura, educa\u00e7\u00e3o e inova\u00e7\u00e3o. Sem confian\u00e7a e previsibilidade, investidores recuam e o Pa\u00eds perde f\u00f4lego para competir internacionalmente.<\/p>\n<p>A falta de equil\u00edbrio entre a pol\u00edtica fiscal e a monet\u00e1ria agrava ainda mais a situa\u00e7\u00e3o. De um lado, o esfor\u00e7o para conter a infla\u00e7\u00e3o por meio do aumento da Selic; de outro, uma estrutura fiscal desequilibrada, que drena recursos e compromete a capacidade do Estado de induzir o crescimento. \u201cPara o setor produtivo, esse descompasso \u00e9 fonte de incerteza\u201d, alerta Cervone, concluindo: \u201cA insist\u00eancia em uma estrat\u00e9gia que penaliza o cr\u00e9dito e encarece o capital est\u00e1 causando danos \u00e0 economia brasileira e retardando nosso processo de desenvolvimento\u201d.<\/p>\n","protected":false},"excerpt":{"rendered":"<p>\u201cO Boletim Focus desta semana \u2013 quando o Copom reuniu-se na ter\u00e7a e na quarta-feira (6 e 7\/05) para deliberar sobre a Selic \u2013 publica uma<span class=\"excerpt-hellip\"> [\u2026]<\/span><\/p>\n","protected":false},"author":10,"featured_media":55522,"comment_status":"open","ping_status":"open","sticky":false,"template":"","format":"standard","meta":{"_jetpack_memberships_contains_paid_content":false,"footnotes":"","jetpack_publicize_message":"","jetpack_publicize_feature_enabled":true,"jetpack_social_post_already_shared":true,"jetpack_social_options":{"image_generator_settings":{"template":"highway","default_image_id":0,"enabled":false},"version":2}},"categories":[28,44],"tags":[],"class_list":["post-55881","post","type-post","status-publish","format-standard","has-post-thumbnail","hentry","category-cotidiano","category-noticias"],"yoast_head":"<!-- This site is optimized with the Yoast SEO plugin v25.6 - https:\/\/yoast.com\/wordpress\/plugins\/seo\/ -->\n<title>Presidente do Ciesp: \u201cuma not\u00edcia ruim e outra p\u00e9ssima sobre os juros no Pa\u00eds&quot; - VerdadeOn<\/title>\n<meta name=\"robots\" content=\"index, follow, max-snippet:-1, max-image-preview:large, max-video-preview:-1\" \/>\n<link rel=\"canonical\" href=\"https:\/\/verdadeon.com.br\/portal\/2025\/05\/08\/presidente-do-ciesp-uma-noticia-ruim-e-outra-pessima-sobre-os-juros-no-pais\/\" \/>\n<meta property=\"og:locale\" content=\"pt_BR\" \/>\n<meta property=\"og:type\" content=\"article\" \/>\n<meta property=\"og:title\" content=\"Presidente do Ciesp: \u201cuma not\u00edcia ruim e outra p\u00e9ssima sobre os juros no Pa\u00eds&quot; - VerdadeOn\" \/>\n<meta property=\"og:description\" content=\"\u201cO Boletim Focus desta semana \u2013 quando o Copom reuniu-se na ter\u00e7a e na quarta-feira (6 e 7\/05) para deliberar sobre a Selic \u2013 publica uma [\u2026]\" \/>\n<meta property=\"og:url\" content=\"https:\/\/verdadeon.com.br\/portal\/2025\/05\/08\/presidente-do-ciesp-uma-noticia-ruim-e-outra-pessima-sobre-os-juros-no-pais\/\" \/>\n<meta property=\"og:site_name\" content=\"VerdadeOn\" \/>\n<meta property=\"article:published_time\" content=\"2025-05-08T20:41:11+00:00\" \/>\n<meta property=\"og:image\" content=\"https:\/\/i0.wp.com\/verdadeon.com.br\/portal\/wp-content\/uploads\/2025\/04\/files-1.webp?fit=1600%2C800&ssl=1\" \/>\n\t<meta property=\"og:image:width\" content=\"1600\" \/>\n\t<meta property=\"og:image:height\" content=\"800\" \/>\n\t<meta property=\"og:image:type\" content=\"image\/webp\" \/>\n<meta name=\"author\" content=\"Redacao VerdadeOn\" \/>\n<meta name=\"twitter:card\" content=\"summary_large_image\" \/>\n<meta name=\"twitter:label1\" content=\"Escrito por\" \/>\n\t<meta name=\"twitter:data1\" content=\"Redacao VerdadeOn\" \/>\n\t<meta name=\"twitter:label2\" content=\"Est. tempo de leitura\" \/>\n\t<meta name=\"twitter:data2\" content=\"3 minutos\" \/>\n<script type=\"application\/ld+json\" class=\"yoast-schema-graph\">{\"@context\":\"https:\/\/schema.org\",\"@graph\":[{\"@type\":\"WebPage\",\"@id\":\"https:\/\/verdadeon.com.br\/portal\/2025\/05\/08\/presidente-do-ciesp-uma-noticia-ruim-e-outra-pessima-sobre-os-juros-no-pais\/\",\"url\":\"https:\/\/verdadeon.com.br\/portal\/2025\/05\/08\/presidente-do-ciesp-uma-noticia-ruim-e-outra-pessima-sobre-os-juros-no-pais\/\",\"name\":\"Presidente do Ciesp: \u201cuma not\u00edcia ruim e outra p\u00e9ssima sobre os juros no Pa\u00eds\\\" - VerdadeOn\",\"isPartOf\":{\"@id\":\"https:\/\/verdadeon.com.br\/portal\/#website\"},\"primaryImageOfPage\":{\"@id\":\"https:\/\/verdadeon.com.br\/portal\/2025\/05\/08\/presidente-do-ciesp-uma-noticia-ruim-e-outra-pessima-sobre-os-juros-no-pais\/#primaryimage\"},\"image\":{\"@id\":\"https:\/\/verdadeon.com.br\/portal\/2025\/05\/08\/presidente-do-ciesp-uma-noticia-ruim-e-outra-pessima-sobre-os-juros-no-pais\/#primaryimage\"},\"thumbnailUrl\":\"https:\/\/i0.wp.com\/verdadeon.com.br\/portal\/wp-content\/uploads\/2025\/04\/files-1.webp?fit=1600%2C800&ssl=1\",\"datePublished\":\"2025-05-08T20:41:11+00:00\",\"author\":{\"@id\":\"https:\/\/verdadeon.com.br\/portal\/#\/schema\/person\/a5060ad1e9ea3df545188fc93ce43d2f\"},\"breadcrumb\":{\"@id\":\"https:\/\/verdadeon.com.br\/portal\/2025\/05\/08\/presidente-do-ciesp-uma-noticia-ruim-e-outra-pessima-sobre-os-juros-no-pais\/#breadcrumb\"},\"inLanguage\":\"pt-BR\",\"potentialAction\":[{\"@type\":\"ReadAction\",\"target\":[\"https:\/\/verdadeon.com.br\/portal\/2025\/05\/08\/presidente-do-ciesp-uma-noticia-ruim-e-outra-pessima-sobre-os-juros-no-pais\/\"]}]},{\"@type\":\"ImageObject\",\"inLanguage\":\"pt-BR\",\"@id\":\"https:\/\/verdadeon.com.br\/portal\/2025\/05\/08\/presidente-do-ciesp-uma-noticia-ruim-e-outra-pessima-sobre-os-juros-no-pais\/#primaryimage\",\"url\":\"https:\/\/i0.wp.com\/verdadeon.com.br\/portal\/wp-content\/uploads\/2025\/04\/files-1.webp?fit=1600%2C800&ssl=1\",\"contentUrl\":\"https:\/\/i0.wp.com\/verdadeon.com.br\/portal\/wp-content\/uploads\/2025\/04\/files-1.webp?fit=1600%2C800&ssl=1\",\"width\":1600,\"height\":800,\"caption\":\"Rafael Cervone, presidente do Ciesp (Centro das Ind\u00fastrias do Estado de S\u00e3o Paulo) (\u00a9Ciesp)\"},{\"@type\":\"BreadcrumbList\",\"@id\":\"https:\/\/verdadeon.com.br\/portal\/2025\/05\/08\/presidente-do-ciesp-uma-noticia-ruim-e-outra-pessima-sobre-os-juros-no-pais\/#breadcrumb\",\"itemListElement\":[{\"@type\":\"ListItem\",\"position\":1,\"name\":\"In\u00edcio\",\"item\":\"https:\/\/verdadeon.com.br\/portal\/\"},{\"@type\":\"ListItem\",\"position\":2,\"name\":\"Presidente do Ciesp: \u201cuma not\u00edcia ruim e outra p\u00e9ssima sobre os juros no Pa\u00eds&#8221;\"}]},{\"@type\":\"WebSite\",\"@id\":\"https:\/\/verdadeon.com.br\/portal\/#website\",\"url\":\"https:\/\/verdadeon.com.br\/portal\/\",\"name\":\"VerdadeOn\",\"description\":\"Not\u00edcias di\u00e1rias sobre Franca, Regi\u00e3o, Esporte, Cultura, Cotidiano, Colunas. Cobertura nos principais eventos da cidade \u00e9 aqui - Verdadeon Franca\",\"potentialAction\":[{\"@type\":\"SearchAction\",\"target\":{\"@type\":\"EntryPoint\",\"urlTemplate\":\"https:\/\/verdadeon.com.br\/portal\/?s={search_term_string}\"},\"query-input\":{\"@type\":\"PropertyValueSpecification\",\"valueRequired\":true,\"valueName\":\"search_term_string\"}}],\"inLanguage\":\"pt-BR\"},{\"@type\":\"Person\",\"@id\":\"https:\/\/verdadeon.com.br\/portal\/#\/schema\/person\/a5060ad1e9ea3df545188fc93ce43d2f\",\"name\":\"Redacao VerdadeOn\",\"image\":{\"@type\":\"ImageObject\",\"inLanguage\":\"pt-BR\",\"@id\":\"https:\/\/verdadeon.com.br\/portal\/#\/schema\/person\/image\/\",\"url\":\"https:\/\/secure.gravatar.com\/avatar\/459a9613caaaf07f582c3d0841eea68bdd66f533e465e6ba8b9cb45619572cf4?s=96&d=mm&r=g\",\"contentUrl\":\"https:\/\/secure.gravatar.com\/avatar\/459a9613caaaf07f582c3d0841eea68bdd66f533e465e6ba8b9cb45619572cf4?s=96&d=mm&r=g\",\"caption\":\"Redacao VerdadeOn\"},\"url\":\"https:\/\/verdadeon.com.br\/portal\/author\/redacao\/\"}]}<\/script>\n<!-- \/ Yoast SEO plugin. -->","yoast_head_json":{"title":"Presidente do Ciesp: \u201cuma not\u00edcia ruim e outra p\u00e9ssima sobre os juros no Pa\u00eds\" - VerdadeOn","robots":{"index":"index","follow":"follow","max-snippet":"max-snippet:-1","max-image-preview":"max-image-preview:large","max-video-preview":"max-video-preview:-1"},"canonical":"https:\/\/verdadeon.com.br\/portal\/2025\/05\/08\/presidente-do-ciesp-uma-noticia-ruim-e-outra-pessima-sobre-os-juros-no-pais\/","og_locale":"pt_BR","og_type":"article","og_title":"Presidente do Ciesp: \u201cuma not\u00edcia ruim e outra p\u00e9ssima sobre os juros no Pa\u00eds\" - VerdadeOn","og_description":"\u201cO Boletim Focus desta semana \u2013 quando o Copom reuniu-se na ter\u00e7a e na quarta-feira (6 e 7\/05) para deliberar sobre a Selic \u2013 publica uma [\u2026]","og_url":"https:\/\/verdadeon.com.br\/portal\/2025\/05\/08\/presidente-do-ciesp-uma-noticia-ruim-e-outra-pessima-sobre-os-juros-no-pais\/","og_site_name":"VerdadeOn","article_published_time":"2025-05-08T20:41:11+00:00","og_image":[{"width":1600,"height":800,"url":"https:\/\/i0.wp.com\/verdadeon.com.br\/portal\/wp-content\/uploads\/2025\/04\/files-1.webp?fit=1600%2C800&ssl=1","type":"image\/webp"}],"author":"Redacao VerdadeOn","twitter_card":"summary_large_image","twitter_misc":{"Escrito por":"Redacao VerdadeOn","Est. tempo de leitura":"3 minutos"},"schema":{"@context":"https:\/\/schema.org","@graph":[{"@type":"WebPage","@id":"https:\/\/verdadeon.com.br\/portal\/2025\/05\/08\/presidente-do-ciesp-uma-noticia-ruim-e-outra-pessima-sobre-os-juros-no-pais\/","url":"https:\/\/verdadeon.com.br\/portal\/2025\/05\/08\/presidente-do-ciesp-uma-noticia-ruim-e-outra-pessima-sobre-os-juros-no-pais\/","name":"Presidente do Ciesp: \u201cuma not\u00edcia ruim e outra p\u00e9ssima sobre os juros no Pa\u00eds\" - VerdadeOn","isPartOf":{"@id":"https:\/\/verdadeon.com.br\/portal\/#website"},"primaryImageOfPage":{"@id":"https:\/\/verdadeon.com.br\/portal\/2025\/05\/08\/presidente-do-ciesp-uma-noticia-ruim-e-outra-pessima-sobre-os-juros-no-pais\/#primaryimage"},"image":{"@id":"https:\/\/verdadeon.com.br\/portal\/2025\/05\/08\/presidente-do-ciesp-uma-noticia-ruim-e-outra-pessima-sobre-os-juros-no-pais\/#primaryimage"},"thumbnailUrl":"https:\/\/i0.wp.com\/verdadeon.com.br\/portal\/wp-content\/uploads\/2025\/04\/files-1.webp?fit=1600%2C800&ssl=1","datePublished":"2025-05-08T20:41:11+00:00","author":{"@id":"https:\/\/verdadeon.com.br\/portal\/#\/schema\/person\/a5060ad1e9ea3df545188fc93ce43d2f"},"breadcrumb":{"@id":"https:\/\/verdadeon.com.br\/portal\/2025\/05\/08\/presidente-do-ciesp-uma-noticia-ruim-e-outra-pessima-sobre-os-juros-no-pais\/#breadcrumb"},"inLanguage":"pt-BR","potentialAction":[{"@type":"ReadAction","target":["https:\/\/verdadeon.com.br\/portal\/2025\/05\/08\/presidente-do-ciesp-uma-noticia-ruim-e-outra-pessima-sobre-os-juros-no-pais\/"]}]},{"@type":"ImageObject","inLanguage":"pt-BR","@id":"https:\/\/verdadeon.com.br\/portal\/2025\/05\/08\/presidente-do-ciesp-uma-noticia-ruim-e-outra-pessima-sobre-os-juros-no-pais\/#primaryimage","url":"https:\/\/i0.wp.com\/verdadeon.com.br\/portal\/wp-content\/uploads\/2025\/04\/files-1.webp?fit=1600%2C800&ssl=1","contentUrl":"https:\/\/i0.wp.com\/verdadeon.com.br\/portal\/wp-content\/uploads\/2025\/04\/files-1.webp?fit=1600%2C800&ssl=1","width":1600,"height":800,"caption":"Rafael Cervone, presidente do Ciesp (Centro das Ind\u00fastrias do Estado de S\u00e3o Paulo) (\u00a9Ciesp)"},{"@type":"BreadcrumbList","@id":"https:\/\/verdadeon.com.br\/portal\/2025\/05\/08\/presidente-do-ciesp-uma-noticia-ruim-e-outra-pessima-sobre-os-juros-no-pais\/#breadcrumb","itemListElement":[{"@type":"ListItem","position":1,"name":"In\u00edcio","item":"https:\/\/verdadeon.com.br\/portal\/"},{"@type":"ListItem","position":2,"name":"Presidente do Ciesp: \u201cuma not\u00edcia ruim e outra p\u00e9ssima sobre os juros no Pa\u00eds&#8221;"}]},{"@type":"WebSite","@id":"https:\/\/verdadeon.com.br\/portal\/#website","url":"https:\/\/verdadeon.com.br\/portal\/","name":"VerdadeOn","description":"Not\u00edcias di\u00e1rias sobre Franca, Regi\u00e3o, Esporte, Cultura, Cotidiano, Colunas. Cobertura nos principais eventos da cidade \u00e9 aqui - Verdadeon Franca","potentialAction":[{"@type":"SearchAction","target":{"@type":"EntryPoint","urlTemplate":"https:\/\/verdadeon.com.br\/portal\/?s={search_term_string}"},"query-input":{"@type":"PropertyValueSpecification","valueRequired":true,"valueName":"search_term_string"}}],"inLanguage":"pt-BR"},{"@type":"Person","@id":"https:\/\/verdadeon.com.br\/portal\/#\/schema\/person\/a5060ad1e9ea3df545188fc93ce43d2f","name":"Redacao VerdadeOn","image":{"@type":"ImageObject","inLanguage":"pt-BR","@id":"https:\/\/verdadeon.com.br\/portal\/#\/schema\/person\/image\/","url":"https:\/\/secure.gravatar.com\/avatar\/459a9613caaaf07f582c3d0841eea68bdd66f533e465e6ba8b9cb45619572cf4?s=96&d=mm&r=g","contentUrl":"https:\/\/secure.gravatar.com\/avatar\/459a9613caaaf07f582c3d0841eea68bdd66f533e465e6ba8b9cb45619572cf4?s=96&d=mm&r=g","caption":"Redacao VerdadeOn"},"url":"https:\/\/verdadeon.com.br\/portal\/author\/redacao\/"}]}},"jetpack_publicize_connections":[],"jetpack_featured_media_url":"https:\/\/i0.wp.com\/verdadeon.com.br\/portal\/wp-content\/uploads\/2025\/04\/files-1.webp?fit=1600%2C800&ssl=1","jetpack_sharing_enabled":true,"_links":{"self":[{"href":"https:\/\/verdadeon.com.br\/portal\/wp-json\/wp\/v2\/posts\/55881","targetHints":{"allow":["GET"]}}],"collection":[{"href":"https:\/\/verdadeon.com.br\/portal\/wp-json\/wp\/v2\/posts"}],"about":[{"href":"https:\/\/verdadeon.com.br\/portal\/wp-json\/wp\/v2\/types\/post"}],"author":[{"embeddable":true,"href":"https:\/\/verdadeon.com.br\/portal\/wp-json\/wp\/v2\/users\/10"}],"replies":[{"embeddable":true,"href":"https:\/\/verdadeon.com.br\/portal\/wp-json\/wp\/v2\/comments?post=55881"}],"version-history":[{"count":1,"href":"https:\/\/verdadeon.com.br\/portal\/wp-json\/wp\/v2\/posts\/55881\/revisions"}],"predecessor-version":[{"id":55882,"href":"https:\/\/verdadeon.com.br\/portal\/wp-json\/wp\/v2\/posts\/55881\/revisions\/55882"}],"wp:featuredmedia":[{"embeddable":true,"href":"https:\/\/verdadeon.com.br\/portal\/wp-json\/wp\/v2\/media\/55522"}],"wp:attachment":[{"href":"https:\/\/verdadeon.com.br\/portal\/wp-json\/wp\/v2\/media?parent=55881"}],"wp:term":[{"taxonomy":"category","embeddable":true,"href":"https:\/\/verdadeon.com.br\/portal\/wp-json\/wp\/v2\/categories?post=55881"},{"taxonomy":"post_tag","embeddable":true,"href":"https:\/\/verdadeon.com.br\/portal\/wp-json\/wp\/v2\/tags?post=55881"}],"curies":[{"name":"wp","href":"https:\/\/api.w.org\/{rel}","templated":true}]}}