{"id":55510,"date":"2025-04-23T14:39:20","date_gmt":"2025-04-23T17:39:20","guid":{"rendered":"https:\/\/verdadeon.com.br\/portal\/?p=55510"},"modified":"2025-04-23T14:39:20","modified_gmt":"2025-04-23T17:39:20","slug":"vereador-aponta-falhas-do-estado-e-cobra-agilidade-em-cirurgias-eletivas","status":"publish","type":"post","link":"https:\/\/verdadeon.com.br\/portal\/2025\/04\/23\/vereador-aponta-falhas-do-estado-e-cobra-agilidade-em-cirurgias-eletivas\/","title":{"rendered":"Vereador aponta falhas do Estado e cobra agilidade em cirurgias eletivas"},"content":{"rendered":"<p><span style=\"font-family: verdana, helvetica, sans-serif;\">Na sess\u00e3o ordin\u00e1ria desta ter\u00e7a-feira, 22, o vereador Marcelo Tidy (MDB) utilizou a Tribuna da C\u00e2mara para abordar a demora nas cirurgias eletivas no munic\u00edpio de Franca.\u00a0<\/span><\/p>\n<p><span style=\"font-family: verdana, helvetica, sans-serif;\">O parlamentar afirmou que h\u00e1 casos de pacientes aguardando por procedimentos desde 2010. &#8220;Quest\u00e3o de ortopedia n\u00f3s temos uma fila grande. Oncologia n\u00e3o pode esperar. Tem procedimentos que podem esperar, mas tem procedimentos que n\u00e3o tem como as pessoas esperarem&#8221;, explicou Tidy.\u00a0<\/span><\/p>\n<p><span style=\"font-family: verdana, helvetica, sans-serif;\">Ele destacou que tem acompanhado a situa\u00e7\u00e3o de perto, com base nos dados divulgados no site da Prefeitura, e pretende se reunir com a Secretaria de Sa\u00fade para entender os crit\u00e9rios de distribui\u00e7\u00e3o de vagas.\u00a0<\/span><\/p>\n<p><span style=\"font-family: verdana, helvetica, sans-serif;\">Al\u00e9m disso, o vereador citou a falta de leitos de interna\u00e7\u00e3o e a resist\u00eancia de muitos pacientes em serem transferidos para hospitais fora da cidade. &#8220;\u00c0s vezes a pessoa n\u00e3o tem condi\u00e7\u00f5es de sair da cidade, porque para ir para outro munic\u00edpio, ela vai l\u00e1 ficar acompanhando seu familiar por 3, 4, 5 dias, a\u00ed fica a pergunta: Como ela vai se alimentar? Como que ela vai ter o lugar para fazer sua higiene pessoal? Tem todo um transtorno&#8221;, questionou.\u00a0<\/span><\/p>\n<p><span style=\"font-family: verdana, helvetica, sans-serif;\">Tidy tamb\u00e9m criticou a dificuldade de obter informa\u00e7\u00f5es sobre pacientes e procedimentos, al\u00e9m da falta de humaniza\u00e7\u00e3o no atendimento. &#8220;\u00c0s vezes a gente quer dar uma aten\u00e7\u00e3o para aquele familiar, que ele precisa, e a gente fica de m\u00e3os atadas&#8221;, desabafou.\u00a0<\/span><\/p>\n<div><span style=\"font-family: verdana, helvetica, sans-serif;\">Ao final, o vereador elogiou o trabalho das unidades de sa\u00fade do munic\u00edpio, mas cobrou a\u00e7\u00f5es do Governo do Estado. Ele ressaltou que os respons\u00e1veis n\u00e3o podem esperar a inaugura\u00e7\u00e3o do novo hospital p\u00fablico estadual para &#8220;salvar vidas&#8221;.<\/span><\/div>\n","protected":false},"excerpt":{"rendered":"<p>Na sess\u00e3o ordin\u00e1ria desta ter\u00e7a-feira, 22, o vereador Marcelo Tidy (MDB) utilizou a Tribuna da C\u00e2mara para abordar a demora nas cirurgias eletivas no munic\u00edpio de<span class=\"excerpt-hellip\"> [\u2026]<\/span><\/p>\n","protected":false},"author":10,"featured_media":54433,"comment_status":"open","ping_status":"open","sticky":false,"template":"","format":"standard","meta":{"_jetpack_memberships_contains_paid_content":false,"footnotes":"","jetpack_publicize_message":"","jetpack_publicize_feature_enabled":true,"jetpack_social_post_already_shared":true,"jetpack_social_options":{"image_generator_settings":{"template":"highway","default_image_id":0,"enabled":false},"version":2}},"categories":[28,44],"tags":[],"class_list":["post-55510","post","type-post","status-publish","format-standard","has-post-thumbnail","hentry","category-cotidiano","category-noticias"],"yoast_head":"<!-- This site is optimized with the Yoast SEO plugin v25.6 - https:\/\/yoast.com\/wordpress\/plugins\/seo\/ -->\n<title>Vereador aponta falhas do Estado e cobra agilidade em cirurgias eletivas - VerdadeOn<\/title>\n<meta name=\"robots\" content=\"index, follow, max-snippet:-1, max-image-preview:large, max-video-preview:-1\" \/>\n<link rel=\"canonical\" href=\"https:\/\/verdadeon.com.br\/portal\/2025\/04\/23\/vereador-aponta-falhas-do-estado-e-cobra-agilidade-em-cirurgias-eletivas\/\" \/>\n<meta property=\"og:locale\" content=\"pt_BR\" \/>\n<meta property=\"og:type\" content=\"article\" \/>\n<meta property=\"og:title\" content=\"Vereador aponta falhas do Estado e cobra agilidade em cirurgias eletivas - VerdadeOn\" \/>\n<meta property=\"og:description\" content=\"Na sess\u00e3o ordin\u00e1ria desta ter\u00e7a-feira, 22, o vereador Marcelo Tidy (MDB) utilizou a Tribuna da C\u00e2mara para abordar a demora nas cirurgias eletivas no munic\u00edpio de [\u2026]\" \/>\n<meta property=\"og:url\" content=\"https:\/\/verdadeon.com.br\/portal\/2025\/04\/23\/vereador-aponta-falhas-do-estado-e-cobra-agilidade-em-cirurgias-eletivas\/\" \/>\n<meta property=\"og:site_name\" content=\"VerdadeOn\" \/>\n<meta property=\"article:published_time\" content=\"2025-04-23T17:39:20+00:00\" \/>\n<meta property=\"og:image\" content=\"https:\/\/verdadeon.com.br\/portal\/wp-content\/uploads\/2025\/03\/tidytribuna0603.jpg\" \/>\n\t<meta property=\"og:image:width\" content=\"930\" \/>\n\t<meta property=\"og:image:height\" content=\"558\" \/>\n\t<meta property=\"og:image:type\" content=\"image\/jpeg\" \/>\n<meta name=\"author\" content=\"Redacao VerdadeOn\" \/>\n<meta name=\"twitter:card\" content=\"summary_large_image\" \/>\n<meta name=\"twitter:label1\" content=\"Escrito por\" \/>\n\t<meta name=\"twitter:data1\" content=\"Redacao VerdadeOn\" \/>\n\t<meta name=\"twitter:label2\" content=\"Est. tempo de leitura\" \/>\n\t<meta name=\"twitter:data2\" content=\"2 minutos\" \/>\n<script type=\"application\/ld+json\" class=\"yoast-schema-graph\">{\"@context\":\"https:\/\/schema.org\",\"@graph\":[{\"@type\":\"WebPage\",\"@id\":\"https:\/\/verdadeon.com.br\/portal\/2025\/04\/23\/vereador-aponta-falhas-do-estado-e-cobra-agilidade-em-cirurgias-eletivas\/\",\"url\":\"https:\/\/verdadeon.com.br\/portal\/2025\/04\/23\/vereador-aponta-falhas-do-estado-e-cobra-agilidade-em-cirurgias-eletivas\/\",\"name\":\"Vereador aponta falhas do Estado e cobra agilidade em cirurgias eletivas - VerdadeOn\",\"isPartOf\":{\"@id\":\"https:\/\/verdadeon.com.br\/portal\/#website\"},\"primaryImageOfPage\":{\"@id\":\"https:\/\/verdadeon.com.br\/portal\/2025\/04\/23\/vereador-aponta-falhas-do-estado-e-cobra-agilidade-em-cirurgias-eletivas\/#primaryimage\"},\"image\":{\"@id\":\"https:\/\/verdadeon.com.br\/portal\/2025\/04\/23\/vereador-aponta-falhas-do-estado-e-cobra-agilidade-em-cirurgias-eletivas\/#primaryimage\"},\"thumbnailUrl\":\"https:\/\/i0.wp.com\/verdadeon.com.br\/portal\/wp-content\/uploads\/2025\/03\/tidytribuna0603.jpg?fit=930%2C558&ssl=1\",\"datePublished\":\"2025-04-23T17:39:20+00:00\",\"author\":{\"@id\":\"https:\/\/verdadeon.com.br\/portal\/#\/schema\/person\/a5060ad1e9ea3df545188fc93ce43d2f\"},\"breadcrumb\":{\"@id\":\"https:\/\/verdadeon.com.br\/portal\/2025\/04\/23\/vereador-aponta-falhas-do-estado-e-cobra-agilidade-em-cirurgias-eletivas\/#breadcrumb\"},\"inLanguage\":\"pt-BR\",\"potentialAction\":[{\"@type\":\"ReadAction\",\"target\":[\"https:\/\/verdadeon.com.br\/portal\/2025\/04\/23\/vereador-aponta-falhas-do-estado-e-cobra-agilidade-em-cirurgias-eletivas\/\"]}]},{\"@type\":\"ImageObject\",\"inLanguage\":\"pt-BR\",\"@id\":\"https:\/\/verdadeon.com.br\/portal\/2025\/04\/23\/vereador-aponta-falhas-do-estado-e-cobra-agilidade-em-cirurgias-eletivas\/#primaryimage\",\"url\":\"https:\/\/i0.wp.com\/verdadeon.com.br\/portal\/wp-content\/uploads\/2025\/03\/tidytribuna0603.jpg?fit=930%2C558&ssl=1\",\"contentUrl\":\"https:\/\/i0.wp.com\/verdadeon.com.br\/portal\/wp-content\/uploads\/2025\/03\/tidytribuna0603.jpg?fit=930%2C558&ssl=1\",\"width\":930,\"height\":558,\"caption\":\"O vereador Marcelo TIdy (MDB) (Divulga\u00e7\u00e3o)\"},{\"@type\":\"BreadcrumbList\",\"@id\":\"https:\/\/verdadeon.com.br\/portal\/2025\/04\/23\/vereador-aponta-falhas-do-estado-e-cobra-agilidade-em-cirurgias-eletivas\/#breadcrumb\",\"itemListElement\":[{\"@type\":\"ListItem\",\"position\":1,\"name\":\"In\u00edcio\",\"item\":\"https:\/\/verdadeon.com.br\/portal\/\"},{\"@type\":\"ListItem\",\"position\":2,\"name\":\"Vereador aponta falhas do Estado e cobra agilidade em cirurgias eletivas\"}]},{\"@type\":\"WebSite\",\"@id\":\"https:\/\/verdadeon.com.br\/portal\/#website\",\"url\":\"https:\/\/verdadeon.com.br\/portal\/\",\"name\":\"VerdadeOn\",\"description\":\"Not\u00edcias di\u00e1rias sobre Franca, Regi\u00e3o, Esporte, Cultura, Cotidiano, Colunas. Cobertura nos principais eventos da cidade \u00e9 aqui - Verdadeon Franca\",\"potentialAction\":[{\"@type\":\"SearchAction\",\"target\":{\"@type\":\"EntryPoint\",\"urlTemplate\":\"https:\/\/verdadeon.com.br\/portal\/?s={search_term_string}\"},\"query-input\":{\"@type\":\"PropertyValueSpecification\",\"valueRequired\":true,\"valueName\":\"search_term_string\"}}],\"inLanguage\":\"pt-BR\"},{\"@type\":\"Person\",\"@id\":\"https:\/\/verdadeon.com.br\/portal\/#\/schema\/person\/a5060ad1e9ea3df545188fc93ce43d2f\",\"name\":\"Redacao VerdadeOn\",\"image\":{\"@type\":\"ImageObject\",\"inLanguage\":\"pt-BR\",\"@id\":\"https:\/\/verdadeon.com.br\/portal\/#\/schema\/person\/image\/\",\"url\":\"https:\/\/secure.gravatar.com\/avatar\/459a9613caaaf07f582c3d0841eea68bdd66f533e465e6ba8b9cb45619572cf4?s=96&d=mm&r=g\",\"contentUrl\":\"https:\/\/secure.gravatar.com\/avatar\/459a9613caaaf07f582c3d0841eea68bdd66f533e465e6ba8b9cb45619572cf4?s=96&d=mm&r=g\",\"caption\":\"Redacao VerdadeOn\"},\"url\":\"https:\/\/verdadeon.com.br\/portal\/author\/redacao\/\"}]}<\/script>\n<!-- \/ Yoast SEO plugin. -->","yoast_head_json":{"title":"Vereador aponta falhas do Estado e cobra agilidade em cirurgias eletivas - VerdadeOn","robots":{"index":"index","follow":"follow","max-snippet":"max-snippet:-1","max-image-preview":"max-image-preview:large","max-video-preview":"max-video-preview:-1"},"canonical":"https:\/\/verdadeon.com.br\/portal\/2025\/04\/23\/vereador-aponta-falhas-do-estado-e-cobra-agilidade-em-cirurgias-eletivas\/","og_locale":"pt_BR","og_type":"article","og_title":"Vereador aponta falhas do Estado e cobra agilidade em cirurgias eletivas - VerdadeOn","og_description":"Na sess\u00e3o ordin\u00e1ria desta ter\u00e7a-feira, 22, o vereador Marcelo Tidy (MDB) utilizou a Tribuna da C\u00e2mara para abordar a demora nas cirurgias eletivas no munic\u00edpio de [\u2026]","og_url":"https:\/\/verdadeon.com.br\/portal\/2025\/04\/23\/vereador-aponta-falhas-do-estado-e-cobra-agilidade-em-cirurgias-eletivas\/","og_site_name":"VerdadeOn","article_published_time":"2025-04-23T17:39:20+00:00","og_image":[{"width":930,"height":558,"url":"https:\/\/verdadeon.com.br\/portal\/wp-content\/uploads\/2025\/03\/tidytribuna0603.jpg","type":"image\/jpeg"}],"author":"Redacao VerdadeOn","twitter_card":"summary_large_image","twitter_misc":{"Escrito por":"Redacao VerdadeOn","Est. tempo de leitura":"2 minutos"},"schema":{"@context":"https:\/\/schema.org","@graph":[{"@type":"WebPage","@id":"https:\/\/verdadeon.com.br\/portal\/2025\/04\/23\/vereador-aponta-falhas-do-estado-e-cobra-agilidade-em-cirurgias-eletivas\/","url":"https:\/\/verdadeon.com.br\/portal\/2025\/04\/23\/vereador-aponta-falhas-do-estado-e-cobra-agilidade-em-cirurgias-eletivas\/","name":"Vereador aponta falhas do Estado e cobra agilidade em cirurgias eletivas - VerdadeOn","isPartOf":{"@id":"https:\/\/verdadeon.com.br\/portal\/#website"},"primaryImageOfPage":{"@id":"https:\/\/verdadeon.com.br\/portal\/2025\/04\/23\/vereador-aponta-falhas-do-estado-e-cobra-agilidade-em-cirurgias-eletivas\/#primaryimage"},"image":{"@id":"https:\/\/verdadeon.com.br\/portal\/2025\/04\/23\/vereador-aponta-falhas-do-estado-e-cobra-agilidade-em-cirurgias-eletivas\/#primaryimage"},"thumbnailUrl":"https:\/\/i0.wp.com\/verdadeon.com.br\/portal\/wp-content\/uploads\/2025\/03\/tidytribuna0603.jpg?fit=930%2C558&ssl=1","datePublished":"2025-04-23T17:39:20+00:00","author":{"@id":"https:\/\/verdadeon.com.br\/portal\/#\/schema\/person\/a5060ad1e9ea3df545188fc93ce43d2f"},"breadcrumb":{"@id":"https:\/\/verdadeon.com.br\/portal\/2025\/04\/23\/vereador-aponta-falhas-do-estado-e-cobra-agilidade-em-cirurgias-eletivas\/#breadcrumb"},"inLanguage":"pt-BR","potentialAction":[{"@type":"ReadAction","target":["https:\/\/verdadeon.com.br\/portal\/2025\/04\/23\/vereador-aponta-falhas-do-estado-e-cobra-agilidade-em-cirurgias-eletivas\/"]}]},{"@type":"ImageObject","inLanguage":"pt-BR","@id":"https:\/\/verdadeon.com.br\/portal\/2025\/04\/23\/vereador-aponta-falhas-do-estado-e-cobra-agilidade-em-cirurgias-eletivas\/#primaryimage","url":"https:\/\/i0.wp.com\/verdadeon.com.br\/portal\/wp-content\/uploads\/2025\/03\/tidytribuna0603.jpg?fit=930%2C558&ssl=1","contentUrl":"https:\/\/i0.wp.com\/verdadeon.com.br\/portal\/wp-content\/uploads\/2025\/03\/tidytribuna0603.jpg?fit=930%2C558&ssl=1","width":930,"height":558,"caption":"O vereador Marcelo TIdy (MDB) (Divulga\u00e7\u00e3o)"},{"@type":"BreadcrumbList","@id":"https:\/\/verdadeon.com.br\/portal\/2025\/04\/23\/vereador-aponta-falhas-do-estado-e-cobra-agilidade-em-cirurgias-eletivas\/#breadcrumb","itemListElement":[{"@type":"ListItem","position":1,"name":"In\u00edcio","item":"https:\/\/verdadeon.com.br\/portal\/"},{"@type":"ListItem","position":2,"name":"Vereador aponta falhas do Estado e cobra agilidade em cirurgias eletivas"}]},{"@type":"WebSite","@id":"https:\/\/verdadeon.com.br\/portal\/#website","url":"https:\/\/verdadeon.com.br\/portal\/","name":"VerdadeOn","description":"Not\u00edcias di\u00e1rias sobre Franca, Regi\u00e3o, Esporte, Cultura, Cotidiano, Colunas. Cobertura nos principais eventos da cidade \u00e9 aqui - Verdadeon Franca","potentialAction":[{"@type":"SearchAction","target":{"@type":"EntryPoint","urlTemplate":"https:\/\/verdadeon.com.br\/portal\/?s={search_term_string}"},"query-input":{"@type":"PropertyValueSpecification","valueRequired":true,"valueName":"search_term_string"}}],"inLanguage":"pt-BR"},{"@type":"Person","@id":"https:\/\/verdadeon.com.br\/portal\/#\/schema\/person\/a5060ad1e9ea3df545188fc93ce43d2f","name":"Redacao VerdadeOn","image":{"@type":"ImageObject","inLanguage":"pt-BR","@id":"https:\/\/verdadeon.com.br\/portal\/#\/schema\/person\/image\/","url":"https:\/\/secure.gravatar.com\/avatar\/459a9613caaaf07f582c3d0841eea68bdd66f533e465e6ba8b9cb45619572cf4?s=96&d=mm&r=g","contentUrl":"https:\/\/secure.gravatar.com\/avatar\/459a9613caaaf07f582c3d0841eea68bdd66f533e465e6ba8b9cb45619572cf4?s=96&d=mm&r=g","caption":"Redacao VerdadeOn"},"url":"https:\/\/verdadeon.com.br\/portal\/author\/redacao\/"}]}},"jetpack_publicize_connections":[],"jetpack_featured_media_url":"https:\/\/i0.wp.com\/verdadeon.com.br\/portal\/wp-content\/uploads\/2025\/03\/tidytribuna0603.jpg?fit=930%2C558&ssl=1","jetpack_sharing_enabled":true,"_links":{"self":[{"href":"https:\/\/verdadeon.com.br\/portal\/wp-json\/wp\/v2\/posts\/55510","targetHints":{"allow":["GET"]}}],"collection":[{"href":"https:\/\/verdadeon.com.br\/portal\/wp-json\/wp\/v2\/posts"}],"about":[{"href":"https:\/\/verdadeon.com.br\/portal\/wp-json\/wp\/v2\/types\/post"}],"author":[{"embeddable":true,"href":"https:\/\/verdadeon.com.br\/portal\/wp-json\/wp\/v2\/users\/10"}],"replies":[{"embeddable":true,"href":"https:\/\/verdadeon.com.br\/portal\/wp-json\/wp\/v2\/comments?post=55510"}],"version-history":[{"count":1,"href":"https:\/\/verdadeon.com.br\/portal\/wp-json\/wp\/v2\/posts\/55510\/revisions"}],"predecessor-version":[{"id":55511,"href":"https:\/\/verdadeon.com.br\/portal\/wp-json\/wp\/v2\/posts\/55510\/revisions\/55511"}],"wp:featuredmedia":[{"embeddable":true,"href":"https:\/\/verdadeon.com.br\/portal\/wp-json\/wp\/v2\/media\/54433"}],"wp:attachment":[{"href":"https:\/\/verdadeon.com.br\/portal\/wp-json\/wp\/v2\/media?parent=55510"}],"wp:term":[{"taxonomy":"category","embeddable":true,"href":"https:\/\/verdadeon.com.br\/portal\/wp-json\/wp\/v2\/categories?post=55510"},{"taxonomy":"post_tag","embeddable":true,"href":"https:\/\/verdadeon.com.br\/portal\/wp-json\/wp\/v2\/tags?post=55510"}],"curies":[{"name":"wp","href":"https:\/\/api.w.org\/{rel}","templated":true}]}}