{"id":55433,"date":"2025-04-19T11:29:38","date_gmt":"2025-04-19T14:29:38","guid":{"rendered":"https:\/\/verdadeon.com.br\/portal\/?p=55433"},"modified":"2025-04-19T11:29:38","modified_gmt":"2025-04-19T14:29:38","slug":"hipertensao-atinge-45-dos-brasileiros-adultos-mas-so-1-em-cada-3-controla-a-doenca","status":"publish","type":"post","link":"https:\/\/verdadeon.com.br\/portal\/2025\/04\/19\/hipertensao-atinge-45-dos-brasileiros-adultos-mas-so-1-em-cada-3-controla-a-doenca\/","title":{"rendered":"Hipertens\u00e3o atinge 45% dos brasileiros adultos, mas s\u00f3 1 em cada 3 controla a doen\u00e7a"},"content":{"rendered":"<h2>Grupo\u00a0<span class=\"il\">Santa<\/span>\u00a0<span class=\"il\">Casa<\/span>\u00a0de Franca refor\u00e7a a import\u00e2ncia do diagn\u00f3stico precoce e do tratamento cont\u00ednuo para evitar complica\u00e7\u00f5es graves<\/h2>\n<p>Segundo a Organiza\u00e7\u00e3o Mundial da Sa\u00fade (OMS), enquanto a m\u00e9dia global de adultos entre 30 e 79 anos afetados pela hipertens\u00e3o \u00e9 de 33%, no Brasil estima-se que esse \u00edndice chegue a 45%, o equivalente a 50,7 milh\u00f5es de pessoas. Desse total, 62% t\u00eam diagn\u00f3stico confirmado, mas apenas 33% est\u00e3o com a press\u00e3o arterial controlada.<\/p>\n<p>\u201cA hipertens\u00e3o, tamb\u00e9m conhecida como press\u00e3o alta, \u00e9 uma condi\u00e7\u00e3o em que a for\u00e7a do sangue contra as paredes das art\u00e9rias permanece elevada continuamente, o que obriga o cora\u00e7\u00e3o a trabalhar mais para bombear o sangue. Considera-se hipertensa a pessoa com press\u00e3o arterial igual ou superior a 140 por 90 mmHg (14 por 9)\u201d, explica o cardiologista Ulisses Gianecchini, do Hospital do Cora\u00e7\u00e3o, administrado pelo Grupo\u00a0<span class=\"il\">Santa<\/span>\u00a0<span class=\"il\">Casa<\/span> de Franca.<\/p>\n<p>O especialista destaca que fatores como obesidade, hist\u00f3rico familiar, estresse e envelhecimento est\u00e3o entre as principais causas da doen\u00e7a. \u201cO sobrepeso e a obesidade, por exemplo, podem antecipar em at\u00e9 10 anos o surgimento da hipertens\u00e3o. Al\u00e9m disso, o consumo excessivo de sal e uma alimenta\u00e7\u00e3o desequilibrada tamb\u00e9m contribuem para seu desenvolvimento\u201d, afirma.<\/p>\n<p>Tontura, falta de ar, palpita\u00e7\u00f5es, dor de cabe\u00e7a frequente e altera\u00e7\u00f5es na vis\u00e3o podem ser sinais de alerta. No entanto, em grande parte dos casos, a hipertens\u00e3o \u00e9 silenciosa, o que torna essencial a medi\u00e7\u00e3o regular da press\u00e3o arterial, mesmo na aus\u00eancia de sintomas.<\/p>\n<p>\u201cA hipertens\u00e3o, na maioria das vezes, n\u00e3o tem cura, mas pode ser controlada com medicamentos e mudan\u00e7as no estilo de vida. Isso inclui manter o peso adequado, adotar h\u00e1bitos alimentares mais saud\u00e1veis, reduzir o consumo de sal, praticar atividade f\u00edsica regularmente, evitar alimentos gordurosos, moderar o consumo de \u00e1lcool, parar de fumar e controlar o diabetes\u201d, orienta o cardiologista.<\/p>\n<p>Celebrado em 26 de abril, o Dia Nacional de Preven\u00e7\u00e3o e Combate \u00e0 Hipertens\u00e3o Arterial busca conscientizar a popula\u00e7\u00e3o sobre a import\u00e2ncia do diagn\u00f3stico precoce e do tratamento adequado da doen\u00e7a, que, se n\u00e3o controlada, pode levar a complica\u00e7\u00f5es graves, como infarto, insufici\u00eancia renal e acidente vascular cerebral (AVC).<\/p>\n<p>A neurologista Dra. Thaisa Mour\u00e3o Vasconcelos de Mattos do Grupo\u00a0<span class=\"il\">Santa<\/span>\u00a0<span class=\"il\">Casa<\/span> de Franca, refor\u00e7a que a hipertens\u00e3o \u00e9 um dos principais fatores de risco para o AVC, tanto do tipo isqu\u00eamico quanto hemorr\u00e1gico. \u201cQuando a press\u00e3o arterial est\u00e1 descontrolada, h\u00e1 maior chance de rompimento de vasos cerebrais ou forma\u00e7\u00e3o de co\u00e1gulos, o que pode resultar em um quadro s\u00fabito de AVC. \u00c9 uma situa\u00e7\u00e3o que exige atendimento r\u00e1pido para reduzir o risco de sequelas\u201d, alerta.<\/p>\n<p>Na\u00a0<span class=\"il\">Santa<\/span>\u00a0<span class=\"il\">Casa<\/span>\u00a0de Franca, os atendimentos a casos de AVC s\u00e3o realizados de forma especializada, com suporte de equipe multidisciplinar, protocolo de tromb\u00f3lise e acesso \u00e1gil a exames de imagem, o que contribui para o diagn\u00f3stico precoce e a condu\u00e7\u00e3o adequada dos casos. A institui\u00e7\u00e3o \u00e9 reconhecida como refer\u00eancia em urg\u00eancia e emerg\u00eancia neurol\u00f3gica na regi\u00e3o e integra o Projeto Angels, iniciativa internacional que busca melhorar a qualidade do atendimento a pacientes com AVC. Em 2023, a\u00a0<span class=\"il\">Santa<\/span>\u00a0<span class=\"il\">Casa<\/span>\u00a0conquistou a certifica\u00e7\u00e3o diamante, concedida pela European Stroke Organisation (ESO), pelo alto desempenho e agilidade no cuidado a pessoas acometidas por acidente vascular cerebral.<\/p>\n<p><strong>Estrutura de refer\u00eancia no cuidado cardiovascular<\/strong><\/p>\n<p>O Hospital do Cora\u00e7\u00e3o, administrado pelo Grupo\u00a0<span class=\"il\">Santa<\/span>\u00a0<span class=\"il\">Casa<\/span> de Franca, oferece estrutura voltada exclusivamente ao cuidado cardiovascular, com atendimentos ambulatoriais, cirurgias eletivas e de urg\u00eancia, exames diagn\u00f3sticos e procedimentos de alta complexidade. A unidade est\u00e1 equipada para tratar desde casos cl\u00ednicos at\u00e9 interven\u00e7\u00f5es cir\u00fargicas, com suporte em hemodin\u00e2mica, UTI especializada e pronto atendimento cardiol\u00f3gico.<\/p>\n<p>Com equipe multidisciplinar e acompanhamento cont\u00ednuo, o hospital tamb\u00e9m realiza avalia\u00e7\u00f5es de risco cir\u00fargico, acompanhamento de pacientes com doen\u00e7as cr\u00f4nicas, al\u00e9m de exames como ecocardiograma, teste ergom\u00e9trico, MAPA e holter, fundamentais para o diagn\u00f3stico e controle da hipertens\u00e3o.<\/p>\n","protected":false},"excerpt":{"rendered":"<p>Grupo\u00a0Santa\u00a0Casa\u00a0de Franca refor\u00e7a a import\u00e2ncia do diagn\u00f3stico precoce e do tratamento cont\u00ednuo para evitar complica\u00e7\u00f5es graves Segundo a Organiza\u00e7\u00e3o Mundial da Sa\u00fade (OMS), enquanto a m\u00e9dia<span class=\"excerpt-hellip\"> [\u2026]<\/span><\/p>\n","protected":false},"author":10,"featured_media":55434,"comment_status":"open","ping_status":"open","sticky":false,"template":"","format":"standard","meta":{"_jetpack_memberships_contains_paid_content":false,"footnotes":"","jetpack_publicize_message":"","jetpack_publicize_feature_enabled":true,"jetpack_social_post_already_shared":true,"jetpack_social_options":{"image_generator_settings":{"template":"highway","default_image_id":0,"enabled":false},"version":2}},"categories":[28,44],"tags":[],"class_list":["post-55433","post","type-post","status-publish","format-standard","has-post-thumbnail","hentry","category-cotidiano","category-noticias"],"yoast_head":"<!-- This site is optimized with the Yoast SEO plugin v25.6 - https:\/\/yoast.com\/wordpress\/plugins\/seo\/ -->\n<title>Hipertens\u00e3o atinge 45% dos brasileiros adultos, mas s\u00f3 1 em cada 3 controla a doen\u00e7a - VerdadeOn<\/title>\n<meta name=\"robots\" content=\"index, follow, max-snippet:-1, max-image-preview:large, max-video-preview:-1\" \/>\n<link rel=\"canonical\" href=\"https:\/\/verdadeon.com.br\/portal\/2025\/04\/19\/hipertensao-atinge-45-dos-brasileiros-adultos-mas-so-1-em-cada-3-controla-a-doenca\/\" \/>\n<meta property=\"og:locale\" content=\"pt_BR\" \/>\n<meta property=\"og:type\" content=\"article\" \/>\n<meta property=\"og:title\" content=\"Hipertens\u00e3o atinge 45% dos brasileiros adultos, mas s\u00f3 1 em cada 3 controla a doen\u00e7a - VerdadeOn\" \/>\n<meta property=\"og:description\" content=\"Grupo\u00a0Santa\u00a0Casa\u00a0de Franca refor\u00e7a a import\u00e2ncia do diagn\u00f3stico precoce e do tratamento cont\u00ednuo para evitar complica\u00e7\u00f5es graves Segundo a Organiza\u00e7\u00e3o Mundial da Sa\u00fade (OMS), enquanto a m\u00e9dia [\u2026]\" \/>\n<meta property=\"og:url\" content=\"https:\/\/verdadeon.com.br\/portal\/2025\/04\/19\/hipertensao-atinge-45-dos-brasileiros-adultos-mas-so-1-em-cada-3-controla-a-doenca\/\" \/>\n<meta property=\"og:site_name\" content=\"VerdadeOn\" \/>\n<meta property=\"article:published_time\" content=\"2025-04-19T14:29:38+00:00\" \/>\n<meta property=\"og:image\" content=\"https:\/\/verdadeon.com.br\/portal\/wp-content\/uploads\/2025\/04\/unnamed-8.jpg\" \/>\n\t<meta property=\"og:image:width\" content=\"800\" \/>\n\t<meta property=\"og:image:height\" content=\"533\" \/>\n\t<meta property=\"og:image:type\" content=\"image\/jpeg\" \/>\n<meta name=\"author\" content=\"Redacao VerdadeOn\" \/>\n<meta name=\"twitter:card\" content=\"summary_large_image\" \/>\n<meta name=\"twitter:label1\" content=\"Escrito por\" \/>\n\t<meta name=\"twitter:data1\" content=\"Redacao VerdadeOn\" \/>\n\t<meta name=\"twitter:label2\" content=\"Est. tempo de leitura\" \/>\n\t<meta name=\"twitter:data2\" content=\"4 minutos\" \/>\n<script type=\"application\/ld+json\" class=\"yoast-schema-graph\">{\"@context\":\"https:\/\/schema.org\",\"@graph\":[{\"@type\":\"WebPage\",\"@id\":\"https:\/\/verdadeon.com.br\/portal\/2025\/04\/19\/hipertensao-atinge-45-dos-brasileiros-adultos-mas-so-1-em-cada-3-controla-a-doenca\/\",\"url\":\"https:\/\/verdadeon.com.br\/portal\/2025\/04\/19\/hipertensao-atinge-45-dos-brasileiros-adultos-mas-so-1-em-cada-3-controla-a-doenca\/\",\"name\":\"Hipertens\u00e3o atinge 45% dos brasileiros adultos, mas s\u00f3 1 em cada 3 controla a doen\u00e7a - VerdadeOn\",\"isPartOf\":{\"@id\":\"https:\/\/verdadeon.com.br\/portal\/#website\"},\"primaryImageOfPage\":{\"@id\":\"https:\/\/verdadeon.com.br\/portal\/2025\/04\/19\/hipertensao-atinge-45-dos-brasileiros-adultos-mas-so-1-em-cada-3-controla-a-doenca\/#primaryimage\"},\"image\":{\"@id\":\"https:\/\/verdadeon.com.br\/portal\/2025\/04\/19\/hipertensao-atinge-45-dos-brasileiros-adultos-mas-so-1-em-cada-3-controla-a-doenca\/#primaryimage\"},\"thumbnailUrl\":\"https:\/\/i0.wp.com\/verdadeon.com.br\/portal\/wp-content\/uploads\/2025\/04\/unnamed-8.jpg?fit=800%2C533&ssl=1\",\"datePublished\":\"2025-04-19T14:29:38+00:00\",\"author\":{\"@id\":\"https:\/\/verdadeon.com.br\/portal\/#\/schema\/person\/a5060ad1e9ea3df545188fc93ce43d2f\"},\"breadcrumb\":{\"@id\":\"https:\/\/verdadeon.com.br\/portal\/2025\/04\/19\/hipertensao-atinge-45-dos-brasileiros-adultos-mas-so-1-em-cada-3-controla-a-doenca\/#breadcrumb\"},\"inLanguage\":\"pt-BR\",\"potentialAction\":[{\"@type\":\"ReadAction\",\"target\":[\"https:\/\/verdadeon.com.br\/portal\/2025\/04\/19\/hipertensao-atinge-45-dos-brasileiros-adultos-mas-so-1-em-cada-3-controla-a-doenca\/\"]}]},{\"@type\":\"ImageObject\",\"inLanguage\":\"pt-BR\",\"@id\":\"https:\/\/verdadeon.com.br\/portal\/2025\/04\/19\/hipertensao-atinge-45-dos-brasileiros-adultos-mas-so-1-em-cada-3-controla-a-doenca\/#primaryimage\",\"url\":\"https:\/\/i0.wp.com\/verdadeon.com.br\/portal\/wp-content\/uploads\/2025\/04\/unnamed-8.jpg?fit=800%2C533&ssl=1\",\"contentUrl\":\"https:\/\/i0.wp.com\/verdadeon.com.br\/portal\/wp-content\/uploads\/2025\/04\/unnamed-8.jpg?fit=800%2C533&ssl=1\",\"width\":800,\"height\":533,\"caption\":\"(\u00a9Divulga\u00e7\u00e3o\/Freepik)\"},{\"@type\":\"BreadcrumbList\",\"@id\":\"https:\/\/verdadeon.com.br\/portal\/2025\/04\/19\/hipertensao-atinge-45-dos-brasileiros-adultos-mas-so-1-em-cada-3-controla-a-doenca\/#breadcrumb\",\"itemListElement\":[{\"@type\":\"ListItem\",\"position\":1,\"name\":\"In\u00edcio\",\"item\":\"https:\/\/verdadeon.com.br\/portal\/\"},{\"@type\":\"ListItem\",\"position\":2,\"name\":\"Hipertens\u00e3o atinge 45% dos brasileiros adultos, mas s\u00f3 1 em cada 3 controla a doen\u00e7a\"}]},{\"@type\":\"WebSite\",\"@id\":\"https:\/\/verdadeon.com.br\/portal\/#website\",\"url\":\"https:\/\/verdadeon.com.br\/portal\/\",\"name\":\"VerdadeOn\",\"description\":\"Not\u00edcias di\u00e1rias sobre Franca, Regi\u00e3o, Esporte, Cultura, Cotidiano, Colunas. Cobertura nos principais eventos da cidade \u00e9 aqui - Verdadeon Franca\",\"potentialAction\":[{\"@type\":\"SearchAction\",\"target\":{\"@type\":\"EntryPoint\",\"urlTemplate\":\"https:\/\/verdadeon.com.br\/portal\/?s={search_term_string}\"},\"query-input\":{\"@type\":\"PropertyValueSpecification\",\"valueRequired\":true,\"valueName\":\"search_term_string\"}}],\"inLanguage\":\"pt-BR\"},{\"@type\":\"Person\",\"@id\":\"https:\/\/verdadeon.com.br\/portal\/#\/schema\/person\/a5060ad1e9ea3df545188fc93ce43d2f\",\"name\":\"Redacao VerdadeOn\",\"image\":{\"@type\":\"ImageObject\",\"inLanguage\":\"pt-BR\",\"@id\":\"https:\/\/verdadeon.com.br\/portal\/#\/schema\/person\/image\/\",\"url\":\"https:\/\/secure.gravatar.com\/avatar\/459a9613caaaf07f582c3d0841eea68bdd66f533e465e6ba8b9cb45619572cf4?s=96&d=mm&r=g\",\"contentUrl\":\"https:\/\/secure.gravatar.com\/avatar\/459a9613caaaf07f582c3d0841eea68bdd66f533e465e6ba8b9cb45619572cf4?s=96&d=mm&r=g\",\"caption\":\"Redacao VerdadeOn\"},\"url\":\"https:\/\/verdadeon.com.br\/portal\/author\/redacao\/\"}]}<\/script>\n<!-- \/ Yoast SEO plugin. -->","yoast_head_json":{"title":"Hipertens\u00e3o atinge 45% dos brasileiros adultos, mas s\u00f3 1 em cada 3 controla a doen\u00e7a - VerdadeOn","robots":{"index":"index","follow":"follow","max-snippet":"max-snippet:-1","max-image-preview":"max-image-preview:large","max-video-preview":"max-video-preview:-1"},"canonical":"https:\/\/verdadeon.com.br\/portal\/2025\/04\/19\/hipertensao-atinge-45-dos-brasileiros-adultos-mas-so-1-em-cada-3-controla-a-doenca\/","og_locale":"pt_BR","og_type":"article","og_title":"Hipertens\u00e3o atinge 45% dos brasileiros adultos, mas s\u00f3 1 em cada 3 controla a doen\u00e7a - VerdadeOn","og_description":"Grupo\u00a0Santa\u00a0Casa\u00a0de Franca refor\u00e7a a import\u00e2ncia do diagn\u00f3stico precoce e do tratamento cont\u00ednuo para evitar complica\u00e7\u00f5es graves Segundo a Organiza\u00e7\u00e3o Mundial da Sa\u00fade (OMS), enquanto a m\u00e9dia [\u2026]","og_url":"https:\/\/verdadeon.com.br\/portal\/2025\/04\/19\/hipertensao-atinge-45-dos-brasileiros-adultos-mas-so-1-em-cada-3-controla-a-doenca\/","og_site_name":"VerdadeOn","article_published_time":"2025-04-19T14:29:38+00:00","og_image":[{"width":800,"height":533,"url":"https:\/\/verdadeon.com.br\/portal\/wp-content\/uploads\/2025\/04\/unnamed-8.jpg","type":"image\/jpeg"}],"author":"Redacao VerdadeOn","twitter_card":"summary_large_image","twitter_misc":{"Escrito por":"Redacao VerdadeOn","Est. tempo de leitura":"4 minutos"},"schema":{"@context":"https:\/\/schema.org","@graph":[{"@type":"WebPage","@id":"https:\/\/verdadeon.com.br\/portal\/2025\/04\/19\/hipertensao-atinge-45-dos-brasileiros-adultos-mas-so-1-em-cada-3-controla-a-doenca\/","url":"https:\/\/verdadeon.com.br\/portal\/2025\/04\/19\/hipertensao-atinge-45-dos-brasileiros-adultos-mas-so-1-em-cada-3-controla-a-doenca\/","name":"Hipertens\u00e3o atinge 45% dos brasileiros adultos, mas s\u00f3 1 em cada 3 controla a doen\u00e7a - VerdadeOn","isPartOf":{"@id":"https:\/\/verdadeon.com.br\/portal\/#website"},"primaryImageOfPage":{"@id":"https:\/\/verdadeon.com.br\/portal\/2025\/04\/19\/hipertensao-atinge-45-dos-brasileiros-adultos-mas-so-1-em-cada-3-controla-a-doenca\/#primaryimage"},"image":{"@id":"https:\/\/verdadeon.com.br\/portal\/2025\/04\/19\/hipertensao-atinge-45-dos-brasileiros-adultos-mas-so-1-em-cada-3-controla-a-doenca\/#primaryimage"},"thumbnailUrl":"https:\/\/i0.wp.com\/verdadeon.com.br\/portal\/wp-content\/uploads\/2025\/04\/unnamed-8.jpg?fit=800%2C533&ssl=1","datePublished":"2025-04-19T14:29:38+00:00","author":{"@id":"https:\/\/verdadeon.com.br\/portal\/#\/schema\/person\/a5060ad1e9ea3df545188fc93ce43d2f"},"breadcrumb":{"@id":"https:\/\/verdadeon.com.br\/portal\/2025\/04\/19\/hipertensao-atinge-45-dos-brasileiros-adultos-mas-so-1-em-cada-3-controla-a-doenca\/#breadcrumb"},"inLanguage":"pt-BR","potentialAction":[{"@type":"ReadAction","target":["https:\/\/verdadeon.com.br\/portal\/2025\/04\/19\/hipertensao-atinge-45-dos-brasileiros-adultos-mas-so-1-em-cada-3-controla-a-doenca\/"]}]},{"@type":"ImageObject","inLanguage":"pt-BR","@id":"https:\/\/verdadeon.com.br\/portal\/2025\/04\/19\/hipertensao-atinge-45-dos-brasileiros-adultos-mas-so-1-em-cada-3-controla-a-doenca\/#primaryimage","url":"https:\/\/i0.wp.com\/verdadeon.com.br\/portal\/wp-content\/uploads\/2025\/04\/unnamed-8.jpg?fit=800%2C533&ssl=1","contentUrl":"https:\/\/i0.wp.com\/verdadeon.com.br\/portal\/wp-content\/uploads\/2025\/04\/unnamed-8.jpg?fit=800%2C533&ssl=1","width":800,"height":533,"caption":"(\u00a9Divulga\u00e7\u00e3o\/Freepik)"},{"@type":"BreadcrumbList","@id":"https:\/\/verdadeon.com.br\/portal\/2025\/04\/19\/hipertensao-atinge-45-dos-brasileiros-adultos-mas-so-1-em-cada-3-controla-a-doenca\/#breadcrumb","itemListElement":[{"@type":"ListItem","position":1,"name":"In\u00edcio","item":"https:\/\/verdadeon.com.br\/portal\/"},{"@type":"ListItem","position":2,"name":"Hipertens\u00e3o atinge 45% dos brasileiros adultos, mas s\u00f3 1 em cada 3 controla a doen\u00e7a"}]},{"@type":"WebSite","@id":"https:\/\/verdadeon.com.br\/portal\/#website","url":"https:\/\/verdadeon.com.br\/portal\/","name":"VerdadeOn","description":"Not\u00edcias di\u00e1rias sobre Franca, Regi\u00e3o, Esporte, Cultura, Cotidiano, Colunas. Cobertura nos principais eventos da cidade \u00e9 aqui - Verdadeon Franca","potentialAction":[{"@type":"SearchAction","target":{"@type":"EntryPoint","urlTemplate":"https:\/\/verdadeon.com.br\/portal\/?s={search_term_string}"},"query-input":{"@type":"PropertyValueSpecification","valueRequired":true,"valueName":"search_term_string"}}],"inLanguage":"pt-BR"},{"@type":"Person","@id":"https:\/\/verdadeon.com.br\/portal\/#\/schema\/person\/a5060ad1e9ea3df545188fc93ce43d2f","name":"Redacao VerdadeOn","image":{"@type":"ImageObject","inLanguage":"pt-BR","@id":"https:\/\/verdadeon.com.br\/portal\/#\/schema\/person\/image\/","url":"https:\/\/secure.gravatar.com\/avatar\/459a9613caaaf07f582c3d0841eea68bdd66f533e465e6ba8b9cb45619572cf4?s=96&d=mm&r=g","contentUrl":"https:\/\/secure.gravatar.com\/avatar\/459a9613caaaf07f582c3d0841eea68bdd66f533e465e6ba8b9cb45619572cf4?s=96&d=mm&r=g","caption":"Redacao VerdadeOn"},"url":"https:\/\/verdadeon.com.br\/portal\/author\/redacao\/"}]}},"jetpack_publicize_connections":[],"jetpack_featured_media_url":"https:\/\/i0.wp.com\/verdadeon.com.br\/portal\/wp-content\/uploads\/2025\/04\/unnamed-8.jpg?fit=800%2C533&ssl=1","jetpack_sharing_enabled":true,"_links":{"self":[{"href":"https:\/\/verdadeon.com.br\/portal\/wp-json\/wp\/v2\/posts\/55433","targetHints":{"allow":["GET"]}}],"collection":[{"href":"https:\/\/verdadeon.com.br\/portal\/wp-json\/wp\/v2\/posts"}],"about":[{"href":"https:\/\/verdadeon.com.br\/portal\/wp-json\/wp\/v2\/types\/post"}],"author":[{"embeddable":true,"href":"https:\/\/verdadeon.com.br\/portal\/wp-json\/wp\/v2\/users\/10"}],"replies":[{"embeddable":true,"href":"https:\/\/verdadeon.com.br\/portal\/wp-json\/wp\/v2\/comments?post=55433"}],"version-history":[{"count":1,"href":"https:\/\/verdadeon.com.br\/portal\/wp-json\/wp\/v2\/posts\/55433\/revisions"}],"predecessor-version":[{"id":55435,"href":"https:\/\/verdadeon.com.br\/portal\/wp-json\/wp\/v2\/posts\/55433\/revisions\/55435"}],"wp:featuredmedia":[{"embeddable":true,"href":"https:\/\/verdadeon.com.br\/portal\/wp-json\/wp\/v2\/media\/55434"}],"wp:attachment":[{"href":"https:\/\/verdadeon.com.br\/portal\/wp-json\/wp\/v2\/media?parent=55433"}],"wp:term":[{"taxonomy":"category","embeddable":true,"href":"https:\/\/verdadeon.com.br\/portal\/wp-json\/wp\/v2\/categories?post=55433"},{"taxonomy":"post_tag","embeddable":true,"href":"https:\/\/verdadeon.com.br\/portal\/wp-json\/wp\/v2\/tags?post=55433"}],"curies":[{"name":"wp","href":"https:\/\/api.w.org\/{rel}","templated":true}]}}