{"id":5514,"date":"2020-03-22T12:04:45","date_gmt":"2020-03-22T15:04:45","guid":{"rendered":"http:\/\/verdadeon.com.br\/portal\/?p=5514"},"modified":"2020-03-22T12:04:45","modified_gmt":"2020-03-22T15:04:45","slug":"como-cuidar-da-alimentacao-para-manter-a-imunidade-das-criancas","status":"publish","type":"post","link":"https:\/\/verdadeon.com.br\/portal\/2020\/03\/22\/como-cuidar-da-alimentacao-para-manter-a-imunidade-das-criancas\/","title":{"rendered":"Como cuidar da alimenta\u00e7\u00e3o para manter a imunidade das crian\u00e7as"},"content":{"rendered":"<div class=\"col-lg-12 mb-3\">\n<div class=\"row\">\n<h4 class=\"col-10 offset-1 animated fadeInDown dealy-1100 alt-font font-italic my-2 small text-info text-center\">Kelly Oliveira &#8211; Rep\u00f3rter da Ag\u00eancia Brasil<\/h4>\n<\/div>\n<\/div>\n<div class=\"col-xl-7 offset-xl-1 col-lg-8 offset-lg-0 col-md-10 offset-md-1 mb-3\">\n<div class=\"post-item alt-font\">\n<div class=\"post-item-wrap\">\n<p>A Sociedade Brasileira de Diabetes (SBD) alerta para os cuidados com a alimenta\u00e7\u00e3o de crian\u00e7as e jovens para manter a imunidade.<\/p>\n<p>Com o fechamento de grande parte das escolas privadas e p\u00fablicas e o aumento exponencial de casos de\u00a0Covid-2019 confirmados no Brasil, muitas crian\u00e7as tiveram de ser afastadas de suas atividades, alterando tamb\u00e9m a rotina de pais e cuidadores. Para ajud\u00e1-los com a alimenta\u00e7\u00e3o, considerando poss\u00edvel cen\u00e1rio de restri\u00e7\u00f5es \u00e0 pr\u00e1tica de atividades f\u00edsicas, a SBD organizou algumas dicas para facilitar nutri\u00e7\u00e3o saud\u00e1vel de crian\u00e7as com e sem diabetes.<\/p>\n<p>De acordo com a nutricionista Silvia Ramos, coordenadora do Departamento de Nutri\u00e7\u00e3o, Exerc\u00edcio e Esportes em Diabetes da SBD, nesses dias at\u00edpicos, \u00e9 de fundamental import\u00e2ncia planejar os itens a serem ofertados. Desta forma, evita-se um erro comum: refei\u00e7\u00f5es e lanches com excesso de um grupo de nutrientes e falta de outros importantes para o desenvolvimento infanto-juvenil.<\/p>\n<p>\u201c\u00c9 fundamental lembrar que as crian\u00e7as e jovens, independente de terem ou n\u00e3o diabetes, necessitam de uma boa alimenta\u00e7\u00e3o. Ao considerar este cen\u00e1rio de pandemia, esse cuidado torna-se ainda mais importante, visto que ajuda a manter a imunidade elevada e, nos casos de crian\u00e7as e jovens com diabetes, evita-se maior vulnerabilidade ao Covid-19\u201d, diz Silvia.<\/p>\n<p>Com a redu\u00e7\u00e3o da atividade di\u00e1ria \u2013 mesmo que seja a atividade escolar, educa\u00e7\u00e3o f\u00edsica, aulas extras e brincadeiras fora de casa \u2013 as crian\u00e7as e jovens passam a ter uma necessidade menor de alimentos, afirma a nutricionista. \u201cPor outro lado, a ansiedade com a situa\u00e7\u00e3o pode gerar vontade de comer e, por este motivo, mesmo sem aulas a rotina em casa deve ser planejada e se poss\u00edvel com a supervis\u00e3o de um adulto\u201d, complementa.<\/p>\n<h2>Montagem e preparo de pratos<\/h2>\n<p>Durante o preparo e montagem de pratos e lanches, a intera\u00e7\u00e3o entre adultos e crian\u00e7as pode auxiliar tamb\u00e9m na melhor aceita\u00e7\u00e3o dos alimentos, socializa\u00e7\u00e3o dos pequenos e autonomia \u2013 al\u00e9m dos potenciais aspectos l\u00fadico e educacional. Para as crian\u00e7as, \u00e9 importante que as refei\u00e7\u00f5es sejam feitas \u00e0 mesa e que o momento seja focado na alimenta\u00e7\u00e3o sem outras distra\u00e7\u00f5es.<\/p>\n<p>Silvia aponta ainda a necessidade de aten\u00e7\u00e3o a alimentos que parecem saud\u00e1veis, mas podem ser pouco nutritivos. \u00c9 o caso dos bolinhos prontos, biscoitos com ou sem recheio, achocolatados prontos, refrigerantes, sucos de caixinha e salgadinhos.<\/p>\n<p>Alimentos industrializados e ultraprocessados, de modo geral devem ser evitados. Suas formula\u00e7\u00f5es, na maior parte das vezes, s\u00e3o ricas em a\u00e7\u00facares, gorduras saturadas e aditivos qu\u00edmicos. Por isso, a busca por alimentos naturais deve ser o primeiro passo.<\/p>\n<p>Para facilitar no dia-a-dia, Silvia aponta que a melhor forma de organiza\u00e7\u00e3o \u00e9 dividir os alimentos em tr\u00eas grupos:<\/p>\n<p>-Grupo de Carboidratos: fornecem energia e disposi\u00e7\u00e3o para as atividades rotineiras. Exemplos: p\u00e3es, torradas, bolos simples, cereais integrais, tapioca, panqueca, biscoitos integrais, tortas, pipoca, dentre outros;<\/p>\n<p>&#8211; Grupo de Prote\u00ednas: respons\u00e1veis pela forma\u00e7\u00e3o de tecido e m\u00fasculos fundamentais para o crescimento. E o caso do leite, iogurte, coalhada, queijos e ovos.<\/p>\n<p>&#8211; Grupo das frutas e hortali\u00e7as: possuem alto teor nutricional e ajudam na de saciedade. Al\u00e9m disso, s\u00e3o pr\u00e1ticos para transportar e consumir. Exemplo: Frutas frescas ou secas, tomate, cenoura e pepino.<\/p>\n<\/div>\n<p class=\"alt-font font-italic my-2 small text-info\">Edi\u00e7\u00e3o: Denise Griesinger<\/p>\n<\/div>\n<\/div>\n","protected":false},"excerpt":{"rendered":"<p>Kelly Oliveira &#8211; Rep\u00f3rter da Ag\u00eancia Brasil A Sociedade Brasileira de Diabetes (SBD) alerta para os cuidados com a alimenta\u00e7\u00e3o de crian\u00e7as e jovens para manter<span class=\"excerpt-hellip\"> [\u2026]<\/span><\/p>\n","protected":false},"author":10,"featured_media":5517,"comment_status":"open","ping_status":"open","sticky":false,"template":"","format":"standard","meta":{"_jetpack_memberships_contains_paid_content":false,"footnotes":"","jetpack_publicize_message":"","jetpack_publicize_feature_enabled":true,"jetpack_social_post_already_shared":false,"jetpack_social_options":{"image_generator_settings":{"template":"highway","default_image_id":0,"enabled":false},"version":2}},"categories":[28,44],"tags":[],"class_list":["post-5514","post","type-post","status-publish","format-standard","has-post-thumbnail","hentry","category-cotidiano","category-noticias"],"yoast_head":"<!-- This site is optimized with the Yoast SEO plugin v25.6 - https:\/\/yoast.com\/wordpress\/plugins\/seo\/ -->\n<title>Como cuidar da alimenta\u00e7\u00e3o para manter a imunidade das crian\u00e7as - VerdadeOn<\/title>\n<meta name=\"robots\" content=\"index, follow, max-snippet:-1, max-image-preview:large, max-video-preview:-1\" \/>\n<link rel=\"canonical\" href=\"https:\/\/verdadeon.com.br\/portal\/2020\/03\/22\/como-cuidar-da-alimentacao-para-manter-a-imunidade-das-criancas\/\" \/>\n<meta property=\"og:locale\" content=\"pt_BR\" \/>\n<meta property=\"og:type\" content=\"article\" \/>\n<meta property=\"og:title\" content=\"Como cuidar da alimenta\u00e7\u00e3o para manter a imunidade das crian\u00e7as - VerdadeOn\" \/>\n<meta property=\"og:description\" content=\"Kelly Oliveira &#8211; Rep\u00f3rter da Ag\u00eancia Brasil A Sociedade Brasileira de Diabetes (SBD) alerta para os cuidados com a alimenta\u00e7\u00e3o de crian\u00e7as e jovens para manter [\u2026]\" \/>\n<meta property=\"og:url\" content=\"https:\/\/verdadeon.com.br\/portal\/2020\/03\/22\/como-cuidar-da-alimentacao-para-manter-a-imunidade-das-criancas\/\" \/>\n<meta property=\"og:site_name\" content=\"VerdadeOn\" \/>\n<meta property=\"article:published_time\" content=\"2020-03-22T15:04:45+00:00\" \/>\n<meta property=\"og:image\" content=\"https:\/\/verdadeon.com.br\/portal\/wp-content\/uploads\/2020\/03\/comida-scaled.jpg\" \/>\n\t<meta property=\"og:image:width\" content=\"1000\" \/>\n\t<meta property=\"og:image:height\" content=\"598\" \/>\n\t<meta property=\"og:image:type\" content=\"image\/jpeg\" \/>\n<meta name=\"author\" content=\"Redacao VerdadeOn\" \/>\n<meta name=\"twitter:card\" content=\"summary_large_image\" \/>\n<meta name=\"twitter:label1\" content=\"Escrito por\" \/>\n\t<meta name=\"twitter:data1\" content=\"Redacao VerdadeOn\" \/>\n\t<meta name=\"twitter:label2\" content=\"Est. tempo de leitura\" \/>\n\t<meta name=\"twitter:data2\" content=\"3 minutos\" \/>\n<script type=\"application\/ld+json\" class=\"yoast-schema-graph\">{\"@context\":\"https:\/\/schema.org\",\"@graph\":[{\"@type\":\"WebPage\",\"@id\":\"https:\/\/verdadeon.com.br\/portal\/2020\/03\/22\/como-cuidar-da-alimentacao-para-manter-a-imunidade-das-criancas\/\",\"url\":\"https:\/\/verdadeon.com.br\/portal\/2020\/03\/22\/como-cuidar-da-alimentacao-para-manter-a-imunidade-das-criancas\/\",\"name\":\"Como cuidar da alimenta\u00e7\u00e3o para manter a imunidade das crian\u00e7as - VerdadeOn\",\"isPartOf\":{\"@id\":\"https:\/\/verdadeon.com.br\/portal\/#website\"},\"primaryImageOfPage\":{\"@id\":\"https:\/\/verdadeon.com.br\/portal\/2020\/03\/22\/como-cuidar-da-alimentacao-para-manter-a-imunidade-das-criancas\/#primaryimage\"},\"image\":{\"@id\":\"https:\/\/verdadeon.com.br\/portal\/2020\/03\/22\/como-cuidar-da-alimentacao-para-manter-a-imunidade-das-criancas\/#primaryimage\"},\"thumbnailUrl\":\"https:\/\/i0.wp.com\/verdadeon.com.br\/portal\/wp-content\/uploads\/2020\/03\/comida-scaled.jpg?fit=1000%2C598&ssl=1\",\"datePublished\":\"2020-03-22T15:04:45+00:00\",\"author\":{\"@id\":\"https:\/\/verdadeon.com.br\/portal\/#\/schema\/person\/a5060ad1e9ea3df545188fc93ce43d2f\"},\"breadcrumb\":{\"@id\":\"https:\/\/verdadeon.com.br\/portal\/2020\/03\/22\/como-cuidar-da-alimentacao-para-manter-a-imunidade-das-criancas\/#breadcrumb\"},\"inLanguage\":\"pt-BR\",\"potentialAction\":[{\"@type\":\"ReadAction\",\"target\":[\"https:\/\/verdadeon.com.br\/portal\/2020\/03\/22\/como-cuidar-da-alimentacao-para-manter-a-imunidade-das-criancas\/\"]}]},{\"@type\":\"ImageObject\",\"inLanguage\":\"pt-BR\",\"@id\":\"https:\/\/verdadeon.com.br\/portal\/2020\/03\/22\/como-cuidar-da-alimentacao-para-manter-a-imunidade-das-criancas\/#primaryimage\",\"url\":\"https:\/\/i0.wp.com\/verdadeon.com.br\/portal\/wp-content\/uploads\/2020\/03\/comida-scaled.jpg?fit=1000%2C598&ssl=1\",\"contentUrl\":\"https:\/\/i0.wp.com\/verdadeon.com.br\/portal\/wp-content\/uploads\/2020\/03\/comida-scaled.jpg?fit=1000%2C598&ssl=1\",\"width\":1000,\"height\":598,\"caption\":\"Setenta e oito por cento dos empreendimentos pretendem abrir no Dia dos Pais (\u00a9Jornal Verdade)\"},{\"@type\":\"BreadcrumbList\",\"@id\":\"https:\/\/verdadeon.com.br\/portal\/2020\/03\/22\/como-cuidar-da-alimentacao-para-manter-a-imunidade-das-criancas\/#breadcrumb\",\"itemListElement\":[{\"@type\":\"ListItem\",\"position\":1,\"name\":\"In\u00edcio\",\"item\":\"https:\/\/verdadeon.com.br\/portal\/\"},{\"@type\":\"ListItem\",\"position\":2,\"name\":\"Como cuidar da alimenta\u00e7\u00e3o para manter a imunidade das crian\u00e7as\"}]},{\"@type\":\"WebSite\",\"@id\":\"https:\/\/verdadeon.com.br\/portal\/#website\",\"url\":\"https:\/\/verdadeon.com.br\/portal\/\",\"name\":\"VerdadeOn\",\"description\":\"Not\u00edcias di\u00e1rias sobre Franca, Regi\u00e3o, Esporte, Cultura, Cotidiano, Colunas. Cobertura nos principais eventos da cidade \u00e9 aqui - Verdadeon Franca\",\"potentialAction\":[{\"@type\":\"SearchAction\",\"target\":{\"@type\":\"EntryPoint\",\"urlTemplate\":\"https:\/\/verdadeon.com.br\/portal\/?s={search_term_string}\"},\"query-input\":{\"@type\":\"PropertyValueSpecification\",\"valueRequired\":true,\"valueName\":\"search_term_string\"}}],\"inLanguage\":\"pt-BR\"},{\"@type\":\"Person\",\"@id\":\"https:\/\/verdadeon.com.br\/portal\/#\/schema\/person\/a5060ad1e9ea3df545188fc93ce43d2f\",\"name\":\"Redacao VerdadeOn\",\"image\":{\"@type\":\"ImageObject\",\"inLanguage\":\"pt-BR\",\"@id\":\"https:\/\/verdadeon.com.br\/portal\/#\/schema\/person\/image\/\",\"url\":\"https:\/\/secure.gravatar.com\/avatar\/459a9613caaaf07f582c3d0841eea68bdd66f533e465e6ba8b9cb45619572cf4?s=96&d=mm&r=g\",\"contentUrl\":\"https:\/\/secure.gravatar.com\/avatar\/459a9613caaaf07f582c3d0841eea68bdd66f533e465e6ba8b9cb45619572cf4?s=96&d=mm&r=g\",\"caption\":\"Redacao VerdadeOn\"},\"url\":\"https:\/\/verdadeon.com.br\/portal\/author\/redacao\/\"}]}<\/script>\n<!-- \/ Yoast SEO plugin. -->","yoast_head_json":{"title":"Como cuidar da alimenta\u00e7\u00e3o para manter a imunidade das crian\u00e7as - VerdadeOn","robots":{"index":"index","follow":"follow","max-snippet":"max-snippet:-1","max-image-preview":"max-image-preview:large","max-video-preview":"max-video-preview:-1"},"canonical":"https:\/\/verdadeon.com.br\/portal\/2020\/03\/22\/como-cuidar-da-alimentacao-para-manter-a-imunidade-das-criancas\/","og_locale":"pt_BR","og_type":"article","og_title":"Como cuidar da alimenta\u00e7\u00e3o para manter a imunidade das crian\u00e7as - VerdadeOn","og_description":"Kelly Oliveira &#8211; Rep\u00f3rter da Ag\u00eancia Brasil A Sociedade Brasileira de Diabetes (SBD) alerta para os cuidados com a alimenta\u00e7\u00e3o de crian\u00e7as e jovens para manter [\u2026]","og_url":"https:\/\/verdadeon.com.br\/portal\/2020\/03\/22\/como-cuidar-da-alimentacao-para-manter-a-imunidade-das-criancas\/","og_site_name":"VerdadeOn","article_published_time":"2020-03-22T15:04:45+00:00","og_image":[{"width":1000,"height":598,"url":"https:\/\/verdadeon.com.br\/portal\/wp-content\/uploads\/2020\/03\/comida-scaled.jpg","type":"image\/jpeg"}],"author":"Redacao VerdadeOn","twitter_card":"summary_large_image","twitter_misc":{"Escrito por":"Redacao VerdadeOn","Est. tempo de leitura":"3 minutos"},"schema":{"@context":"https:\/\/schema.org","@graph":[{"@type":"WebPage","@id":"https:\/\/verdadeon.com.br\/portal\/2020\/03\/22\/como-cuidar-da-alimentacao-para-manter-a-imunidade-das-criancas\/","url":"https:\/\/verdadeon.com.br\/portal\/2020\/03\/22\/como-cuidar-da-alimentacao-para-manter-a-imunidade-das-criancas\/","name":"Como cuidar da alimenta\u00e7\u00e3o para manter a imunidade das crian\u00e7as - VerdadeOn","isPartOf":{"@id":"https:\/\/verdadeon.com.br\/portal\/#website"},"primaryImageOfPage":{"@id":"https:\/\/verdadeon.com.br\/portal\/2020\/03\/22\/como-cuidar-da-alimentacao-para-manter-a-imunidade-das-criancas\/#primaryimage"},"image":{"@id":"https:\/\/verdadeon.com.br\/portal\/2020\/03\/22\/como-cuidar-da-alimentacao-para-manter-a-imunidade-das-criancas\/#primaryimage"},"thumbnailUrl":"https:\/\/i0.wp.com\/verdadeon.com.br\/portal\/wp-content\/uploads\/2020\/03\/comida-scaled.jpg?fit=1000%2C598&ssl=1","datePublished":"2020-03-22T15:04:45+00:00","author":{"@id":"https:\/\/verdadeon.com.br\/portal\/#\/schema\/person\/a5060ad1e9ea3df545188fc93ce43d2f"},"breadcrumb":{"@id":"https:\/\/verdadeon.com.br\/portal\/2020\/03\/22\/como-cuidar-da-alimentacao-para-manter-a-imunidade-das-criancas\/#breadcrumb"},"inLanguage":"pt-BR","potentialAction":[{"@type":"ReadAction","target":["https:\/\/verdadeon.com.br\/portal\/2020\/03\/22\/como-cuidar-da-alimentacao-para-manter-a-imunidade-das-criancas\/"]}]},{"@type":"ImageObject","inLanguage":"pt-BR","@id":"https:\/\/verdadeon.com.br\/portal\/2020\/03\/22\/como-cuidar-da-alimentacao-para-manter-a-imunidade-das-criancas\/#primaryimage","url":"https:\/\/i0.wp.com\/verdadeon.com.br\/portal\/wp-content\/uploads\/2020\/03\/comida-scaled.jpg?fit=1000%2C598&ssl=1","contentUrl":"https:\/\/i0.wp.com\/verdadeon.com.br\/portal\/wp-content\/uploads\/2020\/03\/comida-scaled.jpg?fit=1000%2C598&ssl=1","width":1000,"height":598,"caption":"Setenta e oito por cento dos empreendimentos pretendem abrir no Dia dos Pais (\u00a9Jornal Verdade)"},{"@type":"BreadcrumbList","@id":"https:\/\/verdadeon.com.br\/portal\/2020\/03\/22\/como-cuidar-da-alimentacao-para-manter-a-imunidade-das-criancas\/#breadcrumb","itemListElement":[{"@type":"ListItem","position":1,"name":"In\u00edcio","item":"https:\/\/verdadeon.com.br\/portal\/"},{"@type":"ListItem","position":2,"name":"Como cuidar da alimenta\u00e7\u00e3o para manter a imunidade das crian\u00e7as"}]},{"@type":"WebSite","@id":"https:\/\/verdadeon.com.br\/portal\/#website","url":"https:\/\/verdadeon.com.br\/portal\/","name":"VerdadeOn","description":"Not\u00edcias di\u00e1rias sobre Franca, Regi\u00e3o, Esporte, Cultura, Cotidiano, Colunas. Cobertura nos principais eventos da cidade \u00e9 aqui - Verdadeon Franca","potentialAction":[{"@type":"SearchAction","target":{"@type":"EntryPoint","urlTemplate":"https:\/\/verdadeon.com.br\/portal\/?s={search_term_string}"},"query-input":{"@type":"PropertyValueSpecification","valueRequired":true,"valueName":"search_term_string"}}],"inLanguage":"pt-BR"},{"@type":"Person","@id":"https:\/\/verdadeon.com.br\/portal\/#\/schema\/person\/a5060ad1e9ea3df545188fc93ce43d2f","name":"Redacao VerdadeOn","image":{"@type":"ImageObject","inLanguage":"pt-BR","@id":"https:\/\/verdadeon.com.br\/portal\/#\/schema\/person\/image\/","url":"https:\/\/secure.gravatar.com\/avatar\/459a9613caaaf07f582c3d0841eea68bdd66f533e465e6ba8b9cb45619572cf4?s=96&d=mm&r=g","contentUrl":"https:\/\/secure.gravatar.com\/avatar\/459a9613caaaf07f582c3d0841eea68bdd66f533e465e6ba8b9cb45619572cf4?s=96&d=mm&r=g","caption":"Redacao VerdadeOn"},"url":"https:\/\/verdadeon.com.br\/portal\/author\/redacao\/"}]}},"jetpack_publicize_connections":[],"jetpack_featured_media_url":"https:\/\/i0.wp.com\/verdadeon.com.br\/portal\/wp-content\/uploads\/2020\/03\/comida-scaled.jpg?fit=1000%2C598&ssl=1","jetpack_sharing_enabled":true,"_links":{"self":[{"href":"https:\/\/verdadeon.com.br\/portal\/wp-json\/wp\/v2\/posts\/5514","targetHints":{"allow":["GET"]}}],"collection":[{"href":"https:\/\/verdadeon.com.br\/portal\/wp-json\/wp\/v2\/posts"}],"about":[{"href":"https:\/\/verdadeon.com.br\/portal\/wp-json\/wp\/v2\/types\/post"}],"author":[{"embeddable":true,"href":"https:\/\/verdadeon.com.br\/portal\/wp-json\/wp\/v2\/users\/10"}],"replies":[{"embeddable":true,"href":"https:\/\/verdadeon.com.br\/portal\/wp-json\/wp\/v2\/comments?post=5514"}],"version-history":[{"count":0,"href":"https:\/\/verdadeon.com.br\/portal\/wp-json\/wp\/v2\/posts\/5514\/revisions"}],"wp:featuredmedia":[{"embeddable":true,"href":"https:\/\/verdadeon.com.br\/portal\/wp-json\/wp\/v2\/media\/5517"}],"wp:attachment":[{"href":"https:\/\/verdadeon.com.br\/portal\/wp-json\/wp\/v2\/media?parent=5514"}],"wp:term":[{"taxonomy":"category","embeddable":true,"href":"https:\/\/verdadeon.com.br\/portal\/wp-json\/wp\/v2\/categories?post=5514"},{"taxonomy":"post_tag","embeddable":true,"href":"https:\/\/verdadeon.com.br\/portal\/wp-json\/wp\/v2\/tags?post=5514"}],"curies":[{"name":"wp","href":"https:\/\/api.w.org\/{rel}","templated":true}]}}