{"id":55002,"date":"2025-03-31T16:53:25","date_gmt":"2025-03-31T19:53:25","guid":{"rendered":"https:\/\/verdadeon.com.br\/portal\/?p=55002"},"modified":"2025-03-31T19:21:07","modified_gmt":"2025-03-31T22:21:07","slug":"jornal-verdade-comemora-7-anos-neste-mes-de-abril","status":"publish","type":"post","link":"https:\/\/verdadeon.com.br\/portal\/2025\/03\/31\/jornal-verdade-comemora-7-anos-neste-mes-de-abril\/","title":{"rendered":"Jornal Verdade comemora 7 anos neste m\u00eas de abril!"},"content":{"rendered":"<h2>Raz\u00f5es para comemorar&#8230;<\/h2>\n<p>H\u00e1bito rotineiro de muitas pessoas ainda hoje: acordar cedo, tomar um bom caf\u00e9 e acompanhar as principais not\u00edcias de Franca e regi\u00e3o, do Brasil e do mundo. Comprometido com a miss\u00e3o de levar informa\u00e7\u00e3o de responsabilidade a milhares de pessoas, o Jornal Verdade nasceu em 2018 (\u00e0 \u00e9poca, Di\u00e1rio Verdade), objetivando fazer com que os leitores se vejam e se encontrem aqui.<\/p>\n<p>Dada a pandemia de Covid-19, em 2020, a reiven\u00e7\u00e3o foi a palavra-chave para aquele momento conturbado. Dificultando a circula\u00e7\u00e3o &#8216;impressa&#8217;, o Jornal Verdade foi inteiramente adaptado ao formato online, o que permitiu a continuidade do projeto. Resultado disso: o &#8216;Verdade&#8217; se moldou como refer\u00eancia no seguimento e hoje abrange a pelo menos 45 mil pessoas de forma direta\/indireta pelo Whatsapp, email e site. E tudo isso de forma gratuita!<\/p>\n<p>Em 2021, no ato de comemora\u00e7\u00e3o de 3 anos de &#8216;Verdade&#8217;, o Diretor-Presidente Carlos Henrique Pereira afirmou que sua inten\u00e7\u00e3o ao fundar o peri\u00f3dico era trazer para Franca um ve\u00edculo de comunica\u00e7\u00e3o sem v\u00ednculo com qualquer ideologia, seja pol\u00edtica, religiosa ou qualquer outra: &#8220;nossa proposta sempre foi ser imprensa verdadeiramente, e acredito que alcan\u00e7amos nosso objetivo&#8221;. Hoje, com s\u00f3lido crescimento no cen\u00e1rio, o Jornal Verdade se mant\u00e9m como um ve\u00edculo de comunica\u00e7\u00e3o tradicional e ao mesmo tempo inovador, preservando a ess\u00eancia na qual seus pilares foram fundamentados.<\/p>\n<p>No m\u00eas em que n\u00e3o faltam raz\u00f5es para comemorar, trazemos nossos anunciantes que nos felicitam pelo trabalho realizado ao longo desses 7 anos, n\u00e3o esquecendo sobretudo de agradecer a Deus e a nossos leitores, j\u00e1 que nossa hist\u00f3ria, dia ap\u00f3s dia, s\u00f3 \u00e9 contada por causa de voc\u00eas. O nosso muito obrigado!<\/p>\n","protected":false},"excerpt":{"rendered":"<p>Raz\u00f5es para comemorar&#8230; H\u00e1bito rotineiro de muitas pessoas ainda hoje: acordar cedo, tomar um bom caf\u00e9 e acompanhar as principais not\u00edcias de Franca e regi\u00e3o, do<span class=\"excerpt-hellip\"> [\u2026]<\/span><\/p>\n","protected":false},"author":10,"featured_media":55006,"comment_status":"open","ping_status":"open","sticky":false,"template":"","format":"standard","meta":{"_jetpack_memberships_contains_paid_content":false,"footnotes":"","jetpack_publicize_message":"","jetpack_publicize_feature_enabled":true,"jetpack_social_post_already_shared":true,"jetpack_social_options":{"image_generator_settings":{"template":"highway","default_image_id":0,"enabled":false},"version":2}},"categories":[28,81],"tags":[],"class_list":["post-55002","post","type-post","status-publish","format-standard","has-post-thumbnail","hentry","category-cotidiano","category-manchete"],"yoast_head":"<!-- This site is optimized with the Yoast SEO plugin v25.6 - https:\/\/yoast.com\/wordpress\/plugins\/seo\/ -->\n<title>Jornal Verdade comemora 7 anos neste m\u00eas de abril! - VerdadeOn<\/title>\n<meta name=\"robots\" content=\"index, follow, max-snippet:-1, max-image-preview:large, max-video-preview:-1\" \/>\n<link rel=\"canonical\" href=\"https:\/\/verdadeon.com.br\/portal\/2025\/03\/31\/jornal-verdade-comemora-7-anos-neste-mes-de-abril\/\" \/>\n<meta property=\"og:locale\" content=\"pt_BR\" \/>\n<meta property=\"og:type\" content=\"article\" \/>\n<meta property=\"og:title\" content=\"Jornal Verdade comemora 7 anos neste m\u00eas de abril! - VerdadeOn\" \/>\n<meta property=\"og:description\" content=\"Raz\u00f5es para comemorar&#8230; H\u00e1bito rotineiro de muitas pessoas ainda hoje: acordar cedo, tomar um bom caf\u00e9 e acompanhar as principais not\u00edcias de Franca e regi\u00e3o, do [\u2026]\" \/>\n<meta property=\"og:url\" content=\"https:\/\/verdadeon.com.br\/portal\/2025\/03\/31\/jornal-verdade-comemora-7-anos-neste-mes-de-abril\/\" \/>\n<meta property=\"og:site_name\" content=\"VerdadeOn\" \/>\n<meta property=\"article:published_time\" content=\"2025-03-31T19:53:25+00:00\" \/>\n<meta property=\"article:modified_time\" content=\"2025-03-31T22:21:07+00:00\" \/>\n<meta property=\"og:image\" content=\"https:\/\/verdadeon.com.br\/portal\/wp-content\/uploads\/2025\/03\/Oito-anos-de-Jornal-Verdade.-Uma-historia-dia-apos-dia-contada-por-voce-1.jpg\" \/>\n\t<meta property=\"og:image:width\" content=\"997\" \/>\n\t<meta property=\"og:image:height\" content=\"894\" \/>\n\t<meta property=\"og:image:type\" content=\"image\/jpeg\" \/>\n<meta name=\"author\" content=\"Redacao VerdadeOn\" \/>\n<meta name=\"twitter:card\" content=\"summary_large_image\" \/>\n<meta name=\"twitter:label1\" content=\"Escrito por\" \/>\n\t<meta name=\"twitter:data1\" content=\"Redacao VerdadeOn\" \/>\n\t<meta name=\"twitter:label2\" content=\"Est. tempo de leitura\" \/>\n\t<meta name=\"twitter:data2\" content=\"2 minutos\" \/>\n<script type=\"application\/ld+json\" class=\"yoast-schema-graph\">{\"@context\":\"https:\/\/schema.org\",\"@graph\":[{\"@type\":\"WebPage\",\"@id\":\"https:\/\/verdadeon.com.br\/portal\/2025\/03\/31\/jornal-verdade-comemora-7-anos-neste-mes-de-abril\/\",\"url\":\"https:\/\/verdadeon.com.br\/portal\/2025\/03\/31\/jornal-verdade-comemora-7-anos-neste-mes-de-abril\/\",\"name\":\"Jornal Verdade comemora 7 anos neste m\u00eas de abril! - VerdadeOn\",\"isPartOf\":{\"@id\":\"https:\/\/verdadeon.com.br\/portal\/#website\"},\"primaryImageOfPage\":{\"@id\":\"https:\/\/verdadeon.com.br\/portal\/2025\/03\/31\/jornal-verdade-comemora-7-anos-neste-mes-de-abril\/#primaryimage\"},\"image\":{\"@id\":\"https:\/\/verdadeon.com.br\/portal\/2025\/03\/31\/jornal-verdade-comemora-7-anos-neste-mes-de-abril\/#primaryimage\"},\"thumbnailUrl\":\"https:\/\/i0.wp.com\/verdadeon.com.br\/portal\/wp-content\/uploads\/2025\/03\/Oito-anos-de-Jornal-Verdade.-Uma-historia-dia-apos-dia-contada-por-voce-1.jpg?fit=997%2C894&ssl=1\",\"datePublished\":\"2025-03-31T19:53:25+00:00\",\"dateModified\":\"2025-03-31T22:21:07+00:00\",\"author\":{\"@id\":\"https:\/\/verdadeon.com.br\/portal\/#\/schema\/person\/a5060ad1e9ea3df545188fc93ce43d2f\"},\"breadcrumb\":{\"@id\":\"https:\/\/verdadeon.com.br\/portal\/2025\/03\/31\/jornal-verdade-comemora-7-anos-neste-mes-de-abril\/#breadcrumb\"},\"inLanguage\":\"pt-BR\",\"potentialAction\":[{\"@type\":\"ReadAction\",\"target\":[\"https:\/\/verdadeon.com.br\/portal\/2025\/03\/31\/jornal-verdade-comemora-7-anos-neste-mes-de-abril\/\"]}]},{\"@type\":\"ImageObject\",\"inLanguage\":\"pt-BR\",\"@id\":\"https:\/\/verdadeon.com.br\/portal\/2025\/03\/31\/jornal-verdade-comemora-7-anos-neste-mes-de-abril\/#primaryimage\",\"url\":\"https:\/\/i0.wp.com\/verdadeon.com.br\/portal\/wp-content\/uploads\/2025\/03\/Oito-anos-de-Jornal-Verdade.-Uma-historia-dia-apos-dia-contada-por-voce-1.jpg?fit=997%2C894&ssl=1\",\"contentUrl\":\"https:\/\/i0.wp.com\/verdadeon.com.br\/portal\/wp-content\/uploads\/2025\/03\/Oito-anos-de-Jornal-Verdade.-Uma-historia-dia-apos-dia-contada-por-voce-1.jpg?fit=997%2C894&ssl=1\",\"width\":997,\"height\":894},{\"@type\":\"BreadcrumbList\",\"@id\":\"https:\/\/verdadeon.com.br\/portal\/2025\/03\/31\/jornal-verdade-comemora-7-anos-neste-mes-de-abril\/#breadcrumb\",\"itemListElement\":[{\"@type\":\"ListItem\",\"position\":1,\"name\":\"In\u00edcio\",\"item\":\"https:\/\/verdadeon.com.br\/portal\/\"},{\"@type\":\"ListItem\",\"position\":2,\"name\":\"Jornal Verdade comemora 7 anos neste m\u00eas de abril!\"}]},{\"@type\":\"WebSite\",\"@id\":\"https:\/\/verdadeon.com.br\/portal\/#website\",\"url\":\"https:\/\/verdadeon.com.br\/portal\/\",\"name\":\"VerdadeOn\",\"description\":\"Not\u00edcias di\u00e1rias sobre Franca, Regi\u00e3o, Esporte, Cultura, Cotidiano, Colunas. Cobertura nos principais eventos da cidade \u00e9 aqui - Verdadeon Franca\",\"potentialAction\":[{\"@type\":\"SearchAction\",\"target\":{\"@type\":\"EntryPoint\",\"urlTemplate\":\"https:\/\/verdadeon.com.br\/portal\/?s={search_term_string}\"},\"query-input\":{\"@type\":\"PropertyValueSpecification\",\"valueRequired\":true,\"valueName\":\"search_term_string\"}}],\"inLanguage\":\"pt-BR\"},{\"@type\":\"Person\",\"@id\":\"https:\/\/verdadeon.com.br\/portal\/#\/schema\/person\/a5060ad1e9ea3df545188fc93ce43d2f\",\"name\":\"Redacao VerdadeOn\",\"image\":{\"@type\":\"ImageObject\",\"inLanguage\":\"pt-BR\",\"@id\":\"https:\/\/verdadeon.com.br\/portal\/#\/schema\/person\/image\/\",\"url\":\"https:\/\/secure.gravatar.com\/avatar\/459a9613caaaf07f582c3d0841eea68bdd66f533e465e6ba8b9cb45619572cf4?s=96&d=mm&r=g\",\"contentUrl\":\"https:\/\/secure.gravatar.com\/avatar\/459a9613caaaf07f582c3d0841eea68bdd66f533e465e6ba8b9cb45619572cf4?s=96&d=mm&r=g\",\"caption\":\"Redacao VerdadeOn\"},\"url\":\"https:\/\/verdadeon.com.br\/portal\/author\/redacao\/\"}]}<\/script>\n<!-- \/ Yoast SEO plugin. -->","yoast_head_json":{"title":"Jornal Verdade comemora 7 anos neste m\u00eas de abril! - VerdadeOn","robots":{"index":"index","follow":"follow","max-snippet":"max-snippet:-1","max-image-preview":"max-image-preview:large","max-video-preview":"max-video-preview:-1"},"canonical":"https:\/\/verdadeon.com.br\/portal\/2025\/03\/31\/jornal-verdade-comemora-7-anos-neste-mes-de-abril\/","og_locale":"pt_BR","og_type":"article","og_title":"Jornal Verdade comemora 7 anos neste m\u00eas de abril! - VerdadeOn","og_description":"Raz\u00f5es para comemorar&#8230; H\u00e1bito rotineiro de muitas pessoas ainda hoje: acordar cedo, tomar um bom caf\u00e9 e acompanhar as principais not\u00edcias de Franca e regi\u00e3o, do [\u2026]","og_url":"https:\/\/verdadeon.com.br\/portal\/2025\/03\/31\/jornal-verdade-comemora-7-anos-neste-mes-de-abril\/","og_site_name":"VerdadeOn","article_published_time":"2025-03-31T19:53:25+00:00","article_modified_time":"2025-03-31T22:21:07+00:00","og_image":[{"width":997,"height":894,"url":"https:\/\/verdadeon.com.br\/portal\/wp-content\/uploads\/2025\/03\/Oito-anos-de-Jornal-Verdade.-Uma-historia-dia-apos-dia-contada-por-voce-1.jpg","type":"image\/jpeg"}],"author":"Redacao VerdadeOn","twitter_card":"summary_large_image","twitter_misc":{"Escrito por":"Redacao VerdadeOn","Est. tempo de leitura":"2 minutos"},"schema":{"@context":"https:\/\/schema.org","@graph":[{"@type":"WebPage","@id":"https:\/\/verdadeon.com.br\/portal\/2025\/03\/31\/jornal-verdade-comemora-7-anos-neste-mes-de-abril\/","url":"https:\/\/verdadeon.com.br\/portal\/2025\/03\/31\/jornal-verdade-comemora-7-anos-neste-mes-de-abril\/","name":"Jornal Verdade comemora 7 anos neste m\u00eas de abril! - VerdadeOn","isPartOf":{"@id":"https:\/\/verdadeon.com.br\/portal\/#website"},"primaryImageOfPage":{"@id":"https:\/\/verdadeon.com.br\/portal\/2025\/03\/31\/jornal-verdade-comemora-7-anos-neste-mes-de-abril\/#primaryimage"},"image":{"@id":"https:\/\/verdadeon.com.br\/portal\/2025\/03\/31\/jornal-verdade-comemora-7-anos-neste-mes-de-abril\/#primaryimage"},"thumbnailUrl":"https:\/\/i0.wp.com\/verdadeon.com.br\/portal\/wp-content\/uploads\/2025\/03\/Oito-anos-de-Jornal-Verdade.-Uma-historia-dia-apos-dia-contada-por-voce-1.jpg?fit=997%2C894&ssl=1","datePublished":"2025-03-31T19:53:25+00:00","dateModified":"2025-03-31T22:21:07+00:00","author":{"@id":"https:\/\/verdadeon.com.br\/portal\/#\/schema\/person\/a5060ad1e9ea3df545188fc93ce43d2f"},"breadcrumb":{"@id":"https:\/\/verdadeon.com.br\/portal\/2025\/03\/31\/jornal-verdade-comemora-7-anos-neste-mes-de-abril\/#breadcrumb"},"inLanguage":"pt-BR","potentialAction":[{"@type":"ReadAction","target":["https:\/\/verdadeon.com.br\/portal\/2025\/03\/31\/jornal-verdade-comemora-7-anos-neste-mes-de-abril\/"]}]},{"@type":"ImageObject","inLanguage":"pt-BR","@id":"https:\/\/verdadeon.com.br\/portal\/2025\/03\/31\/jornal-verdade-comemora-7-anos-neste-mes-de-abril\/#primaryimage","url":"https:\/\/i0.wp.com\/verdadeon.com.br\/portal\/wp-content\/uploads\/2025\/03\/Oito-anos-de-Jornal-Verdade.-Uma-historia-dia-apos-dia-contada-por-voce-1.jpg?fit=997%2C894&ssl=1","contentUrl":"https:\/\/i0.wp.com\/verdadeon.com.br\/portal\/wp-content\/uploads\/2025\/03\/Oito-anos-de-Jornal-Verdade.-Uma-historia-dia-apos-dia-contada-por-voce-1.jpg?fit=997%2C894&ssl=1","width":997,"height":894},{"@type":"BreadcrumbList","@id":"https:\/\/verdadeon.com.br\/portal\/2025\/03\/31\/jornal-verdade-comemora-7-anos-neste-mes-de-abril\/#breadcrumb","itemListElement":[{"@type":"ListItem","position":1,"name":"In\u00edcio","item":"https:\/\/verdadeon.com.br\/portal\/"},{"@type":"ListItem","position":2,"name":"Jornal Verdade comemora 7 anos neste m\u00eas de abril!"}]},{"@type":"WebSite","@id":"https:\/\/verdadeon.com.br\/portal\/#website","url":"https:\/\/verdadeon.com.br\/portal\/","name":"VerdadeOn","description":"Not\u00edcias di\u00e1rias sobre Franca, Regi\u00e3o, Esporte, Cultura, Cotidiano, Colunas. Cobertura nos principais eventos da cidade \u00e9 aqui - Verdadeon Franca","potentialAction":[{"@type":"SearchAction","target":{"@type":"EntryPoint","urlTemplate":"https:\/\/verdadeon.com.br\/portal\/?s={search_term_string}"},"query-input":{"@type":"PropertyValueSpecification","valueRequired":true,"valueName":"search_term_string"}}],"inLanguage":"pt-BR"},{"@type":"Person","@id":"https:\/\/verdadeon.com.br\/portal\/#\/schema\/person\/a5060ad1e9ea3df545188fc93ce43d2f","name":"Redacao VerdadeOn","image":{"@type":"ImageObject","inLanguage":"pt-BR","@id":"https:\/\/verdadeon.com.br\/portal\/#\/schema\/person\/image\/","url":"https:\/\/secure.gravatar.com\/avatar\/459a9613caaaf07f582c3d0841eea68bdd66f533e465e6ba8b9cb45619572cf4?s=96&d=mm&r=g","contentUrl":"https:\/\/secure.gravatar.com\/avatar\/459a9613caaaf07f582c3d0841eea68bdd66f533e465e6ba8b9cb45619572cf4?s=96&d=mm&r=g","caption":"Redacao VerdadeOn"},"url":"https:\/\/verdadeon.com.br\/portal\/author\/redacao\/"}]}},"jetpack_publicize_connections":[],"jetpack_featured_media_url":"https:\/\/i0.wp.com\/verdadeon.com.br\/portal\/wp-content\/uploads\/2025\/03\/Oito-anos-de-Jornal-Verdade.-Uma-historia-dia-apos-dia-contada-por-voce-1.jpg?fit=997%2C894&ssl=1","jetpack_sharing_enabled":true,"_links":{"self":[{"href":"https:\/\/verdadeon.com.br\/portal\/wp-json\/wp\/v2\/posts\/55002","targetHints":{"allow":["GET"]}}],"collection":[{"href":"https:\/\/verdadeon.com.br\/portal\/wp-json\/wp\/v2\/posts"}],"about":[{"href":"https:\/\/verdadeon.com.br\/portal\/wp-json\/wp\/v2\/types\/post"}],"author":[{"embeddable":true,"href":"https:\/\/verdadeon.com.br\/portal\/wp-json\/wp\/v2\/users\/10"}],"replies":[{"embeddable":true,"href":"https:\/\/verdadeon.com.br\/portal\/wp-json\/wp\/v2\/comments?post=55002"}],"version-history":[{"count":1,"href":"https:\/\/verdadeon.com.br\/portal\/wp-json\/wp\/v2\/posts\/55002\/revisions"}],"predecessor-version":[{"id":55004,"href":"https:\/\/verdadeon.com.br\/portal\/wp-json\/wp\/v2\/posts\/55002\/revisions\/55004"}],"wp:featuredmedia":[{"embeddable":true,"href":"https:\/\/verdadeon.com.br\/portal\/wp-json\/wp\/v2\/media\/55006"}],"wp:attachment":[{"href":"https:\/\/verdadeon.com.br\/portal\/wp-json\/wp\/v2\/media?parent=55002"}],"wp:term":[{"taxonomy":"category","embeddable":true,"href":"https:\/\/verdadeon.com.br\/portal\/wp-json\/wp\/v2\/categories?post=55002"},{"taxonomy":"post_tag","embeddable":true,"href":"https:\/\/verdadeon.com.br\/portal\/wp-json\/wp\/v2\/tags?post=55002"}],"curies":[{"name":"wp","href":"https:\/\/api.w.org\/{rel}","templated":true}]}}