{"id":54951,"date":"2025-03-29T13:39:42","date_gmt":"2025-03-29T16:39:42","guid":{"rendered":"https:\/\/verdadeon.com.br\/portal\/?p=54951"},"modified":"2025-03-29T13:39:42","modified_gmt":"2025-03-29T16:39:42","slug":"fevereiro-registra-alta-em-vendas-de-imoveis-usados-mas-locacoes-caem-em-franca-e-regiao","status":"publish","type":"post","link":"https:\/\/verdadeon.com.br\/portal\/2025\/03\/29\/fevereiro-registra-alta-em-vendas-de-imoveis-usados-mas-locacoes-caem-em-franca-e-regiao\/","title":{"rendered":"Fevereiro registra alta em vendas de im\u00f3veis usados, mas loca\u00e7\u00f5es caem em Franca e regi\u00e3o"},"content":{"rendered":"<h2>Pesquisa do CRECISP mostra compara\u00e7\u00e3o dos mercados de venda e loca\u00e7\u00e3o de im\u00f3veis<\/h2>\n<p>A Pesquisa do Conselho Regional de Corretores de Im\u00f3veis de S\u00e3o Paulo (CRECISP) comparou os mercados de venda e loca\u00e7\u00e3o de casas e apartamentos usados em Fevereiro\/25 com os resultados obtidos em Janeiro\/25.<\/p>\n<p>Foram consultadas 64 imobili\u00e1rias das cidades de: Cristais Paulista, Franca, Guair\u00e1, Igarapava, Ipu\u00e3, Ituverava, Patroc\u00ednio Paulista e Rifaina.<\/p>\n<p>As vendas tiveram alta de 46,67% em Fevereiro na compara\u00e7\u00e3o com janeiro e as loca\u00e7\u00f5es ca\u00edram 16,27% no per\u00edodo.<\/p>\n<p>Segundo o presidente do CRECISP, Jos\u00e9 Augusto Viana Neto, os dados recentes demonstram a evolu\u00e7\u00e3o significativa do mercado imobili\u00e1rio na regi\u00e3o de Franca. \u201cSegundo as informa\u00e7\u00f5es coletadas e analisadas, observamos uma tend\u00eancia positiva nas vendas, com um aumento expressivo ao longo dos \u00faltimos meses. Em janeiro, registramos um crescimento de vendas de aproximadamente 19,78%, que se intensificou em fevereiro, alcan\u00e7ando um not\u00e1vel aumento de 46,67%.<\/p>\n<p>Esses n\u00fameros refletem n\u00e3o apenas a resili\u00eancia do mercado local, mas tamb\u00e9m a confian\u00e7a renovada dos consumidores e investidores no setor imobili\u00e1rio. Este crescimento \u00e9 resultado direto do trabalho \u00e1rduo e da dedica\u00e7\u00e3o dos nossos corretores, que continuam a promover transa\u00e7\u00f5es transparentes e eficientes, mesmo em tempos desafiadores.<\/p>\n<p>Por outro lado, \u00e9 crucial destacar que as loca\u00e7\u00f5es apresentaram varia\u00e7\u00f5es distintas. Apesar do cen\u00e1rio positivo nas vendas, observamos uma queda significativa de 54,78% em janeiro e 16,27% em fevereiro nas loca\u00e7\u00f5es, acumulando uma redu\u00e7\u00e3o de 71,05% no ano at\u00e9 o momento. Essa diminui\u00e7\u00e3o pode refletir ajustes sazonais ou mudan\u00e7as nas prefer\u00eancias dos consumidores, o que merece nossa aten\u00e7\u00e3o e an\u00e1lise cont\u00ednua.\u201d<\/p>\n<p><strong>Vendas:<\/strong><\/p>\n<p>Casas: 77%; Apartamentos: 23%<\/p>\n<p><strong>Loca\u00e7\u00f5es:<\/strong><\/p>\n<p>Casas: 71%; Apartamentos: 29%<\/p>\n<p><strong>Vendas em Fevereiro<\/strong><\/p>\n<p>As casas e apartamentos vendidos no per\u00edodo tinham valores de at\u00e9 R$ 200 mil.<\/p>\n<p>As casas eram de 2 dormit\u00f3rios, com \u00e1rea \u00fatil entre 50 m\u00b2 e 200 m\u00b2.<\/p>\n<p>Os apartamentos eram de 2 dormit\u00f3rios com \u00e1rea \u00fatil entre 50 m\u00b2 e 100 m\u00b2.<\/p>\n<p>46,2% das propriedades vendidas em Fevereiro estavam situadas na periferia, 23,1% nas \u00e1reas nobres e 30,8% na regi\u00e3o central das cidades pesquisadas.<\/p>\n<p>Com rela\u00e7\u00e3o \u00e0s modalidades de venda, 47,4% foram feitas por financiamento da CAIXA e 0% por outros bancos, 26,3% foram feitas \u00e0 vista, 26,3% com financiamento pelo propriet\u00e1rio e 0% por cons\u00f3rcios.<\/p>\n<p><strong>Loca\u00e7\u00f5es em Fevereiro<\/strong><\/p>\n<p>A faixa de valor de aluguel preferida pelos inquilinos de casas e apartamentos na regi\u00e3o de Franca foi de at\u00e9 R$ 1.000,00.<\/p>\n<p>A maioria das casas locadas em Fevereiro era de at\u00e9 2 dormit\u00f3rios com 50 a 100 m\u00b2 de \u00e1rea \u00fatil.<\/p>\n<p>Os apartamentos alugados, na maioria, eram de 2 e 3 dormit\u00f3rios com 50 m\u00b2 at\u00e9 100m\u00b2 de \u00e1rea \u00fatil.<\/p>\n<p>A principal garantia locat\u00edcia escolhida pelos locat\u00e1rios foi o seguro fian\u00e7a. Os novos inquilinos optaram por im\u00f3veis situados na periferia (0%), na regi\u00e3o central (0%) e nas \u00e1reas nobres (100%).<\/p>\n<p>E daqueles que encerraram os contratos de loca\u00e7\u00e3o, 5,6% n\u00e3o informaram o motivo da mudan\u00e7a, 11,1% optaram por um aluguel mais barato e 83,3% para um aluguel mais caro.<\/p>\n","protected":false},"excerpt":{"rendered":"<p>Pesquisa do CRECISP mostra compara\u00e7\u00e3o dos mercados de venda e loca\u00e7\u00e3o de im\u00f3veis A Pesquisa do Conselho Regional de Corretores de Im\u00f3veis de S\u00e3o Paulo (CRECISP)<span class=\"excerpt-hellip\"> [\u2026]<\/span><\/p>\n","protected":false},"author":10,"featured_media":51109,"comment_status":"open","ping_status":"open","sticky":false,"template":"","format":"standard","meta":{"_jetpack_memberships_contains_paid_content":false,"footnotes":"","jetpack_publicize_message":"","jetpack_publicize_feature_enabled":true,"jetpack_social_post_already_shared":true,"jetpack_social_options":{"image_generator_settings":{"template":"highway","default_image_id":0,"enabled":false},"version":2}},"categories":[28,81],"tags":[],"class_list":["post-54951","post","type-post","status-publish","format-standard","has-post-thumbnail","hentry","category-cotidiano","category-manchete"],"yoast_head":"<!-- This site is optimized with the Yoast SEO plugin v25.6 - https:\/\/yoast.com\/wordpress\/plugins\/seo\/ -->\n<title>Fevereiro registra alta em vendas de im\u00f3veis usados, mas loca\u00e7\u00f5es caem em Franca e regi\u00e3o - VerdadeOn<\/title>\n<meta name=\"robots\" content=\"index, follow, max-snippet:-1, max-image-preview:large, max-video-preview:-1\" \/>\n<link rel=\"canonical\" href=\"https:\/\/verdadeon.com.br\/portal\/2025\/03\/29\/fevereiro-registra-alta-em-vendas-de-imoveis-usados-mas-locacoes-caem-em-franca-e-regiao\/\" \/>\n<meta property=\"og:locale\" content=\"pt_BR\" \/>\n<meta property=\"og:type\" content=\"article\" \/>\n<meta property=\"og:title\" content=\"Fevereiro registra alta em vendas de im\u00f3veis usados, mas loca\u00e7\u00f5es caem em Franca e regi\u00e3o - VerdadeOn\" \/>\n<meta property=\"og:description\" content=\"Pesquisa do CRECISP mostra compara\u00e7\u00e3o dos mercados de venda e loca\u00e7\u00e3o de im\u00f3veis A Pesquisa do Conselho Regional de Corretores de Im\u00f3veis de S\u00e3o Paulo (CRECISP) [\u2026]\" \/>\n<meta property=\"og:url\" content=\"https:\/\/verdadeon.com.br\/portal\/2025\/03\/29\/fevereiro-registra-alta-em-vendas-de-imoveis-usados-mas-locacoes-caem-em-franca-e-regiao\/\" \/>\n<meta property=\"og:site_name\" content=\"VerdadeOn\" \/>\n<meta property=\"article:published_time\" content=\"2025-03-29T16:39:42+00:00\" \/>\n<meta property=\"og:image\" content=\"https:\/\/verdadeon.com.br\/portal\/wp-content\/uploads\/2024\/11\/Wilker-Maia-ACIF-72.jpg\" \/>\n\t<meta property=\"og:image:width\" content=\"1274\" \/>\n\t<meta property=\"og:image:height\" content=\"853\" \/>\n\t<meta property=\"og:image:type\" content=\"image\/jpeg\" \/>\n<meta name=\"author\" content=\"Redacao VerdadeOn\" \/>\n<meta name=\"twitter:card\" content=\"summary_large_image\" \/>\n<meta name=\"twitter:label1\" content=\"Escrito por\" \/>\n\t<meta name=\"twitter:data1\" content=\"Redacao VerdadeOn\" \/>\n\t<meta name=\"twitter:label2\" content=\"Est. tempo de leitura\" \/>\n\t<meta name=\"twitter:data2\" content=\"3 minutos\" \/>\n<script type=\"application\/ld+json\" class=\"yoast-schema-graph\">{\"@context\":\"https:\/\/schema.org\",\"@graph\":[{\"@type\":\"WebPage\",\"@id\":\"https:\/\/verdadeon.com.br\/portal\/2025\/03\/29\/fevereiro-registra-alta-em-vendas-de-imoveis-usados-mas-locacoes-caem-em-franca-e-regiao\/\",\"url\":\"https:\/\/verdadeon.com.br\/portal\/2025\/03\/29\/fevereiro-registra-alta-em-vendas-de-imoveis-usados-mas-locacoes-caem-em-franca-e-regiao\/\",\"name\":\"Fevereiro registra alta em vendas de im\u00f3veis usados, mas loca\u00e7\u00f5es caem em Franca e regi\u00e3o - VerdadeOn\",\"isPartOf\":{\"@id\":\"https:\/\/verdadeon.com.br\/portal\/#website\"},\"primaryImageOfPage\":{\"@id\":\"https:\/\/verdadeon.com.br\/portal\/2025\/03\/29\/fevereiro-registra-alta-em-vendas-de-imoveis-usados-mas-locacoes-caem-em-franca-e-regiao\/#primaryimage\"},\"image\":{\"@id\":\"https:\/\/verdadeon.com.br\/portal\/2025\/03\/29\/fevereiro-registra-alta-em-vendas-de-imoveis-usados-mas-locacoes-caem-em-franca-e-regiao\/#primaryimage\"},\"thumbnailUrl\":\"https:\/\/i0.wp.com\/verdadeon.com.br\/portal\/wp-content\/uploads\/2024\/11\/Wilker-Maia-ACIF-72.jpg?fit=1274%2C853&ssl=1\",\"datePublished\":\"2025-03-29T16:39:42+00:00\",\"author\":{\"@id\":\"https:\/\/verdadeon.com.br\/portal\/#\/schema\/person\/a5060ad1e9ea3df545188fc93ce43d2f\"},\"breadcrumb\":{\"@id\":\"https:\/\/verdadeon.com.br\/portal\/2025\/03\/29\/fevereiro-registra-alta-em-vendas-de-imoveis-usados-mas-locacoes-caem-em-franca-e-regiao\/#breadcrumb\"},\"inLanguage\":\"pt-BR\",\"potentialAction\":[{\"@type\":\"ReadAction\",\"target\":[\"https:\/\/verdadeon.com.br\/portal\/2025\/03\/29\/fevereiro-registra-alta-em-vendas-de-imoveis-usados-mas-locacoes-caem-em-franca-e-regiao\/\"]}]},{\"@type\":\"ImageObject\",\"inLanguage\":\"pt-BR\",\"@id\":\"https:\/\/verdadeon.com.br\/portal\/2025\/03\/29\/fevereiro-registra-alta-em-vendas-de-imoveis-usados-mas-locacoes-caem-em-franca-e-regiao\/#primaryimage\",\"url\":\"https:\/\/i0.wp.com\/verdadeon.com.br\/portal\/wp-content\/uploads\/2024\/11\/Wilker-Maia-ACIF-72.jpg?fit=1274%2C853&ssl=1\",\"contentUrl\":\"https:\/\/i0.wp.com\/verdadeon.com.br\/portal\/wp-content\/uploads\/2024\/11\/Wilker-Maia-ACIF-72.jpg?fit=1274%2C853&ssl=1\",\"width\":1274,\"height\":853,\"caption\":\"Pesquisa do CRECISP mostra o atual cen\u00e1rio de vendas e loca\u00e7\u00f5es de im\u00f3veis usados em Franca e regi\u00e3o (\u00a9Wilker Maia\/ACIF)\"},{\"@type\":\"BreadcrumbList\",\"@id\":\"https:\/\/verdadeon.com.br\/portal\/2025\/03\/29\/fevereiro-registra-alta-em-vendas-de-imoveis-usados-mas-locacoes-caem-em-franca-e-regiao\/#breadcrumb\",\"itemListElement\":[{\"@type\":\"ListItem\",\"position\":1,\"name\":\"In\u00edcio\",\"item\":\"https:\/\/verdadeon.com.br\/portal\/\"},{\"@type\":\"ListItem\",\"position\":2,\"name\":\"Fevereiro registra alta em vendas de im\u00f3veis usados, mas loca\u00e7\u00f5es caem em Franca e regi\u00e3o\"}]},{\"@type\":\"WebSite\",\"@id\":\"https:\/\/verdadeon.com.br\/portal\/#website\",\"url\":\"https:\/\/verdadeon.com.br\/portal\/\",\"name\":\"VerdadeOn\",\"description\":\"Not\u00edcias di\u00e1rias sobre Franca, Regi\u00e3o, Esporte, Cultura, Cotidiano, Colunas. Cobertura nos principais eventos da cidade \u00e9 aqui - Verdadeon Franca\",\"potentialAction\":[{\"@type\":\"SearchAction\",\"target\":{\"@type\":\"EntryPoint\",\"urlTemplate\":\"https:\/\/verdadeon.com.br\/portal\/?s={search_term_string}\"},\"query-input\":{\"@type\":\"PropertyValueSpecification\",\"valueRequired\":true,\"valueName\":\"search_term_string\"}}],\"inLanguage\":\"pt-BR\"},{\"@type\":\"Person\",\"@id\":\"https:\/\/verdadeon.com.br\/portal\/#\/schema\/person\/a5060ad1e9ea3df545188fc93ce43d2f\",\"name\":\"Redacao VerdadeOn\",\"image\":{\"@type\":\"ImageObject\",\"inLanguage\":\"pt-BR\",\"@id\":\"https:\/\/verdadeon.com.br\/portal\/#\/schema\/person\/image\/\",\"url\":\"https:\/\/secure.gravatar.com\/avatar\/459a9613caaaf07f582c3d0841eea68bdd66f533e465e6ba8b9cb45619572cf4?s=96&d=mm&r=g\",\"contentUrl\":\"https:\/\/secure.gravatar.com\/avatar\/459a9613caaaf07f582c3d0841eea68bdd66f533e465e6ba8b9cb45619572cf4?s=96&d=mm&r=g\",\"caption\":\"Redacao VerdadeOn\"},\"url\":\"https:\/\/verdadeon.com.br\/portal\/author\/redacao\/\"}]}<\/script>\n<!-- \/ Yoast SEO plugin. -->","yoast_head_json":{"title":"Fevereiro registra alta em vendas de im\u00f3veis usados, mas loca\u00e7\u00f5es caem em Franca e regi\u00e3o - VerdadeOn","robots":{"index":"index","follow":"follow","max-snippet":"max-snippet:-1","max-image-preview":"max-image-preview:large","max-video-preview":"max-video-preview:-1"},"canonical":"https:\/\/verdadeon.com.br\/portal\/2025\/03\/29\/fevereiro-registra-alta-em-vendas-de-imoveis-usados-mas-locacoes-caem-em-franca-e-regiao\/","og_locale":"pt_BR","og_type":"article","og_title":"Fevereiro registra alta em vendas de im\u00f3veis usados, mas loca\u00e7\u00f5es caem em Franca e regi\u00e3o - VerdadeOn","og_description":"Pesquisa do CRECISP mostra compara\u00e7\u00e3o dos mercados de venda e loca\u00e7\u00e3o de im\u00f3veis A Pesquisa do Conselho Regional de Corretores de Im\u00f3veis de S\u00e3o Paulo (CRECISP) [\u2026]","og_url":"https:\/\/verdadeon.com.br\/portal\/2025\/03\/29\/fevereiro-registra-alta-em-vendas-de-imoveis-usados-mas-locacoes-caem-em-franca-e-regiao\/","og_site_name":"VerdadeOn","article_published_time":"2025-03-29T16:39:42+00:00","og_image":[{"width":1274,"height":853,"url":"https:\/\/verdadeon.com.br\/portal\/wp-content\/uploads\/2024\/11\/Wilker-Maia-ACIF-72.jpg","type":"image\/jpeg"}],"author":"Redacao VerdadeOn","twitter_card":"summary_large_image","twitter_misc":{"Escrito por":"Redacao VerdadeOn","Est. tempo de leitura":"3 minutos"},"schema":{"@context":"https:\/\/schema.org","@graph":[{"@type":"WebPage","@id":"https:\/\/verdadeon.com.br\/portal\/2025\/03\/29\/fevereiro-registra-alta-em-vendas-de-imoveis-usados-mas-locacoes-caem-em-franca-e-regiao\/","url":"https:\/\/verdadeon.com.br\/portal\/2025\/03\/29\/fevereiro-registra-alta-em-vendas-de-imoveis-usados-mas-locacoes-caem-em-franca-e-regiao\/","name":"Fevereiro registra alta em vendas de im\u00f3veis usados, mas loca\u00e7\u00f5es caem em Franca e regi\u00e3o - VerdadeOn","isPartOf":{"@id":"https:\/\/verdadeon.com.br\/portal\/#website"},"primaryImageOfPage":{"@id":"https:\/\/verdadeon.com.br\/portal\/2025\/03\/29\/fevereiro-registra-alta-em-vendas-de-imoveis-usados-mas-locacoes-caem-em-franca-e-regiao\/#primaryimage"},"image":{"@id":"https:\/\/verdadeon.com.br\/portal\/2025\/03\/29\/fevereiro-registra-alta-em-vendas-de-imoveis-usados-mas-locacoes-caem-em-franca-e-regiao\/#primaryimage"},"thumbnailUrl":"https:\/\/i0.wp.com\/verdadeon.com.br\/portal\/wp-content\/uploads\/2024\/11\/Wilker-Maia-ACIF-72.jpg?fit=1274%2C853&ssl=1","datePublished":"2025-03-29T16:39:42+00:00","author":{"@id":"https:\/\/verdadeon.com.br\/portal\/#\/schema\/person\/a5060ad1e9ea3df545188fc93ce43d2f"},"breadcrumb":{"@id":"https:\/\/verdadeon.com.br\/portal\/2025\/03\/29\/fevereiro-registra-alta-em-vendas-de-imoveis-usados-mas-locacoes-caem-em-franca-e-regiao\/#breadcrumb"},"inLanguage":"pt-BR","potentialAction":[{"@type":"ReadAction","target":["https:\/\/verdadeon.com.br\/portal\/2025\/03\/29\/fevereiro-registra-alta-em-vendas-de-imoveis-usados-mas-locacoes-caem-em-franca-e-regiao\/"]}]},{"@type":"ImageObject","inLanguage":"pt-BR","@id":"https:\/\/verdadeon.com.br\/portal\/2025\/03\/29\/fevereiro-registra-alta-em-vendas-de-imoveis-usados-mas-locacoes-caem-em-franca-e-regiao\/#primaryimage","url":"https:\/\/i0.wp.com\/verdadeon.com.br\/portal\/wp-content\/uploads\/2024\/11\/Wilker-Maia-ACIF-72.jpg?fit=1274%2C853&ssl=1","contentUrl":"https:\/\/i0.wp.com\/verdadeon.com.br\/portal\/wp-content\/uploads\/2024\/11\/Wilker-Maia-ACIF-72.jpg?fit=1274%2C853&ssl=1","width":1274,"height":853,"caption":"Pesquisa do CRECISP mostra o atual cen\u00e1rio de vendas e loca\u00e7\u00f5es de im\u00f3veis usados em Franca e regi\u00e3o (\u00a9Wilker Maia\/ACIF)"},{"@type":"BreadcrumbList","@id":"https:\/\/verdadeon.com.br\/portal\/2025\/03\/29\/fevereiro-registra-alta-em-vendas-de-imoveis-usados-mas-locacoes-caem-em-franca-e-regiao\/#breadcrumb","itemListElement":[{"@type":"ListItem","position":1,"name":"In\u00edcio","item":"https:\/\/verdadeon.com.br\/portal\/"},{"@type":"ListItem","position":2,"name":"Fevereiro registra alta em vendas de im\u00f3veis usados, mas loca\u00e7\u00f5es caem em Franca e regi\u00e3o"}]},{"@type":"WebSite","@id":"https:\/\/verdadeon.com.br\/portal\/#website","url":"https:\/\/verdadeon.com.br\/portal\/","name":"VerdadeOn","description":"Not\u00edcias di\u00e1rias sobre Franca, Regi\u00e3o, Esporte, Cultura, Cotidiano, Colunas. Cobertura nos principais eventos da cidade \u00e9 aqui - Verdadeon Franca","potentialAction":[{"@type":"SearchAction","target":{"@type":"EntryPoint","urlTemplate":"https:\/\/verdadeon.com.br\/portal\/?s={search_term_string}"},"query-input":{"@type":"PropertyValueSpecification","valueRequired":true,"valueName":"search_term_string"}}],"inLanguage":"pt-BR"},{"@type":"Person","@id":"https:\/\/verdadeon.com.br\/portal\/#\/schema\/person\/a5060ad1e9ea3df545188fc93ce43d2f","name":"Redacao VerdadeOn","image":{"@type":"ImageObject","inLanguage":"pt-BR","@id":"https:\/\/verdadeon.com.br\/portal\/#\/schema\/person\/image\/","url":"https:\/\/secure.gravatar.com\/avatar\/459a9613caaaf07f582c3d0841eea68bdd66f533e465e6ba8b9cb45619572cf4?s=96&d=mm&r=g","contentUrl":"https:\/\/secure.gravatar.com\/avatar\/459a9613caaaf07f582c3d0841eea68bdd66f533e465e6ba8b9cb45619572cf4?s=96&d=mm&r=g","caption":"Redacao VerdadeOn"},"url":"https:\/\/verdadeon.com.br\/portal\/author\/redacao\/"}]}},"jetpack_publicize_connections":[],"jetpack_featured_media_url":"https:\/\/i0.wp.com\/verdadeon.com.br\/portal\/wp-content\/uploads\/2024\/11\/Wilker-Maia-ACIF-72.jpg?fit=1274%2C853&ssl=1","jetpack_sharing_enabled":true,"_links":{"self":[{"href":"https:\/\/verdadeon.com.br\/portal\/wp-json\/wp\/v2\/posts\/54951","targetHints":{"allow":["GET"]}}],"collection":[{"href":"https:\/\/verdadeon.com.br\/portal\/wp-json\/wp\/v2\/posts"}],"about":[{"href":"https:\/\/verdadeon.com.br\/portal\/wp-json\/wp\/v2\/types\/post"}],"author":[{"embeddable":true,"href":"https:\/\/verdadeon.com.br\/portal\/wp-json\/wp\/v2\/users\/10"}],"replies":[{"embeddable":true,"href":"https:\/\/verdadeon.com.br\/portal\/wp-json\/wp\/v2\/comments?post=54951"}],"version-history":[{"count":1,"href":"https:\/\/verdadeon.com.br\/portal\/wp-json\/wp\/v2\/posts\/54951\/revisions"}],"predecessor-version":[{"id":54952,"href":"https:\/\/verdadeon.com.br\/portal\/wp-json\/wp\/v2\/posts\/54951\/revisions\/54952"}],"wp:featuredmedia":[{"embeddable":true,"href":"https:\/\/verdadeon.com.br\/portal\/wp-json\/wp\/v2\/media\/51109"}],"wp:attachment":[{"href":"https:\/\/verdadeon.com.br\/portal\/wp-json\/wp\/v2\/media?parent=54951"}],"wp:term":[{"taxonomy":"category","embeddable":true,"href":"https:\/\/verdadeon.com.br\/portal\/wp-json\/wp\/v2\/categories?post=54951"},{"taxonomy":"post_tag","embeddable":true,"href":"https:\/\/verdadeon.com.br\/portal\/wp-json\/wp\/v2\/tags?post=54951"}],"curies":[{"name":"wp","href":"https:\/\/api.w.org\/{rel}","templated":true}]}}