{"id":54949,"date":"2025-03-29T13:27:27","date_gmt":"2025-03-29T16:27:27","guid":{"rendered":"https:\/\/verdadeon.com.br\/portal\/?p=54949"},"modified":"2025-03-29T13:27:27","modified_gmt":"2025-03-29T16:27:27","slug":"mortes-de-motociclistas-caem-nos-perimetros-urbanos-de-franca-e-ribeirao-preto","status":"publish","type":"post","link":"https:\/\/verdadeon.com.br\/portal\/2025\/03\/29\/mortes-de-motociclistas-caem-nos-perimetros-urbanos-de-franca-e-ribeirao-preto\/","title":{"rendered":"Mortes de motociclistas caem nos per\u00edmetros urbanos de Franca e Ribeir\u00e3o Preto"},"content":{"rendered":"<h2>Queda foi analisada pela Arteris ViaPaulista<\/h2>\n<p style=\"text-align: right;\"><em><strong>Por Pedro Maia<\/strong><\/em><br \/>\n<em><strong>Editor-chefe<\/strong><\/em><\/p>\n<p data-block-key=\"zvs7f\">As mortes de motociclistas nos per\u00edmetros urbanos de Franca e Ribeir\u00e3o Preto apontaram queda na compara\u00e7\u00e3o entre 2023 e 2024, segundo levantamento interno realizado pela \u00e1rea de Seguran\u00e7a Vi\u00e1ria da Arteris ViaPaulista.<\/p>\n<p data-block-key=\"zvs7f\">Em Franca, a redu\u00e7\u00e3o passou de 3 para 2 mortes, considerando a Rodovia Engenheiro Ronan Rocha (SP-345), que liga o munic\u00edpio \u00e0 Patroc\u00ednio Paulista, e a Rodovia C\u00e2ndido Portinari (SP-334), que liga a cidade \u00e0 Ribeir\u00e3o Preto.<\/p>\n<p data-block-key=\"zvs7f\">A redu\u00e7\u00e3o \u00e9 ainda mais significativa na compara\u00e7\u00e3o do per\u00edodo entre 2022 e 2024, com queda de 6 para 2 mortes.<\/p>\n<p data-block-key=\"zvs7f\"><strong>Ribeir\u00e3o Preto<\/strong><\/p>\n<p data-block-key=\"zvs7f\">Entre 2023 e 2024, a redu\u00e7\u00e3o das mortes de motociclistas em Ribeir\u00e3o Preto foi superior \u00e0 Franca, caindo de 4 casos para 1 caso. Nesta, os per\u00edmetros urbanos se deram a partir das Rodovias Anhanguera (SP-330), Jos\u00e9 Fregonezi (SP-328) e Avenida Presidente Castelo Branco (SPA-307\/330).<\/p>\n<p data-block-key=\"zvs7f\">J\u00e1 no tocante ao per\u00edodo de 2022 a 2024, a queda foi de 5 casos para 1.<\/p>\n<p data-block-key=\"655cb\"><b>Acidentes mais comuns<\/b><\/p>\n<p data-block-key=\"109s8\">Levantamento interno realizado com base nos registros de acidentes e ocorr\u00eancias mostra que os acidentes mais comuns envolvendo motociclistas no trecho sob gest\u00e3o da empresa, s\u00e3o: tombamentos, colis\u00f5es traseiras e choques contra defensa met\u00e1lica e outros elementos de conten\u00e7\u00e3o das rodovias.<\/p>\n<p data-block-key=\"8h797\">Em comum, acidentes desse tipo refletem o excesso de velocidade e desrespeito \u00e0s leis de tr\u00e2nsito, a falta de distanciamento do ve\u00edculo que trafega \u00e0 frente e a falta de manuten\u00e7\u00e3o com a moto.<\/p>\n<p data-block-key=\"1nsb3\"><b>Medidas operacionais<\/b><\/p>\n<p data-block-key=\"a7qbc\">Al\u00e9m do pilar de seguran\u00e7a vi\u00e1ria voltado \u00e0s a\u00e7\u00f5es de conscientiza\u00e7\u00e3o, a ViaPaulista implantou uma sinaliza\u00e7\u00e3o de advert\u00eancia na Rodovia Anhanguera, no per\u00edmetro urbano de Ribeir\u00e3o Preto, com indica\u00e7\u00e3o de tr\u00e1fego lento. Placas com luminosos amarelos s\u00e3o acionadas remotamente, sempre que operadores do Centro de Controle Operacional (CCO) verificam que o tr\u00e1fego est\u00e1 lento, colaborando para a redu\u00e7\u00e3o das colis\u00f5es traseiras e chamando a aten\u00e7\u00e3o dos motoristas para a necessidade de reduzir a velocidade.<\/p>\n<p data-block-key=\"1npkf\">Operacionalmente, as rodovias administradas tamb\u00e9m recebem investimento em pavimenta\u00e7\u00e3o, com ciclos de conserva\u00e7\u00e3o que restauram o pavimento e melhoram a trafegabilidade e seguran\u00e7a de usu\u00e1rios. Viaturas de inspe\u00e7\u00e3o de tr\u00e1fego percorrem as rodovias e s\u00e3o posicionadas em pontos estrat\u00e9gicos e o Centro de Controle Operacional monitora a movimenta\u00e7\u00e3o das estradas 24 horas por dia.<\/p>\n","protected":false},"excerpt":{"rendered":"<p>Queda foi analisada pela Arteris ViaPaulista Por Pedro Maia Editor-chefe As mortes de motociclistas nos per\u00edmetros urbanos de Franca e Ribeir\u00e3o Preto apontaram queda na compara\u00e7\u00e3o<span class=\"excerpt-hellip\"> [\u2026]<\/span><\/p>\n","protected":false},"author":10,"featured_media":43110,"comment_status":"open","ping_status":"open","sticky":false,"template":"","format":"standard","meta":{"_jetpack_memberships_contains_paid_content":false,"footnotes":"","jetpack_publicize_message":"","jetpack_publicize_feature_enabled":true,"jetpack_social_post_already_shared":true,"jetpack_social_options":{"image_generator_settings":{"template":"highway","default_image_id":0,"enabled":false},"version":2}},"categories":[28,81],"tags":[],"class_list":["post-54949","post","type-post","status-publish","format-standard","has-post-thumbnail","hentry","category-cotidiano","category-manchete"],"yoast_head":"<!-- This site is optimized with the Yoast SEO plugin v25.6 - https:\/\/yoast.com\/wordpress\/plugins\/seo\/ -->\n<title>Mortes de motociclistas caem nos per\u00edmetros urbanos de Franca e Ribeir\u00e3o Preto - VerdadeOn<\/title>\n<meta name=\"robots\" content=\"index, follow, max-snippet:-1, max-image-preview:large, max-video-preview:-1\" \/>\n<link rel=\"canonical\" href=\"https:\/\/verdadeon.com.br\/portal\/2025\/03\/29\/mortes-de-motociclistas-caem-nos-perimetros-urbanos-de-franca-e-ribeirao-preto\/\" \/>\n<meta property=\"og:locale\" content=\"pt_BR\" \/>\n<meta property=\"og:type\" content=\"article\" \/>\n<meta property=\"og:title\" content=\"Mortes de motociclistas caem nos per\u00edmetros urbanos de Franca e Ribeir\u00e3o Preto - VerdadeOn\" \/>\n<meta property=\"og:description\" content=\"Queda foi analisada pela Arteris ViaPaulista Por Pedro Maia Editor-chefe As mortes de motociclistas nos per\u00edmetros urbanos de Franca e Ribeir\u00e3o Preto apontaram queda na compara\u00e7\u00e3o [\u2026]\" \/>\n<meta property=\"og:url\" content=\"https:\/\/verdadeon.com.br\/portal\/2025\/03\/29\/mortes-de-motociclistas-caem-nos-perimetros-urbanos-de-franca-e-ribeirao-preto\/\" \/>\n<meta property=\"og:site_name\" content=\"VerdadeOn\" \/>\n<meta property=\"article:published_time\" content=\"2025-03-29T16:27:27+00:00\" \/>\n<meta property=\"og:image\" content=\"https:\/\/verdadeon.com.br\/portal\/wp-content\/uploads\/2024\/04\/AnyConv.com__PORTINARI.jpg\" \/>\n\t<meta property=\"og:image:width\" content=\"764\" \/>\n\t<meta property=\"og:image:height\" content=\"512\" \/>\n\t<meta property=\"og:image:type\" content=\"image\/jpeg\" \/>\n<meta name=\"author\" content=\"Redacao VerdadeOn\" \/>\n<meta name=\"twitter:card\" content=\"summary_large_image\" \/>\n<meta name=\"twitter:label1\" content=\"Escrito por\" \/>\n\t<meta name=\"twitter:data1\" content=\"Redacao VerdadeOn\" \/>\n\t<meta name=\"twitter:label2\" content=\"Est. tempo de leitura\" \/>\n\t<meta name=\"twitter:data2\" content=\"3 minutos\" \/>\n<script type=\"application\/ld+json\" class=\"yoast-schema-graph\">{\"@context\":\"https:\/\/schema.org\",\"@graph\":[{\"@type\":\"WebPage\",\"@id\":\"https:\/\/verdadeon.com.br\/portal\/2025\/03\/29\/mortes-de-motociclistas-caem-nos-perimetros-urbanos-de-franca-e-ribeirao-preto\/\",\"url\":\"https:\/\/verdadeon.com.br\/portal\/2025\/03\/29\/mortes-de-motociclistas-caem-nos-perimetros-urbanos-de-franca-e-ribeirao-preto\/\",\"name\":\"Mortes de motociclistas caem nos per\u00edmetros urbanos de Franca e Ribeir\u00e3o Preto - VerdadeOn\",\"isPartOf\":{\"@id\":\"https:\/\/verdadeon.com.br\/portal\/#website\"},\"primaryImageOfPage\":{\"@id\":\"https:\/\/verdadeon.com.br\/portal\/2025\/03\/29\/mortes-de-motociclistas-caem-nos-perimetros-urbanos-de-franca-e-ribeirao-preto\/#primaryimage\"},\"image\":{\"@id\":\"https:\/\/verdadeon.com.br\/portal\/2025\/03\/29\/mortes-de-motociclistas-caem-nos-perimetros-urbanos-de-franca-e-ribeirao-preto\/#primaryimage\"},\"thumbnailUrl\":\"https:\/\/i0.wp.com\/verdadeon.com.br\/portal\/wp-content\/uploads\/2024\/04\/AnyConv.com__PORTINARI.jpg?fit=764%2C512&ssl=1\",\"datePublished\":\"2025-03-29T16:27:27+00:00\",\"author\":{\"@id\":\"https:\/\/verdadeon.com.br\/portal\/#\/schema\/person\/a5060ad1e9ea3df545188fc93ce43d2f\"},\"breadcrumb\":{\"@id\":\"https:\/\/verdadeon.com.br\/portal\/2025\/03\/29\/mortes-de-motociclistas-caem-nos-perimetros-urbanos-de-franca-e-ribeirao-preto\/#breadcrumb\"},\"inLanguage\":\"pt-BR\",\"potentialAction\":[{\"@type\":\"ReadAction\",\"target\":[\"https:\/\/verdadeon.com.br\/portal\/2025\/03\/29\/mortes-de-motociclistas-caem-nos-perimetros-urbanos-de-franca-e-ribeirao-preto\/\"]}]},{\"@type\":\"ImageObject\",\"inLanguage\":\"pt-BR\",\"@id\":\"https:\/\/verdadeon.com.br\/portal\/2025\/03\/29\/mortes-de-motociclistas-caem-nos-perimetros-urbanos-de-franca-e-ribeirao-preto\/#primaryimage\",\"url\":\"https:\/\/i0.wp.com\/verdadeon.com.br\/portal\/wp-content\/uploads\/2024\/04\/AnyConv.com__PORTINARI.jpg?fit=764%2C512&ssl=1\",\"contentUrl\":\"https:\/\/i0.wp.com\/verdadeon.com.br\/portal\/wp-content\/uploads\/2024\/04\/AnyConv.com__PORTINARI.jpg?fit=764%2C512&ssl=1\",\"width\":764,\"height\":512,\"caption\":\"Rodovia C\u00e2ndido Portinari, em Franca (\u00a9Fernando Lima)\"},{\"@type\":\"BreadcrumbList\",\"@id\":\"https:\/\/verdadeon.com.br\/portal\/2025\/03\/29\/mortes-de-motociclistas-caem-nos-perimetros-urbanos-de-franca-e-ribeirao-preto\/#breadcrumb\",\"itemListElement\":[{\"@type\":\"ListItem\",\"position\":1,\"name\":\"In\u00edcio\",\"item\":\"https:\/\/verdadeon.com.br\/portal\/\"},{\"@type\":\"ListItem\",\"position\":2,\"name\":\"Mortes de motociclistas caem nos per\u00edmetros urbanos de Franca e Ribeir\u00e3o Preto\"}]},{\"@type\":\"WebSite\",\"@id\":\"https:\/\/verdadeon.com.br\/portal\/#website\",\"url\":\"https:\/\/verdadeon.com.br\/portal\/\",\"name\":\"VerdadeOn\",\"description\":\"Not\u00edcias di\u00e1rias sobre Franca, Regi\u00e3o, Esporte, Cultura, Cotidiano, Colunas. Cobertura nos principais eventos da cidade \u00e9 aqui - Verdadeon Franca\",\"potentialAction\":[{\"@type\":\"SearchAction\",\"target\":{\"@type\":\"EntryPoint\",\"urlTemplate\":\"https:\/\/verdadeon.com.br\/portal\/?s={search_term_string}\"},\"query-input\":{\"@type\":\"PropertyValueSpecification\",\"valueRequired\":true,\"valueName\":\"search_term_string\"}}],\"inLanguage\":\"pt-BR\"},{\"@type\":\"Person\",\"@id\":\"https:\/\/verdadeon.com.br\/portal\/#\/schema\/person\/a5060ad1e9ea3df545188fc93ce43d2f\",\"name\":\"Redacao VerdadeOn\",\"image\":{\"@type\":\"ImageObject\",\"inLanguage\":\"pt-BR\",\"@id\":\"https:\/\/verdadeon.com.br\/portal\/#\/schema\/person\/image\/\",\"url\":\"https:\/\/secure.gravatar.com\/avatar\/459a9613caaaf07f582c3d0841eea68bdd66f533e465e6ba8b9cb45619572cf4?s=96&d=mm&r=g\",\"contentUrl\":\"https:\/\/secure.gravatar.com\/avatar\/459a9613caaaf07f582c3d0841eea68bdd66f533e465e6ba8b9cb45619572cf4?s=96&d=mm&r=g\",\"caption\":\"Redacao VerdadeOn\"},\"url\":\"https:\/\/verdadeon.com.br\/portal\/author\/redacao\/\"}]}<\/script>\n<!-- \/ Yoast SEO plugin. -->","yoast_head_json":{"title":"Mortes de motociclistas caem nos per\u00edmetros urbanos de Franca e Ribeir\u00e3o Preto - VerdadeOn","robots":{"index":"index","follow":"follow","max-snippet":"max-snippet:-1","max-image-preview":"max-image-preview:large","max-video-preview":"max-video-preview:-1"},"canonical":"https:\/\/verdadeon.com.br\/portal\/2025\/03\/29\/mortes-de-motociclistas-caem-nos-perimetros-urbanos-de-franca-e-ribeirao-preto\/","og_locale":"pt_BR","og_type":"article","og_title":"Mortes de motociclistas caem nos per\u00edmetros urbanos de Franca e Ribeir\u00e3o Preto - VerdadeOn","og_description":"Queda foi analisada pela Arteris ViaPaulista Por Pedro Maia Editor-chefe As mortes de motociclistas nos per\u00edmetros urbanos de Franca e Ribeir\u00e3o Preto apontaram queda na compara\u00e7\u00e3o [\u2026]","og_url":"https:\/\/verdadeon.com.br\/portal\/2025\/03\/29\/mortes-de-motociclistas-caem-nos-perimetros-urbanos-de-franca-e-ribeirao-preto\/","og_site_name":"VerdadeOn","article_published_time":"2025-03-29T16:27:27+00:00","og_image":[{"width":764,"height":512,"url":"https:\/\/verdadeon.com.br\/portal\/wp-content\/uploads\/2024\/04\/AnyConv.com__PORTINARI.jpg","type":"image\/jpeg"}],"author":"Redacao VerdadeOn","twitter_card":"summary_large_image","twitter_misc":{"Escrito por":"Redacao VerdadeOn","Est. tempo de leitura":"3 minutos"},"schema":{"@context":"https:\/\/schema.org","@graph":[{"@type":"WebPage","@id":"https:\/\/verdadeon.com.br\/portal\/2025\/03\/29\/mortes-de-motociclistas-caem-nos-perimetros-urbanos-de-franca-e-ribeirao-preto\/","url":"https:\/\/verdadeon.com.br\/portal\/2025\/03\/29\/mortes-de-motociclistas-caem-nos-perimetros-urbanos-de-franca-e-ribeirao-preto\/","name":"Mortes de motociclistas caem nos per\u00edmetros urbanos de Franca e Ribeir\u00e3o Preto - VerdadeOn","isPartOf":{"@id":"https:\/\/verdadeon.com.br\/portal\/#website"},"primaryImageOfPage":{"@id":"https:\/\/verdadeon.com.br\/portal\/2025\/03\/29\/mortes-de-motociclistas-caem-nos-perimetros-urbanos-de-franca-e-ribeirao-preto\/#primaryimage"},"image":{"@id":"https:\/\/verdadeon.com.br\/portal\/2025\/03\/29\/mortes-de-motociclistas-caem-nos-perimetros-urbanos-de-franca-e-ribeirao-preto\/#primaryimage"},"thumbnailUrl":"https:\/\/i0.wp.com\/verdadeon.com.br\/portal\/wp-content\/uploads\/2024\/04\/AnyConv.com__PORTINARI.jpg?fit=764%2C512&ssl=1","datePublished":"2025-03-29T16:27:27+00:00","author":{"@id":"https:\/\/verdadeon.com.br\/portal\/#\/schema\/person\/a5060ad1e9ea3df545188fc93ce43d2f"},"breadcrumb":{"@id":"https:\/\/verdadeon.com.br\/portal\/2025\/03\/29\/mortes-de-motociclistas-caem-nos-perimetros-urbanos-de-franca-e-ribeirao-preto\/#breadcrumb"},"inLanguage":"pt-BR","potentialAction":[{"@type":"ReadAction","target":["https:\/\/verdadeon.com.br\/portal\/2025\/03\/29\/mortes-de-motociclistas-caem-nos-perimetros-urbanos-de-franca-e-ribeirao-preto\/"]}]},{"@type":"ImageObject","inLanguage":"pt-BR","@id":"https:\/\/verdadeon.com.br\/portal\/2025\/03\/29\/mortes-de-motociclistas-caem-nos-perimetros-urbanos-de-franca-e-ribeirao-preto\/#primaryimage","url":"https:\/\/i0.wp.com\/verdadeon.com.br\/portal\/wp-content\/uploads\/2024\/04\/AnyConv.com__PORTINARI.jpg?fit=764%2C512&ssl=1","contentUrl":"https:\/\/i0.wp.com\/verdadeon.com.br\/portal\/wp-content\/uploads\/2024\/04\/AnyConv.com__PORTINARI.jpg?fit=764%2C512&ssl=1","width":764,"height":512,"caption":"Rodovia C\u00e2ndido Portinari, em Franca (\u00a9Fernando Lima)"},{"@type":"BreadcrumbList","@id":"https:\/\/verdadeon.com.br\/portal\/2025\/03\/29\/mortes-de-motociclistas-caem-nos-perimetros-urbanos-de-franca-e-ribeirao-preto\/#breadcrumb","itemListElement":[{"@type":"ListItem","position":1,"name":"In\u00edcio","item":"https:\/\/verdadeon.com.br\/portal\/"},{"@type":"ListItem","position":2,"name":"Mortes de motociclistas caem nos per\u00edmetros urbanos de Franca e Ribeir\u00e3o Preto"}]},{"@type":"WebSite","@id":"https:\/\/verdadeon.com.br\/portal\/#website","url":"https:\/\/verdadeon.com.br\/portal\/","name":"VerdadeOn","description":"Not\u00edcias di\u00e1rias sobre Franca, Regi\u00e3o, Esporte, Cultura, Cotidiano, Colunas. Cobertura nos principais eventos da cidade \u00e9 aqui - Verdadeon Franca","potentialAction":[{"@type":"SearchAction","target":{"@type":"EntryPoint","urlTemplate":"https:\/\/verdadeon.com.br\/portal\/?s={search_term_string}"},"query-input":{"@type":"PropertyValueSpecification","valueRequired":true,"valueName":"search_term_string"}}],"inLanguage":"pt-BR"},{"@type":"Person","@id":"https:\/\/verdadeon.com.br\/portal\/#\/schema\/person\/a5060ad1e9ea3df545188fc93ce43d2f","name":"Redacao VerdadeOn","image":{"@type":"ImageObject","inLanguage":"pt-BR","@id":"https:\/\/verdadeon.com.br\/portal\/#\/schema\/person\/image\/","url":"https:\/\/secure.gravatar.com\/avatar\/459a9613caaaf07f582c3d0841eea68bdd66f533e465e6ba8b9cb45619572cf4?s=96&d=mm&r=g","contentUrl":"https:\/\/secure.gravatar.com\/avatar\/459a9613caaaf07f582c3d0841eea68bdd66f533e465e6ba8b9cb45619572cf4?s=96&d=mm&r=g","caption":"Redacao VerdadeOn"},"url":"https:\/\/verdadeon.com.br\/portal\/author\/redacao\/"}]}},"jetpack_publicize_connections":[],"jetpack_featured_media_url":"https:\/\/i0.wp.com\/verdadeon.com.br\/portal\/wp-content\/uploads\/2024\/04\/AnyConv.com__PORTINARI.jpg?fit=764%2C512&ssl=1","jetpack_sharing_enabled":true,"_links":{"self":[{"href":"https:\/\/verdadeon.com.br\/portal\/wp-json\/wp\/v2\/posts\/54949","targetHints":{"allow":["GET"]}}],"collection":[{"href":"https:\/\/verdadeon.com.br\/portal\/wp-json\/wp\/v2\/posts"}],"about":[{"href":"https:\/\/verdadeon.com.br\/portal\/wp-json\/wp\/v2\/types\/post"}],"author":[{"embeddable":true,"href":"https:\/\/verdadeon.com.br\/portal\/wp-json\/wp\/v2\/users\/10"}],"replies":[{"embeddable":true,"href":"https:\/\/verdadeon.com.br\/portal\/wp-json\/wp\/v2\/comments?post=54949"}],"version-history":[{"count":1,"href":"https:\/\/verdadeon.com.br\/portal\/wp-json\/wp\/v2\/posts\/54949\/revisions"}],"predecessor-version":[{"id":54950,"href":"https:\/\/verdadeon.com.br\/portal\/wp-json\/wp\/v2\/posts\/54949\/revisions\/54950"}],"wp:featuredmedia":[{"embeddable":true,"href":"https:\/\/verdadeon.com.br\/portal\/wp-json\/wp\/v2\/media\/43110"}],"wp:attachment":[{"href":"https:\/\/verdadeon.com.br\/portal\/wp-json\/wp\/v2\/media?parent=54949"}],"wp:term":[{"taxonomy":"category","embeddable":true,"href":"https:\/\/verdadeon.com.br\/portal\/wp-json\/wp\/v2\/categories?post=54949"},{"taxonomy":"post_tag","embeddable":true,"href":"https:\/\/verdadeon.com.br\/portal\/wp-json\/wp\/v2\/tags?post=54949"}],"curies":[{"name":"wp","href":"https:\/\/api.w.org\/{rel}","templated":true}]}}