{"id":54707,"date":"2025-03-18T16:14:00","date_gmt":"2025-03-18T19:14:00","guid":{"rendered":"https:\/\/verdadeon.com.br\/portal\/?p=54707"},"modified":"2025-03-18T16:14:00","modified_gmt":"2025-03-18T19:14:00","slug":"19-de-marco-dia-de-sao-jose","status":"publish","type":"post","link":"https:\/\/verdadeon.com.br\/portal\/2025\/03\/18\/19-de-marco-dia-de-sao-jose\/","title":{"rendered":"19 de mar\u00e7o: dia de S\u00e3o Jos\u00e9"},"content":{"rendered":"<h2>S\u00e3o Jos\u00e9 \u00e9 tido como Patrono da Igreja Cat\u00f3lica Apost\u00f3lica Romana<\/h2>\n<p>Carpinteiro e artes\u00e3o. Patrono da Igreja e guardi\u00e3o das fam\u00edlias. Esposo de Maria e pai de Jesus Cristo, na Terra. S\u00e3o Jos\u00e9 \u00e9 festejado na tradi\u00e7\u00e3o cat\u00f3lica no dia 19 de mar\u00e7o. De acordo com a B\u00edblia, Jos\u00e9 casou-se com Maria quando ela j\u00e1 estava gr\u00e1vida de Jesus e criou o menino. Como Santo, \u00e9 admirado por ser trabalhador, bom marido e pai amoroso.<img data-recalc-dims=\"1\" decoding=\"async\" src=\"https:\/\/i0.wp.com\/agenciabrasil.ebc.com.br\/ebc.png?w=1220&#038;ssl=1\" \/><img data-recalc-dims=\"1\" decoding=\"async\" src=\"https:\/\/i0.wp.com\/agenciabrasil.ebc.com.br\/ebc.gif?w=1220&#038;ssl=1\" \/><\/p>\n<p>Fiel a Lei da Torah, Jos\u00e9 quase deixou Maria ao saber da gravidez. Mas o homem recebeu a visita de um anjo em sonho e recebeu o aviso de que Jesus era filho de Deus. Depois disso, Jos\u00e9 acolheu a mulher e protegeu a crian\u00e7a.<\/p>\n<p>Segundo o Vaticano, os registros mais antigos de culto a S\u00e3o Jos\u00e9 s\u00e3o do final do s\u00e9culo VIII. A devo\u00e7\u00e3o ao Santo cresceu no s\u00e9culo XV quando o chanceler da bas\u00edlica de Notre Dame, em Paris, passou a dedicar uma festa a S\u00e3o Jos\u00e9. Em 1480, a celebra\u00e7\u00e3o do dia 19 de mar\u00e7o foi aprovada pelo Papa Sisto IV e, em 1621, o Papa Greg\u00f3rio XV tornou a data obrigat\u00f3ria. Em 1870, o Papa Pio IX declarou S\u00e3o Jos\u00e9 como padroeiro da Igreja Cat\u00f3lica. J\u00e1 o Papa Francisco proclamou 2021 como o Ano de S\u00e3o Jos\u00e9.<\/p>\n<p>Como todo festejo religioso, alguns costumes marcam a data. Os capuchinhos franceses come\u00e7aram em 1880 a produzir um escapul\u00e1rio em homenagem ao Santo. Feito em tecido branco, uma das imagens impressas mostra S\u00e3o Jos\u00e9 com o Menino Jesus no bra\u00e7o direito e o ramo de l\u00edrios na m\u00e3o esquerda. O escapul\u00e1rio deve ser \u00a0aben\u00e7oado pelos frades capuchinhos e usado para que a pessoa receba suas ben\u00e7\u00e3os.<\/p>\n<p>Outra tradi\u00e7\u00e3o \u00e9 a partilha de um tipo de \u201cbolo casamenteiro\u201d com alian\u00e7as escondidas. Quem encontra est\u00e1 mais perto do altar. Acredita-se que S\u00e3o Jos\u00e9 \u00e9 o Santo mais indicado para encontrar um bom marido.<\/p>\n<p>Fonte: Radioag\u00eancia (Hist\u00f3ria Hoje)<\/p>\n","protected":false},"excerpt":{"rendered":"<p>S\u00e3o Jos\u00e9 \u00e9 tido como Patrono da Igreja Cat\u00f3lica Apost\u00f3lica Romana Carpinteiro e artes\u00e3o. Patrono da Igreja e guardi\u00e3o das fam\u00edlias. Esposo de Maria e pai<span class=\"excerpt-hellip\"> [\u2026]<\/span><\/p>\n","protected":false},"author":10,"featured_media":54708,"comment_status":"open","ping_status":"open","sticky":false,"template":"","format":"standard","meta":{"_jetpack_memberships_contains_paid_content":false,"footnotes":"","jetpack_publicize_message":"","jetpack_publicize_feature_enabled":true,"jetpack_social_post_already_shared":true,"jetpack_social_options":{"image_generator_settings":{"template":"highway","default_image_id":0,"enabled":false},"version":2}},"categories":[28,81],"tags":[],"class_list":["post-54707","post","type-post","status-publish","format-standard","has-post-thumbnail","hentry","category-cotidiano","category-manchete"],"yoast_head":"<!-- This site is optimized with the Yoast SEO plugin v25.6 - https:\/\/yoast.com\/wordpress\/plugins\/seo\/ -->\n<title>19 de mar\u00e7o: dia de S\u00e3o Jos\u00e9 - VerdadeOn<\/title>\n<meta name=\"robots\" content=\"index, follow, max-snippet:-1, max-image-preview:large, max-video-preview:-1\" \/>\n<link rel=\"canonical\" href=\"https:\/\/verdadeon.com.br\/portal\/2025\/03\/18\/19-de-marco-dia-de-sao-jose\/\" \/>\n<meta property=\"og:locale\" content=\"pt_BR\" \/>\n<meta property=\"og:type\" content=\"article\" \/>\n<meta property=\"og:title\" content=\"19 de mar\u00e7o: dia de S\u00e3o Jos\u00e9 - VerdadeOn\" \/>\n<meta property=\"og:description\" content=\"S\u00e3o Jos\u00e9 \u00e9 tido como Patrono da Igreja Cat\u00f3lica Apost\u00f3lica Romana Carpinteiro e artes\u00e3o. Patrono da Igreja e guardi\u00e3o das fam\u00edlias. Esposo de Maria e pai [\u2026]\" \/>\n<meta property=\"og:url\" content=\"https:\/\/verdadeon.com.br\/portal\/2025\/03\/18\/19-de-marco-dia-de-sao-jose\/\" \/>\n<meta property=\"og:site_name\" content=\"VerdadeOn\" \/>\n<meta property=\"article:published_time\" content=\"2025-03-18T19:14:00+00:00\" \/>\n<meta property=\"og:image\" content=\"https:\/\/verdadeon.com.br\/portal\/wp-content\/uploads\/2025\/03\/formacao_1600x1200-o-nosso-pai-sao-j.jpg\" \/>\n\t<meta property=\"og:image:width\" content=\"1600\" \/>\n\t<meta property=\"og:image:height\" content=\"1072\" \/>\n\t<meta property=\"og:image:type\" content=\"image\/jpeg\" \/>\n<meta name=\"author\" content=\"Redacao VerdadeOn\" \/>\n<meta name=\"twitter:card\" content=\"summary_large_image\" \/>\n<meta name=\"twitter:label1\" content=\"Escrito por\" \/>\n\t<meta name=\"twitter:data1\" content=\"Redacao VerdadeOn\" \/>\n\t<meta name=\"twitter:label2\" content=\"Est. tempo de leitura\" \/>\n\t<meta name=\"twitter:data2\" content=\"2 minutos\" \/>\n<script type=\"application\/ld+json\" class=\"yoast-schema-graph\">{\"@context\":\"https:\/\/schema.org\",\"@graph\":[{\"@type\":\"WebPage\",\"@id\":\"https:\/\/verdadeon.com.br\/portal\/2025\/03\/18\/19-de-marco-dia-de-sao-jose\/\",\"url\":\"https:\/\/verdadeon.com.br\/portal\/2025\/03\/18\/19-de-marco-dia-de-sao-jose\/\",\"name\":\"19 de mar\u00e7o: dia de S\u00e3o Jos\u00e9 - VerdadeOn\",\"isPartOf\":{\"@id\":\"https:\/\/verdadeon.com.br\/portal\/#website\"},\"primaryImageOfPage\":{\"@id\":\"https:\/\/verdadeon.com.br\/portal\/2025\/03\/18\/19-de-marco-dia-de-sao-jose\/#primaryimage\"},\"image\":{\"@id\":\"https:\/\/verdadeon.com.br\/portal\/2025\/03\/18\/19-de-marco-dia-de-sao-jose\/#primaryimage\"},\"thumbnailUrl\":\"https:\/\/i0.wp.com\/verdadeon.com.br\/portal\/wp-content\/uploads\/2025\/03\/formacao_1600x1200-o-nosso-pai-sao-j.jpg?fit=1600%2C1072&ssl=1\",\"datePublished\":\"2025-03-18T19:14:00+00:00\",\"author\":{\"@id\":\"https:\/\/verdadeon.com.br\/portal\/#\/schema\/person\/a5060ad1e9ea3df545188fc93ce43d2f\"},\"breadcrumb\":{\"@id\":\"https:\/\/verdadeon.com.br\/portal\/2025\/03\/18\/19-de-marco-dia-de-sao-jose\/#breadcrumb\"},\"inLanguage\":\"pt-BR\",\"potentialAction\":[{\"@type\":\"ReadAction\",\"target\":[\"https:\/\/verdadeon.com.br\/portal\/2025\/03\/18\/19-de-marco-dia-de-sao-jose\/\"]}]},{\"@type\":\"ImageObject\",\"inLanguage\":\"pt-BR\",\"@id\":\"https:\/\/verdadeon.com.br\/portal\/2025\/03\/18\/19-de-marco-dia-de-sao-jose\/#primaryimage\",\"url\":\"https:\/\/i0.wp.com\/verdadeon.com.br\/portal\/wp-content\/uploads\/2025\/03\/formacao_1600x1200-o-nosso-pai-sao-j.jpg?fit=1600%2C1072&ssl=1\",\"contentUrl\":\"https:\/\/i0.wp.com\/verdadeon.com.br\/portal\/wp-content\/uploads\/2025\/03\/formacao_1600x1200-o-nosso-pai-sao-j.jpg?fit=1600%2C1072&ssl=1\",\"width\":1600,\"height\":1072,\"caption\":\"Venerado como patrono da Igreja Cat\u00f3lica e pai de Jesus Cristo na Terra, S\u00e3o Jos\u00e9 (\u00a9Arquivo\/Can\u00e7\u00e3oNova)\"},{\"@type\":\"BreadcrumbList\",\"@id\":\"https:\/\/verdadeon.com.br\/portal\/2025\/03\/18\/19-de-marco-dia-de-sao-jose\/#breadcrumb\",\"itemListElement\":[{\"@type\":\"ListItem\",\"position\":1,\"name\":\"In\u00edcio\",\"item\":\"https:\/\/verdadeon.com.br\/portal\/\"},{\"@type\":\"ListItem\",\"position\":2,\"name\":\"19 de mar\u00e7o: dia de S\u00e3o Jos\u00e9\"}]},{\"@type\":\"WebSite\",\"@id\":\"https:\/\/verdadeon.com.br\/portal\/#website\",\"url\":\"https:\/\/verdadeon.com.br\/portal\/\",\"name\":\"VerdadeOn\",\"description\":\"Not\u00edcias di\u00e1rias sobre Franca, Regi\u00e3o, Esporte, Cultura, Cotidiano, Colunas. Cobertura nos principais eventos da cidade \u00e9 aqui - Verdadeon Franca\",\"potentialAction\":[{\"@type\":\"SearchAction\",\"target\":{\"@type\":\"EntryPoint\",\"urlTemplate\":\"https:\/\/verdadeon.com.br\/portal\/?s={search_term_string}\"},\"query-input\":{\"@type\":\"PropertyValueSpecification\",\"valueRequired\":true,\"valueName\":\"search_term_string\"}}],\"inLanguage\":\"pt-BR\"},{\"@type\":\"Person\",\"@id\":\"https:\/\/verdadeon.com.br\/portal\/#\/schema\/person\/a5060ad1e9ea3df545188fc93ce43d2f\",\"name\":\"Redacao VerdadeOn\",\"image\":{\"@type\":\"ImageObject\",\"inLanguage\":\"pt-BR\",\"@id\":\"https:\/\/verdadeon.com.br\/portal\/#\/schema\/person\/image\/\",\"url\":\"https:\/\/secure.gravatar.com\/avatar\/459a9613caaaf07f582c3d0841eea68bdd66f533e465e6ba8b9cb45619572cf4?s=96&d=mm&r=g\",\"contentUrl\":\"https:\/\/secure.gravatar.com\/avatar\/459a9613caaaf07f582c3d0841eea68bdd66f533e465e6ba8b9cb45619572cf4?s=96&d=mm&r=g\",\"caption\":\"Redacao VerdadeOn\"},\"url\":\"https:\/\/verdadeon.com.br\/portal\/author\/redacao\/\"}]}<\/script>\n<!-- \/ Yoast SEO plugin. -->","yoast_head_json":{"title":"19 de mar\u00e7o: dia de S\u00e3o Jos\u00e9 - VerdadeOn","robots":{"index":"index","follow":"follow","max-snippet":"max-snippet:-1","max-image-preview":"max-image-preview:large","max-video-preview":"max-video-preview:-1"},"canonical":"https:\/\/verdadeon.com.br\/portal\/2025\/03\/18\/19-de-marco-dia-de-sao-jose\/","og_locale":"pt_BR","og_type":"article","og_title":"19 de mar\u00e7o: dia de S\u00e3o Jos\u00e9 - VerdadeOn","og_description":"S\u00e3o Jos\u00e9 \u00e9 tido como Patrono da Igreja Cat\u00f3lica Apost\u00f3lica Romana Carpinteiro e artes\u00e3o. Patrono da Igreja e guardi\u00e3o das fam\u00edlias. Esposo de Maria e pai [\u2026]","og_url":"https:\/\/verdadeon.com.br\/portal\/2025\/03\/18\/19-de-marco-dia-de-sao-jose\/","og_site_name":"VerdadeOn","article_published_time":"2025-03-18T19:14:00+00:00","og_image":[{"width":1600,"height":1072,"url":"https:\/\/verdadeon.com.br\/portal\/wp-content\/uploads\/2025\/03\/formacao_1600x1200-o-nosso-pai-sao-j.jpg","type":"image\/jpeg"}],"author":"Redacao VerdadeOn","twitter_card":"summary_large_image","twitter_misc":{"Escrito por":"Redacao VerdadeOn","Est. tempo de leitura":"2 minutos"},"schema":{"@context":"https:\/\/schema.org","@graph":[{"@type":"WebPage","@id":"https:\/\/verdadeon.com.br\/portal\/2025\/03\/18\/19-de-marco-dia-de-sao-jose\/","url":"https:\/\/verdadeon.com.br\/portal\/2025\/03\/18\/19-de-marco-dia-de-sao-jose\/","name":"19 de mar\u00e7o: dia de S\u00e3o Jos\u00e9 - VerdadeOn","isPartOf":{"@id":"https:\/\/verdadeon.com.br\/portal\/#website"},"primaryImageOfPage":{"@id":"https:\/\/verdadeon.com.br\/portal\/2025\/03\/18\/19-de-marco-dia-de-sao-jose\/#primaryimage"},"image":{"@id":"https:\/\/verdadeon.com.br\/portal\/2025\/03\/18\/19-de-marco-dia-de-sao-jose\/#primaryimage"},"thumbnailUrl":"https:\/\/i0.wp.com\/verdadeon.com.br\/portal\/wp-content\/uploads\/2025\/03\/formacao_1600x1200-o-nosso-pai-sao-j.jpg?fit=1600%2C1072&ssl=1","datePublished":"2025-03-18T19:14:00+00:00","author":{"@id":"https:\/\/verdadeon.com.br\/portal\/#\/schema\/person\/a5060ad1e9ea3df545188fc93ce43d2f"},"breadcrumb":{"@id":"https:\/\/verdadeon.com.br\/portal\/2025\/03\/18\/19-de-marco-dia-de-sao-jose\/#breadcrumb"},"inLanguage":"pt-BR","potentialAction":[{"@type":"ReadAction","target":["https:\/\/verdadeon.com.br\/portal\/2025\/03\/18\/19-de-marco-dia-de-sao-jose\/"]}]},{"@type":"ImageObject","inLanguage":"pt-BR","@id":"https:\/\/verdadeon.com.br\/portal\/2025\/03\/18\/19-de-marco-dia-de-sao-jose\/#primaryimage","url":"https:\/\/i0.wp.com\/verdadeon.com.br\/portal\/wp-content\/uploads\/2025\/03\/formacao_1600x1200-o-nosso-pai-sao-j.jpg?fit=1600%2C1072&ssl=1","contentUrl":"https:\/\/i0.wp.com\/verdadeon.com.br\/portal\/wp-content\/uploads\/2025\/03\/formacao_1600x1200-o-nosso-pai-sao-j.jpg?fit=1600%2C1072&ssl=1","width":1600,"height":1072,"caption":"Venerado como patrono da Igreja Cat\u00f3lica e pai de Jesus Cristo na Terra, S\u00e3o Jos\u00e9 (\u00a9Arquivo\/Can\u00e7\u00e3oNova)"},{"@type":"BreadcrumbList","@id":"https:\/\/verdadeon.com.br\/portal\/2025\/03\/18\/19-de-marco-dia-de-sao-jose\/#breadcrumb","itemListElement":[{"@type":"ListItem","position":1,"name":"In\u00edcio","item":"https:\/\/verdadeon.com.br\/portal\/"},{"@type":"ListItem","position":2,"name":"19 de mar\u00e7o: dia de S\u00e3o Jos\u00e9"}]},{"@type":"WebSite","@id":"https:\/\/verdadeon.com.br\/portal\/#website","url":"https:\/\/verdadeon.com.br\/portal\/","name":"VerdadeOn","description":"Not\u00edcias di\u00e1rias sobre Franca, Regi\u00e3o, Esporte, Cultura, Cotidiano, Colunas. Cobertura nos principais eventos da cidade \u00e9 aqui - Verdadeon Franca","potentialAction":[{"@type":"SearchAction","target":{"@type":"EntryPoint","urlTemplate":"https:\/\/verdadeon.com.br\/portal\/?s={search_term_string}"},"query-input":{"@type":"PropertyValueSpecification","valueRequired":true,"valueName":"search_term_string"}}],"inLanguage":"pt-BR"},{"@type":"Person","@id":"https:\/\/verdadeon.com.br\/portal\/#\/schema\/person\/a5060ad1e9ea3df545188fc93ce43d2f","name":"Redacao VerdadeOn","image":{"@type":"ImageObject","inLanguage":"pt-BR","@id":"https:\/\/verdadeon.com.br\/portal\/#\/schema\/person\/image\/","url":"https:\/\/secure.gravatar.com\/avatar\/459a9613caaaf07f582c3d0841eea68bdd66f533e465e6ba8b9cb45619572cf4?s=96&d=mm&r=g","contentUrl":"https:\/\/secure.gravatar.com\/avatar\/459a9613caaaf07f582c3d0841eea68bdd66f533e465e6ba8b9cb45619572cf4?s=96&d=mm&r=g","caption":"Redacao VerdadeOn"},"url":"https:\/\/verdadeon.com.br\/portal\/author\/redacao\/"}]}},"jetpack_publicize_connections":[],"jetpack_featured_media_url":"https:\/\/i0.wp.com\/verdadeon.com.br\/portal\/wp-content\/uploads\/2025\/03\/formacao_1600x1200-o-nosso-pai-sao-j.jpg?fit=1600%2C1072&ssl=1","jetpack_sharing_enabled":true,"_links":{"self":[{"href":"https:\/\/verdadeon.com.br\/portal\/wp-json\/wp\/v2\/posts\/54707","targetHints":{"allow":["GET"]}}],"collection":[{"href":"https:\/\/verdadeon.com.br\/portal\/wp-json\/wp\/v2\/posts"}],"about":[{"href":"https:\/\/verdadeon.com.br\/portal\/wp-json\/wp\/v2\/types\/post"}],"author":[{"embeddable":true,"href":"https:\/\/verdadeon.com.br\/portal\/wp-json\/wp\/v2\/users\/10"}],"replies":[{"embeddable":true,"href":"https:\/\/verdadeon.com.br\/portal\/wp-json\/wp\/v2\/comments?post=54707"}],"version-history":[{"count":1,"href":"https:\/\/verdadeon.com.br\/portal\/wp-json\/wp\/v2\/posts\/54707\/revisions"}],"predecessor-version":[{"id":54709,"href":"https:\/\/verdadeon.com.br\/portal\/wp-json\/wp\/v2\/posts\/54707\/revisions\/54709"}],"wp:featuredmedia":[{"embeddable":true,"href":"https:\/\/verdadeon.com.br\/portal\/wp-json\/wp\/v2\/media\/54708"}],"wp:attachment":[{"href":"https:\/\/verdadeon.com.br\/portal\/wp-json\/wp\/v2\/media?parent=54707"}],"wp:term":[{"taxonomy":"category","embeddable":true,"href":"https:\/\/verdadeon.com.br\/portal\/wp-json\/wp\/v2\/categories?post=54707"},{"taxonomy":"post_tag","embeddable":true,"href":"https:\/\/verdadeon.com.br\/portal\/wp-json\/wp\/v2\/tags?post=54707"}],"curies":[{"name":"wp","href":"https:\/\/api.w.org\/{rel}","templated":true}]}}