{"id":54505,"date":"2025-03-10T08:00:14","date_gmt":"2025-03-10T11:00:14","guid":{"rendered":"https:\/\/verdadeon.com.br\/portal\/?p=54505"},"modified":"2025-03-10T15:20:00","modified_gmt":"2025-03-10T18:20:00","slug":"vereadores-votam-obrigatoriedade-de-laudos-medicos-detalhados-na-rede-publica-de-saude","status":"publish","type":"post","link":"https:\/\/verdadeon.com.br\/portal\/2025\/03\/10\/vereadores-votam-obrigatoriedade-de-laudos-medicos-detalhados-na-rede-publica-de-saude\/","title":{"rendered":"Vereadores votam obrigatoriedade de laudos m\u00e9dicos detalhados na rede p\u00fablica de sa\u00fade"},"content":{"rendered":"<h2>Ainda, requerimentos sobre transporte p\u00fablico, obras da Pra\u00e7a Matriz e atendimento no NAIA ser\u00e3o avaliados<\/h2>\n<p><span style=\"font-family: verdana, helvetica, sans-serif;\">Nesta ter\u00e7a-feira, 11 de mar\u00e7o, a <span class=\"il\">C\u00e2mara<\/span>\u00a0Municipal de Franca realizar\u00e1 a\u00a0<a href=\"https:\/\/sapl.franca.sp.leg.br\/sessao\/pesquisar-sessao?data_inicio__year=2025&amp;data_inicio__month=&amp;data_inicio__day=&amp;tipo=\" target=\"_blank\" rel=\"nofollow noopener\" data-saferedirecturl=\"https:\/\/www.google.com\/url?q=https:\/\/sapl.franca.sp.leg.br\/sessao\/pesquisar-sessao?data_inicio__year%3D2025%26data_inicio__month%3D%26data_inicio__day%3D%26tipo%3D&amp;source=gmail&amp;ust=1741716033077000&amp;usg=AOvVaw1JmM9MOpOV32TFpfMbax_8\">10\u00aa Sess\u00e3o Ordin\u00e1ria de 2025<\/a>.\u00a0O encontro ter\u00e1 in\u00edcio \u00e0s 9 horas, com a leitura do expediente, e retomar\u00e1 \u00e0s 14 horas, com a vota\u00e7\u00e3o de projetos na ordem do dia.<\/span><\/p>\n<p><span style=\"font-family: verdana, helvetica, sans-serif;\">Entre os temas em pauta, destacam-se a obrigatoriedade de laudos m\u00e9dicos detalhados na rede p\u00fablica de sa\u00fade e requerimentos que abordam desde a limpeza p\u00fablica at\u00e9 a amplia\u00e7\u00e3o de vagas em casas de repouso.<\/span><\/p>\n<p><span style=\"font-family: verdana, helvetica, sans-serif;\">Ap\u00f3s adiamento por uma sess\u00e3o, retorna \u00e0 pauta para vota\u00e7\u00e3o o\u00a0<a href=\"https:\/\/sapl.franca.sp.leg.br\/materia\/13027\" target=\"_blank\" rel=\"nofollow noopener\" data-saferedirecturl=\"https:\/\/www.google.com\/url?q=https:\/\/sapl.franca.sp.leg.br\/materia\/13027&amp;source=gmail&amp;ust=1741716033077000&amp;usg=AOvVaw1nVZxxhXNKSK5OlUVY76so\">Projeto de Lei Ordin\u00e1ria n\u00ba 6\/2025<\/a>, de autoria do vereador Marcelo Tidy (MDB), que disp\u00f5e sobre a obrigatoriedade de fornecimento de laudos m\u00e9dicos detalhados para pacientes da rede p\u00fablica de sa\u00fade do Munic\u00edpio de Franca.<\/span><\/p>\n<p><span style=\"font-family: verdana, helvetica, sans-serif;\">A proposta estabelece que o documento deve conter informa\u00e7\u00f5es m\u00ednimas como diagn\u00f3stico, tratamento realizado, medicamentos prescritos, procedimentos realizados e condi\u00e7\u00f5es cl\u00ednicas atuais.<\/span><\/p>\n<p><span style=\"font-family: verdana, helvetica, sans-serif;\">O laudo dever\u00e1 ser entregue em at\u00e9 10 dias \u00fateis ap\u00f3s a solicita\u00e7\u00e3o, ou imediatamente, em casos de urg\u00eancia. A proposta tamb\u00e9m prev\u00ea penaliza\u00e7\u00e3o ao m\u00e9dico por danos causados ao paciente em decorr\u00eancia da n\u00e3o entrega do laudo.<\/span><\/p>\n<p><span style=\"font-family: verdana, helvetica, sans-serif;\">O vereador Marcelo Tidy (MDB) destacou que a lei visa facilitar o acesso dos pacientes a informa\u00e7\u00f5es m\u00e9dicas essenciais: \u201cCom essa lei, os pacientes da rede p\u00fablica de sa\u00fade do Munic\u00edpio de Franca ter\u00e3o mais facilidade em obter laudos m\u00e9dicos detalhados e atualizados, o que lhes permitir\u00e1 garantir seus direitos e obter repara\u00e7\u00e3o por danos causados\u201d, justificou.<\/span><\/p>\n<p><strong><span style=\"font-family: verdana, helvetica, sans-serif;\">Vereadores debatem sobre transporte p\u00fablico, obras da Pra\u00e7a Matriz e atendimento no NAIA\u00a0<\/span><\/strong><\/p>\n<p><span style=\"font-family: verdana, helvetica, sans-serif;\">A sess\u00e3o tamb\u00e9m contar\u00e1 com a vota\u00e7\u00e3o de diversos requerimentos. De autoria do vereador Gilson Pelizaro (PT), ser\u00e1 analisado o\u00a0<a href=\"https:\/\/sapl.franca.sp.leg.br\/materia\/13521\" target=\"_blank\" rel=\"nofollow noopener\" data-saferedirecturl=\"https:\/\/www.google.com\/url?q=https:\/\/sapl.franca.sp.leg.br\/materia\/13521&amp;source=gmail&amp;ust=1741716033077000&amp;usg=AOvVaw1XyPPhIWQDup7sy9132nEw\">Requerimento n\u00ba 194\/2025<\/a>, que pede informa\u00e7\u00f5es a respeito dos estudos realizados pela ANTP sobre o transporte p\u00fablico de Franca. Ainda do parlamentar, ser\u00e1 votada a\u00a0<a href=\"https:\/\/sapl.franca.sp.leg.br\/materia\/13520\" target=\"_blank\" rel=\"nofollow noopener\" data-saferedirecturl=\"https:\/\/www.google.com\/url?q=https:\/\/sapl.franca.sp.leg.br\/materia\/13520&amp;source=gmail&amp;ust=1741716033077000&amp;usg=AOvVaw2H4WPxRIT2yKrVcyF6Ywu1\">Mo\u00e7\u00e3o de Aplausos n\u00ba 15\/2025<\/a>, pelos 56 anos da Par\u00f3quia S\u00e3o Judas Tadeu.<\/span><\/p>\n<p><span style=\"font-family: verdana, helvetica, sans-serif;\">J\u00e1 o vereador Marcelo Tidy (MDB) ter\u00e1 outros requerimentos em vota\u00e7\u00e3o: O de <a href=\"https:\/\/sapl.franca.sp.leg.br\/materia\/13538\" target=\"_blank\" rel=\"nofollow noopener\" data-saferedirecturl=\"https:\/\/www.google.com\/url?q=https:\/\/sapl.franca.sp.leg.br\/materia\/13538&amp;source=gmail&amp;ust=1741716033077000&amp;usg=AOvVaw2Cc8XfmKNcFZzrXYfwvlil\">n\u00ba 197\/2025<\/a>, que solicita informa\u00e7\u00f5es acerca da instala\u00e7\u00e3o de cont\u00eaineres para descarte de res\u00edduos nos conjuntos habitacionais de interesse social, considerando as dificuldades relatadas pelos s\u00edndicos desses locais quanto \u00e0 destina\u00e7\u00e3o adequada dos res\u00edduos s\u00f3lidos; <a href=\"https:\/\/sapl.franca.sp.leg.br\/materia\/13584\" target=\"_blank\" rel=\"nofollow noopener\" data-saferedirecturl=\"https:\/\/www.google.com\/url?q=https:\/\/sapl.franca.sp.leg.br\/materia\/13584&amp;source=gmail&amp;ust=1741716033077000&amp;usg=AOvVaw1MZgj3QZmTCFEArxF-19EJ\">N\u00ba 204\/2025<\/a>, que pede informa\u00e7\u00f5es sobre a manuten\u00e7\u00e3o das academias ao ar livre existentes e se h\u00e1 estudos para instala\u00e7\u00e3o de novas unidades, haja vista que o munic\u00edpio cresceu muito e v\u00e1rios bairros n\u00e3o disp\u00f5em dos equipamentos para uso dos mun\u00edcipes;\u00a0<a href=\"https:\/\/sapl.franca.sp.leg.br\/materia\/13612\" target=\"_blank\" rel=\"nofollow noopener\" data-saferedirecturl=\"https:\/\/www.google.com\/url?q=https:\/\/sapl.franca.sp.leg.br\/materia\/13612&amp;source=gmail&amp;ust=1741716033077000&amp;usg=AOvVaw3HTY9mLBqB-DvwS1dZYP5W\">N\u00ba 207\/2025<\/a>, que trata sobre a exist\u00eancia de estudos para o aumento de vagas em casas de repouso e institui\u00e7\u00f5es asilares no Munic\u00edpio e o de\u00a0<a href=\"https:\/\/sapl.franca.sp.leg.br\/materia\/13613\" target=\"_blank\" rel=\"nofollow noopener\" data-saferedirecturl=\"https:\/\/www.google.com\/url?q=https:\/\/sapl.franca.sp.leg.br\/materia\/13613&amp;source=gmail&amp;ust=1741716033077000&amp;usg=AOvVaw2Mqhvc8cD855X9pIfTecyT\">n\u00ba 208\/2025<\/a>, que questiona os motivos pelos quais n\u00e3o h\u00e1 o recolhimento de fios pendurados e esparramados em todo o Munic\u00edpio.<\/span><\/p>\n<p><span style=\"font-family: verdana, helvetica, sans-serif;\">O presidente da\u00a0<span class=\"il\">C\u00e2mara<\/span>, vereador Daniel Bassi (PSD), tamb\u00e9m ter\u00e1 duas proposituras em vota\u00e7\u00e3o. O\u00a0<a href=\"https:\/\/sapl.franca.sp.leg.br\/materia\/13560\" target=\"_blank\" rel=\"nofollow noopener\" data-saferedirecturl=\"https:\/\/www.google.com\/url?q=https:\/\/sapl.franca.sp.leg.br\/materia\/13560&amp;source=gmail&amp;ust=1741716033077000&amp;usg=AOvVaw2cenfgBpAzT5ZGd9kJJrQU\">Requerimento n\u00ba 201\/2025<\/a>\u00a0trata da previs\u00e3o de finaliza\u00e7\u00e3o das obras da Pra\u00e7a Nossa Senhora da Concei\u00e7\u00e3o (Matriz), no Centro de Franca.<\/span><\/p>\n<p><span style=\"font-family: verdana, helvetica, sans-serif;\">Al\u00e9m disso, de autoria do legislador, ser\u00e1 votada a\u00a0<a href=\"https:\/\/sapl.franca.sp.leg.br\/materia\/13183\" target=\"_blank\" rel=\"nofollow noopener\" data-saferedirecturl=\"https:\/\/www.google.com\/url?q=https:\/\/sapl.franca.sp.leg.br\/materia\/13183&amp;source=gmail&amp;ust=1741716033077000&amp;usg=AOvVaw3qEQeKSTMlOw7_9DZK9jC7\">Mo\u00e7\u00e3o de Apoio n\u00ba 4\/2025<\/a>, ao Secret\u00e1rio de Parcerias em Investimentos do Estado de S\u00e3o Paulo, Sr. Rafael Benini, visando \u00e0 inclus\u00e3o do munic\u00edpio de Franca no Programa S\u00e3o Paulo Nos Trilhos, que engloba mais de 40 projetos estaduais de transporte de passageiros e cargas por ferrovias.<\/span><\/p>\n<div><span style=\"font-family: verdana, helvetica, sans-serif;\">Fechando a pauta, os vereadores votam o\u00a0<a href=\"https:\/\/sapl.franca.sp.leg.br\/materia\/13568\" target=\"_blank\" rel=\"nofollow noopener\" data-saferedirecturl=\"https:\/\/www.google.com\/url?q=https:\/\/sapl.franca.sp.leg.br\/materia\/13568&amp;source=gmail&amp;ust=1741716033077000&amp;usg=AOvVaw24-6FrCc33262smZLh0roV\">Requerimento n\u00ba 202\/2025<\/a>, da vereadora Andrea Silva (REP), pelo qual a parlamentar solicita informa\u00e7\u00f5es sobre as provid\u00eancias que est\u00e3o sendo tomadas para melhorar o atendimento das crian\u00e7as e adolescentes atendidos no N\u00facleo de Acolhimento Institucional para Adolescentes (NAIA), tanto na parte estrutural do pr\u00e9dio quanto no atendimento prestado.<\/span><\/div>\n","protected":false},"excerpt":{"rendered":"<p>Ainda, requerimentos sobre transporte p\u00fablico, obras da Pra\u00e7a Matriz e atendimento no NAIA ser\u00e3o avaliados Nesta ter\u00e7a-feira, 11 de mar\u00e7o, a C\u00e2mara\u00a0Municipal de Franca realizar\u00e1 a\u00a010\u00aa<span class=\"excerpt-hellip\"> [\u2026]<\/span><\/p>\n","protected":false},"author":10,"featured_media":54507,"comment_status":"open","ping_status":"open","sticky":false,"template":"","format":"standard","meta":{"_jetpack_memberships_contains_paid_content":false,"footnotes":"","jetpack_publicize_message":"","jetpack_publicize_feature_enabled":true,"jetpack_social_post_already_shared":true,"jetpack_social_options":{"image_generator_settings":{"template":"highway","default_image_id":0,"enabled":false},"version":2}},"categories":[28,81],"tags":[],"class_list":["post-54505","post","type-post","status-publish","format-standard","has-post-thumbnail","hentry","category-cotidiano","category-manchete"],"yoast_head":"<!-- This site is optimized with the Yoast SEO plugin v25.6 - https:\/\/yoast.com\/wordpress\/plugins\/seo\/ -->\n<title>Vereadores votam obrigatoriedade de laudos m\u00e9dicos detalhados na rede p\u00fablica de sa\u00fade - VerdadeOn<\/title>\n<meta name=\"robots\" content=\"index, follow, max-snippet:-1, max-image-preview:large, max-video-preview:-1\" \/>\n<link rel=\"canonical\" href=\"https:\/\/verdadeon.com.br\/portal\/2025\/03\/10\/vereadores-votam-obrigatoriedade-de-laudos-medicos-detalhados-na-rede-publica-de-saude\/\" \/>\n<meta property=\"og:locale\" content=\"pt_BR\" \/>\n<meta property=\"og:type\" content=\"article\" \/>\n<meta property=\"og:title\" content=\"Vereadores votam obrigatoriedade de laudos m\u00e9dicos detalhados na rede p\u00fablica de sa\u00fade - VerdadeOn\" \/>\n<meta property=\"og:description\" content=\"Ainda, requerimentos sobre transporte p\u00fablico, obras da Pra\u00e7a Matriz e atendimento no NAIA ser\u00e3o avaliados Nesta ter\u00e7a-feira, 11 de mar\u00e7o, a C\u00e2mara\u00a0Municipal de Franca realizar\u00e1 a\u00a010\u00aa [\u2026]\" \/>\n<meta property=\"og:url\" content=\"https:\/\/verdadeon.com.br\/portal\/2025\/03\/10\/vereadores-votam-obrigatoriedade-de-laudos-medicos-detalhados-na-rede-publica-de-saude\/\" \/>\n<meta property=\"og:site_name\" content=\"VerdadeOn\" \/>\n<meta property=\"article:published_time\" content=\"2025-03-10T11:00:14+00:00\" \/>\n<meta property=\"article:modified_time\" content=\"2025-03-10T18:20:00+00:00\" \/>\n<meta property=\"og:image\" content=\"https:\/\/verdadeon.com.br\/portal\/wp-content\/uploads\/2025\/03\/54352771220_a58136d331_h.jpg\" \/>\n\t<meta property=\"og:image:width\" content=\"838\" \/>\n\t<meta property=\"og:image:height\" content=\"562\" \/>\n\t<meta property=\"og:image:type\" content=\"image\/jpeg\" \/>\n<meta name=\"author\" content=\"Redacao VerdadeOn\" \/>\n<meta name=\"twitter:card\" content=\"summary_large_image\" \/>\n<meta name=\"twitter:label1\" content=\"Escrito por\" \/>\n\t<meta name=\"twitter:data1\" content=\"Redacao VerdadeOn\" \/>\n\t<meta name=\"twitter:label2\" content=\"Est. tempo de leitura\" \/>\n\t<meta name=\"twitter:data2\" content=\"3 minutos\" \/>\n<script type=\"application\/ld+json\" class=\"yoast-schema-graph\">{\"@context\":\"https:\/\/schema.org\",\"@graph\":[{\"@type\":\"WebPage\",\"@id\":\"https:\/\/verdadeon.com.br\/portal\/2025\/03\/10\/vereadores-votam-obrigatoriedade-de-laudos-medicos-detalhados-na-rede-publica-de-saude\/\",\"url\":\"https:\/\/verdadeon.com.br\/portal\/2025\/03\/10\/vereadores-votam-obrigatoriedade-de-laudos-medicos-detalhados-na-rede-publica-de-saude\/\",\"name\":\"Vereadores votam obrigatoriedade de laudos m\u00e9dicos detalhados na rede p\u00fablica de sa\u00fade - VerdadeOn\",\"isPartOf\":{\"@id\":\"https:\/\/verdadeon.com.br\/portal\/#website\"},\"primaryImageOfPage\":{\"@id\":\"https:\/\/verdadeon.com.br\/portal\/2025\/03\/10\/vereadores-votam-obrigatoriedade-de-laudos-medicos-detalhados-na-rede-publica-de-saude\/#primaryimage\"},\"image\":{\"@id\":\"https:\/\/verdadeon.com.br\/portal\/2025\/03\/10\/vereadores-votam-obrigatoriedade-de-laudos-medicos-detalhados-na-rede-publica-de-saude\/#primaryimage\"},\"thumbnailUrl\":\"https:\/\/i0.wp.com\/verdadeon.com.br\/portal\/wp-content\/uploads\/2025\/03\/54352771220_a58136d331_h.jpg?fit=838%2C562&ssl=1\",\"datePublished\":\"2025-03-10T11:00:14+00:00\",\"dateModified\":\"2025-03-10T18:20:00+00:00\",\"author\":{\"@id\":\"https:\/\/verdadeon.com.br\/portal\/#\/schema\/person\/a5060ad1e9ea3df545188fc93ce43d2f\"},\"breadcrumb\":{\"@id\":\"https:\/\/verdadeon.com.br\/portal\/2025\/03\/10\/vereadores-votam-obrigatoriedade-de-laudos-medicos-detalhados-na-rede-publica-de-saude\/#breadcrumb\"},\"inLanguage\":\"pt-BR\",\"potentialAction\":[{\"@type\":\"ReadAction\",\"target\":[\"https:\/\/verdadeon.com.br\/portal\/2025\/03\/10\/vereadores-votam-obrigatoriedade-de-laudos-medicos-detalhados-na-rede-publica-de-saude\/\"]}]},{\"@type\":\"ImageObject\",\"inLanguage\":\"pt-BR\",\"@id\":\"https:\/\/verdadeon.com.br\/portal\/2025\/03\/10\/vereadores-votam-obrigatoriedade-de-laudos-medicos-detalhados-na-rede-publica-de-saude\/#primaryimage\",\"url\":\"https:\/\/i0.wp.com\/verdadeon.com.br\/portal\/wp-content\/uploads\/2025\/03\/54352771220_a58136d331_h.jpg?fit=838%2C562&ssl=1\",\"contentUrl\":\"https:\/\/i0.wp.com\/verdadeon.com.br\/portal\/wp-content\/uploads\/2025\/03\/54352771220_a58136d331_h.jpg?fit=838%2C562&ssl=1\",\"width\":838,\"height\":562,\"caption\":\"Um dos pontos abordados na mat\u00e9ria \u00e9 a tramita\u00e7\u00e3o r\u00e1pida do projeto, sem que a sociedade tomasse maiores conhecimentos (\u00a9Divulga\u00e7\u00e3o)\"},{\"@type\":\"BreadcrumbList\",\"@id\":\"https:\/\/verdadeon.com.br\/portal\/2025\/03\/10\/vereadores-votam-obrigatoriedade-de-laudos-medicos-detalhados-na-rede-publica-de-saude\/#breadcrumb\",\"itemListElement\":[{\"@type\":\"ListItem\",\"position\":1,\"name\":\"In\u00edcio\",\"item\":\"https:\/\/verdadeon.com.br\/portal\/\"},{\"@type\":\"ListItem\",\"position\":2,\"name\":\"Vereadores votam obrigatoriedade de laudos m\u00e9dicos detalhados na rede p\u00fablica de sa\u00fade\"}]},{\"@type\":\"WebSite\",\"@id\":\"https:\/\/verdadeon.com.br\/portal\/#website\",\"url\":\"https:\/\/verdadeon.com.br\/portal\/\",\"name\":\"VerdadeOn\",\"description\":\"Not\u00edcias di\u00e1rias sobre Franca, Regi\u00e3o, Esporte, Cultura, Cotidiano, Colunas. Cobertura nos principais eventos da cidade \u00e9 aqui - Verdadeon Franca\",\"potentialAction\":[{\"@type\":\"SearchAction\",\"target\":{\"@type\":\"EntryPoint\",\"urlTemplate\":\"https:\/\/verdadeon.com.br\/portal\/?s={search_term_string}\"},\"query-input\":{\"@type\":\"PropertyValueSpecification\",\"valueRequired\":true,\"valueName\":\"search_term_string\"}}],\"inLanguage\":\"pt-BR\"},{\"@type\":\"Person\",\"@id\":\"https:\/\/verdadeon.com.br\/portal\/#\/schema\/person\/a5060ad1e9ea3df545188fc93ce43d2f\",\"name\":\"Redacao VerdadeOn\",\"image\":{\"@type\":\"ImageObject\",\"inLanguage\":\"pt-BR\",\"@id\":\"https:\/\/verdadeon.com.br\/portal\/#\/schema\/person\/image\/\",\"url\":\"https:\/\/secure.gravatar.com\/avatar\/459a9613caaaf07f582c3d0841eea68bdd66f533e465e6ba8b9cb45619572cf4?s=96&d=mm&r=g\",\"contentUrl\":\"https:\/\/secure.gravatar.com\/avatar\/459a9613caaaf07f582c3d0841eea68bdd66f533e465e6ba8b9cb45619572cf4?s=96&d=mm&r=g\",\"caption\":\"Redacao VerdadeOn\"},\"url\":\"https:\/\/verdadeon.com.br\/portal\/author\/redacao\/\"}]}<\/script>\n<!-- \/ Yoast SEO plugin. -->","yoast_head_json":{"title":"Vereadores votam obrigatoriedade de laudos m\u00e9dicos detalhados na rede p\u00fablica de sa\u00fade - VerdadeOn","robots":{"index":"index","follow":"follow","max-snippet":"max-snippet:-1","max-image-preview":"max-image-preview:large","max-video-preview":"max-video-preview:-1"},"canonical":"https:\/\/verdadeon.com.br\/portal\/2025\/03\/10\/vereadores-votam-obrigatoriedade-de-laudos-medicos-detalhados-na-rede-publica-de-saude\/","og_locale":"pt_BR","og_type":"article","og_title":"Vereadores votam obrigatoriedade de laudos m\u00e9dicos detalhados na rede p\u00fablica de sa\u00fade - VerdadeOn","og_description":"Ainda, requerimentos sobre transporte p\u00fablico, obras da Pra\u00e7a Matriz e atendimento no NAIA ser\u00e3o avaliados Nesta ter\u00e7a-feira, 11 de mar\u00e7o, a C\u00e2mara\u00a0Municipal de Franca realizar\u00e1 a\u00a010\u00aa [\u2026]","og_url":"https:\/\/verdadeon.com.br\/portal\/2025\/03\/10\/vereadores-votam-obrigatoriedade-de-laudos-medicos-detalhados-na-rede-publica-de-saude\/","og_site_name":"VerdadeOn","article_published_time":"2025-03-10T11:00:14+00:00","article_modified_time":"2025-03-10T18:20:00+00:00","og_image":[{"width":838,"height":562,"url":"https:\/\/verdadeon.com.br\/portal\/wp-content\/uploads\/2025\/03\/54352771220_a58136d331_h.jpg","type":"image\/jpeg"}],"author":"Redacao VerdadeOn","twitter_card":"summary_large_image","twitter_misc":{"Escrito por":"Redacao VerdadeOn","Est. tempo de leitura":"3 minutos"},"schema":{"@context":"https:\/\/schema.org","@graph":[{"@type":"WebPage","@id":"https:\/\/verdadeon.com.br\/portal\/2025\/03\/10\/vereadores-votam-obrigatoriedade-de-laudos-medicos-detalhados-na-rede-publica-de-saude\/","url":"https:\/\/verdadeon.com.br\/portal\/2025\/03\/10\/vereadores-votam-obrigatoriedade-de-laudos-medicos-detalhados-na-rede-publica-de-saude\/","name":"Vereadores votam obrigatoriedade de laudos m\u00e9dicos detalhados na rede p\u00fablica de sa\u00fade - VerdadeOn","isPartOf":{"@id":"https:\/\/verdadeon.com.br\/portal\/#website"},"primaryImageOfPage":{"@id":"https:\/\/verdadeon.com.br\/portal\/2025\/03\/10\/vereadores-votam-obrigatoriedade-de-laudos-medicos-detalhados-na-rede-publica-de-saude\/#primaryimage"},"image":{"@id":"https:\/\/verdadeon.com.br\/portal\/2025\/03\/10\/vereadores-votam-obrigatoriedade-de-laudos-medicos-detalhados-na-rede-publica-de-saude\/#primaryimage"},"thumbnailUrl":"https:\/\/i0.wp.com\/verdadeon.com.br\/portal\/wp-content\/uploads\/2025\/03\/54352771220_a58136d331_h.jpg?fit=838%2C562&ssl=1","datePublished":"2025-03-10T11:00:14+00:00","dateModified":"2025-03-10T18:20:00+00:00","author":{"@id":"https:\/\/verdadeon.com.br\/portal\/#\/schema\/person\/a5060ad1e9ea3df545188fc93ce43d2f"},"breadcrumb":{"@id":"https:\/\/verdadeon.com.br\/portal\/2025\/03\/10\/vereadores-votam-obrigatoriedade-de-laudos-medicos-detalhados-na-rede-publica-de-saude\/#breadcrumb"},"inLanguage":"pt-BR","potentialAction":[{"@type":"ReadAction","target":["https:\/\/verdadeon.com.br\/portal\/2025\/03\/10\/vereadores-votam-obrigatoriedade-de-laudos-medicos-detalhados-na-rede-publica-de-saude\/"]}]},{"@type":"ImageObject","inLanguage":"pt-BR","@id":"https:\/\/verdadeon.com.br\/portal\/2025\/03\/10\/vereadores-votam-obrigatoriedade-de-laudos-medicos-detalhados-na-rede-publica-de-saude\/#primaryimage","url":"https:\/\/i0.wp.com\/verdadeon.com.br\/portal\/wp-content\/uploads\/2025\/03\/54352771220_a58136d331_h.jpg?fit=838%2C562&ssl=1","contentUrl":"https:\/\/i0.wp.com\/verdadeon.com.br\/portal\/wp-content\/uploads\/2025\/03\/54352771220_a58136d331_h.jpg?fit=838%2C562&ssl=1","width":838,"height":562,"caption":"Um dos pontos abordados na mat\u00e9ria \u00e9 a tramita\u00e7\u00e3o r\u00e1pida do projeto, sem que a sociedade tomasse maiores conhecimentos (\u00a9Divulga\u00e7\u00e3o)"},{"@type":"BreadcrumbList","@id":"https:\/\/verdadeon.com.br\/portal\/2025\/03\/10\/vereadores-votam-obrigatoriedade-de-laudos-medicos-detalhados-na-rede-publica-de-saude\/#breadcrumb","itemListElement":[{"@type":"ListItem","position":1,"name":"In\u00edcio","item":"https:\/\/verdadeon.com.br\/portal\/"},{"@type":"ListItem","position":2,"name":"Vereadores votam obrigatoriedade de laudos m\u00e9dicos detalhados na rede p\u00fablica de sa\u00fade"}]},{"@type":"WebSite","@id":"https:\/\/verdadeon.com.br\/portal\/#website","url":"https:\/\/verdadeon.com.br\/portal\/","name":"VerdadeOn","description":"Not\u00edcias di\u00e1rias sobre Franca, Regi\u00e3o, Esporte, Cultura, Cotidiano, Colunas. Cobertura nos principais eventos da cidade \u00e9 aqui - Verdadeon Franca","potentialAction":[{"@type":"SearchAction","target":{"@type":"EntryPoint","urlTemplate":"https:\/\/verdadeon.com.br\/portal\/?s={search_term_string}"},"query-input":{"@type":"PropertyValueSpecification","valueRequired":true,"valueName":"search_term_string"}}],"inLanguage":"pt-BR"},{"@type":"Person","@id":"https:\/\/verdadeon.com.br\/portal\/#\/schema\/person\/a5060ad1e9ea3df545188fc93ce43d2f","name":"Redacao VerdadeOn","image":{"@type":"ImageObject","inLanguage":"pt-BR","@id":"https:\/\/verdadeon.com.br\/portal\/#\/schema\/person\/image\/","url":"https:\/\/secure.gravatar.com\/avatar\/459a9613caaaf07f582c3d0841eea68bdd66f533e465e6ba8b9cb45619572cf4?s=96&d=mm&r=g","contentUrl":"https:\/\/secure.gravatar.com\/avatar\/459a9613caaaf07f582c3d0841eea68bdd66f533e465e6ba8b9cb45619572cf4?s=96&d=mm&r=g","caption":"Redacao VerdadeOn"},"url":"https:\/\/verdadeon.com.br\/portal\/author\/redacao\/"}]}},"jetpack_publicize_connections":[],"jetpack_featured_media_url":"https:\/\/i0.wp.com\/verdadeon.com.br\/portal\/wp-content\/uploads\/2025\/03\/54352771220_a58136d331_h.jpg?fit=838%2C562&ssl=1","jetpack_sharing_enabled":true,"_links":{"self":[{"href":"https:\/\/verdadeon.com.br\/portal\/wp-json\/wp\/v2\/posts\/54505","targetHints":{"allow":["GET"]}}],"collection":[{"href":"https:\/\/verdadeon.com.br\/portal\/wp-json\/wp\/v2\/posts"}],"about":[{"href":"https:\/\/verdadeon.com.br\/portal\/wp-json\/wp\/v2\/types\/post"}],"author":[{"embeddable":true,"href":"https:\/\/verdadeon.com.br\/portal\/wp-json\/wp\/v2\/users\/10"}],"replies":[{"embeddable":true,"href":"https:\/\/verdadeon.com.br\/portal\/wp-json\/wp\/v2\/comments?post=54505"}],"version-history":[{"count":1,"href":"https:\/\/verdadeon.com.br\/portal\/wp-json\/wp\/v2\/posts\/54505\/revisions"}],"predecessor-version":[{"id":54508,"href":"https:\/\/verdadeon.com.br\/portal\/wp-json\/wp\/v2\/posts\/54505\/revisions\/54508"}],"wp:featuredmedia":[{"embeddable":true,"href":"https:\/\/verdadeon.com.br\/portal\/wp-json\/wp\/v2\/media\/54507"}],"wp:attachment":[{"href":"https:\/\/verdadeon.com.br\/portal\/wp-json\/wp\/v2\/media?parent=54505"}],"wp:term":[{"taxonomy":"category","embeddable":true,"href":"https:\/\/verdadeon.com.br\/portal\/wp-json\/wp\/v2\/categories?post=54505"},{"taxonomy":"post_tag","embeddable":true,"href":"https:\/\/verdadeon.com.br\/portal\/wp-json\/wp\/v2\/tags?post=54505"}],"curies":[{"name":"wp","href":"https:\/\/api.w.org\/{rel}","templated":true}]}}