{"id":54485,"date":"2025-03-10T12:17:30","date_gmt":"2025-03-10T15:17:30","guid":{"rendered":"https:\/\/verdadeon.com.br\/portal\/?p=54485"},"modified":"2025-03-10T12:17:30","modified_gmt":"2025-03-10T15:17:30","slug":"franca-industria-puxa-saldo-positivo-de-novos-empregos-em-janeiro","status":"publish","type":"post","link":"https:\/\/verdadeon.com.br\/portal\/2025\/03\/10\/franca-industria-puxa-saldo-positivo-de-novos-empregos-em-janeiro\/","title":{"rendered":"Franca: Ind\u00fastria puxa saldo positivo de novos empregos em janeiro"},"content":{"rendered":"<h2>Servi\u00e7os foi o segundo setor que mais contratou<\/h2>\n<p style=\"text-align: right;\"><em><strong>Por Pedro Maia<\/strong><\/em><br \/>\n<em><strong>Editor-chefe<\/strong><\/em><\/p>\n<p>O Setor de Ind\u00fastria foi o principal respons\u00e1vel na alavancagem dos novos v\u00ednculos empregat\u00edcios em Franca no m\u00eas de janeiro. Dos 1.091 empregos gerados &#8211; raz\u00e3o entre 5.872 admiss\u00f5es e 4.781 desligamentos &#8211; 971 foram apenas da Ind\u00fastria. Na sequ\u00eancia, Servi\u00e7os integram a lista com 490 contrata\u00e7\u00f5es. Os dados s\u00e3o disponibilizados pelo Painel de Informa\u00e7\u00f5es do Novo Caged (Cadastro Geral de Empregados e Desempregados).<\/p>\n<p>Na contram\u00e3o, Com\u00e9rcio negativou com -231, seguido de Constru\u00e7\u00e3o com -138 e Agropecu\u00e1ria com -1. O saldo positivo abrangeu 546 homens e 545 mulheres. Os maiores contratados foram aqueles entre 30 e 39 anos (327). A faixa que contempla os de 65 anos ou mais registrou 43 desligamentos. Pessoas com Ensino M\u00e9dio Completo foram as mais contratadas (695); Superior Incompleto teve uma contrata\u00e7\u00e3o e Analfabeto apenas um desligamento.<\/p>\n<p><img data-recalc-dims=\"1\" loading=\"lazy\" decoding=\"async\" class=\"alignnone  wp-image-54487\" src=\"https:\/\/i0.wp.com\/verdadeon.com.br\/portal\/wp-content\/uploads\/2025\/03\/Capturar12.png?resize=526%2C320&#038;ssl=1\" alt=\"\" width=\"526\" height=\"320\" srcset=\"https:\/\/i0.wp.com\/verdadeon.com.br\/portal\/wp-content\/uploads\/2025\/03\/Capturar12.png?w=675&amp;ssl=1 675w, https:\/\/i0.wp.com\/verdadeon.com.br\/portal\/wp-content\/uploads\/2025\/03\/Capturar12.png?resize=300%2C183&amp;ssl=1 300w, https:\/\/i0.wp.com\/verdadeon.com.br\/portal\/wp-content\/uploads\/2025\/03\/Capturar12.png?resize=240%2C146&amp;ssl=1 240w, https:\/\/i0.wp.com\/verdadeon.com.br\/portal\/wp-content\/uploads\/2025\/03\/Capturar12.png?resize=50%2C30&amp;ssl=1 50w, https:\/\/i0.wp.com\/verdadeon.com.br\/portal\/wp-content\/uploads\/2025\/03\/Capturar12.png?resize=123%2C75&amp;ssl=1 123w\" sizes=\"auto, (max-width: 526px) 100vw, 526px\" \/><img data-recalc-dims=\"1\" loading=\"lazy\" decoding=\"async\" class=\"wp-image-54486 alignleft\" src=\"https:\/\/i0.wp.com\/verdadeon.com.br\/portal\/wp-content\/uploads\/2025\/03\/Capturar.png?resize=432%2C312&#038;ssl=1\" alt=\"\" width=\"432\" height=\"312\" srcset=\"https:\/\/i0.wp.com\/verdadeon.com.br\/portal\/wp-content\/uploads\/2025\/03\/Capturar.png?w=521&amp;ssl=1 521w, https:\/\/i0.wp.com\/verdadeon.com.br\/portal\/wp-content\/uploads\/2025\/03\/Capturar.png?resize=300%2C217&amp;ssl=1 300w, https:\/\/i0.wp.com\/verdadeon.com.br\/portal\/wp-content\/uploads\/2025\/03\/Capturar.png?resize=202%2C146&amp;ssl=1 202w, https:\/\/i0.wp.com\/verdadeon.com.br\/portal\/wp-content\/uploads\/2025\/03\/Capturar.png?resize=50%2C36&amp;ssl=1 50w, https:\/\/i0.wp.com\/verdadeon.com.br\/portal\/wp-content\/uploads\/2025\/03\/Capturar.png?resize=104%2C75&amp;ssl=1 104w\" sizes=\"auto, (max-width: 432px) 100vw, 432px\" \/><\/p>\n<p><strong>Ano passado<\/strong><\/p>\n<p>Mesmo setor respons\u00e1vel pela alavancagem nas contrata\u00e7\u00f5es, foi tamb\u00e9m o respons\u00e1vel pelas principais demiss\u00f5es em dezembro de 2024. A Ind\u00fastria teve 2.282 v\u00ednculos empregat\u00edcios encerrados naquele m\u00eas. Servi\u00e7os tamb\u00e9m, que agora reagiu, negativou com -669. Atr\u00e1s, Constru\u00e7\u00e3o com -181, Com\u00e9rcio com -69 e Agropecu\u00e1ria com -15. O saldo no 12\u00ba m\u00eas do ano terminou em -3.216. Normalmente, as f\u00e1bricas efetuam desligamentos no fim de ano e recome\u00e7am as contrata\u00e7\u00f5es ou recontrata\u00e7\u00f5es no ano seguinte.<\/p>\n","protected":false},"excerpt":{"rendered":"<p>Servi\u00e7os foi o segundo setor que mais contratou Por Pedro Maia Editor-chefe O Setor de Ind\u00fastria foi o principal respons\u00e1vel na alavancagem dos novos v\u00ednculos empregat\u00edcios<span class=\"excerpt-hellip\"> [\u2026]<\/span><\/p>\n","protected":false},"author":10,"featured_media":50722,"comment_status":"open","ping_status":"open","sticky":false,"template":"","format":"standard","meta":{"_jetpack_memberships_contains_paid_content":false,"footnotes":"","jetpack_publicize_message":"","jetpack_publicize_feature_enabled":true,"jetpack_social_post_already_shared":true,"jetpack_social_options":{"image_generator_settings":{"template":"highway","default_image_id":0,"enabled":false},"version":2}},"categories":[28,81],"tags":[],"class_list":["post-54485","post","type-post","status-publish","format-standard","has-post-thumbnail","hentry","category-cotidiano","category-manchete"],"yoast_head":"<!-- This site is optimized with the Yoast SEO plugin v25.6 - https:\/\/yoast.com\/wordpress\/plugins\/seo\/ -->\n<title>Franca: Ind\u00fastria puxa saldo positivo de novos empregos em janeiro - VerdadeOn<\/title>\n<meta name=\"robots\" content=\"index, follow, max-snippet:-1, max-image-preview:large, max-video-preview:-1\" \/>\n<link rel=\"canonical\" href=\"https:\/\/verdadeon.com.br\/portal\/2025\/03\/10\/franca-industria-puxa-saldo-positivo-de-novos-empregos-em-janeiro\/\" \/>\n<meta property=\"og:locale\" content=\"pt_BR\" \/>\n<meta property=\"og:type\" content=\"article\" \/>\n<meta property=\"og:title\" content=\"Franca: Ind\u00fastria puxa saldo positivo de novos empregos em janeiro - VerdadeOn\" \/>\n<meta property=\"og:description\" content=\"Servi\u00e7os foi o segundo setor que mais contratou Por Pedro Maia Editor-chefe O Setor de Ind\u00fastria foi o principal respons\u00e1vel na alavancagem dos novos v\u00ednculos empregat\u00edcios [\u2026]\" \/>\n<meta property=\"og:url\" content=\"https:\/\/verdadeon.com.br\/portal\/2025\/03\/10\/franca-industria-puxa-saldo-positivo-de-novos-empregos-em-janeiro\/\" \/>\n<meta property=\"og:site_name\" content=\"VerdadeOn\" \/>\n<meta property=\"article:published_time\" content=\"2025-03-10T15:17:30+00:00\" \/>\n<meta property=\"og:image\" content=\"https:\/\/verdadeon.com.br\/portal\/wp-content\/uploads\/2024\/10\/carteira-de-trabalho.jpg\" \/>\n\t<meta property=\"og:image:width\" content=\"736\" \/>\n\t<meta property=\"og:image:height\" content=\"493\" \/>\n\t<meta property=\"og:image:type\" content=\"image\/jpeg\" \/>\n<meta name=\"author\" content=\"Redacao VerdadeOn\" \/>\n<meta name=\"twitter:card\" content=\"summary_large_image\" \/>\n<meta name=\"twitter:label1\" content=\"Escrito por\" \/>\n\t<meta name=\"twitter:data1\" content=\"Redacao VerdadeOn\" \/>\n\t<meta name=\"twitter:label2\" content=\"Est. tempo de leitura\" \/>\n\t<meta name=\"twitter:data2\" content=\"2 minutos\" \/>\n<script type=\"application\/ld+json\" class=\"yoast-schema-graph\">{\"@context\":\"https:\/\/schema.org\",\"@graph\":[{\"@type\":\"WebPage\",\"@id\":\"https:\/\/verdadeon.com.br\/portal\/2025\/03\/10\/franca-industria-puxa-saldo-positivo-de-novos-empregos-em-janeiro\/\",\"url\":\"https:\/\/verdadeon.com.br\/portal\/2025\/03\/10\/franca-industria-puxa-saldo-positivo-de-novos-empregos-em-janeiro\/\",\"name\":\"Franca: Ind\u00fastria puxa saldo positivo de novos empregos em janeiro - VerdadeOn\",\"isPartOf\":{\"@id\":\"https:\/\/verdadeon.com.br\/portal\/#website\"},\"primaryImageOfPage\":{\"@id\":\"https:\/\/verdadeon.com.br\/portal\/2025\/03\/10\/franca-industria-puxa-saldo-positivo-de-novos-empregos-em-janeiro\/#primaryimage\"},\"image\":{\"@id\":\"https:\/\/verdadeon.com.br\/portal\/2025\/03\/10\/franca-industria-puxa-saldo-positivo-de-novos-empregos-em-janeiro\/#primaryimage\"},\"thumbnailUrl\":\"https:\/\/i0.wp.com\/verdadeon.com.br\/portal\/wp-content\/uploads\/2024\/10\/carteira-de-trabalho.jpg?fit=736%2C493&ssl=1\",\"datePublished\":\"2025-03-10T15:17:30+00:00\",\"author\":{\"@id\":\"https:\/\/verdadeon.com.br\/portal\/#\/schema\/person\/a5060ad1e9ea3df545188fc93ce43d2f\"},\"breadcrumb\":{\"@id\":\"https:\/\/verdadeon.com.br\/portal\/2025\/03\/10\/franca-industria-puxa-saldo-positivo-de-novos-empregos-em-janeiro\/#breadcrumb\"},\"inLanguage\":\"pt-BR\",\"potentialAction\":[{\"@type\":\"ReadAction\",\"target\":[\"https:\/\/verdadeon.com.br\/portal\/2025\/03\/10\/franca-industria-puxa-saldo-positivo-de-novos-empregos-em-janeiro\/\"]}]},{\"@type\":\"ImageObject\",\"inLanguage\":\"pt-BR\",\"@id\":\"https:\/\/verdadeon.com.br\/portal\/2025\/03\/10\/franca-industria-puxa-saldo-positivo-de-novos-empregos-em-janeiro\/#primaryimage\",\"url\":\"https:\/\/i0.wp.com\/verdadeon.com.br\/portal\/wp-content\/uploads\/2024\/10\/carteira-de-trabalho.jpg?fit=736%2C493&ssl=1\",\"contentUrl\":\"https:\/\/i0.wp.com\/verdadeon.com.br\/portal\/wp-content\/uploads\/2024\/10\/carteira-de-trabalho.jpg?fit=736%2C493&ssl=1\",\"width\":736,\"height\":493,\"caption\":\"2\u00ba trimestre do ano registrou cerca de 640 mil contratos de trabalho tempor\u00e1rio (\u00a9Divulga\u00e7\u00e3o)\"},{\"@type\":\"BreadcrumbList\",\"@id\":\"https:\/\/verdadeon.com.br\/portal\/2025\/03\/10\/franca-industria-puxa-saldo-positivo-de-novos-empregos-em-janeiro\/#breadcrumb\",\"itemListElement\":[{\"@type\":\"ListItem\",\"position\":1,\"name\":\"In\u00edcio\",\"item\":\"https:\/\/verdadeon.com.br\/portal\/\"},{\"@type\":\"ListItem\",\"position\":2,\"name\":\"Franca: Ind\u00fastria puxa saldo positivo de novos empregos em janeiro\"}]},{\"@type\":\"WebSite\",\"@id\":\"https:\/\/verdadeon.com.br\/portal\/#website\",\"url\":\"https:\/\/verdadeon.com.br\/portal\/\",\"name\":\"VerdadeOn\",\"description\":\"Not\u00edcias di\u00e1rias sobre Franca, Regi\u00e3o, Esporte, Cultura, Cotidiano, Colunas. Cobertura nos principais eventos da cidade \u00e9 aqui - Verdadeon Franca\",\"potentialAction\":[{\"@type\":\"SearchAction\",\"target\":{\"@type\":\"EntryPoint\",\"urlTemplate\":\"https:\/\/verdadeon.com.br\/portal\/?s={search_term_string}\"},\"query-input\":{\"@type\":\"PropertyValueSpecification\",\"valueRequired\":true,\"valueName\":\"search_term_string\"}}],\"inLanguage\":\"pt-BR\"},{\"@type\":\"Person\",\"@id\":\"https:\/\/verdadeon.com.br\/portal\/#\/schema\/person\/a5060ad1e9ea3df545188fc93ce43d2f\",\"name\":\"Redacao VerdadeOn\",\"image\":{\"@type\":\"ImageObject\",\"inLanguage\":\"pt-BR\",\"@id\":\"https:\/\/verdadeon.com.br\/portal\/#\/schema\/person\/image\/\",\"url\":\"https:\/\/secure.gravatar.com\/avatar\/459a9613caaaf07f582c3d0841eea68bdd66f533e465e6ba8b9cb45619572cf4?s=96&d=mm&r=g\",\"contentUrl\":\"https:\/\/secure.gravatar.com\/avatar\/459a9613caaaf07f582c3d0841eea68bdd66f533e465e6ba8b9cb45619572cf4?s=96&d=mm&r=g\",\"caption\":\"Redacao VerdadeOn\"},\"url\":\"https:\/\/verdadeon.com.br\/portal\/author\/redacao\/\"}]}<\/script>\n<!-- \/ Yoast SEO plugin. -->","yoast_head_json":{"title":"Franca: Ind\u00fastria puxa saldo positivo de novos empregos em janeiro - VerdadeOn","robots":{"index":"index","follow":"follow","max-snippet":"max-snippet:-1","max-image-preview":"max-image-preview:large","max-video-preview":"max-video-preview:-1"},"canonical":"https:\/\/verdadeon.com.br\/portal\/2025\/03\/10\/franca-industria-puxa-saldo-positivo-de-novos-empregos-em-janeiro\/","og_locale":"pt_BR","og_type":"article","og_title":"Franca: Ind\u00fastria puxa saldo positivo de novos empregos em janeiro - VerdadeOn","og_description":"Servi\u00e7os foi o segundo setor que mais contratou Por Pedro Maia Editor-chefe O Setor de Ind\u00fastria foi o principal respons\u00e1vel na alavancagem dos novos v\u00ednculos empregat\u00edcios [\u2026]","og_url":"https:\/\/verdadeon.com.br\/portal\/2025\/03\/10\/franca-industria-puxa-saldo-positivo-de-novos-empregos-em-janeiro\/","og_site_name":"VerdadeOn","article_published_time":"2025-03-10T15:17:30+00:00","og_image":[{"width":736,"height":493,"url":"https:\/\/verdadeon.com.br\/portal\/wp-content\/uploads\/2024\/10\/carteira-de-trabalho.jpg","type":"image\/jpeg"}],"author":"Redacao VerdadeOn","twitter_card":"summary_large_image","twitter_misc":{"Escrito por":"Redacao VerdadeOn","Est. tempo de leitura":"2 minutos"},"schema":{"@context":"https:\/\/schema.org","@graph":[{"@type":"WebPage","@id":"https:\/\/verdadeon.com.br\/portal\/2025\/03\/10\/franca-industria-puxa-saldo-positivo-de-novos-empregos-em-janeiro\/","url":"https:\/\/verdadeon.com.br\/portal\/2025\/03\/10\/franca-industria-puxa-saldo-positivo-de-novos-empregos-em-janeiro\/","name":"Franca: Ind\u00fastria puxa saldo positivo de novos empregos em janeiro - VerdadeOn","isPartOf":{"@id":"https:\/\/verdadeon.com.br\/portal\/#website"},"primaryImageOfPage":{"@id":"https:\/\/verdadeon.com.br\/portal\/2025\/03\/10\/franca-industria-puxa-saldo-positivo-de-novos-empregos-em-janeiro\/#primaryimage"},"image":{"@id":"https:\/\/verdadeon.com.br\/portal\/2025\/03\/10\/franca-industria-puxa-saldo-positivo-de-novos-empregos-em-janeiro\/#primaryimage"},"thumbnailUrl":"https:\/\/i0.wp.com\/verdadeon.com.br\/portal\/wp-content\/uploads\/2024\/10\/carteira-de-trabalho.jpg?fit=736%2C493&ssl=1","datePublished":"2025-03-10T15:17:30+00:00","author":{"@id":"https:\/\/verdadeon.com.br\/portal\/#\/schema\/person\/a5060ad1e9ea3df545188fc93ce43d2f"},"breadcrumb":{"@id":"https:\/\/verdadeon.com.br\/portal\/2025\/03\/10\/franca-industria-puxa-saldo-positivo-de-novos-empregos-em-janeiro\/#breadcrumb"},"inLanguage":"pt-BR","potentialAction":[{"@type":"ReadAction","target":["https:\/\/verdadeon.com.br\/portal\/2025\/03\/10\/franca-industria-puxa-saldo-positivo-de-novos-empregos-em-janeiro\/"]}]},{"@type":"ImageObject","inLanguage":"pt-BR","@id":"https:\/\/verdadeon.com.br\/portal\/2025\/03\/10\/franca-industria-puxa-saldo-positivo-de-novos-empregos-em-janeiro\/#primaryimage","url":"https:\/\/i0.wp.com\/verdadeon.com.br\/portal\/wp-content\/uploads\/2024\/10\/carteira-de-trabalho.jpg?fit=736%2C493&ssl=1","contentUrl":"https:\/\/i0.wp.com\/verdadeon.com.br\/portal\/wp-content\/uploads\/2024\/10\/carteira-de-trabalho.jpg?fit=736%2C493&ssl=1","width":736,"height":493,"caption":"2\u00ba trimestre do ano registrou cerca de 640 mil contratos de trabalho tempor\u00e1rio (\u00a9Divulga\u00e7\u00e3o)"},{"@type":"BreadcrumbList","@id":"https:\/\/verdadeon.com.br\/portal\/2025\/03\/10\/franca-industria-puxa-saldo-positivo-de-novos-empregos-em-janeiro\/#breadcrumb","itemListElement":[{"@type":"ListItem","position":1,"name":"In\u00edcio","item":"https:\/\/verdadeon.com.br\/portal\/"},{"@type":"ListItem","position":2,"name":"Franca: Ind\u00fastria puxa saldo positivo de novos empregos em janeiro"}]},{"@type":"WebSite","@id":"https:\/\/verdadeon.com.br\/portal\/#website","url":"https:\/\/verdadeon.com.br\/portal\/","name":"VerdadeOn","description":"Not\u00edcias di\u00e1rias sobre Franca, Regi\u00e3o, Esporte, Cultura, Cotidiano, Colunas. Cobertura nos principais eventos da cidade \u00e9 aqui - Verdadeon Franca","potentialAction":[{"@type":"SearchAction","target":{"@type":"EntryPoint","urlTemplate":"https:\/\/verdadeon.com.br\/portal\/?s={search_term_string}"},"query-input":{"@type":"PropertyValueSpecification","valueRequired":true,"valueName":"search_term_string"}}],"inLanguage":"pt-BR"},{"@type":"Person","@id":"https:\/\/verdadeon.com.br\/portal\/#\/schema\/person\/a5060ad1e9ea3df545188fc93ce43d2f","name":"Redacao VerdadeOn","image":{"@type":"ImageObject","inLanguage":"pt-BR","@id":"https:\/\/verdadeon.com.br\/portal\/#\/schema\/person\/image\/","url":"https:\/\/secure.gravatar.com\/avatar\/459a9613caaaf07f582c3d0841eea68bdd66f533e465e6ba8b9cb45619572cf4?s=96&d=mm&r=g","contentUrl":"https:\/\/secure.gravatar.com\/avatar\/459a9613caaaf07f582c3d0841eea68bdd66f533e465e6ba8b9cb45619572cf4?s=96&d=mm&r=g","caption":"Redacao VerdadeOn"},"url":"https:\/\/verdadeon.com.br\/portal\/author\/redacao\/"}]}},"jetpack_publicize_connections":[],"jetpack_featured_media_url":"https:\/\/i0.wp.com\/verdadeon.com.br\/portal\/wp-content\/uploads\/2024\/10\/carteira-de-trabalho.jpg?fit=736%2C493&ssl=1","jetpack_sharing_enabled":true,"_links":{"self":[{"href":"https:\/\/verdadeon.com.br\/portal\/wp-json\/wp\/v2\/posts\/54485","targetHints":{"allow":["GET"]}}],"collection":[{"href":"https:\/\/verdadeon.com.br\/portal\/wp-json\/wp\/v2\/posts"}],"about":[{"href":"https:\/\/verdadeon.com.br\/portal\/wp-json\/wp\/v2\/types\/post"}],"author":[{"embeddable":true,"href":"https:\/\/verdadeon.com.br\/portal\/wp-json\/wp\/v2\/users\/10"}],"replies":[{"embeddable":true,"href":"https:\/\/verdadeon.com.br\/portal\/wp-json\/wp\/v2\/comments?post=54485"}],"version-history":[{"count":1,"href":"https:\/\/verdadeon.com.br\/portal\/wp-json\/wp\/v2\/posts\/54485\/revisions"}],"predecessor-version":[{"id":54488,"href":"https:\/\/verdadeon.com.br\/portal\/wp-json\/wp\/v2\/posts\/54485\/revisions\/54488"}],"wp:featuredmedia":[{"embeddable":true,"href":"https:\/\/verdadeon.com.br\/portal\/wp-json\/wp\/v2\/media\/50722"}],"wp:attachment":[{"href":"https:\/\/verdadeon.com.br\/portal\/wp-json\/wp\/v2\/media?parent=54485"}],"wp:term":[{"taxonomy":"category","embeddable":true,"href":"https:\/\/verdadeon.com.br\/portal\/wp-json\/wp\/v2\/categories?post=54485"},{"taxonomy":"post_tag","embeddable":true,"href":"https:\/\/verdadeon.com.br\/portal\/wp-json\/wp\/v2\/tags?post=54485"}],"curies":[{"name":"wp","href":"https:\/\/api.w.org\/{rel}","templated":true}]}}