{"id":54472,"date":"2025-03-08T07:36:17","date_gmt":"2025-03-08T10:36:17","guid":{"rendered":"https:\/\/verdadeon.com.br\/portal\/?p=54472"},"modified":"2025-03-08T13:44:34","modified_gmt":"2025-03-08T16:44:34","slug":"luiza-helena-e-maria-lidia-recebem-medalhas-de-merito-de-empreendedorismo-luiza-trajano-donato","status":"publish","type":"post","link":"https:\/\/verdadeon.com.br\/portal\/2025\/03\/08\/luiza-helena-e-maria-lidia-recebem-medalhas-de-merito-de-empreendedorismo-luiza-trajano-donato\/","title":{"rendered":"Luiza Helena e Maria L\u00eddia recebem medalhas de m\u00e9rito de empreendedorismo \u2018Luiza Trajano Donato\u2019"},"content":{"rendered":"<h2>Plen\u00e1rio ficou lotado com a presen\u00e7a de familiares e autoridades municipais<\/h2>\n<p>Uma noite marcada pela emo\u00e7\u00e3o: a Sess\u00e3o Solene ocorrida na noite desta sexta-feira, 7 de mar\u00e7o, homenageou as empreendedoras Luiza Helena Trajano (Luizinha do Magalu) e Maria L\u00eddia Borges Machado (ONG Pedra Bruta) com a medalha de m\u00e9rito \u2018Empreendedorismo Feminino Luiza Trajano Donato\u2019.<\/p>\n<p>O plen\u00e1rio da C\u00e2mara Municipal de Franca ficou lotado e contou com as presen\u00e7as de familiares das homenageadas, empres\u00e1rios, lideran\u00e7as pol\u00edticas e autoridades.<\/p>\n<p>Institu\u00edda pelo decreto legislativo 717 de 3 de abril de 2024 a homenagem\u00a0oficializa o reconhecimento e o agradecimento de Franca \u00e0s homenageadas pelos relevantes trabalhos desenvolvidos em favor da popula\u00e7\u00e3o francana.<\/p>\n<p>As honrarias foram entregues pelas m\u00e3os do presidente do Legislativo vereador Daniel Bassi (PSD) e das vereadoras Andrea Silva (Republicanos) e Mar\u00edlia Martins (PSOL). Tamb\u00e9m participaram da solenidade os vereadores Frans\u00e9rgio Garcia (PL), Marcelo Tidy (MDB).<\/p>\n<p><strong>Mulheres do Brasil<\/strong><\/p>\n<p>A l\u00edder do Grupo Mulheres do Brasil Eliane Sanches Querino parabenizou as homenageadas e os vereadores pela iniciativa e o reconhecimento \u00e0s refer\u00eancias no empreendedorismo.<\/p>\n<p>&#8220;A gente v\u00ea o que fez o empreendedorismo de Luiza Helena, da dona Luiza e dessa fam\u00edlia que a gente s\u00f3 tem orgulho. \u00c9 uma fam\u00edlia que engrandece Franca&#8221;, afirmou.<\/p>\n<p>Eliane ainda destacou a import\u00e2ncia do empreendedorismo social feito pela lideran\u00e7a de Maria L\u00eddia: &#8220;lapidando gente, jovens de escolas p\u00fablicas que ela traz com aulas aos s\u00e1bados e muito mais, e as coloca nas melhores universidades do pa\u00eds. Meninos que a vida s\u00f3 transforma atrav\u00e9s da educa\u00e7\u00e3o&#8221;.<\/p>\n<p>Andr\u00e9 Rossi Machado, neto da homenageada Maria L\u00eddia agradeceu a presen\u00e7a de todos e afirmou: &#8220;\u00e9 com cora\u00e7\u00e3o cheio de orgulho que venho aqui celebrar, reconhecer a minha v\u00f3, \u00e9 uma figura que personifica a ess\u00eancia da educa\u00e7\u00e3o e do empreendedorismo social&#8221;.<\/p>\n<p><strong>Presidente da casa<\/strong><\/p>\n<p>O autor da homenagem e presidente da Casa de Leis vereador Daniel Bassi (PSD) enfatizou a import\u00e2ncia do reconhecimento de lideran\u00e7as e refer\u00eancias do empreendedorismo na cidade.<\/p>\n<p>Inicialmente lembrou como surgiu a ideia da homenagem e do nome escolhido para a medalha de m\u00e9rito do empreendedorismo feminino: &#8220;n\u00e3o tem pessoa melhor para levar o nome da medalha que Luiza Trajano Donato, a maior empreendedora do Brasil e uma das maiores do mundo. Tudo cresceu em Franca, quantos empregos foram gerados e n\u00e3o d\u00e1 para estimar, o quanto essa mulher fez de bem para nossa cidade. E que bom que a gente pode eterniza-la, \u00e9 uma homenagem muito dif\u00edcil de ser outorgada, precisa de unanimidade e todos vereadores tem que assinar o requerimento&#8221;.<\/p>\n<p>Sobre as medalhas entregues a Luiza Helena e Maria L\u00eddia, Bassi enfatizou: &#8220;n\u00e3o havia nomes melhores para receber as medalhas 1 e 2, ent\u00e3o, muito obrigado mesmo enquanto Poder Legislativo, enquanto vereador, enquanto pessoa. Minha m\u00e3e sempre fala isso, os passos de um homem bom e uma mulher boa s\u00e3o aben\u00e7oados pelo senhor. E os passos de voc\u00eas s\u00e3o aben\u00e7oados porque d\u00e3o certo, geram frutos que s\u00e3o a prosperidade da nossa cidade&#8221;.<\/p>\n<p><strong>Homenageadas<\/strong><\/p>\n<p>A homenageada Maria L\u00eddia Borges Machado relembrou parte de sua trajet\u00f3ria e a paix\u00e3o pela educa\u00e7\u00e3o, o apoio de amigos e familiares. Em seguida agradeceu: &#8220;fico muito honrada por receber esse t\u00edtulo, sabe porqu\u00ea? O amor que a gente tinha pela tia Luiza, era uma pessoa t\u00e3o linda, uma mulher de vis\u00e3o t\u00e3o expansiva, t\u00e3o grande, que ela apoiava a gente. Uma vontade de fazer diferen\u00e7a e fez a diferen\u00e7a&#8221;. E acrescentou: &#8220;Ela fez muito pela nossa Franca, e continua fazendo porque o legado que ela deixou, n\u00e3o \u00e9 para qualquer pessoa. E fico feliz porque era uma grande mulher&#8221;.<\/p>\n<p>Emocionada, Luiza Helena Trajano tamb\u00e9m homenageada da noite, lembrou: &#8220;hoje o que posso dizer a todos voc\u00eas \u00e9 gratid\u00e3o! A vida tem sido muito boa para n\u00f3s! Eu tive minha tia at\u00e9 97 anos e pude curti-la muito nos \u00faltimos 10 anos, aos finais de semana, dia e noite&#8221;. E continuou: &#8220;em nome dessa fam\u00edlia quero agradecer muit\u00edssimo Daniel, Eliane, ao Dr. Radaeli, todos os vereadores e as queridas vereadoras. Ela sempre vai estar viva no cora\u00e7\u00e3o das empreendedoras, uma medalha dessa dada pela primeira vez e que n\u00e3o conhe\u00e7o em nenhum lugar, daqui h\u00e1 100 anos, duas ou tr\u00eas empreendedoras estar\u00e3o no peito a medalha Luiza Trajano Donato&#8221;.<\/p>\n<p>A empres\u00e1ria anunciou a implanta\u00e7\u00e3o da Escola de Vendedores \u2018Luiza Trajano Donato\u2019 na casa onde a tia viveu: &#8220;vai ser um exemplo para todo Brasil&#8221;.<\/p>\n<div>Luiza Helena finalizou: &#8220;muito obrigado a todos voc\u00eas que fazem a nossa vida melhor, e quero pedir a voc\u00eas, o Brasil acima de tudo est\u00e1 precisando de uni\u00e3o, o mundo est\u00e1 precisando, vamos largar de ter um lado ou outro, vamos ter o lado do bem, o lado do melhor, o lado de fazer com que nossos netos e bisnetos tenham orgulho de n\u00f3s&#8221;.<\/div>\n","protected":false},"excerpt":{"rendered":"<p>Plen\u00e1rio ficou lotado com a presen\u00e7a de familiares e autoridades municipais Uma noite marcada pela emo\u00e7\u00e3o: a Sess\u00e3o Solene ocorrida na noite desta sexta-feira, 7 de<span class=\"excerpt-hellip\"> [\u2026]<\/span><\/p>\n","protected":false},"author":10,"featured_media":54473,"comment_status":"open","ping_status":"open","sticky":false,"template":"","format":"standard","meta":{"_jetpack_memberships_contains_paid_content":false,"footnotes":"","jetpack_publicize_message":"","jetpack_publicize_feature_enabled":true,"jetpack_social_post_already_shared":true,"jetpack_social_options":{"image_generator_settings":{"template":"highway","default_image_id":0,"enabled":false},"version":2}},"categories":[28,81],"tags":[],"class_list":["post-54472","post","type-post","status-publish","format-standard","has-post-thumbnail","hentry","category-cotidiano","category-manchete"],"yoast_head":"<!-- This site is optimized with the Yoast SEO plugin v25.6 - https:\/\/yoast.com\/wordpress\/plugins\/seo\/ -->\n<title>Luiza Helena e Maria L\u00eddia recebem medalhas de m\u00e9rito de empreendedorismo \u2018Luiza Trajano Donato\u2019 - VerdadeOn<\/title>\n<meta name=\"robots\" content=\"index, follow, max-snippet:-1, max-image-preview:large, max-video-preview:-1\" \/>\n<link rel=\"canonical\" href=\"https:\/\/verdadeon.com.br\/portal\/2025\/03\/08\/luiza-helena-e-maria-lidia-recebem-medalhas-de-merito-de-empreendedorismo-luiza-trajano-donato\/\" \/>\n<meta property=\"og:locale\" content=\"pt_BR\" \/>\n<meta property=\"og:type\" content=\"article\" \/>\n<meta property=\"og:title\" content=\"Luiza Helena e Maria L\u00eddia recebem medalhas de m\u00e9rito de empreendedorismo \u2018Luiza Trajano Donato\u2019 - VerdadeOn\" \/>\n<meta property=\"og:description\" content=\"Plen\u00e1rio ficou lotado com a presen\u00e7a de familiares e autoridades municipais Uma noite marcada pela emo\u00e7\u00e3o: a Sess\u00e3o Solene ocorrida na noite desta sexta-feira, 7 de [\u2026]\" \/>\n<meta property=\"og:url\" content=\"https:\/\/verdadeon.com.br\/portal\/2025\/03\/08\/luiza-helena-e-maria-lidia-recebem-medalhas-de-merito-de-empreendedorismo-luiza-trajano-donato\/\" \/>\n<meta property=\"og:site_name\" content=\"VerdadeOn\" \/>\n<meta property=\"article:published_time\" content=\"2025-03-08T10:36:17+00:00\" \/>\n<meta property=\"article:modified_time\" content=\"2025-03-08T16:44:34+00:00\" \/>\n<meta property=\"og:image\" content=\"https:\/\/verdadeon.com.br\/portal\/wp-content\/uploads\/2025\/03\/54371966151_d71425cbb7_k.jpg\" \/>\n\t<meta property=\"og:image:width\" content=\"1719\" \/>\n\t<meta property=\"og:image:height\" content=\"1152\" \/>\n\t<meta property=\"og:image:type\" content=\"image\/jpeg\" \/>\n<meta name=\"author\" content=\"Redacao VerdadeOn\" \/>\n<meta name=\"twitter:card\" content=\"summary_large_image\" \/>\n<meta name=\"twitter:label1\" content=\"Escrito por\" \/>\n\t<meta name=\"twitter:data1\" content=\"Redacao VerdadeOn\" \/>\n\t<meta name=\"twitter:label2\" content=\"Est. tempo de leitura\" \/>\n\t<meta name=\"twitter:data2\" content=\"5 minutos\" \/>\n<script type=\"application\/ld+json\" class=\"yoast-schema-graph\">{\"@context\":\"https:\/\/schema.org\",\"@graph\":[{\"@type\":\"WebPage\",\"@id\":\"https:\/\/verdadeon.com.br\/portal\/2025\/03\/08\/luiza-helena-e-maria-lidia-recebem-medalhas-de-merito-de-empreendedorismo-luiza-trajano-donato\/\",\"url\":\"https:\/\/verdadeon.com.br\/portal\/2025\/03\/08\/luiza-helena-e-maria-lidia-recebem-medalhas-de-merito-de-empreendedorismo-luiza-trajano-donato\/\",\"name\":\"Luiza Helena e Maria L\u00eddia recebem medalhas de m\u00e9rito de empreendedorismo \u2018Luiza Trajano Donato\u2019 - VerdadeOn\",\"isPartOf\":{\"@id\":\"https:\/\/verdadeon.com.br\/portal\/#website\"},\"primaryImageOfPage\":{\"@id\":\"https:\/\/verdadeon.com.br\/portal\/2025\/03\/08\/luiza-helena-e-maria-lidia-recebem-medalhas-de-merito-de-empreendedorismo-luiza-trajano-donato\/#primaryimage\"},\"image\":{\"@id\":\"https:\/\/verdadeon.com.br\/portal\/2025\/03\/08\/luiza-helena-e-maria-lidia-recebem-medalhas-de-merito-de-empreendedorismo-luiza-trajano-donato\/#primaryimage\"},\"thumbnailUrl\":\"https:\/\/i0.wp.com\/verdadeon.com.br\/portal\/wp-content\/uploads\/2025\/03\/54371966151_d71425cbb7_k.jpg?fit=1719%2C1152&ssl=1\",\"datePublished\":\"2025-03-08T10:36:17+00:00\",\"dateModified\":\"2025-03-08T16:44:34+00:00\",\"author\":{\"@id\":\"https:\/\/verdadeon.com.br\/portal\/#\/schema\/person\/a5060ad1e9ea3df545188fc93ce43d2f\"},\"breadcrumb\":{\"@id\":\"https:\/\/verdadeon.com.br\/portal\/2025\/03\/08\/luiza-helena-e-maria-lidia-recebem-medalhas-de-merito-de-empreendedorismo-luiza-trajano-donato\/#breadcrumb\"},\"inLanguage\":\"pt-BR\",\"potentialAction\":[{\"@type\":\"ReadAction\",\"target\":[\"https:\/\/verdadeon.com.br\/portal\/2025\/03\/08\/luiza-helena-e-maria-lidia-recebem-medalhas-de-merito-de-empreendedorismo-luiza-trajano-donato\/\"]}]},{\"@type\":\"ImageObject\",\"inLanguage\":\"pt-BR\",\"@id\":\"https:\/\/verdadeon.com.br\/portal\/2025\/03\/08\/luiza-helena-e-maria-lidia-recebem-medalhas-de-merito-de-empreendedorismo-luiza-trajano-donato\/#primaryimage\",\"url\":\"https:\/\/i0.wp.com\/verdadeon.com.br\/portal\/wp-content\/uploads\/2025\/03\/54371966151_d71425cbb7_k.jpg?fit=1719%2C1152&ssl=1\",\"contentUrl\":\"https:\/\/i0.wp.com\/verdadeon.com.br\/portal\/wp-content\/uploads\/2025\/03\/54371966151_d71425cbb7_k.jpg?fit=1719%2C1152&ssl=1\",\"width\":1719,\"height\":1152,\"caption\":\"Luiza Helena Trajano e Maria L\u00eddia Borges Machado (\u00a9Divulga\u00e7\u00e3o\/C\u00e2mara Municipal de Franca)\"},{\"@type\":\"BreadcrumbList\",\"@id\":\"https:\/\/verdadeon.com.br\/portal\/2025\/03\/08\/luiza-helena-e-maria-lidia-recebem-medalhas-de-merito-de-empreendedorismo-luiza-trajano-donato\/#breadcrumb\",\"itemListElement\":[{\"@type\":\"ListItem\",\"position\":1,\"name\":\"In\u00edcio\",\"item\":\"https:\/\/verdadeon.com.br\/portal\/\"},{\"@type\":\"ListItem\",\"position\":2,\"name\":\"Luiza Helena e Maria L\u00eddia recebem medalhas de m\u00e9rito de empreendedorismo \u2018Luiza Trajano Donato\u2019\"}]},{\"@type\":\"WebSite\",\"@id\":\"https:\/\/verdadeon.com.br\/portal\/#website\",\"url\":\"https:\/\/verdadeon.com.br\/portal\/\",\"name\":\"VerdadeOn\",\"description\":\"Not\u00edcias di\u00e1rias sobre Franca, Regi\u00e3o, Esporte, Cultura, Cotidiano, Colunas. Cobertura nos principais eventos da cidade \u00e9 aqui - Verdadeon Franca\",\"potentialAction\":[{\"@type\":\"SearchAction\",\"target\":{\"@type\":\"EntryPoint\",\"urlTemplate\":\"https:\/\/verdadeon.com.br\/portal\/?s={search_term_string}\"},\"query-input\":{\"@type\":\"PropertyValueSpecification\",\"valueRequired\":true,\"valueName\":\"search_term_string\"}}],\"inLanguage\":\"pt-BR\"},{\"@type\":\"Person\",\"@id\":\"https:\/\/verdadeon.com.br\/portal\/#\/schema\/person\/a5060ad1e9ea3df545188fc93ce43d2f\",\"name\":\"Redacao VerdadeOn\",\"image\":{\"@type\":\"ImageObject\",\"inLanguage\":\"pt-BR\",\"@id\":\"https:\/\/verdadeon.com.br\/portal\/#\/schema\/person\/image\/\",\"url\":\"https:\/\/secure.gravatar.com\/avatar\/459a9613caaaf07f582c3d0841eea68bdd66f533e465e6ba8b9cb45619572cf4?s=96&d=mm&r=g\",\"contentUrl\":\"https:\/\/secure.gravatar.com\/avatar\/459a9613caaaf07f582c3d0841eea68bdd66f533e465e6ba8b9cb45619572cf4?s=96&d=mm&r=g\",\"caption\":\"Redacao VerdadeOn\"},\"url\":\"https:\/\/verdadeon.com.br\/portal\/author\/redacao\/\"}]}<\/script>\n<!-- \/ Yoast SEO plugin. -->","yoast_head_json":{"title":"Luiza Helena e Maria L\u00eddia recebem medalhas de m\u00e9rito de empreendedorismo \u2018Luiza Trajano Donato\u2019 - VerdadeOn","robots":{"index":"index","follow":"follow","max-snippet":"max-snippet:-1","max-image-preview":"max-image-preview:large","max-video-preview":"max-video-preview:-1"},"canonical":"https:\/\/verdadeon.com.br\/portal\/2025\/03\/08\/luiza-helena-e-maria-lidia-recebem-medalhas-de-merito-de-empreendedorismo-luiza-trajano-donato\/","og_locale":"pt_BR","og_type":"article","og_title":"Luiza Helena e Maria L\u00eddia recebem medalhas de m\u00e9rito de empreendedorismo \u2018Luiza Trajano Donato\u2019 - VerdadeOn","og_description":"Plen\u00e1rio ficou lotado com a presen\u00e7a de familiares e autoridades municipais Uma noite marcada pela emo\u00e7\u00e3o: a Sess\u00e3o Solene ocorrida na noite desta sexta-feira, 7 de [\u2026]","og_url":"https:\/\/verdadeon.com.br\/portal\/2025\/03\/08\/luiza-helena-e-maria-lidia-recebem-medalhas-de-merito-de-empreendedorismo-luiza-trajano-donato\/","og_site_name":"VerdadeOn","article_published_time":"2025-03-08T10:36:17+00:00","article_modified_time":"2025-03-08T16:44:34+00:00","og_image":[{"width":1719,"height":1152,"url":"https:\/\/verdadeon.com.br\/portal\/wp-content\/uploads\/2025\/03\/54371966151_d71425cbb7_k.jpg","type":"image\/jpeg"}],"author":"Redacao VerdadeOn","twitter_card":"summary_large_image","twitter_misc":{"Escrito por":"Redacao VerdadeOn","Est. tempo de leitura":"5 minutos"},"schema":{"@context":"https:\/\/schema.org","@graph":[{"@type":"WebPage","@id":"https:\/\/verdadeon.com.br\/portal\/2025\/03\/08\/luiza-helena-e-maria-lidia-recebem-medalhas-de-merito-de-empreendedorismo-luiza-trajano-donato\/","url":"https:\/\/verdadeon.com.br\/portal\/2025\/03\/08\/luiza-helena-e-maria-lidia-recebem-medalhas-de-merito-de-empreendedorismo-luiza-trajano-donato\/","name":"Luiza Helena e Maria L\u00eddia recebem medalhas de m\u00e9rito de empreendedorismo \u2018Luiza Trajano Donato\u2019 - VerdadeOn","isPartOf":{"@id":"https:\/\/verdadeon.com.br\/portal\/#website"},"primaryImageOfPage":{"@id":"https:\/\/verdadeon.com.br\/portal\/2025\/03\/08\/luiza-helena-e-maria-lidia-recebem-medalhas-de-merito-de-empreendedorismo-luiza-trajano-donato\/#primaryimage"},"image":{"@id":"https:\/\/verdadeon.com.br\/portal\/2025\/03\/08\/luiza-helena-e-maria-lidia-recebem-medalhas-de-merito-de-empreendedorismo-luiza-trajano-donato\/#primaryimage"},"thumbnailUrl":"https:\/\/i0.wp.com\/verdadeon.com.br\/portal\/wp-content\/uploads\/2025\/03\/54371966151_d71425cbb7_k.jpg?fit=1719%2C1152&ssl=1","datePublished":"2025-03-08T10:36:17+00:00","dateModified":"2025-03-08T16:44:34+00:00","author":{"@id":"https:\/\/verdadeon.com.br\/portal\/#\/schema\/person\/a5060ad1e9ea3df545188fc93ce43d2f"},"breadcrumb":{"@id":"https:\/\/verdadeon.com.br\/portal\/2025\/03\/08\/luiza-helena-e-maria-lidia-recebem-medalhas-de-merito-de-empreendedorismo-luiza-trajano-donato\/#breadcrumb"},"inLanguage":"pt-BR","potentialAction":[{"@type":"ReadAction","target":["https:\/\/verdadeon.com.br\/portal\/2025\/03\/08\/luiza-helena-e-maria-lidia-recebem-medalhas-de-merito-de-empreendedorismo-luiza-trajano-donato\/"]}]},{"@type":"ImageObject","inLanguage":"pt-BR","@id":"https:\/\/verdadeon.com.br\/portal\/2025\/03\/08\/luiza-helena-e-maria-lidia-recebem-medalhas-de-merito-de-empreendedorismo-luiza-trajano-donato\/#primaryimage","url":"https:\/\/i0.wp.com\/verdadeon.com.br\/portal\/wp-content\/uploads\/2025\/03\/54371966151_d71425cbb7_k.jpg?fit=1719%2C1152&ssl=1","contentUrl":"https:\/\/i0.wp.com\/verdadeon.com.br\/portal\/wp-content\/uploads\/2025\/03\/54371966151_d71425cbb7_k.jpg?fit=1719%2C1152&ssl=1","width":1719,"height":1152,"caption":"Luiza Helena Trajano e Maria L\u00eddia Borges Machado (\u00a9Divulga\u00e7\u00e3o\/C\u00e2mara Municipal de Franca)"},{"@type":"BreadcrumbList","@id":"https:\/\/verdadeon.com.br\/portal\/2025\/03\/08\/luiza-helena-e-maria-lidia-recebem-medalhas-de-merito-de-empreendedorismo-luiza-trajano-donato\/#breadcrumb","itemListElement":[{"@type":"ListItem","position":1,"name":"In\u00edcio","item":"https:\/\/verdadeon.com.br\/portal\/"},{"@type":"ListItem","position":2,"name":"Luiza Helena e Maria L\u00eddia recebem medalhas de m\u00e9rito de empreendedorismo \u2018Luiza Trajano Donato\u2019"}]},{"@type":"WebSite","@id":"https:\/\/verdadeon.com.br\/portal\/#website","url":"https:\/\/verdadeon.com.br\/portal\/","name":"VerdadeOn","description":"Not\u00edcias di\u00e1rias sobre Franca, Regi\u00e3o, Esporte, Cultura, Cotidiano, Colunas. Cobertura nos principais eventos da cidade \u00e9 aqui - Verdadeon Franca","potentialAction":[{"@type":"SearchAction","target":{"@type":"EntryPoint","urlTemplate":"https:\/\/verdadeon.com.br\/portal\/?s={search_term_string}"},"query-input":{"@type":"PropertyValueSpecification","valueRequired":true,"valueName":"search_term_string"}}],"inLanguage":"pt-BR"},{"@type":"Person","@id":"https:\/\/verdadeon.com.br\/portal\/#\/schema\/person\/a5060ad1e9ea3df545188fc93ce43d2f","name":"Redacao VerdadeOn","image":{"@type":"ImageObject","inLanguage":"pt-BR","@id":"https:\/\/verdadeon.com.br\/portal\/#\/schema\/person\/image\/","url":"https:\/\/secure.gravatar.com\/avatar\/459a9613caaaf07f582c3d0841eea68bdd66f533e465e6ba8b9cb45619572cf4?s=96&d=mm&r=g","contentUrl":"https:\/\/secure.gravatar.com\/avatar\/459a9613caaaf07f582c3d0841eea68bdd66f533e465e6ba8b9cb45619572cf4?s=96&d=mm&r=g","caption":"Redacao VerdadeOn"},"url":"https:\/\/verdadeon.com.br\/portal\/author\/redacao\/"}]}},"jetpack_publicize_connections":[],"jetpack_featured_media_url":"https:\/\/i0.wp.com\/verdadeon.com.br\/portal\/wp-content\/uploads\/2025\/03\/54371966151_d71425cbb7_k.jpg?fit=1719%2C1152&ssl=1","jetpack_sharing_enabled":true,"_links":{"self":[{"href":"https:\/\/verdadeon.com.br\/portal\/wp-json\/wp\/v2\/posts\/54472","targetHints":{"allow":["GET"]}}],"collection":[{"href":"https:\/\/verdadeon.com.br\/portal\/wp-json\/wp\/v2\/posts"}],"about":[{"href":"https:\/\/verdadeon.com.br\/portal\/wp-json\/wp\/v2\/types\/post"}],"author":[{"embeddable":true,"href":"https:\/\/verdadeon.com.br\/portal\/wp-json\/wp\/v2\/users\/10"}],"replies":[{"embeddable":true,"href":"https:\/\/verdadeon.com.br\/portal\/wp-json\/wp\/v2\/comments?post=54472"}],"version-history":[{"count":1,"href":"https:\/\/verdadeon.com.br\/portal\/wp-json\/wp\/v2\/posts\/54472\/revisions"}],"predecessor-version":[{"id":54474,"href":"https:\/\/verdadeon.com.br\/portal\/wp-json\/wp\/v2\/posts\/54472\/revisions\/54474"}],"wp:featuredmedia":[{"embeddable":true,"href":"https:\/\/verdadeon.com.br\/portal\/wp-json\/wp\/v2\/media\/54473"}],"wp:attachment":[{"href":"https:\/\/verdadeon.com.br\/portal\/wp-json\/wp\/v2\/media?parent=54472"}],"wp:term":[{"taxonomy":"category","embeddable":true,"href":"https:\/\/verdadeon.com.br\/portal\/wp-json\/wp\/v2\/categories?post=54472"},{"taxonomy":"post_tag","embeddable":true,"href":"https:\/\/verdadeon.com.br\/portal\/wp-json\/wp\/v2\/tags?post=54472"}],"curies":[{"name":"wp","href":"https:\/\/api.w.org\/{rel}","templated":true}]}}