{"id":5447,"date":"2020-03-21T16:44:10","date_gmt":"2020-03-21T19:44:10","guid":{"rendered":"http:\/\/verdadeon.com.br\/portal\/?p=5447"},"modified":"2020-03-21T16:44:10","modified_gmt":"2020-03-21T19:44:10","slug":"maioria-das-lojas-cumpre-decreto-da-prefeitura","status":"publish","type":"post","link":"https:\/\/verdadeon.com.br\/portal\/2020\/03\/21\/maioria-das-lojas-cumpre-decreto-da-prefeitura\/","title":{"rendered":"Maioria das lojas cumpre decreto da Prefeitura"},"content":{"rendered":"<p>Um dos dias mais movimentados da semana no Centro, este s\u00e1bado permaneceu vazio por determina\u00e7\u00e3o da administra\u00e7\u00e3o municipal<\/p>\n<p>Neste s\u00e1bado (21), segundo dia ap\u00f3s o decreto do prefeito Gilson de Souza (DEM), que determina o fechamento da maioria dos estabelecimentos comerciais, grande parte das lojas permaneceu fechada. Durante a manh\u00e3, em passagem pela regi\u00e3o, a equipe do jornal Verdade constatou que apenas dois locais permaneciam abertos. Nos locais, por\u00e9m, poucas pessoas compravam.<br \/>\nEm toda cidade a determina\u00e7\u00e3o \u00e9 o fechamento total de estabelecimentos comerciais, shopping centers, galerias, academias, estacionamentos, sal\u00e3o de festas, buffet, clubes, entidades de classe e ind\u00fastrias. No caso de bares e restaurantes a permiss\u00e3o \u00e9 somente para delivery. Farm\u00e1cias, supermercados, postos de combust\u00edveis, padarias e casa de carnes podem funcionar normalmente, mas a determina\u00e7\u00e3o \u00e9 que as pessoas sigam evitando aglomera\u00e7\u00f5es e s\u00f3 saiam de casa quando for extremamente necess\u00e1rio.<br \/>\nHoje no Terminal de \u00d4nibus \u201cAyrton Senna\u201d poucas pessoas aguardavam para embarcar no transporte p\u00fablico. Dados da Emdef (Empresa Municipal para o Desenvolvimento de Franca) apontaram que antes mesmo do decreto do prefeito o movimento no transporte p\u00fablico j\u00e1 havia ca\u00eddo 35%, passando de 58 mil passageiros para 38 mil em apenas sete dias.<br \/>\nApesar da orienta\u00e7\u00e3o dos \u00f3rg\u00e3os da sa\u00fade para que as pessoas se isolem para evitar a prolifera\u00e7\u00e3o do novo coronav\u00edrus, o Covid-19, o movimento nos supermercados tem sido grande. De acordo com a Apas (Associa\u00e7\u00e3o Paulista de Supermercados) a venda nos supermercados paulistas aumentou 48,5%, na \u00faltima quinta-feira (19) em compara\u00e7\u00e3o com o dia 20 de fevereiro (tamb\u00e9m uma quinta-feira).<br \/>\nEm nota a Apas informou que a velocidade da procura nesta quinta-feira se deu em um ritmo menor que nos dias anteriores e que o abastecimento continua normal at\u00e9 o momento, apenas com falta de produtos de maneira pontual, apesar do crescimento no movimento.<br \/>\nO \u00faltimo boletim epidemiol\u00f3gico da Secretaria da Sa\u00fade, divulgado no fim da tarde de ontem (20), apontam 15 casos suspeitos do novo coronav\u00edrus em Franca, incluindo a morte de um homem de 59 anos. Outros quatro j\u00e1 foram negativados e outros 32 descartados.<\/p>\n<p>&nbsp;<\/p>\n<p><img data-recalc-dims=\"1\" loading=\"lazy\" decoding=\"async\" class=\"alignnone wp-image-5449 size-full\" src=\"https:\/\/i0.wp.com\/verdadeon.com.br\/portal\/wp-content\/uploads\/2020\/03\/dcfb5263-1e6f-4230-9d38-a6c8fad4e3b3-scaled.jpeg?resize=1000%2C667\" alt=\"\" width=\"1000\" height=\"667\" srcset=\"https:\/\/i0.wp.com\/verdadeon.com.br\/portal\/wp-content\/uploads\/2020\/03\/dcfb5263-1e6f-4230-9d38-a6c8fad4e3b3-scaled.jpeg?w=1000&amp;ssl=1 1000w, https:\/\/i0.wp.com\/verdadeon.com.br\/portal\/wp-content\/uploads\/2020\/03\/dcfb5263-1e6f-4230-9d38-a6c8fad4e3b3-scaled.jpeg?resize=300%2C200&amp;ssl=1 300w, https:\/\/i0.wp.com\/verdadeon.com.br\/portal\/wp-content\/uploads\/2020\/03\/dcfb5263-1e6f-4230-9d38-a6c8fad4e3b3-scaled.jpeg?resize=768%2C512&amp;ssl=1 768w, https:\/\/i0.wp.com\/verdadeon.com.br\/portal\/wp-content\/uploads\/2020\/03\/dcfb5263-1e6f-4230-9d38-a6c8fad4e3b3-scaled.jpeg?resize=219%2C146&amp;ssl=1 219w, https:\/\/i0.wp.com\/verdadeon.com.br\/portal\/wp-content\/uploads\/2020\/03\/dcfb5263-1e6f-4230-9d38-a6c8fad4e3b3-scaled.jpeg?resize=50%2C33&amp;ssl=1 50w, https:\/\/i0.wp.com\/verdadeon.com.br\/portal\/wp-content\/uploads\/2020\/03\/dcfb5263-1e6f-4230-9d38-a6c8fad4e3b3-scaled.jpeg?resize=112%2C75&amp;ssl=1 112w\" sizes=\"auto, (max-width: 1000px) 100vw, 1000px\" \/> <img data-recalc-dims=\"1\" loading=\"lazy\" decoding=\"async\" class=\"alignnone wp-image-5450 size-full\" src=\"https:\/\/i0.wp.com\/verdadeon.com.br\/portal\/wp-content\/uploads\/2020\/03\/40e54c15-47b2-4f4e-a870-5a4da1c9f3ed-scaled.jpeg?resize=1000%2C667\" alt=\"\" width=\"1000\" height=\"667\" srcset=\"https:\/\/i0.wp.com\/verdadeon.com.br\/portal\/wp-content\/uploads\/2020\/03\/40e54c15-47b2-4f4e-a870-5a4da1c9f3ed-scaled.jpeg?w=1000&amp;ssl=1 1000w, https:\/\/i0.wp.com\/verdadeon.com.br\/portal\/wp-content\/uploads\/2020\/03\/40e54c15-47b2-4f4e-a870-5a4da1c9f3ed-scaled.jpeg?resize=300%2C200&amp;ssl=1 300w, https:\/\/i0.wp.com\/verdadeon.com.br\/portal\/wp-content\/uploads\/2020\/03\/40e54c15-47b2-4f4e-a870-5a4da1c9f3ed-scaled.jpeg?resize=768%2C512&amp;ssl=1 768w, https:\/\/i0.wp.com\/verdadeon.com.br\/portal\/wp-content\/uploads\/2020\/03\/40e54c15-47b2-4f4e-a870-5a4da1c9f3ed-scaled.jpeg?resize=219%2C146&amp;ssl=1 219w, https:\/\/i0.wp.com\/verdadeon.com.br\/portal\/wp-content\/uploads\/2020\/03\/40e54c15-47b2-4f4e-a870-5a4da1c9f3ed-scaled.jpeg?resize=50%2C33&amp;ssl=1 50w, https:\/\/i0.wp.com\/verdadeon.com.br\/portal\/wp-content\/uploads\/2020\/03\/40e54c15-47b2-4f4e-a870-5a4da1c9f3ed-scaled.jpeg?resize=112%2C75&amp;ssl=1 112w\" sizes=\"auto, (max-width: 1000px) 100vw, 1000px\" \/> <img data-recalc-dims=\"1\" loading=\"lazy\" decoding=\"async\" class=\"alignnone wp-image-5451 size-full\" src=\"https:\/\/i0.wp.com\/verdadeon.com.br\/portal\/wp-content\/uploads\/2020\/03\/e8a2ebeb-822e-4aea-a3f1-368b95280473-scaled.jpeg?resize=1000%2C667\" alt=\"\" width=\"1000\" height=\"667\" srcset=\"https:\/\/i0.wp.com\/verdadeon.com.br\/portal\/wp-content\/uploads\/2020\/03\/e8a2ebeb-822e-4aea-a3f1-368b95280473-scaled.jpeg?w=1000&amp;ssl=1 1000w, https:\/\/i0.wp.com\/verdadeon.com.br\/portal\/wp-content\/uploads\/2020\/03\/e8a2ebeb-822e-4aea-a3f1-368b95280473-scaled.jpeg?resize=300%2C200&amp;ssl=1 300w, https:\/\/i0.wp.com\/verdadeon.com.br\/portal\/wp-content\/uploads\/2020\/03\/e8a2ebeb-822e-4aea-a3f1-368b95280473-scaled.jpeg?resize=768%2C512&amp;ssl=1 768w, https:\/\/i0.wp.com\/verdadeon.com.br\/portal\/wp-content\/uploads\/2020\/03\/e8a2ebeb-822e-4aea-a3f1-368b95280473-scaled.jpeg?resize=219%2C146&amp;ssl=1 219w, https:\/\/i0.wp.com\/verdadeon.com.br\/portal\/wp-content\/uploads\/2020\/03\/e8a2ebeb-822e-4aea-a3f1-368b95280473-scaled.jpeg?resize=50%2C33&amp;ssl=1 50w, https:\/\/i0.wp.com\/verdadeon.com.br\/portal\/wp-content\/uploads\/2020\/03\/e8a2ebeb-822e-4aea-a3f1-368b95280473-scaled.jpeg?resize=112%2C75&amp;ssl=1 112w\" sizes=\"auto, (max-width: 1000px) 100vw, 1000px\" \/> <img data-recalc-dims=\"1\" loading=\"lazy\" decoding=\"async\" class=\"alignnone size-medium wp-image-5452\" src=\"https:\/\/i0.wp.com\/verdadeon.com.br\/portal\/wp-content\/uploads\/2020\/03\/cfd399b0-2348-44ed-b338-b6da91782b21-300x200.jpeg?resize=300%2C200\" alt=\"\" width=\"300\" height=\"200\" \/> <img data-recalc-dims=\"1\" loading=\"lazy\" decoding=\"async\" class=\"alignnone size-medium wp-image-5453\" src=\"https:\/\/i0.wp.com\/verdadeon.com.br\/portal\/wp-content\/uploads\/2020\/03\/317c9861-3f90-4916-96a4-82a8b28dfa9a-300x200.jpeg?resize=300%2C200\" alt=\"\" width=\"300\" height=\"200\" \/> <img data-recalc-dims=\"1\" loading=\"lazy\" decoding=\"async\" class=\"alignnone size-medium wp-image-5454\" src=\"https:\/\/i0.wp.com\/verdadeon.com.br\/portal\/wp-content\/uploads\/2020\/03\/774b8e42-18ff-4391-835f-8be8ad6f16cc-300x200.jpeg?resize=300%2C200\" alt=\"\" width=\"300\" height=\"200\" \/> <img data-recalc-dims=\"1\" loading=\"lazy\" decoding=\"async\" class=\"alignnone size-medium wp-image-5455\" src=\"https:\/\/i0.wp.com\/verdadeon.com.br\/portal\/wp-content\/uploads\/2020\/03\/1897b8cd-dd95-4ca5-9fb8-f7a551cd0a93-300x200.jpeg?resize=300%2C200\" alt=\"\" width=\"300\" height=\"200\" \/> <img data-recalc-dims=\"1\" loading=\"lazy\" decoding=\"async\" class=\"alignnone size-medium wp-image-5456\" src=\"https:\/\/i0.wp.com\/verdadeon.com.br\/portal\/wp-content\/uploads\/2020\/03\/90abc709-cf4f-4500-a02a-8ed451103708-300x200.jpeg?resize=300%2C200\" alt=\"\" width=\"300\" height=\"200\" \/> <img data-recalc-dims=\"1\" loading=\"lazy\" decoding=\"async\" class=\"alignnone size-medium wp-image-5457\" src=\"https:\/\/i0.wp.com\/verdadeon.com.br\/portal\/wp-content\/uploads\/2020\/03\/af3aa28f-0cff-49da-98ba-656016033b58-300x200.jpeg?resize=300%2C200\" alt=\"\" width=\"300\" height=\"200\" \/> <img data-recalc-dims=\"1\" loading=\"lazy\" decoding=\"async\" class=\"alignnone size-medium wp-image-5458\" src=\"https:\/\/i0.wp.com\/verdadeon.com.br\/portal\/wp-content\/uploads\/2020\/03\/3700a631-b5ab-466a-bbfd-ba95646fb1b0-300x200.jpeg?resize=300%2C200\" alt=\"\" width=\"300\" height=\"200\" \/> <img data-recalc-dims=\"1\" loading=\"lazy\" decoding=\"async\" class=\"alignnone size-medium wp-image-5459\" src=\"https:\/\/i0.wp.com\/verdadeon.com.br\/portal\/wp-content\/uploads\/2020\/03\/99052a15-8fa2-4ce2-b6d5-6cd35b962ddf-300x200.jpeg?resize=300%2C200\" alt=\"\" width=\"300\" height=\"200\" \/> <img data-recalc-dims=\"1\" loading=\"lazy\" decoding=\"async\" class=\"alignnone size-medium wp-image-5460\" src=\"https:\/\/i0.wp.com\/verdadeon.com.br\/portal\/wp-content\/uploads\/2020\/03\/3f01fa3c-cd72-4773-8975-2a2e062db1c6-300x200.jpeg?resize=300%2C200\" alt=\"\" width=\"300\" height=\"200\" \/> <img data-recalc-dims=\"1\" loading=\"lazy\" decoding=\"async\" class=\"alignnone size-medium wp-image-5461\" src=\"https:\/\/i0.wp.com\/verdadeon.com.br\/portal\/wp-content\/uploads\/2020\/03\/05a3e217-2844-4cc6-a041-80c42f94685a-300x200.jpeg?resize=300%2C200\" alt=\"\" width=\"300\" height=\"200\" \/> <img data-recalc-dims=\"1\" loading=\"lazy\" decoding=\"async\" class=\"alignnone size-medium wp-image-5462\" src=\"https:\/\/i0.wp.com\/verdadeon.com.br\/portal\/wp-content\/uploads\/2020\/03\/7288d9a6-902c-4940-bb93-ac81420a9125-300x200.jpeg?resize=300%2C200\" alt=\"\" width=\"300\" height=\"200\" \/> <img data-recalc-dims=\"1\" loading=\"lazy\" decoding=\"async\" class=\"alignnone size-medium wp-image-5463\" src=\"https:\/\/i0.wp.com\/verdadeon.com.br\/portal\/wp-content\/uploads\/2020\/03\/86bf1f09-455a-4f60-958f-baa7b4330443-300x200.jpeg?resize=300%2C200\" alt=\"\" width=\"300\" height=\"200\" \/> <img data-recalc-dims=\"1\" loading=\"lazy\" decoding=\"async\" class=\"alignnone size-medium wp-image-5464\" src=\"https:\/\/i0.wp.com\/verdadeon.com.br\/portal\/wp-content\/uploads\/2020\/03\/dd37b6e7-be6c-4913-9984-6728bfb7a699-300x200.jpeg?resize=300%2C200\" alt=\"\" width=\"300\" height=\"200\" \/> <img data-recalc-dims=\"1\" loading=\"lazy\" decoding=\"async\" class=\"alignnone size-medium wp-image-5465\" src=\"https:\/\/i0.wp.com\/verdadeon.com.br\/portal\/wp-content\/uploads\/2020\/03\/60ea565b-c435-4fa6-afa3-612fce619384-300x200.jpeg?resize=300%2C200\" alt=\"\" width=\"300\" height=\"200\" \/> <img data-recalc-dims=\"1\" loading=\"lazy\" decoding=\"async\" class=\"alignnone size-medium wp-image-5466\" src=\"https:\/\/i0.wp.com\/verdadeon.com.br\/portal\/wp-content\/uploads\/2020\/03\/27c60b04-2392-4198-b102-f07222324640-300x200.jpeg?resize=300%2C200\" alt=\"\" width=\"300\" height=\"200\" \/> <img data-recalc-dims=\"1\" loading=\"lazy\" decoding=\"async\" class=\"alignnone size-medium wp-image-5467\" src=\"https:\/\/i0.wp.com\/verdadeon.com.br\/portal\/wp-content\/uploads\/2020\/03\/041f83d8-139e-4e9d-ac5c-f2df7e301e30-300x200.jpeg?resize=300%2C200\" alt=\"\" width=\"300\" height=\"200\" \/> <img data-recalc-dims=\"1\" loading=\"lazy\" decoding=\"async\" class=\"alignnone size-medium wp-image-5468\" src=\"https:\/\/i0.wp.com\/verdadeon.com.br\/portal\/wp-content\/uploads\/2020\/03\/5291d647-bc48-4fe1-9786-74e88ac8c186-300x200.jpeg?resize=300%2C200\" alt=\"\" width=\"300\" height=\"200\" \/> <img data-recalc-dims=\"1\" loading=\"lazy\" decoding=\"async\" class=\"alignnone size-medium wp-image-5469\" src=\"https:\/\/i0.wp.com\/verdadeon.com.br\/portal\/wp-content\/uploads\/2020\/03\/7415de17-d832-489d-a86a-7d7b6308a802-300x200.jpeg?resize=300%2C200\" alt=\"\" width=\"300\" height=\"200\" \/> <img data-recalc-dims=\"1\" loading=\"lazy\" decoding=\"async\" class=\"alignnone size-medium wp-image-5470\" src=\"https:\/\/i0.wp.com\/verdadeon.com.br\/portal\/wp-content\/uploads\/2020\/03\/b16a41b6-c26b-4a2b-861b-55bed057a222-300x200.jpeg?resize=300%2C200\" alt=\"\" width=\"300\" height=\"200\" \/> <img data-recalc-dims=\"1\" loading=\"lazy\" decoding=\"async\" class=\"alignnone size-medium wp-image-5471\" src=\"https:\/\/i0.wp.com\/verdadeon.com.br\/portal\/wp-content\/uploads\/2020\/03\/e7202fbd-82d8-4685-bfd8-399cd43a9ac6-300x200.jpeg?resize=300%2C200\" alt=\"\" width=\"300\" height=\"200\" \/> <img data-recalc-dims=\"1\" loading=\"lazy\" decoding=\"async\" class=\"alignnone size-medium wp-image-5472\" src=\"https:\/\/i0.wp.com\/verdadeon.com.br\/portal\/wp-content\/uploads\/2020\/03\/9744b87a-ff0d-4b56-9dbc-86f51b523321-300x200.jpeg?resize=300%2C200\" alt=\"\" width=\"300\" height=\"200\" \/> <img data-recalc-dims=\"1\" loading=\"lazy\" decoding=\"async\" class=\"alignnone size-medium wp-image-5473\" src=\"https:\/\/i0.wp.com\/verdadeon.com.br\/portal\/wp-content\/uploads\/2020\/03\/fdf4ad28-e474-4ba4-9a61-37af93cc7bad-300x200.jpeg?resize=300%2C200\" alt=\"\" width=\"300\" height=\"200\" \/> <img data-recalc-dims=\"1\" loading=\"lazy\" decoding=\"async\" class=\"alignnone size-medium wp-image-5474\" src=\"https:\/\/i0.wp.com\/verdadeon.com.br\/portal\/wp-content\/uploads\/2020\/03\/73c30f07-6e66-460a-ab25-7786bef4fa2e-300x200.jpeg?resize=300%2C200\" alt=\"\" width=\"300\" height=\"200\" \/> <img data-recalc-dims=\"1\" loading=\"lazy\" decoding=\"async\" class=\"alignnone size-medium wp-image-5475\" src=\"https:\/\/i0.wp.com\/verdadeon.com.br\/portal\/wp-content\/uploads\/2020\/03\/e186fc7b-ee29-4136-850c-ec8bccec0713-300x200.jpeg?resize=300%2C200\" alt=\"\" width=\"300\" height=\"200\" \/> <img data-recalc-dims=\"1\" loading=\"lazy\" decoding=\"async\" class=\"alignnone size-medium wp-image-5476\" src=\"https:\/\/i0.wp.com\/verdadeon.com.br\/portal\/wp-content\/uploads\/2020\/03\/7550c78d-f169-47d7-ad4e-14e14e82409e-300x200.jpeg?resize=300%2C200\" alt=\"\" width=\"300\" height=\"200\" \/> <img data-recalc-dims=\"1\" loading=\"lazy\" decoding=\"async\" class=\"alignnone size-medium wp-image-5477\" src=\"https:\/\/i0.wp.com\/verdadeon.com.br\/portal\/wp-content\/uploads\/2020\/03\/42dfba7b-3c14-4f50-81c0-058e75313295-300x200.jpeg?resize=300%2C200\" alt=\"\" width=\"300\" height=\"200\" \/> <img data-recalc-dims=\"1\" loading=\"lazy\" decoding=\"async\" class=\"alignnone size-medium wp-image-5478\" src=\"https:\/\/i0.wp.com\/verdadeon.com.br\/portal\/wp-content\/uploads\/2020\/03\/b9607879-7e43-489e-8bc8-df4d4dfad140-300x200.jpeg?resize=300%2C200\" alt=\"\" width=\"300\" height=\"200\" \/> <img data-recalc-dims=\"1\" loading=\"lazy\" decoding=\"async\" class=\"alignnone size-medium wp-image-5479\" src=\"https:\/\/i0.wp.com\/verdadeon.com.br\/portal\/wp-content\/uploads\/2020\/03\/35994bc4-364d-4629-9dee-09d53a02c735-300x200.jpeg?resize=300%2C200\" alt=\"\" width=\"300\" height=\"200\" \/> <img data-recalc-dims=\"1\" loading=\"lazy\" decoding=\"async\" class=\"alignnone size-medium wp-image-5480\" src=\"https:\/\/i0.wp.com\/verdadeon.com.br\/portal\/wp-content\/uploads\/2020\/03\/a31c1bd4-577c-4555-b3c0-4cc40e73c1ff-300x200.jpeg?resize=300%2C200\" alt=\"\" width=\"300\" height=\"200\" \/> <img data-recalc-dims=\"1\" loading=\"lazy\" decoding=\"async\" class=\"alignnone size-medium wp-image-5481\" src=\"https:\/\/i0.wp.com\/verdadeon.com.br\/portal\/wp-content\/uploads\/2020\/03\/3ba31c19-2700-4c66-a657-fb8efdd2e26e-300x200.jpeg?resize=300%2C200\" alt=\"\" width=\"300\" height=\"200\" \/><\/p>\n","protected":false},"excerpt":{"rendered":"<p>Um dos dias mais movimentados da semana no Centro, este s\u00e1bado permaneceu vazio por determina\u00e7\u00e3o da administra\u00e7\u00e3o municipal Neste s\u00e1bado (21), segundo dia ap\u00f3s o decreto<span class=\"excerpt-hellip\"> [\u2026]<\/span><\/p>\n","protected":false},"author":10,"featured_media":5448,"comment_status":"open","ping_status":"open","sticky":false,"template":"","format":"standard","meta":{"_jetpack_memberships_contains_paid_content":false,"footnotes":"","jetpack_publicize_message":"","jetpack_publicize_feature_enabled":true,"jetpack_social_post_already_shared":false,"jetpack_social_options":{"image_generator_settings":{"template":"highway","default_image_id":0,"enabled":false},"version":2}},"categories":[104,28,81],"tags":[],"class_list":["post-5447","post","type-post","status-publish","format-standard","has-post-thumbnail","hentry","category-coronavirus","category-cotidiano","category-manchete"],"yoast_head":"<!-- This site is optimized with the Yoast SEO plugin v25.6 - https:\/\/yoast.com\/wordpress\/plugins\/seo\/ -->\n<title>Maioria das lojas cumpre decreto da Prefeitura - VerdadeOn<\/title>\n<meta name=\"robots\" content=\"index, follow, max-snippet:-1, max-image-preview:large, max-video-preview:-1\" \/>\n<link rel=\"canonical\" href=\"https:\/\/verdadeon.com.br\/portal\/2020\/03\/21\/maioria-das-lojas-cumpre-decreto-da-prefeitura\/\" \/>\n<meta property=\"og:locale\" content=\"pt_BR\" \/>\n<meta property=\"og:type\" content=\"article\" \/>\n<meta property=\"og:title\" content=\"Maioria das lojas cumpre decreto da Prefeitura - VerdadeOn\" \/>\n<meta property=\"og:description\" content=\"Um dos dias mais movimentados da semana no Centro, este s\u00e1bado permaneceu vazio por determina\u00e7\u00e3o da administra\u00e7\u00e3o municipal Neste s\u00e1bado (21), segundo dia ap\u00f3s o decreto [\u2026]\" \/>\n<meta property=\"og:url\" content=\"https:\/\/verdadeon.com.br\/portal\/2020\/03\/21\/maioria-das-lojas-cumpre-decreto-da-prefeitura\/\" \/>\n<meta property=\"og:site_name\" content=\"VerdadeOn\" \/>\n<meta property=\"article:published_time\" content=\"2020-03-21T19:44:10+00:00\" \/>\n<meta property=\"og:image\" content=\"https:\/\/verdadeon.com.br\/portal\/wp-content\/uploads\/2020\/03\/ada3251d-f211-4768-8dd9-f80a2a9e5c2a.jpeg\" \/>\n\t<meta property=\"og:image:width\" content=\"1000\" \/>\n\t<meta property=\"og:image:height\" content=\"670\" \/>\n\t<meta property=\"og:image:type\" content=\"image\/jpeg\" \/>\n<meta name=\"author\" content=\"Redacao VerdadeOn\" \/>\n<meta name=\"twitter:card\" content=\"summary_large_image\" \/>\n<meta name=\"twitter:label1\" content=\"Escrito por\" \/>\n\t<meta name=\"twitter:data1\" content=\"Redacao VerdadeOn\" \/>\n\t<meta name=\"twitter:label2\" content=\"Est. tempo de leitura\" \/>\n\t<meta name=\"twitter:data2\" content=\"2 minutos\" \/>\n<script type=\"application\/ld+json\" class=\"yoast-schema-graph\">{\"@context\":\"https:\/\/schema.org\",\"@graph\":[{\"@type\":\"WebPage\",\"@id\":\"https:\/\/verdadeon.com.br\/portal\/2020\/03\/21\/maioria-das-lojas-cumpre-decreto-da-prefeitura\/\",\"url\":\"https:\/\/verdadeon.com.br\/portal\/2020\/03\/21\/maioria-das-lojas-cumpre-decreto-da-prefeitura\/\",\"name\":\"Maioria das lojas cumpre decreto da Prefeitura - VerdadeOn\",\"isPartOf\":{\"@id\":\"https:\/\/verdadeon.com.br\/portal\/#website\"},\"primaryImageOfPage\":{\"@id\":\"https:\/\/verdadeon.com.br\/portal\/2020\/03\/21\/maioria-das-lojas-cumpre-decreto-da-prefeitura\/#primaryimage\"},\"image\":{\"@id\":\"https:\/\/verdadeon.com.br\/portal\/2020\/03\/21\/maioria-das-lojas-cumpre-decreto-da-prefeitura\/#primaryimage\"},\"thumbnailUrl\":\"https:\/\/i0.wp.com\/verdadeon.com.br\/portal\/wp-content\/uploads\/2020\/03\/ada3251d-f211-4768-8dd9-f80a2a9e5c2a.jpeg?fit=1000%2C670&ssl=1\",\"datePublished\":\"2020-03-21T19:44:10+00:00\",\"author\":{\"@id\":\"https:\/\/verdadeon.com.br\/portal\/#\/schema\/person\/a5060ad1e9ea3df545188fc93ce43d2f\"},\"breadcrumb\":{\"@id\":\"https:\/\/verdadeon.com.br\/portal\/2020\/03\/21\/maioria-das-lojas-cumpre-decreto-da-prefeitura\/#breadcrumb\"},\"inLanguage\":\"pt-BR\",\"potentialAction\":[{\"@type\":\"ReadAction\",\"target\":[\"https:\/\/verdadeon.com.br\/portal\/2020\/03\/21\/maioria-das-lojas-cumpre-decreto-da-prefeitura\/\"]}]},{\"@type\":\"ImageObject\",\"inLanguage\":\"pt-BR\",\"@id\":\"https:\/\/verdadeon.com.br\/portal\/2020\/03\/21\/maioria-das-lojas-cumpre-decreto-da-prefeitura\/#primaryimage\",\"url\":\"https:\/\/i0.wp.com\/verdadeon.com.br\/portal\/wp-content\/uploads\/2020\/03\/ada3251d-f211-4768-8dd9-f80a2a9e5c2a.jpeg?fit=1000%2C670&ssl=1\",\"contentUrl\":\"https:\/\/i0.wp.com\/verdadeon.com.br\/portal\/wp-content\/uploads\/2020\/03\/ada3251d-f211-4768-8dd9-f80a2a9e5c2a.jpeg?fit=1000%2C670&ssl=1\",\"width\":1000,\"height\":670,\"caption\":\"No segundo dia ap\u00f3s o decreto do prefeito Gilson de Souza maioria dos estabelecimentos comerciais respeitam determina\u00e7\u00f5es Fotos: Lindomar Cailton\"},{\"@type\":\"BreadcrumbList\",\"@id\":\"https:\/\/verdadeon.com.br\/portal\/2020\/03\/21\/maioria-das-lojas-cumpre-decreto-da-prefeitura\/#breadcrumb\",\"itemListElement\":[{\"@type\":\"ListItem\",\"position\":1,\"name\":\"In\u00edcio\",\"item\":\"https:\/\/verdadeon.com.br\/portal\/\"},{\"@type\":\"ListItem\",\"position\":2,\"name\":\"Maioria das lojas cumpre decreto da Prefeitura\"}]},{\"@type\":\"WebSite\",\"@id\":\"https:\/\/verdadeon.com.br\/portal\/#website\",\"url\":\"https:\/\/verdadeon.com.br\/portal\/\",\"name\":\"VerdadeOn\",\"description\":\"Not\u00edcias di\u00e1rias sobre Franca, Regi\u00e3o, Esporte, Cultura, Cotidiano, Colunas. Cobertura nos principais eventos da cidade \u00e9 aqui - Verdadeon Franca\",\"potentialAction\":[{\"@type\":\"SearchAction\",\"target\":{\"@type\":\"EntryPoint\",\"urlTemplate\":\"https:\/\/verdadeon.com.br\/portal\/?s={search_term_string}\"},\"query-input\":{\"@type\":\"PropertyValueSpecification\",\"valueRequired\":true,\"valueName\":\"search_term_string\"}}],\"inLanguage\":\"pt-BR\"},{\"@type\":\"Person\",\"@id\":\"https:\/\/verdadeon.com.br\/portal\/#\/schema\/person\/a5060ad1e9ea3df545188fc93ce43d2f\",\"name\":\"Redacao VerdadeOn\",\"image\":{\"@type\":\"ImageObject\",\"inLanguage\":\"pt-BR\",\"@id\":\"https:\/\/verdadeon.com.br\/portal\/#\/schema\/person\/image\/\",\"url\":\"https:\/\/secure.gravatar.com\/avatar\/459a9613caaaf07f582c3d0841eea68bdd66f533e465e6ba8b9cb45619572cf4?s=96&d=mm&r=g\",\"contentUrl\":\"https:\/\/secure.gravatar.com\/avatar\/459a9613caaaf07f582c3d0841eea68bdd66f533e465e6ba8b9cb45619572cf4?s=96&d=mm&r=g\",\"caption\":\"Redacao VerdadeOn\"},\"url\":\"https:\/\/verdadeon.com.br\/portal\/author\/redacao\/\"}]}<\/script>\n<!-- \/ Yoast SEO plugin. -->","yoast_head_json":{"title":"Maioria das lojas cumpre decreto da Prefeitura - VerdadeOn","robots":{"index":"index","follow":"follow","max-snippet":"max-snippet:-1","max-image-preview":"max-image-preview:large","max-video-preview":"max-video-preview:-1"},"canonical":"https:\/\/verdadeon.com.br\/portal\/2020\/03\/21\/maioria-das-lojas-cumpre-decreto-da-prefeitura\/","og_locale":"pt_BR","og_type":"article","og_title":"Maioria das lojas cumpre decreto da Prefeitura - VerdadeOn","og_description":"Um dos dias mais movimentados da semana no Centro, este s\u00e1bado permaneceu vazio por determina\u00e7\u00e3o da administra\u00e7\u00e3o municipal Neste s\u00e1bado (21), segundo dia ap\u00f3s o decreto [\u2026]","og_url":"https:\/\/verdadeon.com.br\/portal\/2020\/03\/21\/maioria-das-lojas-cumpre-decreto-da-prefeitura\/","og_site_name":"VerdadeOn","article_published_time":"2020-03-21T19:44:10+00:00","og_image":[{"width":1000,"height":670,"url":"https:\/\/verdadeon.com.br\/portal\/wp-content\/uploads\/2020\/03\/ada3251d-f211-4768-8dd9-f80a2a9e5c2a.jpeg","type":"image\/jpeg"}],"author":"Redacao VerdadeOn","twitter_card":"summary_large_image","twitter_misc":{"Escrito por":"Redacao VerdadeOn","Est. tempo de leitura":"2 minutos"},"schema":{"@context":"https:\/\/schema.org","@graph":[{"@type":"WebPage","@id":"https:\/\/verdadeon.com.br\/portal\/2020\/03\/21\/maioria-das-lojas-cumpre-decreto-da-prefeitura\/","url":"https:\/\/verdadeon.com.br\/portal\/2020\/03\/21\/maioria-das-lojas-cumpre-decreto-da-prefeitura\/","name":"Maioria das lojas cumpre decreto da Prefeitura - VerdadeOn","isPartOf":{"@id":"https:\/\/verdadeon.com.br\/portal\/#website"},"primaryImageOfPage":{"@id":"https:\/\/verdadeon.com.br\/portal\/2020\/03\/21\/maioria-das-lojas-cumpre-decreto-da-prefeitura\/#primaryimage"},"image":{"@id":"https:\/\/verdadeon.com.br\/portal\/2020\/03\/21\/maioria-das-lojas-cumpre-decreto-da-prefeitura\/#primaryimage"},"thumbnailUrl":"https:\/\/i0.wp.com\/verdadeon.com.br\/portal\/wp-content\/uploads\/2020\/03\/ada3251d-f211-4768-8dd9-f80a2a9e5c2a.jpeg?fit=1000%2C670&ssl=1","datePublished":"2020-03-21T19:44:10+00:00","author":{"@id":"https:\/\/verdadeon.com.br\/portal\/#\/schema\/person\/a5060ad1e9ea3df545188fc93ce43d2f"},"breadcrumb":{"@id":"https:\/\/verdadeon.com.br\/portal\/2020\/03\/21\/maioria-das-lojas-cumpre-decreto-da-prefeitura\/#breadcrumb"},"inLanguage":"pt-BR","potentialAction":[{"@type":"ReadAction","target":["https:\/\/verdadeon.com.br\/portal\/2020\/03\/21\/maioria-das-lojas-cumpre-decreto-da-prefeitura\/"]}]},{"@type":"ImageObject","inLanguage":"pt-BR","@id":"https:\/\/verdadeon.com.br\/portal\/2020\/03\/21\/maioria-das-lojas-cumpre-decreto-da-prefeitura\/#primaryimage","url":"https:\/\/i0.wp.com\/verdadeon.com.br\/portal\/wp-content\/uploads\/2020\/03\/ada3251d-f211-4768-8dd9-f80a2a9e5c2a.jpeg?fit=1000%2C670&ssl=1","contentUrl":"https:\/\/i0.wp.com\/verdadeon.com.br\/portal\/wp-content\/uploads\/2020\/03\/ada3251d-f211-4768-8dd9-f80a2a9e5c2a.jpeg?fit=1000%2C670&ssl=1","width":1000,"height":670,"caption":"No segundo dia ap\u00f3s o decreto do prefeito Gilson de Souza maioria dos estabelecimentos comerciais respeitam determina\u00e7\u00f5es Fotos: Lindomar Cailton"},{"@type":"BreadcrumbList","@id":"https:\/\/verdadeon.com.br\/portal\/2020\/03\/21\/maioria-das-lojas-cumpre-decreto-da-prefeitura\/#breadcrumb","itemListElement":[{"@type":"ListItem","position":1,"name":"In\u00edcio","item":"https:\/\/verdadeon.com.br\/portal\/"},{"@type":"ListItem","position":2,"name":"Maioria das lojas cumpre decreto da Prefeitura"}]},{"@type":"WebSite","@id":"https:\/\/verdadeon.com.br\/portal\/#website","url":"https:\/\/verdadeon.com.br\/portal\/","name":"VerdadeOn","description":"Not\u00edcias di\u00e1rias sobre Franca, Regi\u00e3o, Esporte, Cultura, Cotidiano, Colunas. Cobertura nos principais eventos da cidade \u00e9 aqui - Verdadeon Franca","potentialAction":[{"@type":"SearchAction","target":{"@type":"EntryPoint","urlTemplate":"https:\/\/verdadeon.com.br\/portal\/?s={search_term_string}"},"query-input":{"@type":"PropertyValueSpecification","valueRequired":true,"valueName":"search_term_string"}}],"inLanguage":"pt-BR"},{"@type":"Person","@id":"https:\/\/verdadeon.com.br\/portal\/#\/schema\/person\/a5060ad1e9ea3df545188fc93ce43d2f","name":"Redacao VerdadeOn","image":{"@type":"ImageObject","inLanguage":"pt-BR","@id":"https:\/\/verdadeon.com.br\/portal\/#\/schema\/person\/image\/","url":"https:\/\/secure.gravatar.com\/avatar\/459a9613caaaf07f582c3d0841eea68bdd66f533e465e6ba8b9cb45619572cf4?s=96&d=mm&r=g","contentUrl":"https:\/\/secure.gravatar.com\/avatar\/459a9613caaaf07f582c3d0841eea68bdd66f533e465e6ba8b9cb45619572cf4?s=96&d=mm&r=g","caption":"Redacao VerdadeOn"},"url":"https:\/\/verdadeon.com.br\/portal\/author\/redacao\/"}]}},"jetpack_publicize_connections":[],"jetpack_featured_media_url":"https:\/\/i0.wp.com\/verdadeon.com.br\/portal\/wp-content\/uploads\/2020\/03\/ada3251d-f211-4768-8dd9-f80a2a9e5c2a.jpeg?fit=1000%2C670&ssl=1","jetpack_sharing_enabled":true,"_links":{"self":[{"href":"https:\/\/verdadeon.com.br\/portal\/wp-json\/wp\/v2\/posts\/5447","targetHints":{"allow":["GET"]}}],"collection":[{"href":"https:\/\/verdadeon.com.br\/portal\/wp-json\/wp\/v2\/posts"}],"about":[{"href":"https:\/\/verdadeon.com.br\/portal\/wp-json\/wp\/v2\/types\/post"}],"author":[{"embeddable":true,"href":"https:\/\/verdadeon.com.br\/portal\/wp-json\/wp\/v2\/users\/10"}],"replies":[{"embeddable":true,"href":"https:\/\/verdadeon.com.br\/portal\/wp-json\/wp\/v2\/comments?post=5447"}],"version-history":[{"count":0,"href":"https:\/\/verdadeon.com.br\/portal\/wp-json\/wp\/v2\/posts\/5447\/revisions"}],"wp:featuredmedia":[{"embeddable":true,"href":"https:\/\/verdadeon.com.br\/portal\/wp-json\/wp\/v2\/media\/5448"}],"wp:attachment":[{"href":"https:\/\/verdadeon.com.br\/portal\/wp-json\/wp\/v2\/media?parent=5447"}],"wp:term":[{"taxonomy":"category","embeddable":true,"href":"https:\/\/verdadeon.com.br\/portal\/wp-json\/wp\/v2\/categories?post=5447"},{"taxonomy":"post_tag","embeddable":true,"href":"https:\/\/verdadeon.com.br\/portal\/wp-json\/wp\/v2\/tags?post=5447"}],"curies":[{"name":"wp","href":"https:\/\/api.w.org\/{rel}","templated":true}]}}