{"id":54463,"date":"2025-03-08T13:26:50","date_gmt":"2025-03-08T16:26:50","guid":{"rendered":"https:\/\/verdadeon.com.br\/portal\/?p=54463"},"modified":"2025-03-08T13:28:08","modified_gmt":"2025-03-08T16:28:08","slug":"detran-sp-46-motoristas-sao-autuados-durante-o-carnaval-na-regiao-de-franca","status":"publish","type":"post","link":"https:\/\/verdadeon.com.br\/portal\/2025\/03\/08\/detran-sp-46-motoristas-sao-autuados-durante-o-carnaval-na-regiao-de-franca\/","title":{"rendered":"Detran-SP: 46 motoristas s\u00e3o autuados durante o carnaval na Regi\u00e3o de Franca"},"content":{"rendered":"<h2><span style=\"font-weight: 400;\">Mais de dois mil ve\u00edculos foram fiscalizados<\/span><\/h2>\n<p><span style=\"font-weight: 400;\">As Opera\u00e7\u00f5es Dire\u00e7\u00e3o Segura Integrada (ODSI) realizadas no<\/span> <span style=\"font-weight: 400;\">dia 1\u00b0 de mar\u00e7o, s\u00e1bado de Carnaval, em Batatais, na SP-334 (norte\/sul) registraram 45 recusas de motoristas ao<\/span> <span style=\"font-weight: 400;\">teste do baf\u00f4metro e uma infra\u00e7\u00e3o administrativa, quando o motorista dirige sob a influ\u00eancia<\/span> <span style=\"font-weight: 400;\">de \u00e1lcool. As fiscaliza\u00e7\u00f5es do Detran-SP, que t\u00eam o objetivo de reduzir e prevenir os sinistros<\/span> <span style=\"font-weight: 400;\">causados pelo consumo de bebida alco\u00f3lica, abordaram 2.071 ve\u00edculos no total.<\/span><span style=\"font-weight: 400;\">\u00a0<\/span><\/p>\n<p><b>O que diz o CTB<\/b><b>\u00a0<\/b><\/p>\n<p><span style=\"font-weight: 400;\">Tanto dirigir sob efeito de \u00e1lcool \u2013 quando o teste do etil\u00f4metro aponta o \u00edndice de at\u00e9 0,33<\/span> <span style=\"font-weight: 400;\">mg de \u00e1lcool por litro de ar expelido \u2013 quanto recusar-se a soprar o baf\u00f4metro s\u00e3o<\/span> <span style=\"font-weight: 400;\">consideradas infra\u00e7\u00f5es grav\u00edssimas, segundo os artigos 165 e 165-A do C\u00f3digo de Tr\u00e2nsito<\/span> <span style=\"font-weight: 400;\">Brasileiro (CTB), respectivamente.<\/span><span style=\"font-weight: 400;\">\u00a0<\/span><\/p>\n<p><span style=\"font-weight: 400;\">Em ambos os casos, o valor da multa \u00e9 de R$ 2.934,70 e o condutor responde a processo de<\/span> <span style=\"font-weight: 400;\">suspens\u00e3o da carteira de habilita\u00e7\u00e3o. Se houver reincid\u00eancia no per\u00edodo de 12 meses, a multa<\/span> <span style=\"font-weight: 400;\">\u00e9 aplicada em dobro, ou seja, no valor de R$ 5.869,40. No caso da autua\u00e7\u00e3o por dire\u00e7\u00e3o sob<\/span> <span style=\"font-weight: 400;\">efeito de \u00e1lcool, quando h\u00e1 nova ocorr\u00eancia durante o per\u00edodo de suspens\u00e3o da CNH, al\u00e9m<\/span> <span style=\"font-weight: 400;\">da multa em dobro, o motorista responder\u00e1 ainda a processo administrativo que poder\u00e1<\/span> <span style=\"font-weight: 400;\">culminar na cassa\u00e7\u00e3o do seu direito de dirigir, se forem esgotados todos os meios de defesa.<\/span> <span style=\"font-weight: 400;\">Neste \u00faltimo caso, ele ter\u00e1 de reiniciar todo o processo de habilita\u00e7\u00e3o para voltar a dirigir \u2013 e<\/span> <span style=\"font-weight: 400;\">somente ap\u00f3s transcorrido o prazo de 24 meses depois da cassa\u00e7\u00e3o.<\/span><span style=\"font-weight: 400;\">\u00a0<\/span><\/p>\n<p><span style=\"font-weight: 400;\">J<\/span><span style=\"font-weight: 400;\">\u00e1 os casos de embriaguez ao volante, quando os motoristas apresentam \u00edndice a partir de<\/span> <span style=\"font-weight: 400;\">0,34 miligramas de \u00e1lcool por litro de ar expelido no teste do etil\u00f4metro, s\u00e3o considerados<\/span> <span style=\"font-weight: 400;\">crimes de tr\u00e2nsito. Os motoristas flagrados nessa situa\u00e7\u00e3o s\u00e3o conduzidos ao distrito policial.<\/span> <span style=\"font-weight: 400;\">Se condenados, al\u00e9m da multa de R$ 2.934,70 e da suspens\u00e3o da CNH, eles poder\u00e3o cumprir<\/span> <span style=\"font-weight: 400;\">de seis meses a tr\u00eas anos de pris\u00e3o, conforme prev\u00ea a Lei Seca, tamb\u00e9m conhecida como<\/span> <span style=\"font-weight: 400;\">\u201ctoler\u00e2ncia zero\u201d.<\/span><span style=\"font-weight: 400;\">\u00a0<\/span><\/p>\n<p><b>Fiscaliza\u00e7\u00f5es no Estado<\/b><b>\u00a0<\/b><\/p>\n<p><span style=\"font-weight: 400;\">As opera\u00e7\u00f5es de ODSI da \u00faltima semana, relativas ao Carnaval, aconteceram em todas as<\/span> <span style=\"font-weight: 400;\">regi\u00f5es do estado. No total, foram 31.010 ve\u00edculos fiscalizados, resultando em 891 autua\u00e7\u00f5es<\/span> <span style=\"font-weight: 400;\">por alcoolemia, sendo 842 recusas ao teste do baf\u00f4metro, 43 autua\u00e7\u00f5es por dire\u00e7\u00e3o sob<\/span> <span style=\"font-weight: 400;\">influ\u00eancia de \u00e1lcool e seis crimes de tr\u00e2nsito \u2013 infra\u00e7\u00e3o aplicada quando o condutor dirige<\/span> <span style=\"font-weight: 400;\">embriagado.<\/span><span style=\"font-weight: 400;\">\u00a0<\/span><\/p>\n<p><b>Sobre o Detran-SP<\/b><b>\u00a0<\/b><\/p>\n<p><i><span style=\"font-weight: 400;\">O Detran-SP trabalha incessantemente para prevenir sinistros e preservar vidas, com a meta de<\/span><\/i> <i><span style=\"font-weight: 400;\">organizar um tr\u00e2nsito mais seguro e harmonioso entre todos os modais. O \u00f3rg\u00e3o segue<\/span><\/i><\/p>\n<p><i><span style=\"font-weight: 400;\">comprometido em oferecer servi\u00e7os de excel\u00eancia aos cidad\u00e3os, baseados em valores como<\/span><\/i> <i><span style=\"font-weight: 400;\">respeito, integridade, seguran\u00e7a e efici\u00eancia.<\/span><\/i><i><span style=\"font-weight: 400;\">\u00a0<\/span><\/i><\/p>\n<p><i><span style=\"font-weight: 400;\">A<\/span><\/i><i><span style=\"font-weight: 400;\">tualmente, est\u00e1 implementando a transforma\u00e7\u00e3o digital para melhorar a qualidade de vida dos<\/span><\/i><i><span style=\"font-weight: 400;\"> p<\/span><\/i><i><span style=\"font-weight: 400;\">aulistas, facilitando o acesso aos servi\u00e7os p\u00fablicos. Dos 109 servi\u00e7os oferecidos pela autarquia, 76<\/span><\/i><i><span style=\"font-weight: 400;\"> j<\/span><\/i><i><span style=\"font-weight: 400;\">\u00e1 s\u00e3o disponibilizados em formato totalmente digital, n\u00e3o exigindo deslocamentos dos cidad\u00e3os<\/span><\/i><i><span style=\"font-weight: 400;\"> p<\/span><\/i><i><span style=\"font-weight: 400;\">ara a sua conclus\u00e3o.<\/span><\/i><i><span style=\"font-weight: 400;\">\u00a0<\/span><\/i><\/p>\n<p><i><span style=\"font-weight: 400;\">Como o maior \u00f3rg\u00e3o executivo de tr\u00e2nsito do pa\u00eds, o Departamento de Tr\u00e2nsito Paulista \u00e9<\/span><\/i> <i><span style=\"font-weight: 400;\">respons\u00e1vel por 28% da frota brasileira, com mais de 35 milh\u00f5es de ve\u00edculos registrados e mais de<\/span><\/i> <i><span style=\"font-weight: 400;\">25 milh\u00f5es de motoristas habilitados em todo o estado. Mensalmente, emite aproximadamente<\/span><\/i> <i><span style=\"font-weight: 400;\">400 mil Carteiras Nacionais de Habilita\u00e7\u00e3o (CNHs) e 1,2 milh\u00e3o de Certificados de Registro e<\/span><\/i> <i><span style=\"font-weight: 400;\">Licenciamento Veicular (CRLVs). Em m\u00e9dia, s\u00e3o emitidos mais de 136 mil documentos por dia.<\/span><\/i><\/p>\n","protected":false},"excerpt":{"rendered":"<p>Mais de dois mil ve\u00edculos foram fiscalizados As Opera\u00e7\u00f5es Dire\u00e7\u00e3o Segura Integrada (ODSI) realizadas no dia 1\u00b0 de mar\u00e7o, s\u00e1bado de Carnaval, em Batatais, na SP-334<span class=\"excerpt-hellip\"> [\u2026]<\/span><\/p>\n","protected":false},"author":10,"featured_media":47452,"comment_status":"open","ping_status":"open","sticky":false,"template":"","format":"standard","meta":{"_jetpack_memberships_contains_paid_content":false,"footnotes":"","jetpack_publicize_message":"","jetpack_publicize_feature_enabled":true,"jetpack_social_post_already_shared":true,"jetpack_social_options":{"image_generator_settings":{"template":"highway","default_image_id":0,"enabled":false},"version":2}},"categories":[28,81],"tags":[],"class_list":["post-54463","post","type-post","status-publish","format-standard","has-post-thumbnail","hentry","category-cotidiano","category-manchete"],"yoast_head":"<!-- This site is optimized with the Yoast SEO plugin v25.6 - https:\/\/yoast.com\/wordpress\/plugins\/seo\/ -->\n<title>Detran-SP: 46 motoristas s\u00e3o autuados durante o carnaval na Regi\u00e3o de Franca - VerdadeOn<\/title>\n<meta name=\"robots\" content=\"index, follow, max-snippet:-1, max-image-preview:large, max-video-preview:-1\" \/>\n<link rel=\"canonical\" href=\"https:\/\/verdadeon.com.br\/portal\/2025\/03\/08\/detran-sp-46-motoristas-sao-autuados-durante-o-carnaval-na-regiao-de-franca\/\" \/>\n<meta property=\"og:locale\" content=\"pt_BR\" \/>\n<meta property=\"og:type\" content=\"article\" \/>\n<meta property=\"og:title\" content=\"Detran-SP: 46 motoristas s\u00e3o autuados durante o carnaval na Regi\u00e3o de Franca - VerdadeOn\" \/>\n<meta property=\"og:description\" content=\"Mais de dois mil ve\u00edculos foram fiscalizados As Opera\u00e7\u00f5es Dire\u00e7\u00e3o Segura Integrada (ODSI) realizadas no dia 1\u00b0 de mar\u00e7o, s\u00e1bado de Carnaval, em Batatais, na SP-334 [\u2026]\" \/>\n<meta property=\"og:url\" content=\"https:\/\/verdadeon.com.br\/portal\/2025\/03\/08\/detran-sp-46-motoristas-sao-autuados-durante-o-carnaval-na-regiao-de-franca\/\" \/>\n<meta property=\"og:site_name\" content=\"VerdadeOn\" \/>\n<meta property=\"article:published_time\" content=\"2025-03-08T16:26:50+00:00\" \/>\n<meta property=\"article:modified_time\" content=\"2025-03-08T16:28:08+00:00\" \/>\n<meta property=\"og:image\" content=\"https:\/\/verdadeon.com.br\/portal\/wp-content\/uploads\/2024\/07\/odsiparapaoCopy.jpeg\" \/>\n\t<meta property=\"og:image:width\" content=\"1074\" \/>\n\t<meta property=\"og:image:height\" content=\"720\" \/>\n\t<meta property=\"og:image:type\" content=\"image\/jpeg\" \/>\n<meta name=\"author\" content=\"Redacao VerdadeOn\" \/>\n<meta name=\"twitter:card\" content=\"summary_large_image\" \/>\n<meta name=\"twitter:label1\" content=\"Escrito por\" \/>\n\t<meta name=\"twitter:data1\" content=\"Redacao VerdadeOn\" \/>\n\t<meta name=\"twitter:label2\" content=\"Est. tempo de leitura\" \/>\n\t<meta name=\"twitter:data2\" content=\"4 minutos\" \/>\n<script type=\"application\/ld+json\" class=\"yoast-schema-graph\">{\"@context\":\"https:\/\/schema.org\",\"@graph\":[{\"@type\":\"WebPage\",\"@id\":\"https:\/\/verdadeon.com.br\/portal\/2025\/03\/08\/detran-sp-46-motoristas-sao-autuados-durante-o-carnaval-na-regiao-de-franca\/\",\"url\":\"https:\/\/verdadeon.com.br\/portal\/2025\/03\/08\/detran-sp-46-motoristas-sao-autuados-durante-o-carnaval-na-regiao-de-franca\/\",\"name\":\"Detran-SP: 46 motoristas s\u00e3o autuados durante o carnaval na Regi\u00e3o de Franca - VerdadeOn\",\"isPartOf\":{\"@id\":\"https:\/\/verdadeon.com.br\/portal\/#website\"},\"primaryImageOfPage\":{\"@id\":\"https:\/\/verdadeon.com.br\/portal\/2025\/03\/08\/detran-sp-46-motoristas-sao-autuados-durante-o-carnaval-na-regiao-de-franca\/#primaryimage\"},\"image\":{\"@id\":\"https:\/\/verdadeon.com.br\/portal\/2025\/03\/08\/detran-sp-46-motoristas-sao-autuados-durante-o-carnaval-na-regiao-de-franca\/#primaryimage\"},\"thumbnailUrl\":\"https:\/\/i0.wp.com\/verdadeon.com.br\/portal\/wp-content\/uploads\/2024\/07\/odsiparapaoCopy.jpeg?fit=1074%2C720&ssl=1\",\"datePublished\":\"2025-03-08T16:26:50+00:00\",\"dateModified\":\"2025-03-08T16:28:08+00:00\",\"author\":{\"@id\":\"https:\/\/verdadeon.com.br\/portal\/#\/schema\/person\/a5060ad1e9ea3df545188fc93ce43d2f\"},\"breadcrumb\":{\"@id\":\"https:\/\/verdadeon.com.br\/portal\/2025\/03\/08\/detran-sp-46-motoristas-sao-autuados-durante-o-carnaval-na-regiao-de-franca\/#breadcrumb\"},\"inLanguage\":\"pt-BR\",\"potentialAction\":[{\"@type\":\"ReadAction\",\"target\":[\"https:\/\/verdadeon.com.br\/portal\/2025\/03\/08\/detran-sp-46-motoristas-sao-autuados-durante-o-carnaval-na-regiao-de-franca\/\"]}]},{\"@type\":\"ImageObject\",\"inLanguage\":\"pt-BR\",\"@id\":\"https:\/\/verdadeon.com.br\/portal\/2025\/03\/08\/detran-sp-46-motoristas-sao-autuados-durante-o-carnaval-na-regiao-de-franca\/#primaryimage\",\"url\":\"https:\/\/i0.wp.com\/verdadeon.com.br\/portal\/wp-content\/uploads\/2024\/07\/odsiparapaoCopy.jpeg?fit=1074%2C720&ssl=1\",\"contentUrl\":\"https:\/\/i0.wp.com\/verdadeon.com.br\/portal\/wp-content\/uploads\/2024\/07\/odsiparapaoCopy.jpeg?fit=1074%2C720&ssl=1\",\"width\":1074,\"height\":720,\"caption\":\"Detran-SP autua 13 pessoas em Franca durante Opera\u00e7\u00e3o contra alcoolemia (\u00a9Divulga\u00e7\u00e3o\/Imagem ilustrativa)\"},{\"@type\":\"BreadcrumbList\",\"@id\":\"https:\/\/verdadeon.com.br\/portal\/2025\/03\/08\/detran-sp-46-motoristas-sao-autuados-durante-o-carnaval-na-regiao-de-franca\/#breadcrumb\",\"itemListElement\":[{\"@type\":\"ListItem\",\"position\":1,\"name\":\"In\u00edcio\",\"item\":\"https:\/\/verdadeon.com.br\/portal\/\"},{\"@type\":\"ListItem\",\"position\":2,\"name\":\"Detran-SP: 46 motoristas s\u00e3o autuados durante o carnaval na Regi\u00e3o de Franca\"}]},{\"@type\":\"WebSite\",\"@id\":\"https:\/\/verdadeon.com.br\/portal\/#website\",\"url\":\"https:\/\/verdadeon.com.br\/portal\/\",\"name\":\"VerdadeOn\",\"description\":\"Not\u00edcias di\u00e1rias sobre Franca, Regi\u00e3o, Esporte, Cultura, Cotidiano, Colunas. Cobertura nos principais eventos da cidade \u00e9 aqui - Verdadeon Franca\",\"potentialAction\":[{\"@type\":\"SearchAction\",\"target\":{\"@type\":\"EntryPoint\",\"urlTemplate\":\"https:\/\/verdadeon.com.br\/portal\/?s={search_term_string}\"},\"query-input\":{\"@type\":\"PropertyValueSpecification\",\"valueRequired\":true,\"valueName\":\"search_term_string\"}}],\"inLanguage\":\"pt-BR\"},{\"@type\":\"Person\",\"@id\":\"https:\/\/verdadeon.com.br\/portal\/#\/schema\/person\/a5060ad1e9ea3df545188fc93ce43d2f\",\"name\":\"Redacao VerdadeOn\",\"image\":{\"@type\":\"ImageObject\",\"inLanguage\":\"pt-BR\",\"@id\":\"https:\/\/verdadeon.com.br\/portal\/#\/schema\/person\/image\/\",\"url\":\"https:\/\/secure.gravatar.com\/avatar\/459a9613caaaf07f582c3d0841eea68bdd66f533e465e6ba8b9cb45619572cf4?s=96&d=mm&r=g\",\"contentUrl\":\"https:\/\/secure.gravatar.com\/avatar\/459a9613caaaf07f582c3d0841eea68bdd66f533e465e6ba8b9cb45619572cf4?s=96&d=mm&r=g\",\"caption\":\"Redacao VerdadeOn\"},\"url\":\"https:\/\/verdadeon.com.br\/portal\/author\/redacao\/\"}]}<\/script>\n<!-- \/ Yoast SEO plugin. -->","yoast_head_json":{"title":"Detran-SP: 46 motoristas s\u00e3o autuados durante o carnaval na Regi\u00e3o de Franca - VerdadeOn","robots":{"index":"index","follow":"follow","max-snippet":"max-snippet:-1","max-image-preview":"max-image-preview:large","max-video-preview":"max-video-preview:-1"},"canonical":"https:\/\/verdadeon.com.br\/portal\/2025\/03\/08\/detran-sp-46-motoristas-sao-autuados-durante-o-carnaval-na-regiao-de-franca\/","og_locale":"pt_BR","og_type":"article","og_title":"Detran-SP: 46 motoristas s\u00e3o autuados durante o carnaval na Regi\u00e3o de Franca - VerdadeOn","og_description":"Mais de dois mil ve\u00edculos foram fiscalizados As Opera\u00e7\u00f5es Dire\u00e7\u00e3o Segura Integrada (ODSI) realizadas no dia 1\u00b0 de mar\u00e7o, s\u00e1bado de Carnaval, em Batatais, na SP-334 [\u2026]","og_url":"https:\/\/verdadeon.com.br\/portal\/2025\/03\/08\/detran-sp-46-motoristas-sao-autuados-durante-o-carnaval-na-regiao-de-franca\/","og_site_name":"VerdadeOn","article_published_time":"2025-03-08T16:26:50+00:00","article_modified_time":"2025-03-08T16:28:08+00:00","og_image":[{"width":1074,"height":720,"url":"https:\/\/verdadeon.com.br\/portal\/wp-content\/uploads\/2024\/07\/odsiparapaoCopy.jpeg","type":"image\/jpeg"}],"author":"Redacao VerdadeOn","twitter_card":"summary_large_image","twitter_misc":{"Escrito por":"Redacao VerdadeOn","Est. tempo de leitura":"4 minutos"},"schema":{"@context":"https:\/\/schema.org","@graph":[{"@type":"WebPage","@id":"https:\/\/verdadeon.com.br\/portal\/2025\/03\/08\/detran-sp-46-motoristas-sao-autuados-durante-o-carnaval-na-regiao-de-franca\/","url":"https:\/\/verdadeon.com.br\/portal\/2025\/03\/08\/detran-sp-46-motoristas-sao-autuados-durante-o-carnaval-na-regiao-de-franca\/","name":"Detran-SP: 46 motoristas s\u00e3o autuados durante o carnaval na Regi\u00e3o de Franca - VerdadeOn","isPartOf":{"@id":"https:\/\/verdadeon.com.br\/portal\/#website"},"primaryImageOfPage":{"@id":"https:\/\/verdadeon.com.br\/portal\/2025\/03\/08\/detran-sp-46-motoristas-sao-autuados-durante-o-carnaval-na-regiao-de-franca\/#primaryimage"},"image":{"@id":"https:\/\/verdadeon.com.br\/portal\/2025\/03\/08\/detran-sp-46-motoristas-sao-autuados-durante-o-carnaval-na-regiao-de-franca\/#primaryimage"},"thumbnailUrl":"https:\/\/i0.wp.com\/verdadeon.com.br\/portal\/wp-content\/uploads\/2024\/07\/odsiparapaoCopy.jpeg?fit=1074%2C720&ssl=1","datePublished":"2025-03-08T16:26:50+00:00","dateModified":"2025-03-08T16:28:08+00:00","author":{"@id":"https:\/\/verdadeon.com.br\/portal\/#\/schema\/person\/a5060ad1e9ea3df545188fc93ce43d2f"},"breadcrumb":{"@id":"https:\/\/verdadeon.com.br\/portal\/2025\/03\/08\/detran-sp-46-motoristas-sao-autuados-durante-o-carnaval-na-regiao-de-franca\/#breadcrumb"},"inLanguage":"pt-BR","potentialAction":[{"@type":"ReadAction","target":["https:\/\/verdadeon.com.br\/portal\/2025\/03\/08\/detran-sp-46-motoristas-sao-autuados-durante-o-carnaval-na-regiao-de-franca\/"]}]},{"@type":"ImageObject","inLanguage":"pt-BR","@id":"https:\/\/verdadeon.com.br\/portal\/2025\/03\/08\/detran-sp-46-motoristas-sao-autuados-durante-o-carnaval-na-regiao-de-franca\/#primaryimage","url":"https:\/\/i0.wp.com\/verdadeon.com.br\/portal\/wp-content\/uploads\/2024\/07\/odsiparapaoCopy.jpeg?fit=1074%2C720&ssl=1","contentUrl":"https:\/\/i0.wp.com\/verdadeon.com.br\/portal\/wp-content\/uploads\/2024\/07\/odsiparapaoCopy.jpeg?fit=1074%2C720&ssl=1","width":1074,"height":720,"caption":"Detran-SP autua 13 pessoas em Franca durante Opera\u00e7\u00e3o contra alcoolemia (\u00a9Divulga\u00e7\u00e3o\/Imagem ilustrativa)"},{"@type":"BreadcrumbList","@id":"https:\/\/verdadeon.com.br\/portal\/2025\/03\/08\/detran-sp-46-motoristas-sao-autuados-durante-o-carnaval-na-regiao-de-franca\/#breadcrumb","itemListElement":[{"@type":"ListItem","position":1,"name":"In\u00edcio","item":"https:\/\/verdadeon.com.br\/portal\/"},{"@type":"ListItem","position":2,"name":"Detran-SP: 46 motoristas s\u00e3o autuados durante o carnaval na Regi\u00e3o de Franca"}]},{"@type":"WebSite","@id":"https:\/\/verdadeon.com.br\/portal\/#website","url":"https:\/\/verdadeon.com.br\/portal\/","name":"VerdadeOn","description":"Not\u00edcias di\u00e1rias sobre Franca, Regi\u00e3o, Esporte, Cultura, Cotidiano, Colunas. Cobertura nos principais eventos da cidade \u00e9 aqui - Verdadeon Franca","potentialAction":[{"@type":"SearchAction","target":{"@type":"EntryPoint","urlTemplate":"https:\/\/verdadeon.com.br\/portal\/?s={search_term_string}"},"query-input":{"@type":"PropertyValueSpecification","valueRequired":true,"valueName":"search_term_string"}}],"inLanguage":"pt-BR"},{"@type":"Person","@id":"https:\/\/verdadeon.com.br\/portal\/#\/schema\/person\/a5060ad1e9ea3df545188fc93ce43d2f","name":"Redacao VerdadeOn","image":{"@type":"ImageObject","inLanguage":"pt-BR","@id":"https:\/\/verdadeon.com.br\/portal\/#\/schema\/person\/image\/","url":"https:\/\/secure.gravatar.com\/avatar\/459a9613caaaf07f582c3d0841eea68bdd66f533e465e6ba8b9cb45619572cf4?s=96&d=mm&r=g","contentUrl":"https:\/\/secure.gravatar.com\/avatar\/459a9613caaaf07f582c3d0841eea68bdd66f533e465e6ba8b9cb45619572cf4?s=96&d=mm&r=g","caption":"Redacao VerdadeOn"},"url":"https:\/\/verdadeon.com.br\/portal\/author\/redacao\/"}]}},"jetpack_publicize_connections":[],"jetpack_featured_media_url":"https:\/\/i0.wp.com\/verdadeon.com.br\/portal\/wp-content\/uploads\/2024\/07\/odsiparapaoCopy.jpeg?fit=1074%2C720&ssl=1","jetpack_sharing_enabled":true,"_links":{"self":[{"href":"https:\/\/verdadeon.com.br\/portal\/wp-json\/wp\/v2\/posts\/54463","targetHints":{"allow":["GET"]}}],"collection":[{"href":"https:\/\/verdadeon.com.br\/portal\/wp-json\/wp\/v2\/posts"}],"about":[{"href":"https:\/\/verdadeon.com.br\/portal\/wp-json\/wp\/v2\/types\/post"}],"author":[{"embeddable":true,"href":"https:\/\/verdadeon.com.br\/portal\/wp-json\/wp\/v2\/users\/10"}],"replies":[{"embeddable":true,"href":"https:\/\/verdadeon.com.br\/portal\/wp-json\/wp\/v2\/comments?post=54463"}],"version-history":[{"count":2,"href":"https:\/\/verdadeon.com.br\/portal\/wp-json\/wp\/v2\/posts\/54463\/revisions"}],"predecessor-version":[{"id":54466,"href":"https:\/\/verdadeon.com.br\/portal\/wp-json\/wp\/v2\/posts\/54463\/revisions\/54466"}],"wp:featuredmedia":[{"embeddable":true,"href":"https:\/\/verdadeon.com.br\/portal\/wp-json\/wp\/v2\/media\/47452"}],"wp:attachment":[{"href":"https:\/\/verdadeon.com.br\/portal\/wp-json\/wp\/v2\/media?parent=54463"}],"wp:term":[{"taxonomy":"category","embeddable":true,"href":"https:\/\/verdadeon.com.br\/portal\/wp-json\/wp\/v2\/categories?post=54463"},{"taxonomy":"post_tag","embeddable":true,"href":"https:\/\/verdadeon.com.br\/portal\/wp-json\/wp\/v2\/tags?post=54463"}],"curies":[{"name":"wp","href":"https:\/\/api.w.org\/{rel}","templated":true}]}}