{"id":5440,"date":"2020-03-21T15:07:36","date_gmt":"2020-03-21T18:07:36","guid":{"rendered":"http:\/\/verdadeon.com.br\/portal\/?p=5440"},"modified":"2020-03-21T15:07:36","modified_gmt":"2020-03-21T18:07:36","slug":"doria-restringe-comercio-e-decreta-quarentena-em-sp-a-partir-de-terca","status":"publish","type":"post","link":"https:\/\/verdadeon.com.br\/portal\/2020\/03\/21\/doria-restringe-comercio-e-decreta-quarentena-em-sp-a-partir-de-terca\/","title":{"rendered":"Doria restringe com\u00e9rcio e decreta quarentena em SP a partir de ter\u00e7a"},"content":{"rendered":"<h3 class=\"col-10 offset-1 animated fadeInDown dealy-900 display-8 display-md-8 alt-font font-italic my-1 text-center\">Somente servi\u00e7os essenciais continuar\u00e3o funcionando<\/h3>\n<div class=\"col-lg-12 mb-3\">\n<div class=\"row\">\n<h6 class=\"col-10 offset-1 animated fadeInDown dealy-1100 alt-font font-italic my-2 small text-info text-center\">Wellton M\u00e1ximo &#8211; Rep\u00f3rter da Ag\u00eancia Brasil<\/h6>\n<\/div>\n<\/div>\n<div class=\"col-xl-7 offset-xl-1 col-lg-8 offset-lg-0 col-md-10 offset-md-1 mb-3\">\n<div class=\"post-item alt-font\">\n<div class=\"post-item-wrap\">\n<p>A partir da pr\u00f3xima ter\u00e7a-feira (24), todos os 645 munic\u00edpios do estado de S\u00e3o Paulo entrar\u00e3o em quarentena, anunciou h\u00e1 pouco o governador Jo\u00e3o Doria. As medidas valem por 15 dias, at\u00e9 7 de abril, podendo ser renovadas caso necess\u00e1rio. O decreto foi assinado ap\u00f3s seis novas mortes no estado.<\/p>\n<p>Apenas sete tipos de servi\u00e7os essenciais continuar\u00e3o a funcionar nesse per\u00edodo: sa\u00fade p\u00fablica e privada, abastecimento, transportes p\u00fablicos, alimenta\u00e7\u00e3o, seguran\u00e7a, limpeza e bancos e lot\u00e9ricas. O governador esclareceu que as ind\u00fastrias tamb\u00e9m continuar\u00e3o a funcionar, com cuidados especiais para os funcion\u00e1rios, para evitar desabastecimento.<\/p>\n<p>Todos os demais tipos de com\u00e9rcio e de servi\u00e7os ficar\u00e3o fechados nesse per\u00edodo. \u201cEstamos numa guerra de vida ou morte. Queremos seguir uma trajet\u00f3ria de vida, protegendo a vida das pessoas\u201d, justificou o governador.<\/p>\n<p>Na \u00e1rea de sa\u00fade, poder\u00e3o funcionar em car\u00e1ter de excepcionalidade hospitais, cl\u00ednicas, farm\u00e1cias e cl\u00ednicas odontol\u00f3gicas. Na \u00e1rea de alimenta\u00e7\u00e3o, s\u00f3 estar\u00e3o abertos supermercados, hipermercados, padarias e a\u00e7ougues. Bares, restaurantes e caf\u00e9s ficar\u00e3o fechados, funcionando apenas para entrega (<em>delivery<\/em>). As padarias funcionar\u00e3o apenas para venda e n\u00e3o poder\u00e3o servir alimentos preparados em mesas.<\/p>\n<p>\u201cO uso de\u00a0<em>delivery<\/em>\u00a0\u00e9 uma forma criativa de seguirem funcionando e mantendo o emprego dos profissionais e seus neg\u00f3cios. Solicitamos que empres\u00e1rios sejam criativos e solid\u00e1rios num momento de profunda dificuldade para o pa\u00eds e logicamente para o estado de S\u00e3o Paulo\u201d, disse o governador.<\/p>\n<p>Em rela\u00e7\u00e3o ao setor de abastecimento, funcionar\u00e3o transportadoras, armaz\u00e9ns, postos de combust\u00edvel, oficinas mec\u00e2nicas,\u00a0<em>pet shops<\/em>\u00a0e bancas de jornais, por\u00e9m operando com resguardos para os funcion\u00e1rios. Todo o transporte p\u00fablico \u2013 \u00f4nibus, trens, metr\u00f4s e t\u00e1xis \u2013 continuar\u00e3o a funcionar, assim como os aplicativos de transporte.<\/p>\n<p>Em rela\u00e7\u00e3o \u00e0 seguran\u00e7a, todo o sistema de seguran\u00e7a p\u00fablica e as empresas privadas continuar\u00e3o a operar normalmente. As empresas de limpeza, de zeladoria e de manuten\u00e7\u00e3o p\u00fablicas e privadas tamb\u00e9m ficaram fora do decreto.<\/p>\n<p>Os bancos e as lot\u00e9ricas continuar\u00e3o a funcionar normalmente para garantir a realiza\u00e7\u00e3o de pagamentos. Doria esclareceu que a constru\u00e7\u00e3o civil, por enquanto, continuar\u00e1 a operar, assim como os servi\u00e7os de telemarketing e de\u00a0<em>call center<\/em>. \u201cEsses setores [de atendimento por telefone] ser\u00e3o muito demandados daqui para a frente\u201d, justificou.<\/p>\n<p>O governador anunciou ainda que determinou que a Pol\u00edcia Militar n\u00e3o permita a realiza\u00e7\u00e3o de de eventos e de festas como bailes funk em comunidades. \u201cVoc\u00eas s\u00e3o promotores do mal e devem ser condenados por isso. N\u00e3o faz sentido nenhum a gente querer sobrepor interesses particulares aos das comunidades\u201d, declarou Doria sobre os organizadores de tais eventos.<\/p>\n<p>Sobre o funcionamento da ind\u00fastria, ele disse que a manuten\u00e7\u00e3o do funcionamento das f\u00e1bricas \u00e9 essencial para garantir o abastecimento. \u201cNenhuma medida [at\u00e9 agora] restringe o trabalho das ind\u00fastrias. O setor n\u00e3o trabalha com atendimento ao p\u00fablico. \u00c9 essencial que elas funcionem regularmente, com os devidos cuidados para os funcion\u00e1rios. Seu funcionamento \u00e9 vital para n\u00e3o haver desabastecimento no estado de S\u00e3o Paulo nem no pa\u00eds\u201d, afirmou.<\/p>\n<\/div>\n<p class=\"alt-font font-italic my-2 small text-info\">Edi\u00e7\u00e3o: Pedro Ivo de Oliveira<\/p>\n<\/div>\n<\/div>\n","protected":false},"excerpt":{"rendered":"<p>Somente servi\u00e7os essenciais continuar\u00e3o funcionando Wellton M\u00e1ximo &#8211; Rep\u00f3rter da Ag\u00eancia Brasil A partir da pr\u00f3xima ter\u00e7a-feira (24), todos os 645 munic\u00edpios do estado de S\u00e3o<span class=\"excerpt-hellip\"> [\u2026]<\/span><\/p>\n","protected":false},"author":10,"featured_media":5441,"comment_status":"open","ping_status":"open","sticky":false,"template":"","format":"standard","meta":{"_jetpack_memberships_contains_paid_content":false,"footnotes":"","jetpack_publicize_message":"","jetpack_publicize_feature_enabled":true,"jetpack_social_post_already_shared":false,"jetpack_social_options":{"image_generator_settings":{"template":"highway","default_image_id":0,"enabled":false},"version":2}},"categories":[104,28,44],"tags":[],"class_list":["post-5440","post","type-post","status-publish","format-standard","has-post-thumbnail","hentry","category-coronavirus","category-cotidiano","category-noticias"],"yoast_head":"<!-- This site is optimized with the Yoast SEO plugin v25.6 - https:\/\/yoast.com\/wordpress\/plugins\/seo\/ -->\n<title>Doria restringe com\u00e9rcio e decreta quarentena em SP a partir de ter\u00e7a - VerdadeOn<\/title>\n<meta name=\"robots\" content=\"index, follow, max-snippet:-1, max-image-preview:large, max-video-preview:-1\" \/>\n<link rel=\"canonical\" href=\"https:\/\/verdadeon.com.br\/portal\/2020\/03\/21\/doria-restringe-comercio-e-decreta-quarentena-em-sp-a-partir-de-terca\/\" \/>\n<meta property=\"og:locale\" content=\"pt_BR\" \/>\n<meta property=\"og:type\" content=\"article\" \/>\n<meta property=\"og:title\" content=\"Doria restringe com\u00e9rcio e decreta quarentena em SP a partir de ter\u00e7a - VerdadeOn\" \/>\n<meta property=\"og:description\" content=\"Somente servi\u00e7os essenciais continuar\u00e3o funcionando Wellton M\u00e1ximo &#8211; Rep\u00f3rter da Ag\u00eancia Brasil A partir da pr\u00f3xima ter\u00e7a-feira (24), todos os 645 munic\u00edpios do estado de S\u00e3o [\u2026]\" \/>\n<meta property=\"og:url\" content=\"https:\/\/verdadeon.com.br\/portal\/2020\/03\/21\/doria-restringe-comercio-e-decreta-quarentena-em-sp-a-partir-de-terca\/\" \/>\n<meta property=\"og:site_name\" content=\"VerdadeOn\" \/>\n<meta property=\"article:published_time\" content=\"2020-03-21T18:07:36+00:00\" \/>\n<meta property=\"og:image\" content=\"https:\/\/verdadeon.com.br\/portal\/wp-content\/uploads\/2020\/03\/edit_vac_abr_ebc_221020196107.jpg\" \/>\n\t<meta property=\"og:image:width\" content=\"1000\" \/>\n\t<meta property=\"og:image:height\" content=\"670\" \/>\n\t<meta property=\"og:image:type\" content=\"image\/jpeg\" \/>\n<meta name=\"author\" content=\"Redacao VerdadeOn\" \/>\n<meta name=\"twitter:card\" content=\"summary_large_image\" \/>\n<meta name=\"twitter:label1\" content=\"Escrito por\" \/>\n\t<meta name=\"twitter:data1\" content=\"Redacao VerdadeOn\" \/>\n\t<meta name=\"twitter:label2\" content=\"Est. tempo de leitura\" \/>\n\t<meta name=\"twitter:data2\" content=\"3 minutos\" \/>\n<script type=\"application\/ld+json\" class=\"yoast-schema-graph\">{\"@context\":\"https:\/\/schema.org\",\"@graph\":[{\"@type\":\"WebPage\",\"@id\":\"https:\/\/verdadeon.com.br\/portal\/2020\/03\/21\/doria-restringe-comercio-e-decreta-quarentena-em-sp-a-partir-de-terca\/\",\"url\":\"https:\/\/verdadeon.com.br\/portal\/2020\/03\/21\/doria-restringe-comercio-e-decreta-quarentena-em-sp-a-partir-de-terca\/\",\"name\":\"Doria restringe com\u00e9rcio e decreta quarentena em SP a partir de ter\u00e7a - VerdadeOn\",\"isPartOf\":{\"@id\":\"https:\/\/verdadeon.com.br\/portal\/#website\"},\"primaryImageOfPage\":{\"@id\":\"https:\/\/verdadeon.com.br\/portal\/2020\/03\/21\/doria-restringe-comercio-e-decreta-quarentena-em-sp-a-partir-de-terca\/#primaryimage\"},\"image\":{\"@id\":\"https:\/\/verdadeon.com.br\/portal\/2020\/03\/21\/doria-restringe-comercio-e-decreta-quarentena-em-sp-a-partir-de-terca\/#primaryimage\"},\"thumbnailUrl\":\"https:\/\/i0.wp.com\/verdadeon.com.br\/portal\/wp-content\/uploads\/2020\/03\/edit_vac_abr_ebc_221020196107.jpg?fit=1000%2C670&ssl=1\",\"datePublished\":\"2020-03-21T18:07:36+00:00\",\"author\":{\"@id\":\"https:\/\/verdadeon.com.br\/portal\/#\/schema\/person\/a5060ad1e9ea3df545188fc93ce43d2f\"},\"breadcrumb\":{\"@id\":\"https:\/\/verdadeon.com.br\/portal\/2020\/03\/21\/doria-restringe-comercio-e-decreta-quarentena-em-sp-a-partir-de-terca\/#breadcrumb\"},\"inLanguage\":\"pt-BR\",\"potentialAction\":[{\"@type\":\"ReadAction\",\"target\":[\"https:\/\/verdadeon.com.br\/portal\/2020\/03\/21\/doria-restringe-comercio-e-decreta-quarentena-em-sp-a-partir-de-terca\/\"]}]},{\"@type\":\"ImageObject\",\"inLanguage\":\"pt-BR\",\"@id\":\"https:\/\/verdadeon.com.br\/portal\/2020\/03\/21\/doria-restringe-comercio-e-decreta-quarentena-em-sp-a-partir-de-terca\/#primaryimage\",\"url\":\"https:\/\/i0.wp.com\/verdadeon.com.br\/portal\/wp-content\/uploads\/2020\/03\/edit_vac_abr_ebc_221020196107.jpg?fit=1000%2C670&ssl=1\",\"contentUrl\":\"https:\/\/i0.wp.com\/verdadeon.com.br\/portal\/wp-content\/uploads\/2020\/03\/edit_vac_abr_ebc_221020196107.jpg?fit=1000%2C670&ssl=1\",\"width\":1000,\"height\":670,\"caption\":\"Programa Bolsa Trabalho, lan\u00e7ado pelo governador Jo\u00e3o Doria, firma parceria com munic\u00edpio para atender pessoas em situa\u00e7\u00e3o de vulnerabilidade | Foto: Governo do Estado\"},{\"@type\":\"BreadcrumbList\",\"@id\":\"https:\/\/verdadeon.com.br\/portal\/2020\/03\/21\/doria-restringe-comercio-e-decreta-quarentena-em-sp-a-partir-de-terca\/#breadcrumb\",\"itemListElement\":[{\"@type\":\"ListItem\",\"position\":1,\"name\":\"In\u00edcio\",\"item\":\"https:\/\/verdadeon.com.br\/portal\/\"},{\"@type\":\"ListItem\",\"position\":2,\"name\":\"Doria restringe com\u00e9rcio e decreta quarentena em SP a partir de ter\u00e7a\"}]},{\"@type\":\"WebSite\",\"@id\":\"https:\/\/verdadeon.com.br\/portal\/#website\",\"url\":\"https:\/\/verdadeon.com.br\/portal\/\",\"name\":\"VerdadeOn\",\"description\":\"Not\u00edcias di\u00e1rias sobre Franca, Regi\u00e3o, Esporte, Cultura, Cotidiano, Colunas. Cobertura nos principais eventos da cidade \u00e9 aqui - Verdadeon Franca\",\"potentialAction\":[{\"@type\":\"SearchAction\",\"target\":{\"@type\":\"EntryPoint\",\"urlTemplate\":\"https:\/\/verdadeon.com.br\/portal\/?s={search_term_string}\"},\"query-input\":{\"@type\":\"PropertyValueSpecification\",\"valueRequired\":true,\"valueName\":\"search_term_string\"}}],\"inLanguage\":\"pt-BR\"},{\"@type\":\"Person\",\"@id\":\"https:\/\/verdadeon.com.br\/portal\/#\/schema\/person\/a5060ad1e9ea3df545188fc93ce43d2f\",\"name\":\"Redacao VerdadeOn\",\"image\":{\"@type\":\"ImageObject\",\"inLanguage\":\"pt-BR\",\"@id\":\"https:\/\/verdadeon.com.br\/portal\/#\/schema\/person\/image\/\",\"url\":\"https:\/\/secure.gravatar.com\/avatar\/459a9613caaaf07f582c3d0841eea68bdd66f533e465e6ba8b9cb45619572cf4?s=96&d=mm&r=g\",\"contentUrl\":\"https:\/\/secure.gravatar.com\/avatar\/459a9613caaaf07f582c3d0841eea68bdd66f533e465e6ba8b9cb45619572cf4?s=96&d=mm&r=g\",\"caption\":\"Redacao VerdadeOn\"},\"url\":\"https:\/\/verdadeon.com.br\/portal\/author\/redacao\/\"}]}<\/script>\n<!-- \/ Yoast SEO plugin. -->","yoast_head_json":{"title":"Doria restringe com\u00e9rcio e decreta quarentena em SP a partir de ter\u00e7a - VerdadeOn","robots":{"index":"index","follow":"follow","max-snippet":"max-snippet:-1","max-image-preview":"max-image-preview:large","max-video-preview":"max-video-preview:-1"},"canonical":"https:\/\/verdadeon.com.br\/portal\/2020\/03\/21\/doria-restringe-comercio-e-decreta-quarentena-em-sp-a-partir-de-terca\/","og_locale":"pt_BR","og_type":"article","og_title":"Doria restringe com\u00e9rcio e decreta quarentena em SP a partir de ter\u00e7a - VerdadeOn","og_description":"Somente servi\u00e7os essenciais continuar\u00e3o funcionando Wellton M\u00e1ximo &#8211; Rep\u00f3rter da Ag\u00eancia Brasil A partir da pr\u00f3xima ter\u00e7a-feira (24), todos os 645 munic\u00edpios do estado de S\u00e3o [\u2026]","og_url":"https:\/\/verdadeon.com.br\/portal\/2020\/03\/21\/doria-restringe-comercio-e-decreta-quarentena-em-sp-a-partir-de-terca\/","og_site_name":"VerdadeOn","article_published_time":"2020-03-21T18:07:36+00:00","og_image":[{"width":1000,"height":670,"url":"https:\/\/verdadeon.com.br\/portal\/wp-content\/uploads\/2020\/03\/edit_vac_abr_ebc_221020196107.jpg","type":"image\/jpeg"}],"author":"Redacao VerdadeOn","twitter_card":"summary_large_image","twitter_misc":{"Escrito por":"Redacao VerdadeOn","Est. tempo de leitura":"3 minutos"},"schema":{"@context":"https:\/\/schema.org","@graph":[{"@type":"WebPage","@id":"https:\/\/verdadeon.com.br\/portal\/2020\/03\/21\/doria-restringe-comercio-e-decreta-quarentena-em-sp-a-partir-de-terca\/","url":"https:\/\/verdadeon.com.br\/portal\/2020\/03\/21\/doria-restringe-comercio-e-decreta-quarentena-em-sp-a-partir-de-terca\/","name":"Doria restringe com\u00e9rcio e decreta quarentena em SP a partir de ter\u00e7a - VerdadeOn","isPartOf":{"@id":"https:\/\/verdadeon.com.br\/portal\/#website"},"primaryImageOfPage":{"@id":"https:\/\/verdadeon.com.br\/portal\/2020\/03\/21\/doria-restringe-comercio-e-decreta-quarentena-em-sp-a-partir-de-terca\/#primaryimage"},"image":{"@id":"https:\/\/verdadeon.com.br\/portal\/2020\/03\/21\/doria-restringe-comercio-e-decreta-quarentena-em-sp-a-partir-de-terca\/#primaryimage"},"thumbnailUrl":"https:\/\/i0.wp.com\/verdadeon.com.br\/portal\/wp-content\/uploads\/2020\/03\/edit_vac_abr_ebc_221020196107.jpg?fit=1000%2C670&ssl=1","datePublished":"2020-03-21T18:07:36+00:00","author":{"@id":"https:\/\/verdadeon.com.br\/portal\/#\/schema\/person\/a5060ad1e9ea3df545188fc93ce43d2f"},"breadcrumb":{"@id":"https:\/\/verdadeon.com.br\/portal\/2020\/03\/21\/doria-restringe-comercio-e-decreta-quarentena-em-sp-a-partir-de-terca\/#breadcrumb"},"inLanguage":"pt-BR","potentialAction":[{"@type":"ReadAction","target":["https:\/\/verdadeon.com.br\/portal\/2020\/03\/21\/doria-restringe-comercio-e-decreta-quarentena-em-sp-a-partir-de-terca\/"]}]},{"@type":"ImageObject","inLanguage":"pt-BR","@id":"https:\/\/verdadeon.com.br\/portal\/2020\/03\/21\/doria-restringe-comercio-e-decreta-quarentena-em-sp-a-partir-de-terca\/#primaryimage","url":"https:\/\/i0.wp.com\/verdadeon.com.br\/portal\/wp-content\/uploads\/2020\/03\/edit_vac_abr_ebc_221020196107.jpg?fit=1000%2C670&ssl=1","contentUrl":"https:\/\/i0.wp.com\/verdadeon.com.br\/portal\/wp-content\/uploads\/2020\/03\/edit_vac_abr_ebc_221020196107.jpg?fit=1000%2C670&ssl=1","width":1000,"height":670,"caption":"Programa Bolsa Trabalho, lan\u00e7ado pelo governador Jo\u00e3o Doria, firma parceria com munic\u00edpio para atender pessoas em situa\u00e7\u00e3o de vulnerabilidade | Foto: Governo do Estado"},{"@type":"BreadcrumbList","@id":"https:\/\/verdadeon.com.br\/portal\/2020\/03\/21\/doria-restringe-comercio-e-decreta-quarentena-em-sp-a-partir-de-terca\/#breadcrumb","itemListElement":[{"@type":"ListItem","position":1,"name":"In\u00edcio","item":"https:\/\/verdadeon.com.br\/portal\/"},{"@type":"ListItem","position":2,"name":"Doria restringe com\u00e9rcio e decreta quarentena em SP a partir de ter\u00e7a"}]},{"@type":"WebSite","@id":"https:\/\/verdadeon.com.br\/portal\/#website","url":"https:\/\/verdadeon.com.br\/portal\/","name":"VerdadeOn","description":"Not\u00edcias di\u00e1rias sobre Franca, Regi\u00e3o, Esporte, Cultura, Cotidiano, Colunas. Cobertura nos principais eventos da cidade \u00e9 aqui - Verdadeon Franca","potentialAction":[{"@type":"SearchAction","target":{"@type":"EntryPoint","urlTemplate":"https:\/\/verdadeon.com.br\/portal\/?s={search_term_string}"},"query-input":{"@type":"PropertyValueSpecification","valueRequired":true,"valueName":"search_term_string"}}],"inLanguage":"pt-BR"},{"@type":"Person","@id":"https:\/\/verdadeon.com.br\/portal\/#\/schema\/person\/a5060ad1e9ea3df545188fc93ce43d2f","name":"Redacao VerdadeOn","image":{"@type":"ImageObject","inLanguage":"pt-BR","@id":"https:\/\/verdadeon.com.br\/portal\/#\/schema\/person\/image\/","url":"https:\/\/secure.gravatar.com\/avatar\/459a9613caaaf07f582c3d0841eea68bdd66f533e465e6ba8b9cb45619572cf4?s=96&d=mm&r=g","contentUrl":"https:\/\/secure.gravatar.com\/avatar\/459a9613caaaf07f582c3d0841eea68bdd66f533e465e6ba8b9cb45619572cf4?s=96&d=mm&r=g","caption":"Redacao VerdadeOn"},"url":"https:\/\/verdadeon.com.br\/portal\/author\/redacao\/"}]}},"jetpack_publicize_connections":[],"jetpack_featured_media_url":"https:\/\/i0.wp.com\/verdadeon.com.br\/portal\/wp-content\/uploads\/2020\/03\/edit_vac_abr_ebc_221020196107.jpg?fit=1000%2C670&ssl=1","jetpack_sharing_enabled":true,"_links":{"self":[{"href":"https:\/\/verdadeon.com.br\/portal\/wp-json\/wp\/v2\/posts\/5440","targetHints":{"allow":["GET"]}}],"collection":[{"href":"https:\/\/verdadeon.com.br\/portal\/wp-json\/wp\/v2\/posts"}],"about":[{"href":"https:\/\/verdadeon.com.br\/portal\/wp-json\/wp\/v2\/types\/post"}],"author":[{"embeddable":true,"href":"https:\/\/verdadeon.com.br\/portal\/wp-json\/wp\/v2\/users\/10"}],"replies":[{"embeddable":true,"href":"https:\/\/verdadeon.com.br\/portal\/wp-json\/wp\/v2\/comments?post=5440"}],"version-history":[{"count":0,"href":"https:\/\/verdadeon.com.br\/portal\/wp-json\/wp\/v2\/posts\/5440\/revisions"}],"wp:featuredmedia":[{"embeddable":true,"href":"https:\/\/verdadeon.com.br\/portal\/wp-json\/wp\/v2\/media\/5441"}],"wp:attachment":[{"href":"https:\/\/verdadeon.com.br\/portal\/wp-json\/wp\/v2\/media?parent=5440"}],"wp:term":[{"taxonomy":"category","embeddable":true,"href":"https:\/\/verdadeon.com.br\/portal\/wp-json\/wp\/v2\/categories?post=5440"},{"taxonomy":"post_tag","embeddable":true,"href":"https:\/\/verdadeon.com.br\/portal\/wp-json\/wp\/v2\/tags?post=5440"}],"curies":[{"name":"wp","href":"https:\/\/api.w.org\/{rel}","templated":true}]}}