{"id":5437,"date":"2020-03-21T14:51:53","date_gmt":"2020-03-21T17:51:53","guid":{"rendered":"http:\/\/verdadeon.com.br\/portal\/?p=5437"},"modified":"2020-03-21T14:51:53","modified_gmt":"2020-03-21T17:51:53","slug":"prefeitura-de-franca-suspende-consultas-de-rotina","status":"publish","type":"post","link":"https:\/\/verdadeon.com.br\/portal\/2020\/03\/21\/prefeitura-de-franca-suspende-consultas-de-rotina\/","title":{"rendered":"Prefeitura de Franca suspende consultas de rotina"},"content":{"rendered":"<p>Determina\u00e7\u00e3o publicada no Di\u00e1rio Oficial deste s\u00e1bado (21) passa a valer a partir desta segunda-feira (23)<\/p>\n<p>&nbsp;<\/p>\n<p>Depois que o prefeito Gilson de Souza (DEM) publicou decreto suspendendo o funcionamento da maior parte dos estabelecimentos comerciais e ind\u00fastrias por sete dias, desde ontem (20) at\u00e9 a pr\u00f3xima sexta-feira (27), a edi\u00e7\u00e3o deste s\u00e1bado (21) do Di\u00e1rio Oficial do Munic\u00edpio traz a determina\u00e7\u00e3o de que, a partir desta segunda-feira (23), todas as consultas de rotina nas cl\u00ednicas m\u00e9dicas, medicina de Sa\u00fade da Fam\u00edlia e pediatria sejam suspensas. Apenas situa\u00e7\u00f5es de emerg\u00eancias n\u00e3o ser\u00e3o suspensas.<br \/>\nEst\u00e3o suspensas tamb\u00e9m todas as consultas com fonoaudi\u00f3logo e psic\u00f3logo; atendimentos odontol\u00f3gicos (exceto as urg\u00eancias); visitas domiciliares, atendimentos em grupo e referentes ao Programa Bolsa Fam\u00edlia na Sa\u00fade. Os hor\u00e1rios de servi\u00e7os ofertados nas Unidades B\u00e1sicas de Sa\u00fade ser\u00e3o definidos conforme organiza\u00e7\u00e3o de cada unidade.<br \/>\nConsultas de rotina nas Especialidades M\u00e9dicas do NGA (N\u00facleo de Gest\u00e3o Assistencial), exceto oncologia, cl\u00ednica e cir\u00fargica e urg\u00eancias, tamb\u00e9m est\u00e3o suspensas. No caso de pacientes do Ambulat\u00f3rio de Cardiologia do NGA &#8211; anticoagula\u00e7\u00e3o \u2013 os mesmos dever\u00e3o entrar em contato por telefone para orienta\u00e7\u00f5es ou agendamento de novos exames conforme a necessidade.<br \/>\nA Casa do Diab\u00e9tico tamb\u00e9m deixa de realizar atendimentos presenciais por tempo indeterminado. Todos os atendimentos agendados (m\u00e9dico, enfermagem, psicologia e Servi\u00e7o Social), al\u00e9m das atividades em grupo, est\u00e3o suspensos.<br \/>\nOs exames m\u00e9dicos do Centro de Diagn\u00f3stico por Imagem, exceto obstetr\u00edcias e urg\u00eancias, tamb\u00e9m foram suspensos. Na Casa da Mulher permanecem apenas os exames de colposcopia e mastologia.<br \/>\nO hor\u00e1rio de funcionamento do Ambulat\u00f3rio de Sa\u00fade Mental ser\u00e1 das 07 \u00e0s 13 horas e est\u00e3o suspensas todas as consultas m\u00e9dicas e terapias em grupo e individual. Est\u00e3o suspensas novas interna\u00e7\u00f5es volunt\u00e1rias e involunt\u00e1rias em cl\u00ednicas e comunidades terap\u00eauticas, assim como as visitas aos internos.<br \/>\nJ\u00e1 a farm\u00e1cia funcionar\u00e1 em hor\u00e1rio normal, das 7 \u00e0s 16 horas, com os devidos cuidados relacionados \u00e0 aglomera\u00e7\u00e3o de pessoas.<br \/>\nNo caso de receitas de medicamentos controlados e de uso cont\u00ednuo que estiverem com prazo de validade expirado, as mesmas devem ser deixadas na recep\u00e7\u00e3o de cada unidade para retirada posterior, conforme orienta\u00e7\u00e3o e contato da unidade.<\/p>\n","protected":false},"excerpt":{"rendered":"<p>Determina\u00e7\u00e3o publicada no Di\u00e1rio Oficial deste s\u00e1bado (21) passa a valer a partir desta segunda-feira (23) &nbsp; Depois que o prefeito Gilson de Souza (DEM) publicou<span class=\"excerpt-hellip\"> [\u2026]<\/span><\/p>\n","protected":false},"author":10,"featured_media":5438,"comment_status":"open","ping_status":"open","sticky":false,"template":"","format":"standard","meta":{"_jetpack_memberships_contains_paid_content":false,"footnotes":"","jetpack_publicize_message":"","jetpack_publicize_feature_enabled":true,"jetpack_social_post_already_shared":false,"jetpack_social_options":{"image_generator_settings":{"template":"highway","default_image_id":0,"enabled":false},"version":2}},"categories":[104,28,81],"tags":[],"class_list":["post-5437","post","type-post","status-publish","format-standard","has-post-thumbnail","hentry","category-coronavirus","category-cotidiano","category-manchete"],"yoast_head":"<!-- This site is optimized with the Yoast SEO plugin v25.6 - https:\/\/yoast.com\/wordpress\/plugins\/seo\/ -->\n<title>Prefeitura de Franca suspende consultas de rotina - VerdadeOn<\/title>\n<meta name=\"robots\" content=\"index, follow, max-snippet:-1, max-image-preview:large, max-video-preview:-1\" \/>\n<link rel=\"canonical\" href=\"https:\/\/verdadeon.com.br\/portal\/2020\/03\/21\/prefeitura-de-franca-suspende-consultas-de-rotina\/\" \/>\n<meta property=\"og:locale\" content=\"pt_BR\" \/>\n<meta property=\"og:type\" content=\"article\" \/>\n<meta property=\"og:title\" content=\"Prefeitura de Franca suspende consultas de rotina - VerdadeOn\" \/>\n<meta property=\"og:description\" content=\"Determina\u00e7\u00e3o publicada no Di\u00e1rio Oficial deste s\u00e1bado (21) passa a valer a partir desta segunda-feira (23) &nbsp; Depois que o prefeito Gilson de Souza (DEM) publicou [\u2026]\" \/>\n<meta property=\"og:url\" content=\"https:\/\/verdadeon.com.br\/portal\/2020\/03\/21\/prefeitura-de-franca-suspende-consultas-de-rotina\/\" \/>\n<meta property=\"og:site_name\" content=\"VerdadeOn\" \/>\n<meta property=\"article:published_time\" content=\"2020-03-21T17:51:53+00:00\" \/>\n<meta property=\"og:image\" content=\"https:\/\/verdadeon.com.br\/portal\/wp-content\/uploads\/2020\/03\/WhatsApp-Image-2020-03-21-at-14.39.41.jpeg\" \/>\n\t<meta property=\"og:image:width\" content=\"1000\" \/>\n\t<meta property=\"og:image:height\" content=\"670\" \/>\n\t<meta property=\"og:image:type\" content=\"image\/jpeg\" \/>\n<meta name=\"author\" content=\"Redacao VerdadeOn\" \/>\n<meta name=\"twitter:card\" content=\"summary_large_image\" \/>\n<meta name=\"twitter:label1\" content=\"Escrito por\" \/>\n\t<meta name=\"twitter:data1\" content=\"Redacao VerdadeOn\" \/>\n\t<meta name=\"twitter:label2\" content=\"Est. tempo de leitura\" \/>\n\t<meta name=\"twitter:data2\" content=\"2 minutos\" \/>\n<script type=\"application\/ld+json\" class=\"yoast-schema-graph\">{\"@context\":\"https:\/\/schema.org\",\"@graph\":[{\"@type\":\"WebPage\",\"@id\":\"https:\/\/verdadeon.com.br\/portal\/2020\/03\/21\/prefeitura-de-franca-suspende-consultas-de-rotina\/\",\"url\":\"https:\/\/verdadeon.com.br\/portal\/2020\/03\/21\/prefeitura-de-franca-suspende-consultas-de-rotina\/\",\"name\":\"Prefeitura de Franca suspende consultas de rotina - VerdadeOn\",\"isPartOf\":{\"@id\":\"https:\/\/verdadeon.com.br\/portal\/#website\"},\"primaryImageOfPage\":{\"@id\":\"https:\/\/verdadeon.com.br\/portal\/2020\/03\/21\/prefeitura-de-franca-suspende-consultas-de-rotina\/#primaryimage\"},\"image\":{\"@id\":\"https:\/\/verdadeon.com.br\/portal\/2020\/03\/21\/prefeitura-de-franca-suspende-consultas-de-rotina\/#primaryimage\"},\"thumbnailUrl\":\"https:\/\/i0.wp.com\/verdadeon.com.br\/portal\/wp-content\/uploads\/2020\/03\/WhatsApp-Image-2020-03-21-at-14.39.41.jpeg?fit=1000%2C670&ssl=1\",\"datePublished\":\"2020-03-21T17:51:53+00:00\",\"author\":{\"@id\":\"https:\/\/verdadeon.com.br\/portal\/#\/schema\/person\/a5060ad1e9ea3df545188fc93ce43d2f\"},\"breadcrumb\":{\"@id\":\"https:\/\/verdadeon.com.br\/portal\/2020\/03\/21\/prefeitura-de-franca-suspende-consultas-de-rotina\/#breadcrumb\"},\"inLanguage\":\"pt-BR\",\"potentialAction\":[{\"@type\":\"ReadAction\",\"target\":[\"https:\/\/verdadeon.com.br\/portal\/2020\/03\/21\/prefeitura-de-franca-suspende-consultas-de-rotina\/\"]}]},{\"@type\":\"ImageObject\",\"inLanguage\":\"pt-BR\",\"@id\":\"https:\/\/verdadeon.com.br\/portal\/2020\/03\/21\/prefeitura-de-franca-suspende-consultas-de-rotina\/#primaryimage\",\"url\":\"https:\/\/i0.wp.com\/verdadeon.com.br\/portal\/wp-content\/uploads\/2020\/03\/WhatsApp-Image-2020-03-21-at-14.39.41.jpeg?fit=1000%2C670&ssl=1\",\"contentUrl\":\"https:\/\/i0.wp.com\/verdadeon.com.br\/portal\/wp-content\/uploads\/2020\/03\/WhatsApp-Image-2020-03-21-at-14.39.41.jpeg?fit=1000%2C670&ssl=1\",\"width\":1000,\"height\":670,\"caption\":\"O concurso ser\u00e1 destinado para a contrata\u00e7\u00e3o de profissionais, visando o atendimento das necessidades e demandas da Prefeitura, com total de 21 vagas | Foto: Jornal Verdade\"},{\"@type\":\"BreadcrumbList\",\"@id\":\"https:\/\/verdadeon.com.br\/portal\/2020\/03\/21\/prefeitura-de-franca-suspende-consultas-de-rotina\/#breadcrumb\",\"itemListElement\":[{\"@type\":\"ListItem\",\"position\":1,\"name\":\"In\u00edcio\",\"item\":\"https:\/\/verdadeon.com.br\/portal\/\"},{\"@type\":\"ListItem\",\"position\":2,\"name\":\"Prefeitura de Franca suspende consultas de rotina\"}]},{\"@type\":\"WebSite\",\"@id\":\"https:\/\/verdadeon.com.br\/portal\/#website\",\"url\":\"https:\/\/verdadeon.com.br\/portal\/\",\"name\":\"VerdadeOn\",\"description\":\"Not\u00edcias di\u00e1rias sobre Franca, Regi\u00e3o, Esporte, Cultura, Cotidiano, Colunas. Cobertura nos principais eventos da cidade \u00e9 aqui - Verdadeon Franca\",\"potentialAction\":[{\"@type\":\"SearchAction\",\"target\":{\"@type\":\"EntryPoint\",\"urlTemplate\":\"https:\/\/verdadeon.com.br\/portal\/?s={search_term_string}\"},\"query-input\":{\"@type\":\"PropertyValueSpecification\",\"valueRequired\":true,\"valueName\":\"search_term_string\"}}],\"inLanguage\":\"pt-BR\"},{\"@type\":\"Person\",\"@id\":\"https:\/\/verdadeon.com.br\/portal\/#\/schema\/person\/a5060ad1e9ea3df545188fc93ce43d2f\",\"name\":\"Redacao VerdadeOn\",\"image\":{\"@type\":\"ImageObject\",\"inLanguage\":\"pt-BR\",\"@id\":\"https:\/\/verdadeon.com.br\/portal\/#\/schema\/person\/image\/\",\"url\":\"https:\/\/secure.gravatar.com\/avatar\/459a9613caaaf07f582c3d0841eea68bdd66f533e465e6ba8b9cb45619572cf4?s=96&d=mm&r=g\",\"contentUrl\":\"https:\/\/secure.gravatar.com\/avatar\/459a9613caaaf07f582c3d0841eea68bdd66f533e465e6ba8b9cb45619572cf4?s=96&d=mm&r=g\",\"caption\":\"Redacao VerdadeOn\"},\"url\":\"https:\/\/verdadeon.com.br\/portal\/author\/redacao\/\"}]}<\/script>\n<!-- \/ Yoast SEO plugin. -->","yoast_head_json":{"title":"Prefeitura de Franca suspende consultas de rotina - VerdadeOn","robots":{"index":"index","follow":"follow","max-snippet":"max-snippet:-1","max-image-preview":"max-image-preview:large","max-video-preview":"max-video-preview:-1"},"canonical":"https:\/\/verdadeon.com.br\/portal\/2020\/03\/21\/prefeitura-de-franca-suspende-consultas-de-rotina\/","og_locale":"pt_BR","og_type":"article","og_title":"Prefeitura de Franca suspende consultas de rotina - VerdadeOn","og_description":"Determina\u00e7\u00e3o publicada no Di\u00e1rio Oficial deste s\u00e1bado (21) passa a valer a partir desta segunda-feira (23) &nbsp; Depois que o prefeito Gilson de Souza (DEM) publicou [\u2026]","og_url":"https:\/\/verdadeon.com.br\/portal\/2020\/03\/21\/prefeitura-de-franca-suspende-consultas-de-rotina\/","og_site_name":"VerdadeOn","article_published_time":"2020-03-21T17:51:53+00:00","og_image":[{"width":1000,"height":670,"url":"https:\/\/verdadeon.com.br\/portal\/wp-content\/uploads\/2020\/03\/WhatsApp-Image-2020-03-21-at-14.39.41.jpeg","type":"image\/jpeg"}],"author":"Redacao VerdadeOn","twitter_card":"summary_large_image","twitter_misc":{"Escrito por":"Redacao VerdadeOn","Est. tempo de leitura":"2 minutos"},"schema":{"@context":"https:\/\/schema.org","@graph":[{"@type":"WebPage","@id":"https:\/\/verdadeon.com.br\/portal\/2020\/03\/21\/prefeitura-de-franca-suspende-consultas-de-rotina\/","url":"https:\/\/verdadeon.com.br\/portal\/2020\/03\/21\/prefeitura-de-franca-suspende-consultas-de-rotina\/","name":"Prefeitura de Franca suspende consultas de rotina - VerdadeOn","isPartOf":{"@id":"https:\/\/verdadeon.com.br\/portal\/#website"},"primaryImageOfPage":{"@id":"https:\/\/verdadeon.com.br\/portal\/2020\/03\/21\/prefeitura-de-franca-suspende-consultas-de-rotina\/#primaryimage"},"image":{"@id":"https:\/\/verdadeon.com.br\/portal\/2020\/03\/21\/prefeitura-de-franca-suspende-consultas-de-rotina\/#primaryimage"},"thumbnailUrl":"https:\/\/i0.wp.com\/verdadeon.com.br\/portal\/wp-content\/uploads\/2020\/03\/WhatsApp-Image-2020-03-21-at-14.39.41.jpeg?fit=1000%2C670&ssl=1","datePublished":"2020-03-21T17:51:53+00:00","author":{"@id":"https:\/\/verdadeon.com.br\/portal\/#\/schema\/person\/a5060ad1e9ea3df545188fc93ce43d2f"},"breadcrumb":{"@id":"https:\/\/verdadeon.com.br\/portal\/2020\/03\/21\/prefeitura-de-franca-suspende-consultas-de-rotina\/#breadcrumb"},"inLanguage":"pt-BR","potentialAction":[{"@type":"ReadAction","target":["https:\/\/verdadeon.com.br\/portal\/2020\/03\/21\/prefeitura-de-franca-suspende-consultas-de-rotina\/"]}]},{"@type":"ImageObject","inLanguage":"pt-BR","@id":"https:\/\/verdadeon.com.br\/portal\/2020\/03\/21\/prefeitura-de-franca-suspende-consultas-de-rotina\/#primaryimage","url":"https:\/\/i0.wp.com\/verdadeon.com.br\/portal\/wp-content\/uploads\/2020\/03\/WhatsApp-Image-2020-03-21-at-14.39.41.jpeg?fit=1000%2C670&ssl=1","contentUrl":"https:\/\/i0.wp.com\/verdadeon.com.br\/portal\/wp-content\/uploads\/2020\/03\/WhatsApp-Image-2020-03-21-at-14.39.41.jpeg?fit=1000%2C670&ssl=1","width":1000,"height":670,"caption":"O concurso ser\u00e1 destinado para a contrata\u00e7\u00e3o de profissionais, visando o atendimento das necessidades e demandas da Prefeitura, com total de 21 vagas | Foto: Jornal Verdade"},{"@type":"BreadcrumbList","@id":"https:\/\/verdadeon.com.br\/portal\/2020\/03\/21\/prefeitura-de-franca-suspende-consultas-de-rotina\/#breadcrumb","itemListElement":[{"@type":"ListItem","position":1,"name":"In\u00edcio","item":"https:\/\/verdadeon.com.br\/portal\/"},{"@type":"ListItem","position":2,"name":"Prefeitura de Franca suspende consultas de rotina"}]},{"@type":"WebSite","@id":"https:\/\/verdadeon.com.br\/portal\/#website","url":"https:\/\/verdadeon.com.br\/portal\/","name":"VerdadeOn","description":"Not\u00edcias di\u00e1rias sobre Franca, Regi\u00e3o, Esporte, Cultura, Cotidiano, Colunas. Cobertura nos principais eventos da cidade \u00e9 aqui - Verdadeon Franca","potentialAction":[{"@type":"SearchAction","target":{"@type":"EntryPoint","urlTemplate":"https:\/\/verdadeon.com.br\/portal\/?s={search_term_string}"},"query-input":{"@type":"PropertyValueSpecification","valueRequired":true,"valueName":"search_term_string"}}],"inLanguage":"pt-BR"},{"@type":"Person","@id":"https:\/\/verdadeon.com.br\/portal\/#\/schema\/person\/a5060ad1e9ea3df545188fc93ce43d2f","name":"Redacao VerdadeOn","image":{"@type":"ImageObject","inLanguage":"pt-BR","@id":"https:\/\/verdadeon.com.br\/portal\/#\/schema\/person\/image\/","url":"https:\/\/secure.gravatar.com\/avatar\/459a9613caaaf07f582c3d0841eea68bdd66f533e465e6ba8b9cb45619572cf4?s=96&d=mm&r=g","contentUrl":"https:\/\/secure.gravatar.com\/avatar\/459a9613caaaf07f582c3d0841eea68bdd66f533e465e6ba8b9cb45619572cf4?s=96&d=mm&r=g","caption":"Redacao VerdadeOn"},"url":"https:\/\/verdadeon.com.br\/portal\/author\/redacao\/"}]}},"jetpack_publicize_connections":[],"jetpack_featured_media_url":"https:\/\/i0.wp.com\/verdadeon.com.br\/portal\/wp-content\/uploads\/2020\/03\/WhatsApp-Image-2020-03-21-at-14.39.41.jpeg?fit=1000%2C670&ssl=1","jetpack_sharing_enabled":true,"_links":{"self":[{"href":"https:\/\/verdadeon.com.br\/portal\/wp-json\/wp\/v2\/posts\/5437","targetHints":{"allow":["GET"]}}],"collection":[{"href":"https:\/\/verdadeon.com.br\/portal\/wp-json\/wp\/v2\/posts"}],"about":[{"href":"https:\/\/verdadeon.com.br\/portal\/wp-json\/wp\/v2\/types\/post"}],"author":[{"embeddable":true,"href":"https:\/\/verdadeon.com.br\/portal\/wp-json\/wp\/v2\/users\/10"}],"replies":[{"embeddable":true,"href":"https:\/\/verdadeon.com.br\/portal\/wp-json\/wp\/v2\/comments?post=5437"}],"version-history":[{"count":0,"href":"https:\/\/verdadeon.com.br\/portal\/wp-json\/wp\/v2\/posts\/5437\/revisions"}],"wp:featuredmedia":[{"embeddable":true,"href":"https:\/\/verdadeon.com.br\/portal\/wp-json\/wp\/v2\/media\/5438"}],"wp:attachment":[{"href":"https:\/\/verdadeon.com.br\/portal\/wp-json\/wp\/v2\/media?parent=5437"}],"wp:term":[{"taxonomy":"category","embeddable":true,"href":"https:\/\/verdadeon.com.br\/portal\/wp-json\/wp\/v2\/categories?post=5437"},{"taxonomy":"post_tag","embeddable":true,"href":"https:\/\/verdadeon.com.br\/portal\/wp-json\/wp\/v2\/tags?post=5437"}],"curies":[{"name":"wp","href":"https:\/\/api.w.org\/{rel}","templated":true}]}}