{"id":54245,"date":"2025-02-28T12:56:38","date_gmt":"2025-02-28T15:56:38","guid":{"rendered":"https:\/\/verdadeon.com.br\/portal\/?p=54245"},"modified":"2025-02-28T12:56:38","modified_gmt":"2025-02-28T15:56:38","slug":"cinco-novos-radares-entram-em-operacao-na-proxima-terca-feira","status":"publish","type":"post","link":"https:\/\/verdadeon.com.br\/portal\/2025\/02\/28\/cinco-novos-radares-entram-em-operacao-na-proxima-terca-feira\/","title":{"rendered":"Cinco novos radares entram em opera\u00e7\u00e3o na pr\u00f3xima ter\u00e7a-feira"},"content":{"rendered":"<h2 data-block-key=\"kjskh\">Equipamentos est\u00e3o instalados na SP-255, SP-330, SP-334 e SP-345<\/h2>\n<p style=\"text-align: right;\" data-block-key=\"59nul\"><em><strong>Por Pedro Maia<\/strong><\/em><br \/>\n<em><strong>Editor-chefe<\/strong><\/em><\/p>\n<p data-block-key=\"59nul\">Na pr\u00f3xima ter\u00e7a-feira, 4 de mar\u00e7o, cinco novos radares ser\u00e3o implementados em quatro rodovias nos munic\u00edpios de Itirapu\u00e3, Brodowski, Guatapar\u00e1, Ita\u00ed e S\u00e3o Sim\u00e3o.<\/p>\n<p data-block-key=\"f5n07\">Nas localidades mais pr\u00f3ximas de Franca, o equipamento ser\u00e1 instalado na Rodovia Engenheiro Ronan Rocha (SP-345), no km 18+670, em Itirapu\u00e3, e na Rodovia C\u00e2ndido Portinari (SP-334), no km 335+650, em Brodowski. Os aparelhos foram homologados e aprovados pelo DER-SP (Departamento de Estradas de Rodagem) e aferidos pelo Instituto de Pesos e Medidas do Estado de S\u00e3o Paulo (Ipem-SP).<\/p>\n<p data-block-key=\"f5n07\"><strong>Outras instala\u00e7\u00f5es<\/strong><\/p>\n<p data-block-key=\"f5n07\">Em Guatapar\u00e1, o radar ser\u00e1 aplicado na Rodovia Ant\u00f4nio Machado Sant\u2019Anna (SP-255), no km 40+800 metros. Na mesma rodovia, SP-255, no km 299+700, outro aparelho inicia a opera\u00e7\u00e3o em Ita\u00ed. Na Rodovia Anhanguera (SP-330), em S\u00e3o Sim\u00e3o, o aparelho est\u00e1 no km 280+100. Abaixo, tabela com localiza\u00e7\u00e3o e velocidades:<\/p>\n<p data-block-key=\"f5n07\"><img data-recalc-dims=\"1\" loading=\"lazy\" decoding=\"async\" class=\"richtext-image full-width\" src=\"https:\/\/i0.wp.com\/www.arteris.com.br\/media\/images\/tabela_novos_radares_28.02.width-800.jpg?resize=784%2C159&#038;ssl=1\" alt=\"tabela novos radares 28.02\" width=\"784\" height=\"159\" \/><\/p>\n<p data-block-key=\"85ge8\">A decis\u00e3o para autoriza\u00e7\u00e3o do in\u00edcio de opera\u00e7\u00e3o foi publicada no Di\u00e1rio Oficial do Estado de S\u00e3o Paulo de 25 de fevereiro. A concession\u00e1ria refor\u00e7a que a instala\u00e7\u00e3o dos equipamentos atende a uma determina\u00e7\u00e3o do contrato de concess\u00e3o, mas que a gest\u00e3o dos dados e multas \u00e9 realizada pelo DER-SP.<\/p>\n<p data-block-key=\"5798p\">O objetivo com a instala\u00e7\u00e3o dos radares \u00e9 aumentar a seguran\u00e7a vi\u00e1ria e reduzir a acidentalidade causada pelo excesso de velocidade nas rodovias. Os aparelhos s\u00e3o instrumentos utilizados no trabalho realizado com foco em redu\u00e7\u00e3o de acidentes.<\/p>\n<p data-block-key=\"31ja5\">A instala\u00e7\u00e3o e a manuten\u00e7\u00e3o operacional de radares est\u00e3o previstas no contrato assinado por meio do Programa de Concess\u00e3o de Rodovias do Governo do Estado de S\u00e3o Paulo, submetido \u00e0 fiscaliza\u00e7\u00e3o da Artesp (Ag\u00eancia de Transportes do Estado de S\u00e3o Paulo).<\/p>\n<p data-block-key=\"59eb0\">Segundo a Arteris ViaPaulista, a concession\u00e1ria realiza estudos com o objetivo de mapear os pontos das rodovias com maior incid\u00eancia de acidentes e a m\u00e9dia de velocidade registrada nesses locais antes da implanta\u00e7\u00e3o de radares. Os trechos com a presen\u00e7a dos equipamentos s\u00e3o devidamente sinalizados com placas que indicam a velocidade regulamentada para ve\u00edculos leves e pesados.<\/p>\n<p data-block-key=\"7va9a\">\n","protected":false},"excerpt":{"rendered":"<p>Equipamentos est\u00e3o instalados na SP-255, SP-330, SP-334 e SP-345 Por Pedro Maia Editor-chefe Na pr\u00f3xima ter\u00e7a-feira, 4 de mar\u00e7o, cinco novos radares ser\u00e3o implementados em quatro<span class=\"excerpt-hellip\"> [\u2026]<\/span><\/p>\n","protected":false},"author":10,"featured_media":54246,"comment_status":"open","ping_status":"open","sticky":false,"template":"","format":"standard","meta":{"_jetpack_memberships_contains_paid_content":false,"footnotes":"","jetpack_publicize_message":"","jetpack_publicize_feature_enabled":true,"jetpack_social_post_already_shared":true,"jetpack_social_options":{"image_generator_settings":{"template":"highway","default_image_id":0,"enabled":false},"version":2}},"categories":[28,81],"tags":[],"class_list":["post-54245","post","type-post","status-publish","format-standard","has-post-thumbnail","hentry","category-cotidiano","category-manchete"],"yoast_head":"<!-- This site is optimized with the Yoast SEO plugin v25.6 - https:\/\/yoast.com\/wordpress\/plugins\/seo\/ -->\n<title>Cinco novos radares entram em opera\u00e7\u00e3o na pr\u00f3xima ter\u00e7a-feira - VerdadeOn<\/title>\n<meta name=\"robots\" content=\"index, follow, max-snippet:-1, max-image-preview:large, max-video-preview:-1\" \/>\n<link rel=\"canonical\" href=\"https:\/\/verdadeon.com.br\/portal\/2025\/02\/28\/cinco-novos-radares-entram-em-operacao-na-proxima-terca-feira\/\" \/>\n<meta property=\"og:locale\" content=\"pt_BR\" \/>\n<meta property=\"og:type\" content=\"article\" \/>\n<meta property=\"og:title\" content=\"Cinco novos radares entram em opera\u00e7\u00e3o na pr\u00f3xima ter\u00e7a-feira - VerdadeOn\" \/>\n<meta property=\"og:description\" content=\"Equipamentos est\u00e3o instalados na SP-255, SP-330, SP-334 e SP-345 Por Pedro Maia Editor-chefe Na pr\u00f3xima ter\u00e7a-feira, 4 de mar\u00e7o, cinco novos radares ser\u00e3o implementados em quatro [\u2026]\" \/>\n<meta property=\"og:url\" content=\"https:\/\/verdadeon.com.br\/portal\/2025\/02\/28\/cinco-novos-radares-entram-em-operacao-na-proxima-terca-feira\/\" \/>\n<meta property=\"og:site_name\" content=\"VerdadeOn\" \/>\n<meta property=\"article:published_time\" content=\"2025-02-28T15:56:38+00:00\" \/>\n<meta property=\"og:image\" content=\"https:\/\/i0.wp.com\/verdadeon.com.br\/portal\/wp-content\/uploads\/2025\/02\/SP_345km_18.webp?fit=1280%2C960&ssl=1\" \/>\n\t<meta property=\"og:image:width\" content=\"1280\" \/>\n\t<meta property=\"og:image:height\" content=\"960\" \/>\n\t<meta property=\"og:image:type\" content=\"image\/webp\" \/>\n<meta name=\"author\" content=\"Redacao VerdadeOn\" \/>\n<meta name=\"twitter:card\" content=\"summary_large_image\" \/>\n<meta name=\"twitter:label1\" content=\"Escrito por\" \/>\n\t<meta name=\"twitter:data1\" content=\"Redacao VerdadeOn\" \/>\n\t<meta name=\"twitter:label2\" content=\"Est. tempo de leitura\" \/>\n\t<meta name=\"twitter:data2\" content=\"3 minutos\" \/>\n<script type=\"application\/ld+json\" class=\"yoast-schema-graph\">{\"@context\":\"https:\/\/schema.org\",\"@graph\":[{\"@type\":\"WebPage\",\"@id\":\"https:\/\/verdadeon.com.br\/portal\/2025\/02\/28\/cinco-novos-radares-entram-em-operacao-na-proxima-terca-feira\/\",\"url\":\"https:\/\/verdadeon.com.br\/portal\/2025\/02\/28\/cinco-novos-radares-entram-em-operacao-na-proxima-terca-feira\/\",\"name\":\"Cinco novos radares entram em opera\u00e7\u00e3o na pr\u00f3xima ter\u00e7a-feira - VerdadeOn\",\"isPartOf\":{\"@id\":\"https:\/\/verdadeon.com.br\/portal\/#website\"},\"primaryImageOfPage\":{\"@id\":\"https:\/\/verdadeon.com.br\/portal\/2025\/02\/28\/cinco-novos-radares-entram-em-operacao-na-proxima-terca-feira\/#primaryimage\"},\"image\":{\"@id\":\"https:\/\/verdadeon.com.br\/portal\/2025\/02\/28\/cinco-novos-radares-entram-em-operacao-na-proxima-terca-feira\/#primaryimage\"},\"thumbnailUrl\":\"https:\/\/i0.wp.com\/verdadeon.com.br\/portal\/wp-content\/uploads\/2025\/02\/SP_345km_18.webp?fit=1280%2C960&ssl=1\",\"datePublished\":\"2025-02-28T15:56:38+00:00\",\"author\":{\"@id\":\"https:\/\/verdadeon.com.br\/portal\/#\/schema\/person\/a5060ad1e9ea3df545188fc93ce43d2f\"},\"breadcrumb\":{\"@id\":\"https:\/\/verdadeon.com.br\/portal\/2025\/02\/28\/cinco-novos-radares-entram-em-operacao-na-proxima-terca-feira\/#breadcrumb\"},\"inLanguage\":\"pt-BR\",\"potentialAction\":[{\"@type\":\"ReadAction\",\"target\":[\"https:\/\/verdadeon.com.br\/portal\/2025\/02\/28\/cinco-novos-radares-entram-em-operacao-na-proxima-terca-feira\/\"]}]},{\"@type\":\"ImageObject\",\"inLanguage\":\"pt-BR\",\"@id\":\"https:\/\/verdadeon.com.br\/portal\/2025\/02\/28\/cinco-novos-radares-entram-em-operacao-na-proxima-terca-feira\/#primaryimage\",\"url\":\"https:\/\/i0.wp.com\/verdadeon.com.br\/portal\/wp-content\/uploads\/2025\/02\/SP_345km_18.webp?fit=1280%2C960&ssl=1\",\"contentUrl\":\"https:\/\/i0.wp.com\/verdadeon.com.br\/portal\/wp-content\/uploads\/2025\/02\/SP_345km_18.webp?fit=1280%2C960&ssl=1\",\"width\":1280,\"height\":960,\"caption\":\"Novos radares entram em opera\u00e7\u00e3o em quatro rodovias sob gest\u00e3o da Arteris ViaPaulista (\u00a9Divulga\u00e7\u00e3o\/Arteris)\"},{\"@type\":\"BreadcrumbList\",\"@id\":\"https:\/\/verdadeon.com.br\/portal\/2025\/02\/28\/cinco-novos-radares-entram-em-operacao-na-proxima-terca-feira\/#breadcrumb\",\"itemListElement\":[{\"@type\":\"ListItem\",\"position\":1,\"name\":\"In\u00edcio\",\"item\":\"https:\/\/verdadeon.com.br\/portal\/\"},{\"@type\":\"ListItem\",\"position\":2,\"name\":\"Cinco novos radares entram em opera\u00e7\u00e3o na pr\u00f3xima ter\u00e7a-feira\"}]},{\"@type\":\"WebSite\",\"@id\":\"https:\/\/verdadeon.com.br\/portal\/#website\",\"url\":\"https:\/\/verdadeon.com.br\/portal\/\",\"name\":\"VerdadeOn\",\"description\":\"Not\u00edcias di\u00e1rias sobre Franca, Regi\u00e3o, Esporte, Cultura, Cotidiano, Colunas. Cobertura nos principais eventos da cidade \u00e9 aqui - Verdadeon Franca\",\"potentialAction\":[{\"@type\":\"SearchAction\",\"target\":{\"@type\":\"EntryPoint\",\"urlTemplate\":\"https:\/\/verdadeon.com.br\/portal\/?s={search_term_string}\"},\"query-input\":{\"@type\":\"PropertyValueSpecification\",\"valueRequired\":true,\"valueName\":\"search_term_string\"}}],\"inLanguage\":\"pt-BR\"},{\"@type\":\"Person\",\"@id\":\"https:\/\/verdadeon.com.br\/portal\/#\/schema\/person\/a5060ad1e9ea3df545188fc93ce43d2f\",\"name\":\"Redacao VerdadeOn\",\"image\":{\"@type\":\"ImageObject\",\"inLanguage\":\"pt-BR\",\"@id\":\"https:\/\/verdadeon.com.br\/portal\/#\/schema\/person\/image\/\",\"url\":\"https:\/\/secure.gravatar.com\/avatar\/459a9613caaaf07f582c3d0841eea68bdd66f533e465e6ba8b9cb45619572cf4?s=96&d=mm&r=g\",\"contentUrl\":\"https:\/\/secure.gravatar.com\/avatar\/459a9613caaaf07f582c3d0841eea68bdd66f533e465e6ba8b9cb45619572cf4?s=96&d=mm&r=g\",\"caption\":\"Redacao VerdadeOn\"},\"url\":\"https:\/\/verdadeon.com.br\/portal\/author\/redacao\/\"}]}<\/script>\n<!-- \/ Yoast SEO plugin. -->","yoast_head_json":{"title":"Cinco novos radares entram em opera\u00e7\u00e3o na pr\u00f3xima ter\u00e7a-feira - VerdadeOn","robots":{"index":"index","follow":"follow","max-snippet":"max-snippet:-1","max-image-preview":"max-image-preview:large","max-video-preview":"max-video-preview:-1"},"canonical":"https:\/\/verdadeon.com.br\/portal\/2025\/02\/28\/cinco-novos-radares-entram-em-operacao-na-proxima-terca-feira\/","og_locale":"pt_BR","og_type":"article","og_title":"Cinco novos radares entram em opera\u00e7\u00e3o na pr\u00f3xima ter\u00e7a-feira - VerdadeOn","og_description":"Equipamentos est\u00e3o instalados na SP-255, SP-330, SP-334 e SP-345 Por Pedro Maia Editor-chefe Na pr\u00f3xima ter\u00e7a-feira, 4 de mar\u00e7o, cinco novos radares ser\u00e3o implementados em quatro [\u2026]","og_url":"https:\/\/verdadeon.com.br\/portal\/2025\/02\/28\/cinco-novos-radares-entram-em-operacao-na-proxima-terca-feira\/","og_site_name":"VerdadeOn","article_published_time":"2025-02-28T15:56:38+00:00","og_image":[{"width":1280,"height":960,"url":"https:\/\/i0.wp.com\/verdadeon.com.br\/portal\/wp-content\/uploads\/2025\/02\/SP_345km_18.webp?fit=1280%2C960&ssl=1","type":"image\/webp"}],"author":"Redacao VerdadeOn","twitter_card":"summary_large_image","twitter_misc":{"Escrito por":"Redacao VerdadeOn","Est. tempo de leitura":"3 minutos"},"schema":{"@context":"https:\/\/schema.org","@graph":[{"@type":"WebPage","@id":"https:\/\/verdadeon.com.br\/portal\/2025\/02\/28\/cinco-novos-radares-entram-em-operacao-na-proxima-terca-feira\/","url":"https:\/\/verdadeon.com.br\/portal\/2025\/02\/28\/cinco-novos-radares-entram-em-operacao-na-proxima-terca-feira\/","name":"Cinco novos radares entram em opera\u00e7\u00e3o na pr\u00f3xima ter\u00e7a-feira - VerdadeOn","isPartOf":{"@id":"https:\/\/verdadeon.com.br\/portal\/#website"},"primaryImageOfPage":{"@id":"https:\/\/verdadeon.com.br\/portal\/2025\/02\/28\/cinco-novos-radares-entram-em-operacao-na-proxima-terca-feira\/#primaryimage"},"image":{"@id":"https:\/\/verdadeon.com.br\/portal\/2025\/02\/28\/cinco-novos-radares-entram-em-operacao-na-proxima-terca-feira\/#primaryimage"},"thumbnailUrl":"https:\/\/i0.wp.com\/verdadeon.com.br\/portal\/wp-content\/uploads\/2025\/02\/SP_345km_18.webp?fit=1280%2C960&ssl=1","datePublished":"2025-02-28T15:56:38+00:00","author":{"@id":"https:\/\/verdadeon.com.br\/portal\/#\/schema\/person\/a5060ad1e9ea3df545188fc93ce43d2f"},"breadcrumb":{"@id":"https:\/\/verdadeon.com.br\/portal\/2025\/02\/28\/cinco-novos-radares-entram-em-operacao-na-proxima-terca-feira\/#breadcrumb"},"inLanguage":"pt-BR","potentialAction":[{"@type":"ReadAction","target":["https:\/\/verdadeon.com.br\/portal\/2025\/02\/28\/cinco-novos-radares-entram-em-operacao-na-proxima-terca-feira\/"]}]},{"@type":"ImageObject","inLanguage":"pt-BR","@id":"https:\/\/verdadeon.com.br\/portal\/2025\/02\/28\/cinco-novos-radares-entram-em-operacao-na-proxima-terca-feira\/#primaryimage","url":"https:\/\/i0.wp.com\/verdadeon.com.br\/portal\/wp-content\/uploads\/2025\/02\/SP_345km_18.webp?fit=1280%2C960&ssl=1","contentUrl":"https:\/\/i0.wp.com\/verdadeon.com.br\/portal\/wp-content\/uploads\/2025\/02\/SP_345km_18.webp?fit=1280%2C960&ssl=1","width":1280,"height":960,"caption":"Novos radares entram em opera\u00e7\u00e3o em quatro rodovias sob gest\u00e3o da Arteris ViaPaulista (\u00a9Divulga\u00e7\u00e3o\/Arteris)"},{"@type":"BreadcrumbList","@id":"https:\/\/verdadeon.com.br\/portal\/2025\/02\/28\/cinco-novos-radares-entram-em-operacao-na-proxima-terca-feira\/#breadcrumb","itemListElement":[{"@type":"ListItem","position":1,"name":"In\u00edcio","item":"https:\/\/verdadeon.com.br\/portal\/"},{"@type":"ListItem","position":2,"name":"Cinco novos radares entram em opera\u00e7\u00e3o na pr\u00f3xima ter\u00e7a-feira"}]},{"@type":"WebSite","@id":"https:\/\/verdadeon.com.br\/portal\/#website","url":"https:\/\/verdadeon.com.br\/portal\/","name":"VerdadeOn","description":"Not\u00edcias di\u00e1rias sobre Franca, Regi\u00e3o, Esporte, Cultura, Cotidiano, Colunas. Cobertura nos principais eventos da cidade \u00e9 aqui - Verdadeon Franca","potentialAction":[{"@type":"SearchAction","target":{"@type":"EntryPoint","urlTemplate":"https:\/\/verdadeon.com.br\/portal\/?s={search_term_string}"},"query-input":{"@type":"PropertyValueSpecification","valueRequired":true,"valueName":"search_term_string"}}],"inLanguage":"pt-BR"},{"@type":"Person","@id":"https:\/\/verdadeon.com.br\/portal\/#\/schema\/person\/a5060ad1e9ea3df545188fc93ce43d2f","name":"Redacao VerdadeOn","image":{"@type":"ImageObject","inLanguage":"pt-BR","@id":"https:\/\/verdadeon.com.br\/portal\/#\/schema\/person\/image\/","url":"https:\/\/secure.gravatar.com\/avatar\/459a9613caaaf07f582c3d0841eea68bdd66f533e465e6ba8b9cb45619572cf4?s=96&d=mm&r=g","contentUrl":"https:\/\/secure.gravatar.com\/avatar\/459a9613caaaf07f582c3d0841eea68bdd66f533e465e6ba8b9cb45619572cf4?s=96&d=mm&r=g","caption":"Redacao VerdadeOn"},"url":"https:\/\/verdadeon.com.br\/portal\/author\/redacao\/"}]}},"jetpack_publicize_connections":[],"jetpack_featured_media_url":"https:\/\/i0.wp.com\/verdadeon.com.br\/portal\/wp-content\/uploads\/2025\/02\/SP_345km_18.webp?fit=1280%2C960&ssl=1","jetpack_sharing_enabled":true,"_links":{"self":[{"href":"https:\/\/verdadeon.com.br\/portal\/wp-json\/wp\/v2\/posts\/54245","targetHints":{"allow":["GET"]}}],"collection":[{"href":"https:\/\/verdadeon.com.br\/portal\/wp-json\/wp\/v2\/posts"}],"about":[{"href":"https:\/\/verdadeon.com.br\/portal\/wp-json\/wp\/v2\/types\/post"}],"author":[{"embeddable":true,"href":"https:\/\/verdadeon.com.br\/portal\/wp-json\/wp\/v2\/users\/10"}],"replies":[{"embeddable":true,"href":"https:\/\/verdadeon.com.br\/portal\/wp-json\/wp\/v2\/comments?post=54245"}],"version-history":[{"count":1,"href":"https:\/\/verdadeon.com.br\/portal\/wp-json\/wp\/v2\/posts\/54245\/revisions"}],"predecessor-version":[{"id":54247,"href":"https:\/\/verdadeon.com.br\/portal\/wp-json\/wp\/v2\/posts\/54245\/revisions\/54247"}],"wp:featuredmedia":[{"embeddable":true,"href":"https:\/\/verdadeon.com.br\/portal\/wp-json\/wp\/v2\/media\/54246"}],"wp:attachment":[{"href":"https:\/\/verdadeon.com.br\/portal\/wp-json\/wp\/v2\/media?parent=54245"}],"wp:term":[{"taxonomy":"category","embeddable":true,"href":"https:\/\/verdadeon.com.br\/portal\/wp-json\/wp\/v2\/categories?post=54245"},{"taxonomy":"post_tag","embeddable":true,"href":"https:\/\/verdadeon.com.br\/portal\/wp-json\/wp\/v2\/tags?post=54245"}],"curies":[{"name":"wp","href":"https:\/\/api.w.org\/{rel}","templated":true}]}}