{"id":54206,"date":"2025-02-26T08:00:55","date_gmt":"2025-02-26T11:00:55","guid":{"rendered":"https:\/\/verdadeon.com.br\/portal\/?p=54206"},"modified":"2025-02-26T15:58:30","modified_gmt":"2025-02-26T18:58:30","slug":"justica-de-sao-paulo-suspende-privatizacao-de-escolas-estaduais","status":"publish","type":"post","link":"https:\/\/verdadeon.com.br\/portal\/2025\/02\/26\/justica-de-sao-paulo-suspende-privatizacao-de-escolas-estaduais\/","title":{"rendered":"Justi\u00e7a de S\u00e3o Paulo suspende privatiza\u00e7\u00e3o de escolas estaduais"},"content":{"rendered":"<div class=\"header-noticia full-width\">\n<h2 class=\"linha-fina-noticia\">Procuradoria-Geral diz esperar notifica\u00e7\u00e3o para tomar medidas cab\u00edveis<\/h2>\n<\/div>\n<div class=\"subheader\">\n<div class=\"container-autoria\">\n<p>O Tribunal de Justi\u00e7a de S\u00e3o Paulo (TJSP)\u00a0<strong>suspendeu o\u00a0<a href=\"https:\/\/www.al.sp.gov.br\/repositorio\/legislacao\/decreto\/2024\/decreto-68597-10.06.2024.html\" target=\"_blank\" rel=\"noopener\">Decreto 68.597\/2024<\/a>, do governador Tarc\u00edsio de Freitas que autorizava licita\u00e7\u00e3o para privatizar a gest\u00e3o de 33 escolas estaduais<\/strong>.<img data-recalc-dims=\"1\" decoding=\"async\" src=\"https:\/\/i0.wp.com\/agenciabrasil.ebc.com.br\/ebc.png?w=1220&#038;ssl=1\" \/><img data-recalc-dims=\"1\" decoding=\"async\" src=\"https:\/\/i0.wp.com\/agenciabrasil.ebc.com.br\/ebc.gif?w=1220&#038;ssl=1\" \/><\/p>\n<p>Segundo a Secretaria de Educa\u00e7\u00e3o do estado, a Procuradoria-Geral do Estado ainda n\u00e3o foi notificada da decis\u00e3o, tomada na ter\u00e7a-feira (25). \u201cAssim que isso ocorrer, avaliar\u00e1 a ado\u00e7\u00e3o das medidas legais cab\u00edveis\u201d, informou a secretaria.<\/p>\n<p>A suspens\u00e3o foi decidida ap\u00f3s pedido do PSOL de S\u00e3o Paulo. Na argumenta\u00e7\u00e3o,<strong>\u00a0o partido afirma que o decreto viola a Constitui\u00e7\u00e3o e que a medida afetaria o ensino fundamental II e o ensino m\u00e9dio<\/strong>, nos chamados lotes regionais Leste e Oeste.<\/p>\n<p>O governo estadual pretendia\u00a0<strong>conceder \u00e0 iniciativa privada, por um prazo de 25 anos, as atividades de manuten\u00e7\u00e3o predial, alimenta\u00e7\u00e3o escolar, jardinagem, limpeza e seguran\u00e7a. A parte pedag\u00f3gica seguiria sob gest\u00e3o direta do estado<\/strong>. \u201cO decreto viola diversos dispositivos constitucionais, comprometendo o direito \u00e0 educa\u00e7\u00e3o p\u00fablica, gratuita e de qualidade, al\u00e9m de precarizar direitos de servidores e priorizar interesses privados em detrimento do interesse p\u00fablico&#8221;, diz, no despacho, a relatora do processo, Marcia Dalla D\u00e9a Barone.<\/p>\n<p>&#8220;Os alicerces fundamentais da educa\u00e7\u00e3o brasileira s\u00e3o estabelecidos pela Uni\u00e3o Federal e, entre eles, n\u00e3o se encontra a possibilidade de terceiriza\u00e7\u00e3o da gest\u00e3o do ensino p\u00fablico \u00e0 iniciativa privada\u201d, acrescenta a relatora na decis\u00e3o.<\/p>\n<p>Fonte: Ag\u00eancia Brasil<\/p>\n<\/div>\n<\/div>\n","protected":false},"excerpt":{"rendered":"<p>Procuradoria-Geral diz esperar notifica\u00e7\u00e3o para tomar medidas cab\u00edveis O Tribunal de Justi\u00e7a de S\u00e3o Paulo (TJSP)\u00a0suspendeu o\u00a0Decreto 68.597\/2024, do governador Tarc\u00edsio de Freitas que autorizava licita\u00e7\u00e3o<span class=\"excerpt-hellip\"> [\u2026]<\/span><\/p>\n","protected":false},"author":10,"featured_media":54207,"comment_status":"open","ping_status":"open","sticky":false,"template":"","format":"standard","meta":{"_jetpack_memberships_contains_paid_content":false,"footnotes":"","jetpack_publicize_message":"","jetpack_publicize_feature_enabled":true,"jetpack_social_post_already_shared":true,"jetpack_social_options":{"image_generator_settings":{"template":"highway","default_image_id":0,"enabled":false},"version":2}},"categories":[28,44],"tags":[],"class_list":["post-54206","post","type-post","status-publish","format-standard","has-post-thumbnail","hentry","category-cotidiano","category-noticias"],"yoast_head":"<!-- This site is optimized with the Yoast SEO plugin v25.6 - https:\/\/yoast.com\/wordpress\/plugins\/seo\/ -->\n<title>Justi\u00e7a de S\u00e3o Paulo suspende privatiza\u00e7\u00e3o de escolas estaduais - VerdadeOn<\/title>\n<meta name=\"robots\" content=\"index, follow, max-snippet:-1, max-image-preview:large, max-video-preview:-1\" \/>\n<link rel=\"canonical\" href=\"https:\/\/verdadeon.com.br\/portal\/2025\/02\/26\/justica-de-sao-paulo-suspende-privatizacao-de-escolas-estaduais\/\" \/>\n<meta property=\"og:locale\" content=\"pt_BR\" \/>\n<meta property=\"og:type\" content=\"article\" \/>\n<meta property=\"og:title\" content=\"Justi\u00e7a de S\u00e3o Paulo suspende privatiza\u00e7\u00e3o de escolas estaduais - VerdadeOn\" \/>\n<meta property=\"og:description\" content=\"Procuradoria-Geral diz esperar notifica\u00e7\u00e3o para tomar medidas cab\u00edveis O Tribunal de Justi\u00e7a de S\u00e3o Paulo (TJSP)\u00a0suspendeu o\u00a0Decreto 68.597\/2024, do governador Tarc\u00edsio de Freitas que autorizava licita\u00e7\u00e3o [\u2026]\" \/>\n<meta property=\"og:url\" content=\"https:\/\/verdadeon.com.br\/portal\/2025\/02\/26\/justica-de-sao-paulo-suspende-privatizacao-de-escolas-estaduais\/\" \/>\n<meta property=\"og:site_name\" content=\"VerdadeOn\" \/>\n<meta property=\"article:published_time\" content=\"2025-02-26T11:00:55+00:00\" \/>\n<meta property=\"article:modified_time\" content=\"2025-02-26T18:58:30+00:00\" \/>\n<meta property=\"og:image\" content=\"https:\/\/i0.wp.com\/verdadeon.com.br\/portal\/wp-content\/uploads\/2025\/02\/12778-700x480-1.webp?fit=1170%2C700&ssl=1\" \/>\n\t<meta property=\"og:image:width\" content=\"1170\" \/>\n\t<meta property=\"og:image:height\" content=\"700\" \/>\n\t<meta property=\"og:image:type\" content=\"image\/webp\" \/>\n<meta name=\"author\" content=\"Redacao VerdadeOn\" \/>\n<meta name=\"twitter:card\" content=\"summary_large_image\" \/>\n<meta name=\"twitter:label1\" content=\"Escrito por\" \/>\n\t<meta name=\"twitter:data1\" content=\"Redacao VerdadeOn\" \/>\n\t<meta name=\"twitter:label2\" content=\"Est. tempo de leitura\" \/>\n\t<meta name=\"twitter:data2\" content=\"2 minutos\" \/>\n<script type=\"application\/ld+json\" class=\"yoast-schema-graph\">{\"@context\":\"https:\/\/schema.org\",\"@graph\":[{\"@type\":\"WebPage\",\"@id\":\"https:\/\/verdadeon.com.br\/portal\/2025\/02\/26\/justica-de-sao-paulo-suspende-privatizacao-de-escolas-estaduais\/\",\"url\":\"https:\/\/verdadeon.com.br\/portal\/2025\/02\/26\/justica-de-sao-paulo-suspende-privatizacao-de-escolas-estaduais\/\",\"name\":\"Justi\u00e7a de S\u00e3o Paulo suspende privatiza\u00e7\u00e3o de escolas estaduais - VerdadeOn\",\"isPartOf\":{\"@id\":\"https:\/\/verdadeon.com.br\/portal\/#website\"},\"primaryImageOfPage\":{\"@id\":\"https:\/\/verdadeon.com.br\/portal\/2025\/02\/26\/justica-de-sao-paulo-suspende-privatizacao-de-escolas-estaduais\/#primaryimage\"},\"image\":{\"@id\":\"https:\/\/verdadeon.com.br\/portal\/2025\/02\/26\/justica-de-sao-paulo-suspende-privatizacao-de-escolas-estaduais\/#primaryimage\"},\"thumbnailUrl\":\"https:\/\/i0.wp.com\/verdadeon.com.br\/portal\/wp-content\/uploads\/2025\/02\/12778-700x480-1.webp?fit=1170%2C700&ssl=1\",\"datePublished\":\"2025-02-26T11:00:55+00:00\",\"dateModified\":\"2025-02-26T18:58:30+00:00\",\"author\":{\"@id\":\"https:\/\/verdadeon.com.br\/portal\/#\/schema\/person\/a5060ad1e9ea3df545188fc93ce43d2f\"},\"breadcrumb\":{\"@id\":\"https:\/\/verdadeon.com.br\/portal\/2025\/02\/26\/justica-de-sao-paulo-suspende-privatizacao-de-escolas-estaduais\/#breadcrumb\"},\"inLanguage\":\"pt-BR\",\"potentialAction\":[{\"@type\":\"ReadAction\",\"target\":[\"https:\/\/verdadeon.com.br\/portal\/2025\/02\/26\/justica-de-sao-paulo-suspende-privatizacao-de-escolas-estaduais\/\"]}]},{\"@type\":\"ImageObject\",\"inLanguage\":\"pt-BR\",\"@id\":\"https:\/\/verdadeon.com.br\/portal\/2025\/02\/26\/justica-de-sao-paulo-suspende-privatizacao-de-escolas-estaduais\/#primaryimage\",\"url\":\"https:\/\/i0.wp.com\/verdadeon.com.br\/portal\/wp-content\/uploads\/2025\/02\/12778-700x480-1.webp?fit=1170%2C700&ssl=1\",\"contentUrl\":\"https:\/\/i0.wp.com\/verdadeon.com.br\/portal\/wp-content\/uploads\/2025\/02\/12778-700x480-1.webp?fit=1170%2C700&ssl=1\",\"width\":1170,\"height\":700,\"caption\":\"A suspens\u00e3o foi decidida ap\u00f3s pedido do PSOL de S\u00e3o Paulo (\u00a9Gov SP\/Divulga\u00e7\u00e3o)\"},{\"@type\":\"BreadcrumbList\",\"@id\":\"https:\/\/verdadeon.com.br\/portal\/2025\/02\/26\/justica-de-sao-paulo-suspende-privatizacao-de-escolas-estaduais\/#breadcrumb\",\"itemListElement\":[{\"@type\":\"ListItem\",\"position\":1,\"name\":\"In\u00edcio\",\"item\":\"https:\/\/verdadeon.com.br\/portal\/\"},{\"@type\":\"ListItem\",\"position\":2,\"name\":\"Justi\u00e7a de S\u00e3o Paulo suspende privatiza\u00e7\u00e3o de escolas estaduais\"}]},{\"@type\":\"WebSite\",\"@id\":\"https:\/\/verdadeon.com.br\/portal\/#website\",\"url\":\"https:\/\/verdadeon.com.br\/portal\/\",\"name\":\"VerdadeOn\",\"description\":\"Not\u00edcias di\u00e1rias sobre Franca, Regi\u00e3o, Esporte, Cultura, Cotidiano, Colunas. Cobertura nos principais eventos da cidade \u00e9 aqui - Verdadeon Franca\",\"potentialAction\":[{\"@type\":\"SearchAction\",\"target\":{\"@type\":\"EntryPoint\",\"urlTemplate\":\"https:\/\/verdadeon.com.br\/portal\/?s={search_term_string}\"},\"query-input\":{\"@type\":\"PropertyValueSpecification\",\"valueRequired\":true,\"valueName\":\"search_term_string\"}}],\"inLanguage\":\"pt-BR\"},{\"@type\":\"Person\",\"@id\":\"https:\/\/verdadeon.com.br\/portal\/#\/schema\/person\/a5060ad1e9ea3df545188fc93ce43d2f\",\"name\":\"Redacao VerdadeOn\",\"image\":{\"@type\":\"ImageObject\",\"inLanguage\":\"pt-BR\",\"@id\":\"https:\/\/verdadeon.com.br\/portal\/#\/schema\/person\/image\/\",\"url\":\"https:\/\/secure.gravatar.com\/avatar\/459a9613caaaf07f582c3d0841eea68bdd66f533e465e6ba8b9cb45619572cf4?s=96&d=mm&r=g\",\"contentUrl\":\"https:\/\/secure.gravatar.com\/avatar\/459a9613caaaf07f582c3d0841eea68bdd66f533e465e6ba8b9cb45619572cf4?s=96&d=mm&r=g\",\"caption\":\"Redacao VerdadeOn\"},\"url\":\"https:\/\/verdadeon.com.br\/portal\/author\/redacao\/\"}]}<\/script>\n<!-- \/ Yoast SEO plugin. -->","yoast_head_json":{"title":"Justi\u00e7a de S\u00e3o Paulo suspende privatiza\u00e7\u00e3o de escolas estaduais - VerdadeOn","robots":{"index":"index","follow":"follow","max-snippet":"max-snippet:-1","max-image-preview":"max-image-preview:large","max-video-preview":"max-video-preview:-1"},"canonical":"https:\/\/verdadeon.com.br\/portal\/2025\/02\/26\/justica-de-sao-paulo-suspende-privatizacao-de-escolas-estaduais\/","og_locale":"pt_BR","og_type":"article","og_title":"Justi\u00e7a de S\u00e3o Paulo suspende privatiza\u00e7\u00e3o de escolas estaduais - VerdadeOn","og_description":"Procuradoria-Geral diz esperar notifica\u00e7\u00e3o para tomar medidas cab\u00edveis O Tribunal de Justi\u00e7a de S\u00e3o Paulo (TJSP)\u00a0suspendeu o\u00a0Decreto 68.597\/2024, do governador Tarc\u00edsio de Freitas que autorizava licita\u00e7\u00e3o [\u2026]","og_url":"https:\/\/verdadeon.com.br\/portal\/2025\/02\/26\/justica-de-sao-paulo-suspende-privatizacao-de-escolas-estaduais\/","og_site_name":"VerdadeOn","article_published_time":"2025-02-26T11:00:55+00:00","article_modified_time":"2025-02-26T18:58:30+00:00","og_image":[{"width":1170,"height":700,"url":"https:\/\/i0.wp.com\/verdadeon.com.br\/portal\/wp-content\/uploads\/2025\/02\/12778-700x480-1.webp?fit=1170%2C700&ssl=1","type":"image\/webp"}],"author":"Redacao VerdadeOn","twitter_card":"summary_large_image","twitter_misc":{"Escrito por":"Redacao VerdadeOn","Est. tempo de leitura":"2 minutos"},"schema":{"@context":"https:\/\/schema.org","@graph":[{"@type":"WebPage","@id":"https:\/\/verdadeon.com.br\/portal\/2025\/02\/26\/justica-de-sao-paulo-suspende-privatizacao-de-escolas-estaduais\/","url":"https:\/\/verdadeon.com.br\/portal\/2025\/02\/26\/justica-de-sao-paulo-suspende-privatizacao-de-escolas-estaduais\/","name":"Justi\u00e7a de S\u00e3o Paulo suspende privatiza\u00e7\u00e3o de escolas estaduais - VerdadeOn","isPartOf":{"@id":"https:\/\/verdadeon.com.br\/portal\/#website"},"primaryImageOfPage":{"@id":"https:\/\/verdadeon.com.br\/portal\/2025\/02\/26\/justica-de-sao-paulo-suspende-privatizacao-de-escolas-estaduais\/#primaryimage"},"image":{"@id":"https:\/\/verdadeon.com.br\/portal\/2025\/02\/26\/justica-de-sao-paulo-suspende-privatizacao-de-escolas-estaduais\/#primaryimage"},"thumbnailUrl":"https:\/\/i0.wp.com\/verdadeon.com.br\/portal\/wp-content\/uploads\/2025\/02\/12778-700x480-1.webp?fit=1170%2C700&ssl=1","datePublished":"2025-02-26T11:00:55+00:00","dateModified":"2025-02-26T18:58:30+00:00","author":{"@id":"https:\/\/verdadeon.com.br\/portal\/#\/schema\/person\/a5060ad1e9ea3df545188fc93ce43d2f"},"breadcrumb":{"@id":"https:\/\/verdadeon.com.br\/portal\/2025\/02\/26\/justica-de-sao-paulo-suspende-privatizacao-de-escolas-estaduais\/#breadcrumb"},"inLanguage":"pt-BR","potentialAction":[{"@type":"ReadAction","target":["https:\/\/verdadeon.com.br\/portal\/2025\/02\/26\/justica-de-sao-paulo-suspende-privatizacao-de-escolas-estaduais\/"]}]},{"@type":"ImageObject","inLanguage":"pt-BR","@id":"https:\/\/verdadeon.com.br\/portal\/2025\/02\/26\/justica-de-sao-paulo-suspende-privatizacao-de-escolas-estaduais\/#primaryimage","url":"https:\/\/i0.wp.com\/verdadeon.com.br\/portal\/wp-content\/uploads\/2025\/02\/12778-700x480-1.webp?fit=1170%2C700&ssl=1","contentUrl":"https:\/\/i0.wp.com\/verdadeon.com.br\/portal\/wp-content\/uploads\/2025\/02\/12778-700x480-1.webp?fit=1170%2C700&ssl=1","width":1170,"height":700,"caption":"A suspens\u00e3o foi decidida ap\u00f3s pedido do PSOL de S\u00e3o Paulo (\u00a9Gov SP\/Divulga\u00e7\u00e3o)"},{"@type":"BreadcrumbList","@id":"https:\/\/verdadeon.com.br\/portal\/2025\/02\/26\/justica-de-sao-paulo-suspende-privatizacao-de-escolas-estaduais\/#breadcrumb","itemListElement":[{"@type":"ListItem","position":1,"name":"In\u00edcio","item":"https:\/\/verdadeon.com.br\/portal\/"},{"@type":"ListItem","position":2,"name":"Justi\u00e7a de S\u00e3o Paulo suspende privatiza\u00e7\u00e3o de escolas estaduais"}]},{"@type":"WebSite","@id":"https:\/\/verdadeon.com.br\/portal\/#website","url":"https:\/\/verdadeon.com.br\/portal\/","name":"VerdadeOn","description":"Not\u00edcias di\u00e1rias sobre Franca, Regi\u00e3o, Esporte, Cultura, Cotidiano, Colunas. Cobertura nos principais eventos da cidade \u00e9 aqui - Verdadeon Franca","potentialAction":[{"@type":"SearchAction","target":{"@type":"EntryPoint","urlTemplate":"https:\/\/verdadeon.com.br\/portal\/?s={search_term_string}"},"query-input":{"@type":"PropertyValueSpecification","valueRequired":true,"valueName":"search_term_string"}}],"inLanguage":"pt-BR"},{"@type":"Person","@id":"https:\/\/verdadeon.com.br\/portal\/#\/schema\/person\/a5060ad1e9ea3df545188fc93ce43d2f","name":"Redacao VerdadeOn","image":{"@type":"ImageObject","inLanguage":"pt-BR","@id":"https:\/\/verdadeon.com.br\/portal\/#\/schema\/person\/image\/","url":"https:\/\/secure.gravatar.com\/avatar\/459a9613caaaf07f582c3d0841eea68bdd66f533e465e6ba8b9cb45619572cf4?s=96&d=mm&r=g","contentUrl":"https:\/\/secure.gravatar.com\/avatar\/459a9613caaaf07f582c3d0841eea68bdd66f533e465e6ba8b9cb45619572cf4?s=96&d=mm&r=g","caption":"Redacao VerdadeOn"},"url":"https:\/\/verdadeon.com.br\/portal\/author\/redacao\/"}]}},"jetpack_publicize_connections":[],"jetpack_featured_media_url":"https:\/\/i0.wp.com\/verdadeon.com.br\/portal\/wp-content\/uploads\/2025\/02\/12778-700x480-1.webp?fit=1170%2C700&ssl=1","jetpack_sharing_enabled":true,"_links":{"self":[{"href":"https:\/\/verdadeon.com.br\/portal\/wp-json\/wp\/v2\/posts\/54206","targetHints":{"allow":["GET"]}}],"collection":[{"href":"https:\/\/verdadeon.com.br\/portal\/wp-json\/wp\/v2\/posts"}],"about":[{"href":"https:\/\/verdadeon.com.br\/portal\/wp-json\/wp\/v2\/types\/post"}],"author":[{"embeddable":true,"href":"https:\/\/verdadeon.com.br\/portal\/wp-json\/wp\/v2\/users\/10"}],"replies":[{"embeddable":true,"href":"https:\/\/verdadeon.com.br\/portal\/wp-json\/wp\/v2\/comments?post=54206"}],"version-history":[{"count":1,"href":"https:\/\/verdadeon.com.br\/portal\/wp-json\/wp\/v2\/posts\/54206\/revisions"}],"predecessor-version":[{"id":54208,"href":"https:\/\/verdadeon.com.br\/portal\/wp-json\/wp\/v2\/posts\/54206\/revisions\/54208"}],"wp:featuredmedia":[{"embeddable":true,"href":"https:\/\/verdadeon.com.br\/portal\/wp-json\/wp\/v2\/media\/54207"}],"wp:attachment":[{"href":"https:\/\/verdadeon.com.br\/portal\/wp-json\/wp\/v2\/media?parent=54206"}],"wp:term":[{"taxonomy":"category","embeddable":true,"href":"https:\/\/verdadeon.com.br\/portal\/wp-json\/wp\/v2\/categories?post=54206"},{"taxonomy":"post_tag","embeddable":true,"href":"https:\/\/verdadeon.com.br\/portal\/wp-json\/wp\/v2\/tags?post=54206"}],"curies":[{"name":"wp","href":"https:\/\/api.w.org\/{rel}","templated":true}]}}