{"id":54191,"date":"2025-02-26T14:46:51","date_gmt":"2025-02-26T17:46:51","guid":{"rendered":"https:\/\/verdadeon.com.br\/portal\/?p=54191"},"modified":"2025-02-26T14:46:51","modified_gmt":"2025-02-26T17:46:51","slug":"reparticoes-municipais-fecham-durante-o-carnaval-2","status":"publish","type":"post","link":"https:\/\/verdadeon.com.br\/portal\/2025\/02\/26\/reparticoes-municipais-fecham-durante-o-carnaval-2\/","title":{"rendered":"Reparti\u00e7\u00f5es municipais fecham durante o Carnaval"},"content":{"rendered":"<p>Em edital publicado na edi\u00e7\u00e3o do \u00faltimo s\u00e1bado, 22, no Di\u00e1rio Oficial do Munic\u00edpio, a Prefeitura de Franca decretou ponto facultativo no Carnaval deste ano. O documento est\u00e1 dispon\u00edvel no link <a href=\"https:\/\/www.franca.sp.gov.br\/arquivos\/diario-oficial\/documentos\/2716-22022025.pdf\" target=\"_blank\" rel=\"noopener\" data-saferedirecturl=\"https:\/\/www.google.com\/url?q=https:\/\/www.franca.sp.gov.br\/arquivos\/diario-oficial\/documentos\/2716-22022025.pdf&amp;source=gmail&amp;ust=1740673378742000&amp;usg=AOvVaw2tXM8JulUtdtiWBWppWx6y\">https:\/\/www.franca.sp.gov.br\/<wbr \/>arquivos\/diario-oficial\/<wbr \/>documentos\/2716-22022025.pdf<\/a>.<\/p>\n<p>De acordo com o decreto, as reparti\u00e7\u00f5es p\u00fablicas municipais estar\u00e3o fechadas na segunda e na ter\u00e7a-feira, dias 3 e 4 de mar\u00e7o, e at\u00e9 \u00e0s 12 horas do dia 5, quarta-feira, quando o funcionamento ser\u00e1 retomado.<\/p>\n<p>Durante o ponto facultativo, funcionar\u00e3o apenas as unidades de urg\u00eancia e emerg\u00eancia, como os Prontos-Socorros \u201cDr. \u00c1lvaro Azzuz\u201d (Adulto) e \u201cDr. Magid Filho\u201d (Infantil), UPAs (Unidades de Pronto-Atendimento), SAMU, CAPS AD III e CAPS AD.<\/p>\n<p>Em regime de plant\u00e3o, ter\u00e3o expediente os dois Conselhos Tutelares, Guarda Civil e Abrigo Provis\u00f3rio. J\u00e1 a coleta de lixo ser\u00e1 realizada normalmente.<\/p>\n<p>Os parques municipais estar\u00e3o abertos no final de semana e durante o Carnaval, sendo: o Complexo Poliesportivo, os Parques dos Trabalhadores, Fernando Costa e Caxambu das 6 \u00e0s 20 horas. J\u00e1 o Jardim Zoobot\u00e2nico estar\u00e1 aberto das 7h30 \u00e0s 17 horas.<\/p>\n","protected":false},"excerpt":{"rendered":"<p>Em edital publicado na edi\u00e7\u00e3o do \u00faltimo s\u00e1bado, 22, no Di\u00e1rio Oficial do Munic\u00edpio, a Prefeitura de Franca decretou ponto facultativo no Carnaval deste ano. O<span class=\"excerpt-hellip\"> [\u2026]<\/span><\/p>\n","protected":false},"author":10,"featured_media":44073,"comment_status":"open","ping_status":"open","sticky":false,"template":"","format":"standard","meta":{"_jetpack_memberships_contains_paid_content":false,"footnotes":"","jetpack_publicize_message":"","jetpack_publicize_feature_enabled":true,"jetpack_social_post_already_shared":true,"jetpack_social_options":{"image_generator_settings":{"template":"highway","default_image_id":0,"enabled":false},"version":2}},"categories":[28,44],"tags":[],"class_list":["post-54191","post","type-post","status-publish","format-standard","has-post-thumbnail","hentry","category-cotidiano","category-noticias"],"yoast_head":"<!-- This site is optimized with the Yoast SEO plugin v25.6 - https:\/\/yoast.com\/wordpress\/plugins\/seo\/ -->\n<title>Reparti\u00e7\u00f5es municipais fecham durante o Carnaval - VerdadeOn<\/title>\n<meta name=\"robots\" content=\"index, follow, max-snippet:-1, max-image-preview:large, max-video-preview:-1\" \/>\n<link rel=\"canonical\" href=\"https:\/\/verdadeon.com.br\/portal\/2025\/02\/26\/reparticoes-municipais-fecham-durante-o-carnaval-2\/\" \/>\n<meta property=\"og:locale\" content=\"pt_BR\" \/>\n<meta property=\"og:type\" content=\"article\" \/>\n<meta property=\"og:title\" content=\"Reparti\u00e7\u00f5es municipais fecham durante o Carnaval - VerdadeOn\" \/>\n<meta property=\"og:description\" content=\"Em edital publicado na edi\u00e7\u00e3o do \u00faltimo s\u00e1bado, 22, no Di\u00e1rio Oficial do Munic\u00edpio, a Prefeitura de Franca decretou ponto facultativo no Carnaval deste ano. O [\u2026]\" \/>\n<meta property=\"og:url\" content=\"https:\/\/verdadeon.com.br\/portal\/2025\/02\/26\/reparticoes-municipais-fecham-durante-o-carnaval-2\/\" \/>\n<meta property=\"og:site_name\" content=\"VerdadeOn\" \/>\n<meta property=\"article:published_time\" content=\"2025-02-26T17:46:51+00:00\" \/>\n<meta property=\"og:image\" content=\"https:\/\/verdadeon.com.br\/portal\/wp-content\/uploads\/2024\/04\/WhatsApp-Image-2024-04-30-at-13.14.29-1.jpeg\" \/>\n\t<meta property=\"og:image:width\" content=\"1600\" \/>\n\t<meta property=\"og:image:height\" content=\"1060\" \/>\n\t<meta property=\"og:image:type\" content=\"image\/jpeg\" \/>\n<meta name=\"author\" content=\"Redacao VerdadeOn\" \/>\n<meta name=\"twitter:card\" content=\"summary_large_image\" \/>\n<meta name=\"twitter:label1\" content=\"Escrito por\" \/>\n\t<meta name=\"twitter:data1\" content=\"Redacao VerdadeOn\" \/>\n\t<meta name=\"twitter:label2\" content=\"Est. tempo de leitura\" \/>\n\t<meta name=\"twitter:data2\" content=\"1 minuto\" \/>\n<script type=\"application\/ld+json\" class=\"yoast-schema-graph\">{\"@context\":\"https:\/\/schema.org\",\"@graph\":[{\"@type\":\"WebPage\",\"@id\":\"https:\/\/verdadeon.com.br\/portal\/2025\/02\/26\/reparticoes-municipais-fecham-durante-o-carnaval-2\/\",\"url\":\"https:\/\/verdadeon.com.br\/portal\/2025\/02\/26\/reparticoes-municipais-fecham-durante-o-carnaval-2\/\",\"name\":\"Reparti\u00e7\u00f5es municipais fecham durante o Carnaval - VerdadeOn\",\"isPartOf\":{\"@id\":\"https:\/\/verdadeon.com.br\/portal\/#website\"},\"primaryImageOfPage\":{\"@id\":\"https:\/\/verdadeon.com.br\/portal\/2025\/02\/26\/reparticoes-municipais-fecham-durante-o-carnaval-2\/#primaryimage\"},\"image\":{\"@id\":\"https:\/\/verdadeon.com.br\/portal\/2025\/02\/26\/reparticoes-municipais-fecham-durante-o-carnaval-2\/#primaryimage\"},\"thumbnailUrl\":\"https:\/\/i0.wp.com\/verdadeon.com.br\/portal\/wp-content\/uploads\/2024\/04\/WhatsApp-Image-2024-04-30-at-13.14.29-1.jpeg?fit=1600%2C1060&ssl=1\",\"datePublished\":\"2025-02-26T17:46:51+00:00\",\"author\":{\"@id\":\"https:\/\/verdadeon.com.br\/portal\/#\/schema\/person\/a5060ad1e9ea3df545188fc93ce43d2f\"},\"breadcrumb\":{\"@id\":\"https:\/\/verdadeon.com.br\/portal\/2025\/02\/26\/reparticoes-municipais-fecham-durante-o-carnaval-2\/#breadcrumb\"},\"inLanguage\":\"pt-BR\",\"potentialAction\":[{\"@type\":\"ReadAction\",\"target\":[\"https:\/\/verdadeon.com.br\/portal\/2025\/02\/26\/reparticoes-municipais-fecham-durante-o-carnaval-2\/\"]}]},{\"@type\":\"ImageObject\",\"inLanguage\":\"pt-BR\",\"@id\":\"https:\/\/verdadeon.com.br\/portal\/2025\/02\/26\/reparticoes-municipais-fecham-durante-o-carnaval-2\/#primaryimage\",\"url\":\"https:\/\/i0.wp.com\/verdadeon.com.br\/portal\/wp-content\/uploads\/2024\/04\/WhatsApp-Image-2024-04-30-at-13.14.29-1.jpeg?fit=1600%2C1060&ssl=1\",\"contentUrl\":\"https:\/\/i0.wp.com\/verdadeon.com.br\/portal\/wp-content\/uploads\/2024\/04\/WhatsApp-Image-2024-04-30-at-13.14.29-1.jpeg?fit=1600%2C1060&ssl=1\",\"width\":1600,\"height\":1060,\"caption\":\"Confira o funcionamento dos departamentos municipais para o carnaval (\u00a9Divulga\u00e7\u00e3o\/ Prefeitura de Franca)\"},{\"@type\":\"BreadcrumbList\",\"@id\":\"https:\/\/verdadeon.com.br\/portal\/2025\/02\/26\/reparticoes-municipais-fecham-durante-o-carnaval-2\/#breadcrumb\",\"itemListElement\":[{\"@type\":\"ListItem\",\"position\":1,\"name\":\"In\u00edcio\",\"item\":\"https:\/\/verdadeon.com.br\/portal\/\"},{\"@type\":\"ListItem\",\"position\":2,\"name\":\"Reparti\u00e7\u00f5es municipais fecham durante o Carnaval\"}]},{\"@type\":\"WebSite\",\"@id\":\"https:\/\/verdadeon.com.br\/portal\/#website\",\"url\":\"https:\/\/verdadeon.com.br\/portal\/\",\"name\":\"VerdadeOn\",\"description\":\"Not\u00edcias di\u00e1rias sobre Franca, Regi\u00e3o, Esporte, Cultura, Cotidiano, Colunas. Cobertura nos principais eventos da cidade \u00e9 aqui - Verdadeon Franca\",\"potentialAction\":[{\"@type\":\"SearchAction\",\"target\":{\"@type\":\"EntryPoint\",\"urlTemplate\":\"https:\/\/verdadeon.com.br\/portal\/?s={search_term_string}\"},\"query-input\":{\"@type\":\"PropertyValueSpecification\",\"valueRequired\":true,\"valueName\":\"search_term_string\"}}],\"inLanguage\":\"pt-BR\"},{\"@type\":\"Person\",\"@id\":\"https:\/\/verdadeon.com.br\/portal\/#\/schema\/person\/a5060ad1e9ea3df545188fc93ce43d2f\",\"name\":\"Redacao VerdadeOn\",\"image\":{\"@type\":\"ImageObject\",\"inLanguage\":\"pt-BR\",\"@id\":\"https:\/\/verdadeon.com.br\/portal\/#\/schema\/person\/image\/\",\"url\":\"https:\/\/secure.gravatar.com\/avatar\/459a9613caaaf07f582c3d0841eea68bdd66f533e465e6ba8b9cb45619572cf4?s=96&d=mm&r=g\",\"contentUrl\":\"https:\/\/secure.gravatar.com\/avatar\/459a9613caaaf07f582c3d0841eea68bdd66f533e465e6ba8b9cb45619572cf4?s=96&d=mm&r=g\",\"caption\":\"Redacao VerdadeOn\"},\"url\":\"https:\/\/verdadeon.com.br\/portal\/author\/redacao\/\"}]}<\/script>\n<!-- \/ Yoast SEO plugin. -->","yoast_head_json":{"title":"Reparti\u00e7\u00f5es municipais fecham durante o Carnaval - VerdadeOn","robots":{"index":"index","follow":"follow","max-snippet":"max-snippet:-1","max-image-preview":"max-image-preview:large","max-video-preview":"max-video-preview:-1"},"canonical":"https:\/\/verdadeon.com.br\/portal\/2025\/02\/26\/reparticoes-municipais-fecham-durante-o-carnaval-2\/","og_locale":"pt_BR","og_type":"article","og_title":"Reparti\u00e7\u00f5es municipais fecham durante o Carnaval - VerdadeOn","og_description":"Em edital publicado na edi\u00e7\u00e3o do \u00faltimo s\u00e1bado, 22, no Di\u00e1rio Oficial do Munic\u00edpio, a Prefeitura de Franca decretou ponto facultativo no Carnaval deste ano. O [\u2026]","og_url":"https:\/\/verdadeon.com.br\/portal\/2025\/02\/26\/reparticoes-municipais-fecham-durante-o-carnaval-2\/","og_site_name":"VerdadeOn","article_published_time":"2025-02-26T17:46:51+00:00","og_image":[{"width":1600,"height":1060,"url":"https:\/\/verdadeon.com.br\/portal\/wp-content\/uploads\/2024\/04\/WhatsApp-Image-2024-04-30-at-13.14.29-1.jpeg","type":"image\/jpeg"}],"author":"Redacao VerdadeOn","twitter_card":"summary_large_image","twitter_misc":{"Escrito por":"Redacao VerdadeOn","Est. tempo de leitura":"1 minuto"},"schema":{"@context":"https:\/\/schema.org","@graph":[{"@type":"WebPage","@id":"https:\/\/verdadeon.com.br\/portal\/2025\/02\/26\/reparticoes-municipais-fecham-durante-o-carnaval-2\/","url":"https:\/\/verdadeon.com.br\/portal\/2025\/02\/26\/reparticoes-municipais-fecham-durante-o-carnaval-2\/","name":"Reparti\u00e7\u00f5es municipais fecham durante o Carnaval - VerdadeOn","isPartOf":{"@id":"https:\/\/verdadeon.com.br\/portal\/#website"},"primaryImageOfPage":{"@id":"https:\/\/verdadeon.com.br\/portal\/2025\/02\/26\/reparticoes-municipais-fecham-durante-o-carnaval-2\/#primaryimage"},"image":{"@id":"https:\/\/verdadeon.com.br\/portal\/2025\/02\/26\/reparticoes-municipais-fecham-durante-o-carnaval-2\/#primaryimage"},"thumbnailUrl":"https:\/\/i0.wp.com\/verdadeon.com.br\/portal\/wp-content\/uploads\/2024\/04\/WhatsApp-Image-2024-04-30-at-13.14.29-1.jpeg?fit=1600%2C1060&ssl=1","datePublished":"2025-02-26T17:46:51+00:00","author":{"@id":"https:\/\/verdadeon.com.br\/portal\/#\/schema\/person\/a5060ad1e9ea3df545188fc93ce43d2f"},"breadcrumb":{"@id":"https:\/\/verdadeon.com.br\/portal\/2025\/02\/26\/reparticoes-municipais-fecham-durante-o-carnaval-2\/#breadcrumb"},"inLanguage":"pt-BR","potentialAction":[{"@type":"ReadAction","target":["https:\/\/verdadeon.com.br\/portal\/2025\/02\/26\/reparticoes-municipais-fecham-durante-o-carnaval-2\/"]}]},{"@type":"ImageObject","inLanguage":"pt-BR","@id":"https:\/\/verdadeon.com.br\/portal\/2025\/02\/26\/reparticoes-municipais-fecham-durante-o-carnaval-2\/#primaryimage","url":"https:\/\/i0.wp.com\/verdadeon.com.br\/portal\/wp-content\/uploads\/2024\/04\/WhatsApp-Image-2024-04-30-at-13.14.29-1.jpeg?fit=1600%2C1060&ssl=1","contentUrl":"https:\/\/i0.wp.com\/verdadeon.com.br\/portal\/wp-content\/uploads\/2024\/04\/WhatsApp-Image-2024-04-30-at-13.14.29-1.jpeg?fit=1600%2C1060&ssl=1","width":1600,"height":1060,"caption":"Confira o funcionamento dos departamentos municipais para o carnaval (\u00a9Divulga\u00e7\u00e3o\/ Prefeitura de Franca)"},{"@type":"BreadcrumbList","@id":"https:\/\/verdadeon.com.br\/portal\/2025\/02\/26\/reparticoes-municipais-fecham-durante-o-carnaval-2\/#breadcrumb","itemListElement":[{"@type":"ListItem","position":1,"name":"In\u00edcio","item":"https:\/\/verdadeon.com.br\/portal\/"},{"@type":"ListItem","position":2,"name":"Reparti\u00e7\u00f5es municipais fecham durante o Carnaval"}]},{"@type":"WebSite","@id":"https:\/\/verdadeon.com.br\/portal\/#website","url":"https:\/\/verdadeon.com.br\/portal\/","name":"VerdadeOn","description":"Not\u00edcias di\u00e1rias sobre Franca, Regi\u00e3o, Esporte, Cultura, Cotidiano, Colunas. Cobertura nos principais eventos da cidade \u00e9 aqui - Verdadeon Franca","potentialAction":[{"@type":"SearchAction","target":{"@type":"EntryPoint","urlTemplate":"https:\/\/verdadeon.com.br\/portal\/?s={search_term_string}"},"query-input":{"@type":"PropertyValueSpecification","valueRequired":true,"valueName":"search_term_string"}}],"inLanguage":"pt-BR"},{"@type":"Person","@id":"https:\/\/verdadeon.com.br\/portal\/#\/schema\/person\/a5060ad1e9ea3df545188fc93ce43d2f","name":"Redacao VerdadeOn","image":{"@type":"ImageObject","inLanguage":"pt-BR","@id":"https:\/\/verdadeon.com.br\/portal\/#\/schema\/person\/image\/","url":"https:\/\/secure.gravatar.com\/avatar\/459a9613caaaf07f582c3d0841eea68bdd66f533e465e6ba8b9cb45619572cf4?s=96&d=mm&r=g","contentUrl":"https:\/\/secure.gravatar.com\/avatar\/459a9613caaaf07f582c3d0841eea68bdd66f533e465e6ba8b9cb45619572cf4?s=96&d=mm&r=g","caption":"Redacao VerdadeOn"},"url":"https:\/\/verdadeon.com.br\/portal\/author\/redacao\/"}]}},"jetpack_publicize_connections":[],"jetpack_featured_media_url":"https:\/\/i0.wp.com\/verdadeon.com.br\/portal\/wp-content\/uploads\/2024\/04\/WhatsApp-Image-2024-04-30-at-13.14.29-1.jpeg?fit=1600%2C1060&ssl=1","jetpack_sharing_enabled":true,"_links":{"self":[{"href":"https:\/\/verdadeon.com.br\/portal\/wp-json\/wp\/v2\/posts\/54191","targetHints":{"allow":["GET"]}}],"collection":[{"href":"https:\/\/verdadeon.com.br\/portal\/wp-json\/wp\/v2\/posts"}],"about":[{"href":"https:\/\/verdadeon.com.br\/portal\/wp-json\/wp\/v2\/types\/post"}],"author":[{"embeddable":true,"href":"https:\/\/verdadeon.com.br\/portal\/wp-json\/wp\/v2\/users\/10"}],"replies":[{"embeddable":true,"href":"https:\/\/verdadeon.com.br\/portal\/wp-json\/wp\/v2\/comments?post=54191"}],"version-history":[{"count":1,"href":"https:\/\/verdadeon.com.br\/portal\/wp-json\/wp\/v2\/posts\/54191\/revisions"}],"predecessor-version":[{"id":54192,"href":"https:\/\/verdadeon.com.br\/portal\/wp-json\/wp\/v2\/posts\/54191\/revisions\/54192"}],"wp:featuredmedia":[{"embeddable":true,"href":"https:\/\/verdadeon.com.br\/portal\/wp-json\/wp\/v2\/media\/44073"}],"wp:attachment":[{"href":"https:\/\/verdadeon.com.br\/portal\/wp-json\/wp\/v2\/media?parent=54191"}],"wp:term":[{"taxonomy":"category","embeddable":true,"href":"https:\/\/verdadeon.com.br\/portal\/wp-json\/wp\/v2\/categories?post=54191"},{"taxonomy":"post_tag","embeddable":true,"href":"https:\/\/verdadeon.com.br\/portal\/wp-json\/wp\/v2\/tags?post=54191"}],"curies":[{"name":"wp","href":"https:\/\/api.w.org\/{rel}","templated":true}]}}