{"id":54185,"date":"2025-02-26T12:35:57","date_gmt":"2025-02-26T15:35:57","guid":{"rendered":"https:\/\/verdadeon.com.br\/portal\/?p=54185"},"modified":"2025-02-26T12:35:57","modified_gmt":"2025-02-26T15:35:57","slug":"suposto-desvio-de-verba-do-fundeb-e-denunciado-na-camara-de-cristais-paulista","status":"publish","type":"post","link":"https:\/\/verdadeon.com.br\/portal\/2025\/02\/26\/suposto-desvio-de-verba-do-fundeb-e-denunciado-na-camara-de-cristais-paulista\/","title":{"rendered":"Suposto desvio de verba do Fundeb \u00e9 denunciado na C\u00e2mara de Cristais Paulista"},"content":{"rendered":"<h2>Prefeito Elson Gomes seria o respons\u00e1vel pelos desvios<\/h2>\n<p style=\"text-align: right;\"><em><strong>Por Pedro Maia<\/strong><\/em><br \/>\n<em><strong>Editor-chefe<\/strong><\/em><\/p>\n<p>Nesta ter\u00e7a-feira, 25 de fevereiro, a ex-secret\u00e1ria de educa\u00e7\u00e3o de Cristais Paulista, Tamara Raiz, exonerada do cargo na \u00faltima sexta-feira, 21, utilizou a Tribuna durante a 3\u00aa Sess\u00e3o Ordin\u00e1ria da C\u00e2mara Municipal ao lado de seu advogado, Dr. Denilson Carvalho, para denunciar supostos desvios de verba do Fundeb (Fundo de Manuten\u00e7\u00e3o e Desenvolvimento da Educa\u00e7\u00e3o B\u00e1sica) para uma conta de movimenta\u00e7\u00e3o da Prefeitura, pr\u00e1tica que teria sido cometida pelo prefeito Elson Gomes.<\/p>\n<p>Tamara chefiava a Secretaria de Educa\u00e7\u00e3o Municipal h\u00e1 quase dois anos, \u00e0 convite de Elson. &#8220;O que eu sempre cobrei, o que eu sempre questionei, n\u00e3o tive respostas. O que cobrei de outros secret\u00e1rios [quando lecionava], n\u00e3o consegui fazer diferente. A partir do momento que eu comecei a fazer alguns questionamentos de verbas, o prefeito perdeu a confian\u00e7a em mim&#8221;. disse ela.<\/p>\n<p>A ex-secret\u00e1ria afirmou que se reuniu com os vereadores para falar sobre as condi\u00e7\u00f5es dos pr\u00e9dios escolares: &#8220;eu mostrei a realidade, mostrei os documentos, e isso foi a gota d&#8217;\u00e1gua para que, a partir deste momento, gerassem dois meses de ass\u00e9dio. Acho que esperavam que eu entregasse o cargo. Eu lutei, esperei, infelizmente fui exonerada e n\u00e3o consegui fazer a diferen\u00e7a&#8221;.<\/p>\n<p><strong>O que est\u00e1 em jogo?<\/strong><\/p>\n<p>De acordo com o advogado de Tamara, Dr. Denilson Carvalho, a Lei N\u00b0 14.113\/2020 obriga o prefeito a tirar recursos do Fundeb para pagar despesas exclusivas da educa\u00e7\u00e3o. No entanto, o dinheiro teria sido retirado e aplicado na conta movimento da Prefeitura, a partir de onde foram realizados pagamentos que contemplam \u00e1reas diversas.<\/p>\n<p>&#8220;Essas irregularidades somam algo em torno de R$ 1 milh\u00e3o por ano. Isso \u00e9 ilegal. Isso tem parecer do Tribunal de Contas, tem portaria do FNDE proibindo esta pr\u00e1tica de transfer\u00eancia direta&#8230; \u00e9 uma infra\u00e7\u00e3o pol\u00edtico-administrativa que acarreta na cassa\u00e7\u00e3o do mandado do prefeito. N\u00f3s s\u00f3 n\u00e3o fizemos a den\u00fancia porque recebemos um volume de documentos muito grande. S\u00e3o mais de 1.800 [mil e oitocentos] \u00e1udios onde ela foi inclusive amea\u00e7ada. O prefeito n\u00e3o cumpria o que ela pedia e simplesmente cerceou a secret\u00e1ria e determinou que a transfer\u00eancia fosse realizada&#8221;, explicou o advogado na C\u00e2mara.<\/p>\n<p>Segundo Carvalho, o presidente do conselho que cuida do Fundeb pediu os extratos e a movimenta\u00e7\u00e3o, para que se soubesse como foi aplicado o dinheiro. &#8220;No dia 30 de dezembro de 2024, foram transferidos da conta do Fundeb para a conta movimento R$ 369 mil. &#8220;Cad\u00ea o b\u00f4nus ou o abono do professor? N\u00e3o h\u00e1 justificativa: transferiu para a conta movimento e usou o dinheiro. N\u00e3o sendo comprovado para onde foi, n\u00e3o tem como fiscalizar, e a\u00ed o presidente do conselho apresentou uma Carta de Ren\u00fancia, pois ele pediu a documenta\u00e7\u00e3o, o prefeito n\u00e3o apresentou e ele ent\u00e3o renunciou&#8221;, relata.<\/p>\n<p>&#8220;Vamos fazer uma den\u00fancia robusta e pedir a cassa\u00e7\u00e3o do prefeito de Cristais Paulista&#8221;, emenda Dr. Denilson.<\/p>\n<p><strong>O que acontece agora?<\/strong><\/p>\n<p>Ap\u00f3s a formaliza\u00e7\u00e3o da den\u00fancia junto \u00e0 C\u00e2mara os vereadores analisam o caso e decidem se cabe a instaura\u00e7\u00e3o de comiss\u00e3o para apurar as acusa\u00e7\u00f5es. Em caso positivo, \u00e9 formada uma Comiss\u00e3o Processante, onde parlamentares representam contra o prefeito, o que pode terminar com a cassa\u00e7\u00e3o de seu mandato.<\/p>\n<p><strong>Prefeito Elson Gomes<\/strong><\/p>\n<p>O prefeito Elson Gomes se pronunciou com rela\u00e7\u00e3o \u00e0s den\u00fancias das supostas irregularidades. Ele afirmou que as acusa\u00e7\u00f5es s\u00e3o falsas e infundadas e que, toda a documenta\u00e7\u00e3o que comprova que n\u00e3o existe nenhuma irregularidade, est\u00e1 \u00e0 disposi\u00e7\u00e3o de todos os interessados.<\/p>\n<p>&#8220;Afirmo que todas as medidas cab\u00edveis de acordo com a legisla\u00e7\u00e3o ser\u00e3o tomadas em rela\u00e7\u00e3o \u00e0s falsas acusa\u00e7\u00f5es. Sou crist\u00e3o, uma pessoa honesta e criada com todos os princ\u00edpios \u00e9ticos e morais, tenho minha origem simples e criado com muita humildade para sempre respeitar aquilo que n\u00e3o me pertence, ainda mais nesse caso o que \u00e9 do povo. Reafirmo meu compromisso com todos os princ\u00edpios que norteiam a administra\u00e7\u00e3o p\u00fablica e meu compromisso firmado em termo de posse em respeito \u00e0 Constitui\u00e7\u00e3o Federal&#8221;, disse Elson.<\/p>\n<p>Gomes ainda enfatizou que n\u00e3o h\u00e1 nenhuma rela\u00e7\u00e3o entre a exonera\u00e7\u00e3o de Tamara Raiz da Secretaria da Educa\u00e7\u00e3o com as den\u00fancias feitas por ela, mas sim, por falta de planejamento da mesa. &#8220;V\u00e1rios colaboradores do setor de educa\u00e7\u00e3o me procuraram e disseram que n\u00e3o tem condi\u00e7\u00f5es de tocar [trabalhar com a ent\u00e3o secret\u00e1ria], n\u00e3o tem empatia. Ela est\u00e1 comigo h\u00e1 praticamente um ano e sete meses e por que s\u00f3 agora ela est\u00e1 fazendo a den\u00fancia? Se ela percebeu alguma irregularidade, por que n\u00e3o pautou isso antes? Agora s\u00f3 p\u00f3s-demiss\u00e3o ela vem falar de irregularidades? S\u00e3o dois pesos e duas medidas?&#8221; questionou o prefeito.<\/p>\n","protected":false},"excerpt":{"rendered":"<p>Prefeito Elson Gomes seria o respons\u00e1vel pelos desvios Por Pedro Maia Editor-chefe Nesta ter\u00e7a-feira, 25 de fevereiro, a ex-secret\u00e1ria de educa\u00e7\u00e3o de Cristais Paulista, Tamara Raiz,<span class=\"excerpt-hellip\"> [\u2026]<\/span><\/p>\n","protected":false},"author":10,"featured_media":54186,"comment_status":"open","ping_status":"open","sticky":false,"template":"","format":"standard","meta":{"_jetpack_memberships_contains_paid_content":false,"footnotes":"","jetpack_publicize_message":"","jetpack_publicize_feature_enabled":true,"jetpack_social_post_already_shared":true,"jetpack_social_options":{"image_generator_settings":{"template":"highway","default_image_id":0,"enabled":false},"version":2}},"categories":[28,81],"tags":[],"class_list":["post-54185","post","type-post","status-publish","format-standard","has-post-thumbnail","hentry","category-cotidiano","category-manchete"],"yoast_head":"<!-- This site is optimized with the Yoast SEO plugin v25.6 - https:\/\/yoast.com\/wordpress\/plugins\/seo\/ -->\n<title>Suposto desvio de verba do Fundeb \u00e9 denunciado na C\u00e2mara de Cristais Paulista - VerdadeOn<\/title>\n<meta name=\"robots\" content=\"index, follow, max-snippet:-1, max-image-preview:large, max-video-preview:-1\" \/>\n<link rel=\"canonical\" href=\"https:\/\/verdadeon.com.br\/portal\/2025\/02\/26\/suposto-desvio-de-verba-do-fundeb-e-denunciado-na-camara-de-cristais-paulista\/\" \/>\n<meta property=\"og:locale\" content=\"pt_BR\" \/>\n<meta property=\"og:type\" content=\"article\" \/>\n<meta property=\"og:title\" content=\"Suposto desvio de verba do Fundeb \u00e9 denunciado na C\u00e2mara de Cristais Paulista - VerdadeOn\" \/>\n<meta property=\"og:description\" content=\"Prefeito Elson Gomes seria o respons\u00e1vel pelos desvios Por Pedro Maia Editor-chefe Nesta ter\u00e7a-feira, 25 de fevereiro, a ex-secret\u00e1ria de educa\u00e7\u00e3o de Cristais Paulista, Tamara Raiz, [\u2026]\" \/>\n<meta property=\"og:url\" content=\"https:\/\/verdadeon.com.br\/portal\/2025\/02\/26\/suposto-desvio-de-verba-do-fundeb-e-denunciado-na-camara-de-cristais-paulista\/\" \/>\n<meta property=\"og:site_name\" content=\"VerdadeOn\" \/>\n<meta property=\"article:published_time\" content=\"2025-02-26T15:35:57+00:00\" \/>\n<meta property=\"og:image\" content=\"https:\/\/verdadeon.com.br\/portal\/wp-content\/uploads\/2025\/02\/Capturar-2-1.jpg\" \/>\n\t<meta property=\"og:image:width\" content=\"822\" \/>\n\t<meta property=\"og:image:height\" content=\"550\" \/>\n\t<meta property=\"og:image:type\" content=\"image\/jpeg\" \/>\n<meta name=\"author\" content=\"Redacao VerdadeOn\" \/>\n<meta name=\"twitter:card\" content=\"summary_large_image\" \/>\n<meta name=\"twitter:label1\" content=\"Escrito por\" \/>\n\t<meta name=\"twitter:data1\" content=\"Redacao VerdadeOn\" \/>\n\t<meta name=\"twitter:label2\" content=\"Est. tempo de leitura\" \/>\n\t<meta name=\"twitter:data2\" content=\"5 minutos\" \/>\n<script type=\"application\/ld+json\" class=\"yoast-schema-graph\">{\"@context\":\"https:\/\/schema.org\",\"@graph\":[{\"@type\":\"WebPage\",\"@id\":\"https:\/\/verdadeon.com.br\/portal\/2025\/02\/26\/suposto-desvio-de-verba-do-fundeb-e-denunciado-na-camara-de-cristais-paulista\/\",\"url\":\"https:\/\/verdadeon.com.br\/portal\/2025\/02\/26\/suposto-desvio-de-verba-do-fundeb-e-denunciado-na-camara-de-cristais-paulista\/\",\"name\":\"Suposto desvio de verba do Fundeb \u00e9 denunciado na C\u00e2mara de Cristais Paulista - VerdadeOn\",\"isPartOf\":{\"@id\":\"https:\/\/verdadeon.com.br\/portal\/#website\"},\"primaryImageOfPage\":{\"@id\":\"https:\/\/verdadeon.com.br\/portal\/2025\/02\/26\/suposto-desvio-de-verba-do-fundeb-e-denunciado-na-camara-de-cristais-paulista\/#primaryimage\"},\"image\":{\"@id\":\"https:\/\/verdadeon.com.br\/portal\/2025\/02\/26\/suposto-desvio-de-verba-do-fundeb-e-denunciado-na-camara-de-cristais-paulista\/#primaryimage\"},\"thumbnailUrl\":\"https:\/\/i0.wp.com\/verdadeon.com.br\/portal\/wp-content\/uploads\/2025\/02\/Capturar-2-1.jpg?fit=822%2C550&ssl=1\",\"datePublished\":\"2025-02-26T15:35:57+00:00\",\"author\":{\"@id\":\"https:\/\/verdadeon.com.br\/portal\/#\/schema\/person\/a5060ad1e9ea3df545188fc93ce43d2f\"},\"breadcrumb\":{\"@id\":\"https:\/\/verdadeon.com.br\/portal\/2025\/02\/26\/suposto-desvio-de-verba-do-fundeb-e-denunciado-na-camara-de-cristais-paulista\/#breadcrumb\"},\"inLanguage\":\"pt-BR\",\"potentialAction\":[{\"@type\":\"ReadAction\",\"target\":[\"https:\/\/verdadeon.com.br\/portal\/2025\/02\/26\/suposto-desvio-de-verba-do-fundeb-e-denunciado-na-camara-de-cristais-paulista\/\"]}]},{\"@type\":\"ImageObject\",\"inLanguage\":\"pt-BR\",\"@id\":\"https:\/\/verdadeon.com.br\/portal\/2025\/02\/26\/suposto-desvio-de-verba-do-fundeb-e-denunciado-na-camara-de-cristais-paulista\/#primaryimage\",\"url\":\"https:\/\/i0.wp.com\/verdadeon.com.br\/portal\/wp-content\/uploads\/2025\/02\/Capturar-2-1.jpg?fit=822%2C550&ssl=1\",\"contentUrl\":\"https:\/\/i0.wp.com\/verdadeon.com.br\/portal\/wp-content\/uploads\/2025\/02\/Capturar-2-1.jpg?fit=822%2C550&ssl=1\",\"width\":822,\"height\":550,\"caption\":\"Tamara Raiz, ex-secret\u00e1ria de educa\u00e7\u00e3o de Cristais Paulista, acompanhada de seu advogado, Dr. Denilson Carvalho (\u00a9Reprodu\u00e7\u00e3o\/YouTube\/C\u00e2mara Municipal de Cristais Paullista)\"},{\"@type\":\"BreadcrumbList\",\"@id\":\"https:\/\/verdadeon.com.br\/portal\/2025\/02\/26\/suposto-desvio-de-verba-do-fundeb-e-denunciado-na-camara-de-cristais-paulista\/#breadcrumb\",\"itemListElement\":[{\"@type\":\"ListItem\",\"position\":1,\"name\":\"In\u00edcio\",\"item\":\"https:\/\/verdadeon.com.br\/portal\/\"},{\"@type\":\"ListItem\",\"position\":2,\"name\":\"Suposto desvio de verba do Fundeb \u00e9 denunciado na C\u00e2mara de Cristais Paulista\"}]},{\"@type\":\"WebSite\",\"@id\":\"https:\/\/verdadeon.com.br\/portal\/#website\",\"url\":\"https:\/\/verdadeon.com.br\/portal\/\",\"name\":\"VerdadeOn\",\"description\":\"Not\u00edcias di\u00e1rias sobre Franca, Regi\u00e3o, Esporte, Cultura, Cotidiano, Colunas. Cobertura nos principais eventos da cidade \u00e9 aqui - Verdadeon Franca\",\"potentialAction\":[{\"@type\":\"SearchAction\",\"target\":{\"@type\":\"EntryPoint\",\"urlTemplate\":\"https:\/\/verdadeon.com.br\/portal\/?s={search_term_string}\"},\"query-input\":{\"@type\":\"PropertyValueSpecification\",\"valueRequired\":true,\"valueName\":\"search_term_string\"}}],\"inLanguage\":\"pt-BR\"},{\"@type\":\"Person\",\"@id\":\"https:\/\/verdadeon.com.br\/portal\/#\/schema\/person\/a5060ad1e9ea3df545188fc93ce43d2f\",\"name\":\"Redacao VerdadeOn\",\"image\":{\"@type\":\"ImageObject\",\"inLanguage\":\"pt-BR\",\"@id\":\"https:\/\/verdadeon.com.br\/portal\/#\/schema\/person\/image\/\",\"url\":\"https:\/\/secure.gravatar.com\/avatar\/459a9613caaaf07f582c3d0841eea68bdd66f533e465e6ba8b9cb45619572cf4?s=96&d=mm&r=g\",\"contentUrl\":\"https:\/\/secure.gravatar.com\/avatar\/459a9613caaaf07f582c3d0841eea68bdd66f533e465e6ba8b9cb45619572cf4?s=96&d=mm&r=g\",\"caption\":\"Redacao VerdadeOn\"},\"url\":\"https:\/\/verdadeon.com.br\/portal\/author\/redacao\/\"}]}<\/script>\n<!-- \/ Yoast SEO plugin. -->","yoast_head_json":{"title":"Suposto desvio de verba do Fundeb \u00e9 denunciado na C\u00e2mara de Cristais Paulista - VerdadeOn","robots":{"index":"index","follow":"follow","max-snippet":"max-snippet:-1","max-image-preview":"max-image-preview:large","max-video-preview":"max-video-preview:-1"},"canonical":"https:\/\/verdadeon.com.br\/portal\/2025\/02\/26\/suposto-desvio-de-verba-do-fundeb-e-denunciado-na-camara-de-cristais-paulista\/","og_locale":"pt_BR","og_type":"article","og_title":"Suposto desvio de verba do Fundeb \u00e9 denunciado na C\u00e2mara de Cristais Paulista - VerdadeOn","og_description":"Prefeito Elson Gomes seria o respons\u00e1vel pelos desvios Por Pedro Maia Editor-chefe Nesta ter\u00e7a-feira, 25 de fevereiro, a ex-secret\u00e1ria de educa\u00e7\u00e3o de Cristais Paulista, Tamara Raiz, [\u2026]","og_url":"https:\/\/verdadeon.com.br\/portal\/2025\/02\/26\/suposto-desvio-de-verba-do-fundeb-e-denunciado-na-camara-de-cristais-paulista\/","og_site_name":"VerdadeOn","article_published_time":"2025-02-26T15:35:57+00:00","og_image":[{"width":822,"height":550,"url":"https:\/\/verdadeon.com.br\/portal\/wp-content\/uploads\/2025\/02\/Capturar-2-1.jpg","type":"image\/jpeg"}],"author":"Redacao VerdadeOn","twitter_card":"summary_large_image","twitter_misc":{"Escrito por":"Redacao VerdadeOn","Est. tempo de leitura":"5 minutos"},"schema":{"@context":"https:\/\/schema.org","@graph":[{"@type":"WebPage","@id":"https:\/\/verdadeon.com.br\/portal\/2025\/02\/26\/suposto-desvio-de-verba-do-fundeb-e-denunciado-na-camara-de-cristais-paulista\/","url":"https:\/\/verdadeon.com.br\/portal\/2025\/02\/26\/suposto-desvio-de-verba-do-fundeb-e-denunciado-na-camara-de-cristais-paulista\/","name":"Suposto desvio de verba do Fundeb \u00e9 denunciado na C\u00e2mara de Cristais Paulista - VerdadeOn","isPartOf":{"@id":"https:\/\/verdadeon.com.br\/portal\/#website"},"primaryImageOfPage":{"@id":"https:\/\/verdadeon.com.br\/portal\/2025\/02\/26\/suposto-desvio-de-verba-do-fundeb-e-denunciado-na-camara-de-cristais-paulista\/#primaryimage"},"image":{"@id":"https:\/\/verdadeon.com.br\/portal\/2025\/02\/26\/suposto-desvio-de-verba-do-fundeb-e-denunciado-na-camara-de-cristais-paulista\/#primaryimage"},"thumbnailUrl":"https:\/\/i0.wp.com\/verdadeon.com.br\/portal\/wp-content\/uploads\/2025\/02\/Capturar-2-1.jpg?fit=822%2C550&ssl=1","datePublished":"2025-02-26T15:35:57+00:00","author":{"@id":"https:\/\/verdadeon.com.br\/portal\/#\/schema\/person\/a5060ad1e9ea3df545188fc93ce43d2f"},"breadcrumb":{"@id":"https:\/\/verdadeon.com.br\/portal\/2025\/02\/26\/suposto-desvio-de-verba-do-fundeb-e-denunciado-na-camara-de-cristais-paulista\/#breadcrumb"},"inLanguage":"pt-BR","potentialAction":[{"@type":"ReadAction","target":["https:\/\/verdadeon.com.br\/portal\/2025\/02\/26\/suposto-desvio-de-verba-do-fundeb-e-denunciado-na-camara-de-cristais-paulista\/"]}]},{"@type":"ImageObject","inLanguage":"pt-BR","@id":"https:\/\/verdadeon.com.br\/portal\/2025\/02\/26\/suposto-desvio-de-verba-do-fundeb-e-denunciado-na-camara-de-cristais-paulista\/#primaryimage","url":"https:\/\/i0.wp.com\/verdadeon.com.br\/portal\/wp-content\/uploads\/2025\/02\/Capturar-2-1.jpg?fit=822%2C550&ssl=1","contentUrl":"https:\/\/i0.wp.com\/verdadeon.com.br\/portal\/wp-content\/uploads\/2025\/02\/Capturar-2-1.jpg?fit=822%2C550&ssl=1","width":822,"height":550,"caption":"Tamara Raiz, ex-secret\u00e1ria de educa\u00e7\u00e3o de Cristais Paulista, acompanhada de seu advogado, Dr. Denilson Carvalho (\u00a9Reprodu\u00e7\u00e3o\/YouTube\/C\u00e2mara Municipal de Cristais Paullista)"},{"@type":"BreadcrumbList","@id":"https:\/\/verdadeon.com.br\/portal\/2025\/02\/26\/suposto-desvio-de-verba-do-fundeb-e-denunciado-na-camara-de-cristais-paulista\/#breadcrumb","itemListElement":[{"@type":"ListItem","position":1,"name":"In\u00edcio","item":"https:\/\/verdadeon.com.br\/portal\/"},{"@type":"ListItem","position":2,"name":"Suposto desvio de verba do Fundeb \u00e9 denunciado na C\u00e2mara de Cristais Paulista"}]},{"@type":"WebSite","@id":"https:\/\/verdadeon.com.br\/portal\/#website","url":"https:\/\/verdadeon.com.br\/portal\/","name":"VerdadeOn","description":"Not\u00edcias di\u00e1rias sobre Franca, Regi\u00e3o, Esporte, Cultura, Cotidiano, Colunas. Cobertura nos principais eventos da cidade \u00e9 aqui - Verdadeon Franca","potentialAction":[{"@type":"SearchAction","target":{"@type":"EntryPoint","urlTemplate":"https:\/\/verdadeon.com.br\/portal\/?s={search_term_string}"},"query-input":{"@type":"PropertyValueSpecification","valueRequired":true,"valueName":"search_term_string"}}],"inLanguage":"pt-BR"},{"@type":"Person","@id":"https:\/\/verdadeon.com.br\/portal\/#\/schema\/person\/a5060ad1e9ea3df545188fc93ce43d2f","name":"Redacao VerdadeOn","image":{"@type":"ImageObject","inLanguage":"pt-BR","@id":"https:\/\/verdadeon.com.br\/portal\/#\/schema\/person\/image\/","url":"https:\/\/secure.gravatar.com\/avatar\/459a9613caaaf07f582c3d0841eea68bdd66f533e465e6ba8b9cb45619572cf4?s=96&d=mm&r=g","contentUrl":"https:\/\/secure.gravatar.com\/avatar\/459a9613caaaf07f582c3d0841eea68bdd66f533e465e6ba8b9cb45619572cf4?s=96&d=mm&r=g","caption":"Redacao VerdadeOn"},"url":"https:\/\/verdadeon.com.br\/portal\/author\/redacao\/"}]}},"jetpack_publicize_connections":[],"jetpack_featured_media_url":"https:\/\/i0.wp.com\/verdadeon.com.br\/portal\/wp-content\/uploads\/2025\/02\/Capturar-2-1.jpg?fit=822%2C550&ssl=1","jetpack_sharing_enabled":true,"_links":{"self":[{"href":"https:\/\/verdadeon.com.br\/portal\/wp-json\/wp\/v2\/posts\/54185","targetHints":{"allow":["GET"]}}],"collection":[{"href":"https:\/\/verdadeon.com.br\/portal\/wp-json\/wp\/v2\/posts"}],"about":[{"href":"https:\/\/verdadeon.com.br\/portal\/wp-json\/wp\/v2\/types\/post"}],"author":[{"embeddable":true,"href":"https:\/\/verdadeon.com.br\/portal\/wp-json\/wp\/v2\/users\/10"}],"replies":[{"embeddable":true,"href":"https:\/\/verdadeon.com.br\/portal\/wp-json\/wp\/v2\/comments?post=54185"}],"version-history":[{"count":1,"href":"https:\/\/verdadeon.com.br\/portal\/wp-json\/wp\/v2\/posts\/54185\/revisions"}],"predecessor-version":[{"id":54187,"href":"https:\/\/verdadeon.com.br\/portal\/wp-json\/wp\/v2\/posts\/54185\/revisions\/54187"}],"wp:featuredmedia":[{"embeddable":true,"href":"https:\/\/verdadeon.com.br\/portal\/wp-json\/wp\/v2\/media\/54186"}],"wp:attachment":[{"href":"https:\/\/verdadeon.com.br\/portal\/wp-json\/wp\/v2\/media?parent=54185"}],"wp:term":[{"taxonomy":"category","embeddable":true,"href":"https:\/\/verdadeon.com.br\/portal\/wp-json\/wp\/v2\/categories?post=54185"},{"taxonomy":"post_tag","embeddable":true,"href":"https:\/\/verdadeon.com.br\/portal\/wp-json\/wp\/v2\/tags?post=54185"}],"curies":[{"name":"wp","href":"https:\/\/api.w.org\/{rel}","templated":true}]}}