{"id":54171,"date":"2025-02-25T14:21:03","date_gmt":"2025-02-25T17:21:03","guid":{"rendered":"https:\/\/verdadeon.com.br\/portal\/?p=54171"},"modified":"2025-02-25T14:21:03","modified_gmt":"2025-02-25T17:21:03","slug":"sesc-franca-tem-programacao-especial-no-periodo-de-carnaval","status":"publish","type":"post","link":"https:\/\/verdadeon.com.br\/portal\/2025\/02\/25\/sesc-franca-tem-programacao-especial-no-periodo-de-carnaval\/","title":{"rendered":"Sesc Franca tem programa\u00e7\u00e3o especial no per\u00edodo de carnaval"},"content":{"rendered":"<h2>De 27 de fevereiro a 4 de mar\u00e7o, oficinas de instrumentos musicais, de adere\u00e7os, aulas esportivas especiais, cortejo e shows para todas as idades<\/h2>\n<div><b>M\u00fasica<\/b><\/div>\n<div><strong>Show<\/strong><br \/>\n<b>Tenho um Tambor Dentro do Peito<\/b><\/div>\n<div><b>Com Bloco Cangoma e Carlos de Assump\u00e7\u00e3o<\/b><br \/>\nFundado em Franca em 2006, o grupo de pesquisa em cultura popular promove um cortejo de Maracatu seguido da interpreta\u00e7\u00e3o de m\u00fasicas de seu repert\u00f3rio. A apresenta\u00e7\u00e3o celebra a riqueza da cultura afro-brasileira e conta com a participa\u00e7\u00e3o especial do poeta Carlos de Assump\u00e7\u00e3o, unindo ritmo, tradi\u00e7\u00e3o e poesia.<\/div>\n<div><\/div>\n<div>Dia 1\/3. S\u00e1bado, 17h.<\/div>\n<div>Gin\u00e1sio<br \/>\nGr\u00e1tis<\/div>\n<div>AL<br \/>\n______________________________<wbr \/>______________________________<wbr \/>______________________<\/div>\n<div>show<br \/>\n<b>Quintal dos Prettos<\/b><\/div>\n<div>Evento conhecido como a maior roda de samba do Brasil traz ao p\u00fablico a atmosfera das antigas rodas que eram realizadas de forma ac\u00fastica nos anos 1980.<\/div>\n<div><\/div>\n<div>Dia 2\/3. Domingo, 17h.<\/div>\n<div>Gin\u00e1sio<br \/>\nGr\u00e1tis<\/div>\n<div>Ingressos 1h antes<\/div>\n<div>AL<\/div>\n<div>______________________________<wbr \/>______________________________<wbr \/>______________________<br \/>\nshow<br \/>\n<b>Tropicadelia<\/b><br \/>\nTropikids<\/p>\n<\/div>\n<div>Espet\u00e1culo carnavalesco infantil comandado pelo Capit\u00e3o Tropi e seus copilotos. A trupe reinventa cl\u00e1ssicos da MPB e transforma-os em marchinhas para o p\u00fablico infantil. O repert\u00f3rio re\u00fane nomes como Chico Buarque, Gilberto Gil e Raul Seixas, promovendo momentos m\u00e1gicos para todas as idades.<\/div>\n<div><\/div>\n<div>Dia 3\/3. Segunda, 17h.<\/div>\n<div>Gin\u00e1sio<br \/>\nGr\u00e1tis<\/div>\n<div>AL<br \/>\n______________________________<wbr \/>______________________________<wbr \/>______________________<\/div>\n<div>show<br \/>\n<b>Baleia Banguela<\/b><br \/>\nBaleia Canta Bahia<\/p>\n<\/div>\n<div>Show apresenta releituras de can\u00e7\u00f5es emblem\u00e1ticas de compositores baianos. A apresenta\u00e7\u00e3o une gera\u00e7\u00f5es, envolvendo adultos e crian\u00e7as no mesmo clima festivo, celebrando a riqueza da m\u00fasica da Bahia com ritmos contagiantes e interpreta\u00e7\u00f5es marcantes.<\/div>\n<div><\/div>\n<div>Dia 4\/3. Ter\u00e7a, 17h.<\/div>\n<div>Gin\u00e1sio<\/div>\n<div>Gr\u00e1tis<br \/>\nAL<br \/>\n______________________________________________________________________________________________<\/div>\n<div><b>Artes Manuais<\/b><\/div>\n<div>oficina<br \/>\n<b>P\u00e9 de Folia<\/b><\/div>\n<div>Com P\u00e9 de Brincadeira<\/div>\n<div>\nOficina compartilha cria\u00e7\u00f5es e personaliza\u00e7\u00f5es de m\u00e1scaras, adere\u00e7os e instrumentos musicais para celebrar a folia com criatividade e estilo.<\/p>\n<\/div>\n<div>De 1 a 4\/3. S\u00e1bado e segunda, 11h \u00e0s 13h e 15h \u00e0s 17h. Domingo e ter\u00e7a, 15h \u00e0s 17h<\/div>\n<div>Sala 4<br \/>\nGr\u00e1tis<\/div>\n<div>Senhas 30 min. Antes<\/div>\n<div>AL<\/p>\n<\/div>\n<div>_______________________________________________________________________________________________<\/div>\n<div><b>Tecnologias e Artes<\/b><\/div>\n<div>oficina<br \/>\n<b>Ateli\u00ea Folia: CornETA Drac\u00f4nica<\/b><br \/>\nCom educadores do Sesc<\/div>\n<div><\/div>\n<div>Um convite \u00e0s fam\u00edlias francanas para a cria\u00e7\u00e3o da corneta mais drac\u00f4nica da cidade! Uma viv\u00eancia onde cada frequentador poder\u00e1 confeccionar e estilizar a sua corneta e fazer muito barulho no carnaval!<\/div>\n<div>\nDia 1\/3. S\u00e1bado, 12h \u00e0s 14h e 15h \u00e0s 17h.<\/div>\n<div>Espa\u00e7o de Tecnologias e Artes<br \/>\nGr\u00e1tis<\/div>\n<div>AL<br \/>\n______________________________<wbr \/>______________________________<wbr \/>______________________<\/div>\n<div>oficina<br \/>\n<b>Ateli\u00ea Folia: Leque Carnavalesco<\/b><br \/>\nCom educadores do Sesc<\/p>\n<\/div>\n<div>Oficina de confec\u00e7\u00e3o de leques carnavalescos para brilhar no calor do carnaval.<\/p>\n<\/div>\n<div>Dia 2\/3. Domingo, 12h \u00e0s 14h e 15h \u00e0s 17h.<\/div>\n<div>Espa\u00e7o de Tecnologias e Artes<br \/>\nGr\u00e1tis<\/div>\n<div>AL<br \/>\n______________________________<wbr \/>______________________________<wbr \/>______________________<\/div>\n<div>oficina<\/div>\n<div><b>Ateli\u00ea Folia: Ombreiras Carnavalescas<\/b><br \/>\nCom educadores do Sesc<\/div>\n<div><\/div>\n<div>Oficina para cria\u00e7\u00e3o de ombreiras para o Carnaval! Os participantes ser\u00e3o convidados para confeccionar ombreiras coloridas utilizando materiais que remetem \u00e0 exuber\u00e2ncia dessa festa tradicional.<\/div>\n<div><\/div>\n<div>Dia 3\/3. Segunda, 12h \u00e0s 14h e 15h \u00e0s 17h.<\/div>\n<div>Espa\u00e7o de Tecnologias e Artes<br \/>\nGr\u00e1tis<\/div>\n<div>AL<br \/>\n______________________________<wbr \/>______________________________<wbr \/>______________________<br \/>\noficina<\/div>\n<div><b>Ateli\u00ea Folia: Adere\u00e7os para Cabelo<\/b><br \/>\nCom educadores do Sesc<\/div>\n<div><\/div>\n<div>Os participantes ser\u00e3o convidados para confeccionar adere\u00e7os de cabelo para brincar o Carnaval.<\/p>\n<\/div>\n<div>Dia 4\/3. Ter\u00e7a, 12h \u00e0s 14h e 15h \u00e0s 17h.<\/div>\n<div>ETA &#8211; Espa\u00e7o de Tecnologias e Artes<br \/>\nGr\u00e1tis<\/div>\n<div>AL<\/div>\n<div><\/div>\n<div>_________________________________________________________________________________<\/div>\n<div><b>Esporte e Atividade F\u00edsica<\/b><\/div>\n<div>aula aberta<br \/>\n<b>Folia Aqu\u00e1tica<\/b><br \/>\nCom Educadores do Sesc<\/p>\n<\/div>\n<div>Aula especial de hidrogin\u00e1stica com discotecagem, anima\u00e7\u00e3o e o melhor das m\u00fasicas carnavalescas. Necess\u00e1rio Credencial Plena e exame dermatol\u00f3gico v\u00e1lidos.<\/p>\n<\/div>\n<div>De 1 a 4\/3. Segunda a domingo, 11h \u00e0s 12h.<br \/>\nPiscinas<br \/>\nGr\u00e1tis<br \/>\n12 anos<br \/>\n______________________________<wbr \/>______________________________<wbr \/>_________________<\/div>\n<div><\/div>\n<div>aula aberta<br \/>\n<b>Folia das Cores de Carnaval<\/b><br \/>\nCom Educadores do Sesc<\/p>\n<\/div>\n<div>Aula de ritmos com discotecagem e o melhor do ax\u00e9 music. E mais! Uma folia de cores aguarda os participantes, que s\u00e3o convidados a usar roupas brancas para entrarem na brincadeira.<\/p>\n<\/div>\n<div>Dias 1 e 2\/3. S\u00e1bado e domingo, 16h \u00e0s 17h.<br \/>\nPra\u00e7a<br \/>\nGr\u00e1tis<br \/>\n12 anos<\/div>\n<div>______________________________<wbr \/>______________________________<wbr \/>_________________<\/div>\n<div><\/div>\n<div>aula aberta<br \/>\n<b>Folia de Ritmos<\/b><br \/>\nCom Educadores do Sesc<\/p>\n<\/div>\n<div>Com sonoridades que v\u00e3o das tradicionais marchinhas ao ax\u00e9 music, uma sequ\u00eancia de coreografias carnavalescas aguarda o p\u00fablico para essa aula de ritmos.<br \/>\nDias 3 e 4\/3. Segunda e ter\u00e7a, 15h \u00e0s 16h.<br \/>\nPra\u00e7a<br \/>\nGr\u00e1tis<br \/>\n12 anos<\/div>\n<div>___________________________________________________________________________________<br \/>\n<b>Crian\u00e7as<\/b><\/div>\n<div><\/div>\n<div>show<br \/>\n<b>Chiquito no Fub\u00e1 | Folia para Beb\u00eas e Crian\u00e7as\u00a0<\/b><br \/>\nCom Chic Hernandez e Bloco do Fub\u00e1<\/p>\n<\/div>\n<div>A uni\u00e3o da banda Chic Hernandez com o Bloco do Fub\u00e1 originou o bloco Chiquito no Fub\u00e1. Com muita m\u00fasica, alegria, divers\u00e3o e interven\u00e7\u00f5es art\u00edsticas, o bloco promete animar o s\u00e1bado de Carnaval.<\/div>\n<div><\/div>\n<div>Dia 1\/3. S\u00e1bado, 10h30.<\/div>\n<div>Conviv\u00eancia<br \/>\nGr\u00e1tis<\/div>\n<div>AL<br \/>\n______________________________<wbr \/>______________________________<wbr \/>______________________<\/div>\n<div>viv\u00eancia<br \/>\n<b>Teter\u00ea-Tet\u00ea: Oficina de Balangand\u00e3<\/b><\/div>\n<div>Com educadores do Sesc<\/div>\n<div>\nOficina de balangand\u00e3, brinquedo de origem afro-brasileira, destinada a beb\u00eas, crian\u00e7as e seus adultos de refer\u00eancia.<\/p>\n<\/div>\n<div>Dias 1 e 3\/3. S\u00e1bado e segunda, 14h \u00e0s 15h30.<\/div>\n<div>Espa\u00e7o de Brincar<\/div>\n<div>Gr\u00e1tis<\/div>\n<div>Senhas 30 min. antes<br \/>\nAt\u00e9 6 anos<br \/>\n______________________________<wbr \/>______________________________<wbr \/>______________________<\/div>\n<div>oficina<br \/>\n<b>Coroas de Carnaval: Brilho, Cor e Alegria!<\/b><br \/>\nCom educadores do Sesc<\/div>\n<div><\/div>\n<div>Nessa oficina manual, cada crian\u00e7a dar\u00e1 vida \u00e0 sua coroa de papel.<\/div>\n<div>\nDe 1 a 4\/3. Segunda a domingo, 14h \u00e0s 15h30.<\/div>\n<div>Varanda de M\u00faltiplo Uso<br \/>\nGr\u00e1tis<\/div>\n<div>Senhas 30 min. antes<br \/>\n6 a 12 anos<br \/>\n______________________________<wbr \/>______________________________<wbr \/>______________________<\/div>\n<div>viv\u00eancia<br \/>\n<b>Carna-Er\u00ea: Oficina de M\u00e1scaras<\/b><br \/>\nCom educadores do Sesc<\/p>\n<\/div>\n<div>Cria\u00e7\u00e3o de m\u00e1scaras de carnaval utilizando elementos da natureza, onde o faz-de-conta e os elementos carnavalescos s\u00e3o parte da brincadeira.<\/p>\n<\/div>\n<div>Dias 2 e 4\/3. Domingo e ter\u00e7a, 10h30 \u00e0s 12h.<\/div>\n<div>Espa\u00e7o de Brincar<\/div>\n<div>Gr\u00e1tis<\/div>\n<div>Senhas 30 min. antes<br \/>\n3 a 6 anos<br \/>\n______________________________<wbr \/>______________________________<wbr \/>______________________<\/div>\n<div>show<br \/>\n<b>Bloco Filhote e O Carnaval dos Bichos<\/b><\/div>\n<div>Com Cia. Viagens Musicais<\/div>\n<div>\nFeito especialmente para beb\u00eas, o show apresenta m\u00fasicas autorais, brincadeiras e jogos musicais que passeiam pelo cancioneiro popular e fazem refer\u00eancias a cl\u00e1ssicos da m\u00fasica popular brasileira.<\/p>\n<\/div>\n<div>Dia 3\/3. Segunda, 10h30.<\/div>\n<div>Conviv\u00eancia<\/div>\n<div>Gr\u00e1tis<\/div>\n<div>AL<\/p>\n<\/div>\n<div>____________________________________________________________________________________<\/div>\n<div><b>Jovens<\/b><\/div>\n<div><\/div>\n<div>ateli\u00ea<br \/>\n<b>Esta\u00e7\u00e3o Folia<\/b><br \/>\nCom educadores do Sesc<\/div>\n<div><\/div>\n<div>Cada pessoa poder\u00e1 diversificar o visual com makes vibrantes, penteados coloridos e muito brilho, al\u00e9m de personalizar acess\u00f3rios como tiaras e brincos. Um espa\u00e7o aberto para a divers\u00e3o, a conex\u00e3o e a descoberta de novas possibilidades de express\u00e3o.<\/div>\n<div><\/div>\n<div>De 1 a 4\/3. S\u00e1bado a ter\u00e7a, 15h \u00e0s 18h.<\/div>\n<div>Espa\u00e7o Juventudes<\/div>\n<div>Gr\u00e1tis<\/div>\n<div>Senhas 30 min. antes<br \/>\n13 a 29 anos<\/div>\n","protected":false},"excerpt":{"rendered":"<p>De 27 de fevereiro a 4 de mar\u00e7o, oficinas de instrumentos musicais, de adere\u00e7os, aulas esportivas especiais, cortejo e shows para todas as idades M\u00fasica Show<span class=\"excerpt-hellip\"> [\u2026]<\/span><\/p>\n","protected":false},"author":10,"featured_media":54172,"comment_status":"open","ping_status":"open","sticky":false,"template":"","format":"standard","meta":{"_jetpack_memberships_contains_paid_content":false,"footnotes":"","jetpack_publicize_message":"","jetpack_publicize_feature_enabled":true,"jetpack_social_post_already_shared":true,"jetpack_social_options":{"image_generator_settings":{"template":"highway","default_image_id":0,"enabled":false},"version":2}},"categories":[28,44],"tags":[],"class_list":["post-54171","post","type-post","status-publish","format-standard","has-post-thumbnail","hentry","category-cotidiano","category-noticias"],"yoast_head":"<!-- This site is optimized with the Yoast SEO plugin v25.6 - https:\/\/yoast.com\/wordpress\/plugins\/seo\/ -->\n<title>Sesc Franca tem programa\u00e7\u00e3o especial no per\u00edodo de carnaval - VerdadeOn<\/title>\n<meta name=\"robots\" content=\"index, follow, max-snippet:-1, max-image-preview:large, max-video-preview:-1\" \/>\n<link rel=\"canonical\" href=\"https:\/\/verdadeon.com.br\/portal\/2025\/02\/25\/sesc-franca-tem-programacao-especial-no-periodo-de-carnaval\/\" \/>\n<meta property=\"og:locale\" content=\"pt_BR\" \/>\n<meta property=\"og:type\" content=\"article\" \/>\n<meta property=\"og:title\" content=\"Sesc Franca tem programa\u00e7\u00e3o especial no per\u00edodo de carnaval - VerdadeOn\" \/>\n<meta property=\"og:description\" content=\"De 27 de fevereiro a 4 de mar\u00e7o, oficinas de instrumentos musicais, de adere\u00e7os, aulas esportivas especiais, cortejo e shows para todas as idades M\u00fasica Show [\u2026]\" \/>\n<meta property=\"og:url\" content=\"https:\/\/verdadeon.com.br\/portal\/2025\/02\/25\/sesc-franca-tem-programacao-especial-no-periodo-de-carnaval\/\" \/>\n<meta property=\"og:site_name\" content=\"VerdadeOn\" \/>\n<meta property=\"article:published_time\" content=\"2025-02-25T17:21:03+00:00\" \/>\n<meta property=\"og:image\" content=\"https:\/\/verdadeon.com.br\/portal\/wp-content\/uploads\/2025\/02\/image-44.jpg\" \/>\n\t<meta property=\"og:image:width\" content=\"709\" \/>\n\t<meta property=\"og:image:height\" content=\"472\" \/>\n\t<meta property=\"og:image:type\" content=\"image\/jpeg\" \/>\n<meta name=\"author\" content=\"Redacao VerdadeOn\" \/>\n<meta name=\"twitter:card\" content=\"summary_large_image\" \/>\n<meta name=\"twitter:label1\" content=\"Escrito por\" \/>\n\t<meta name=\"twitter:data1\" content=\"Redacao VerdadeOn\" \/>\n\t<meta name=\"twitter:label2\" content=\"Est. tempo de leitura\" \/>\n\t<meta name=\"twitter:data2\" content=\"6 minutos\" \/>\n<script type=\"application\/ld+json\" class=\"yoast-schema-graph\">{\"@context\":\"https:\/\/schema.org\",\"@graph\":[{\"@type\":\"WebPage\",\"@id\":\"https:\/\/verdadeon.com.br\/portal\/2025\/02\/25\/sesc-franca-tem-programacao-especial-no-periodo-de-carnaval\/\",\"url\":\"https:\/\/verdadeon.com.br\/portal\/2025\/02\/25\/sesc-franca-tem-programacao-especial-no-periodo-de-carnaval\/\",\"name\":\"Sesc Franca tem programa\u00e7\u00e3o especial no per\u00edodo de carnaval - VerdadeOn\",\"isPartOf\":{\"@id\":\"https:\/\/verdadeon.com.br\/portal\/#website\"},\"primaryImageOfPage\":{\"@id\":\"https:\/\/verdadeon.com.br\/portal\/2025\/02\/25\/sesc-franca-tem-programacao-especial-no-periodo-de-carnaval\/#primaryimage\"},\"image\":{\"@id\":\"https:\/\/verdadeon.com.br\/portal\/2025\/02\/25\/sesc-franca-tem-programacao-especial-no-periodo-de-carnaval\/#primaryimage\"},\"thumbnailUrl\":\"https:\/\/i0.wp.com\/verdadeon.com.br\/portal\/wp-content\/uploads\/2025\/02\/image-44.jpg?fit=709%2C472&ssl=1\",\"datePublished\":\"2025-02-25T17:21:03+00:00\",\"author\":{\"@id\":\"https:\/\/verdadeon.com.br\/portal\/#\/schema\/person\/a5060ad1e9ea3df545188fc93ce43d2f\"},\"breadcrumb\":{\"@id\":\"https:\/\/verdadeon.com.br\/portal\/2025\/02\/25\/sesc-franca-tem-programacao-especial-no-periodo-de-carnaval\/#breadcrumb\"},\"inLanguage\":\"pt-BR\",\"potentialAction\":[{\"@type\":\"ReadAction\",\"target\":[\"https:\/\/verdadeon.com.br\/portal\/2025\/02\/25\/sesc-franca-tem-programacao-especial-no-periodo-de-carnaval\/\"]}]},{\"@type\":\"ImageObject\",\"inLanguage\":\"pt-BR\",\"@id\":\"https:\/\/verdadeon.com.br\/portal\/2025\/02\/25\/sesc-franca-tem-programacao-especial-no-periodo-de-carnaval\/#primaryimage\",\"url\":\"https:\/\/i0.wp.com\/verdadeon.com.br\/portal\/wp-content\/uploads\/2025\/02\/image-44.jpg?fit=709%2C472&ssl=1\",\"contentUrl\":\"https:\/\/i0.wp.com\/verdadeon.com.br\/portal\/wp-content\/uploads\/2025\/02\/image-44.jpg?fit=709%2C472&ssl=1\",\"width\":709,\"height\":472,\"caption\":\"Chiquito no Fub\u00e1 (\u00a9Raiza Ferreira)\"},{\"@type\":\"BreadcrumbList\",\"@id\":\"https:\/\/verdadeon.com.br\/portal\/2025\/02\/25\/sesc-franca-tem-programacao-especial-no-periodo-de-carnaval\/#breadcrumb\",\"itemListElement\":[{\"@type\":\"ListItem\",\"position\":1,\"name\":\"In\u00edcio\",\"item\":\"https:\/\/verdadeon.com.br\/portal\/\"},{\"@type\":\"ListItem\",\"position\":2,\"name\":\"Sesc Franca tem programa\u00e7\u00e3o especial no per\u00edodo de carnaval\"}]},{\"@type\":\"WebSite\",\"@id\":\"https:\/\/verdadeon.com.br\/portal\/#website\",\"url\":\"https:\/\/verdadeon.com.br\/portal\/\",\"name\":\"VerdadeOn\",\"description\":\"Not\u00edcias di\u00e1rias sobre Franca, Regi\u00e3o, Esporte, Cultura, Cotidiano, Colunas. Cobertura nos principais eventos da cidade \u00e9 aqui - Verdadeon Franca\",\"potentialAction\":[{\"@type\":\"SearchAction\",\"target\":{\"@type\":\"EntryPoint\",\"urlTemplate\":\"https:\/\/verdadeon.com.br\/portal\/?s={search_term_string}\"},\"query-input\":{\"@type\":\"PropertyValueSpecification\",\"valueRequired\":true,\"valueName\":\"search_term_string\"}}],\"inLanguage\":\"pt-BR\"},{\"@type\":\"Person\",\"@id\":\"https:\/\/verdadeon.com.br\/portal\/#\/schema\/person\/a5060ad1e9ea3df545188fc93ce43d2f\",\"name\":\"Redacao VerdadeOn\",\"image\":{\"@type\":\"ImageObject\",\"inLanguage\":\"pt-BR\",\"@id\":\"https:\/\/verdadeon.com.br\/portal\/#\/schema\/person\/image\/\",\"url\":\"https:\/\/secure.gravatar.com\/avatar\/459a9613caaaf07f582c3d0841eea68bdd66f533e465e6ba8b9cb45619572cf4?s=96&d=mm&r=g\",\"contentUrl\":\"https:\/\/secure.gravatar.com\/avatar\/459a9613caaaf07f582c3d0841eea68bdd66f533e465e6ba8b9cb45619572cf4?s=96&d=mm&r=g\",\"caption\":\"Redacao VerdadeOn\"},\"url\":\"https:\/\/verdadeon.com.br\/portal\/author\/redacao\/\"}]}<\/script>\n<!-- \/ Yoast SEO plugin. -->","yoast_head_json":{"title":"Sesc Franca tem programa\u00e7\u00e3o especial no per\u00edodo de carnaval - VerdadeOn","robots":{"index":"index","follow":"follow","max-snippet":"max-snippet:-1","max-image-preview":"max-image-preview:large","max-video-preview":"max-video-preview:-1"},"canonical":"https:\/\/verdadeon.com.br\/portal\/2025\/02\/25\/sesc-franca-tem-programacao-especial-no-periodo-de-carnaval\/","og_locale":"pt_BR","og_type":"article","og_title":"Sesc Franca tem programa\u00e7\u00e3o especial no per\u00edodo de carnaval - VerdadeOn","og_description":"De 27 de fevereiro a 4 de mar\u00e7o, oficinas de instrumentos musicais, de adere\u00e7os, aulas esportivas especiais, cortejo e shows para todas as idades M\u00fasica Show [\u2026]","og_url":"https:\/\/verdadeon.com.br\/portal\/2025\/02\/25\/sesc-franca-tem-programacao-especial-no-periodo-de-carnaval\/","og_site_name":"VerdadeOn","article_published_time":"2025-02-25T17:21:03+00:00","og_image":[{"width":709,"height":472,"url":"https:\/\/verdadeon.com.br\/portal\/wp-content\/uploads\/2025\/02\/image-44.jpg","type":"image\/jpeg"}],"author":"Redacao VerdadeOn","twitter_card":"summary_large_image","twitter_misc":{"Escrito por":"Redacao VerdadeOn","Est. tempo de leitura":"6 minutos"},"schema":{"@context":"https:\/\/schema.org","@graph":[{"@type":"WebPage","@id":"https:\/\/verdadeon.com.br\/portal\/2025\/02\/25\/sesc-franca-tem-programacao-especial-no-periodo-de-carnaval\/","url":"https:\/\/verdadeon.com.br\/portal\/2025\/02\/25\/sesc-franca-tem-programacao-especial-no-periodo-de-carnaval\/","name":"Sesc Franca tem programa\u00e7\u00e3o especial no per\u00edodo de carnaval - VerdadeOn","isPartOf":{"@id":"https:\/\/verdadeon.com.br\/portal\/#website"},"primaryImageOfPage":{"@id":"https:\/\/verdadeon.com.br\/portal\/2025\/02\/25\/sesc-franca-tem-programacao-especial-no-periodo-de-carnaval\/#primaryimage"},"image":{"@id":"https:\/\/verdadeon.com.br\/portal\/2025\/02\/25\/sesc-franca-tem-programacao-especial-no-periodo-de-carnaval\/#primaryimage"},"thumbnailUrl":"https:\/\/i0.wp.com\/verdadeon.com.br\/portal\/wp-content\/uploads\/2025\/02\/image-44.jpg?fit=709%2C472&ssl=1","datePublished":"2025-02-25T17:21:03+00:00","author":{"@id":"https:\/\/verdadeon.com.br\/portal\/#\/schema\/person\/a5060ad1e9ea3df545188fc93ce43d2f"},"breadcrumb":{"@id":"https:\/\/verdadeon.com.br\/portal\/2025\/02\/25\/sesc-franca-tem-programacao-especial-no-periodo-de-carnaval\/#breadcrumb"},"inLanguage":"pt-BR","potentialAction":[{"@type":"ReadAction","target":["https:\/\/verdadeon.com.br\/portal\/2025\/02\/25\/sesc-franca-tem-programacao-especial-no-periodo-de-carnaval\/"]}]},{"@type":"ImageObject","inLanguage":"pt-BR","@id":"https:\/\/verdadeon.com.br\/portal\/2025\/02\/25\/sesc-franca-tem-programacao-especial-no-periodo-de-carnaval\/#primaryimage","url":"https:\/\/i0.wp.com\/verdadeon.com.br\/portal\/wp-content\/uploads\/2025\/02\/image-44.jpg?fit=709%2C472&ssl=1","contentUrl":"https:\/\/i0.wp.com\/verdadeon.com.br\/portal\/wp-content\/uploads\/2025\/02\/image-44.jpg?fit=709%2C472&ssl=1","width":709,"height":472,"caption":"Chiquito no Fub\u00e1 (\u00a9Raiza Ferreira)"},{"@type":"BreadcrumbList","@id":"https:\/\/verdadeon.com.br\/portal\/2025\/02\/25\/sesc-franca-tem-programacao-especial-no-periodo-de-carnaval\/#breadcrumb","itemListElement":[{"@type":"ListItem","position":1,"name":"In\u00edcio","item":"https:\/\/verdadeon.com.br\/portal\/"},{"@type":"ListItem","position":2,"name":"Sesc Franca tem programa\u00e7\u00e3o especial no per\u00edodo de carnaval"}]},{"@type":"WebSite","@id":"https:\/\/verdadeon.com.br\/portal\/#website","url":"https:\/\/verdadeon.com.br\/portal\/","name":"VerdadeOn","description":"Not\u00edcias di\u00e1rias sobre Franca, Regi\u00e3o, Esporte, Cultura, Cotidiano, Colunas. Cobertura nos principais eventos da cidade \u00e9 aqui - Verdadeon Franca","potentialAction":[{"@type":"SearchAction","target":{"@type":"EntryPoint","urlTemplate":"https:\/\/verdadeon.com.br\/portal\/?s={search_term_string}"},"query-input":{"@type":"PropertyValueSpecification","valueRequired":true,"valueName":"search_term_string"}}],"inLanguage":"pt-BR"},{"@type":"Person","@id":"https:\/\/verdadeon.com.br\/portal\/#\/schema\/person\/a5060ad1e9ea3df545188fc93ce43d2f","name":"Redacao VerdadeOn","image":{"@type":"ImageObject","inLanguage":"pt-BR","@id":"https:\/\/verdadeon.com.br\/portal\/#\/schema\/person\/image\/","url":"https:\/\/secure.gravatar.com\/avatar\/459a9613caaaf07f582c3d0841eea68bdd66f533e465e6ba8b9cb45619572cf4?s=96&d=mm&r=g","contentUrl":"https:\/\/secure.gravatar.com\/avatar\/459a9613caaaf07f582c3d0841eea68bdd66f533e465e6ba8b9cb45619572cf4?s=96&d=mm&r=g","caption":"Redacao VerdadeOn"},"url":"https:\/\/verdadeon.com.br\/portal\/author\/redacao\/"}]}},"jetpack_publicize_connections":[],"jetpack_featured_media_url":"https:\/\/i0.wp.com\/verdadeon.com.br\/portal\/wp-content\/uploads\/2025\/02\/image-44.jpg?fit=709%2C472&ssl=1","jetpack_sharing_enabled":true,"_links":{"self":[{"href":"https:\/\/verdadeon.com.br\/portal\/wp-json\/wp\/v2\/posts\/54171","targetHints":{"allow":["GET"]}}],"collection":[{"href":"https:\/\/verdadeon.com.br\/portal\/wp-json\/wp\/v2\/posts"}],"about":[{"href":"https:\/\/verdadeon.com.br\/portal\/wp-json\/wp\/v2\/types\/post"}],"author":[{"embeddable":true,"href":"https:\/\/verdadeon.com.br\/portal\/wp-json\/wp\/v2\/users\/10"}],"replies":[{"embeddable":true,"href":"https:\/\/verdadeon.com.br\/portal\/wp-json\/wp\/v2\/comments?post=54171"}],"version-history":[{"count":1,"href":"https:\/\/verdadeon.com.br\/portal\/wp-json\/wp\/v2\/posts\/54171\/revisions"}],"predecessor-version":[{"id":54173,"href":"https:\/\/verdadeon.com.br\/portal\/wp-json\/wp\/v2\/posts\/54171\/revisions\/54173"}],"wp:featuredmedia":[{"embeddable":true,"href":"https:\/\/verdadeon.com.br\/portal\/wp-json\/wp\/v2\/media\/54172"}],"wp:attachment":[{"href":"https:\/\/verdadeon.com.br\/portal\/wp-json\/wp\/v2\/media?parent=54171"}],"wp:term":[{"taxonomy":"category","embeddable":true,"href":"https:\/\/verdadeon.com.br\/portal\/wp-json\/wp\/v2\/categories?post=54171"},{"taxonomy":"post_tag","embeddable":true,"href":"https:\/\/verdadeon.com.br\/portal\/wp-json\/wp\/v2\/tags?post=54171"}],"curies":[{"name":"wp","href":"https:\/\/api.w.org\/{rel}","templated":true}]}}