{"id":54167,"date":"2025-02-25T12:31:33","date_gmt":"2025-02-25T15:31:33","guid":{"rendered":"https:\/\/verdadeon.com.br\/portal\/?p=54167"},"modified":"2025-02-25T12:48:18","modified_gmt":"2025-02-25T15:48:18","slug":"ie-acif-preve-movimentacao-de-r-12-milhoes-em-franca-em-razao-do-carnaval","status":"publish","type":"post","link":"https:\/\/verdadeon.com.br\/portal\/2025\/02\/25\/ie-acif-preve-movimentacao-de-r-12-milhoes-em-franca-em-razao-do-carnaval\/","title":{"rendered":"IE-ACIF prev\u00ea movimenta\u00e7\u00e3o de R$ 12 milh\u00f5es em Franca, em raz\u00e3o do Carnaval"},"content":{"rendered":"<h2>Sondagem mostra que 58% do com\u00e9rcio local espera ser impactado pela data<\/h2>\n<p>O Carnaval deve movimentar R$ 12 milh\u00f5es no com\u00e9rcio de bebidas e adere\u00e7os da cidade de Franca, em 2025. A proje\u00e7\u00e3o foi realizada pelo IE-ACIF (Instituto de Economia da Associa\u00e7\u00e3o do Com\u00e9rcio e Ind\u00fastria de Franca) e leva em considera\u00e7\u00e3o dados de abertura de CNPJs e faixa de faturamento relacionados ao porte das empresas ativas na cidade.<\/p>\n<p>\u201cO otimismo reflete o crescimento do Produto Interno Bruto (PIB) brasileiro, que deve registrar um avan\u00e7o entre 3% e 3,5% em 2024\u201d, afirma o economista respons\u00e1vel pelo IE-ACIF, Rodrigo Souza. \u201cEsse desempenho \u00e9 impulsionado pelo reajuste do sal\u00e1rio-m\u00ednimo e por programas de transfer\u00eancia de renda, que juntos podem acrescentar at\u00e9 2,2% ao PIB nacional. Al\u00e9m disso, a amplia\u00e7\u00e3o das contrata\u00e7\u00f5es no mercado de trabalho formal tem contribu\u00eddo para a redu\u00e7\u00e3o do desemprego, fortalecendo o consumo e impactando positivamente o com\u00e9rcio\u201d, diz.<\/p>\n<p>Al\u00e9m da proje\u00e7\u00e3o, o IE-ACIF realizou uma sondagem junto ao com\u00e9rcio local para saber sobre as expectativas para a data. O levantamento mostrou que 57,2% das empresas acreditam que o Carnaval ter\u00e1 influ\u00eancia direta sobre suas vendas. Destas, 72,7% esperam um aumento de at\u00e9 5%; outros 18,2% projetam um crescimento entre 5% e 10%, enquanto 9,1% acreditam que o faturamento pode superar os 10% de incremento.<\/p>\n<p>&nbsp;<\/p>\n<p><img loading=\"lazy\" decoding=\"async\" class=\"CToWUd a6T\" tabindex=\"0\" src=\"https:\/\/mail.google.com\/mail\/u\/0?ui=2&amp;ik=3c6b1a466c&amp;attid=0.0.3&amp;permmsgid=msg-f:1825035985729929460&amp;th=1953d48f3fbcc0f4&amp;view=fimg&amp;fur=ip&amp;permmsgid=msg-f:1825035985729929460&amp;sz=s0-l75-ft&amp;attbid=ANGjdJ-L57r0kc2vVfjAGYAEwiuqKL3lCrdUO4VTTU4D8hSwL_6Yr3SoV09aExGrBinrY4NTioZfDYoYZULeHYW8nyP9hQu0i89vD1X45xmV-t4zhcupBz0pDs4SIn0&amp;disp=emb&amp;realattid=ii_m7ked4663&amp;zw\" alt=\"image.png\" width=\"472\" height=\"198\" data-image-whitelisted=\"\" data-bit=\"iit\" \/><img loading=\"lazy\" decoding=\"async\" class=\"CToWUd a6T\" tabindex=\"0\" src=\"https:\/\/mail.google.com\/mail\/u\/0?ui=2&amp;ik=3c6b1a466c&amp;attid=0.0.4&amp;permmsgid=msg-f:1825035985729929460&amp;th=1953d48f3fbcc0f4&amp;view=fimg&amp;fur=ip&amp;permmsgid=msg-f:1825035985729929460&amp;sz=s0-l75-ft&amp;attbid=ANGjdJ8rXr1NkJMXqCrYswEP-zzrMKMFNEbk7NJ_uwiqHHMjZwHs84mQDuGLc_L35MMoGz64r8UIkYLch7anyeUIbEJycLcl-HWhuRGw19FyRY2x5qJfR1ttX2HjqHk&amp;disp=emb&amp;realattid=ii_m7kedd5b4&amp;zw\" alt=\"image.png\" width=\"472\" height=\"199\" data-image-whitelisted=\"\" data-bit=\"iit\" \/><\/p>\n<p>&nbsp;<\/p>\n<p>Em rela\u00e7\u00e3o \u00e0s estrat\u00e9gias de marketing, 51,5% dos empres\u00e1rios afirmaram que planejam realizar campanhas espec\u00edficas para o Carnaval. Entre as a\u00e7\u00f5es mais adotadas est\u00e3o:<\/p>\n<p>&nbsp;<\/p>\n<p>\u00b7\u00a0\u00a0\u00a0\u00a0\u00a0\u00a0\u00a0\u00a0\u00a0Ofertas especiais (rel\u00e2mpago, do dia, da semana ou do m\u00eas) \u2013 18,2%<\/p>\n<p>\u00b7\u00a0\u00a0\u00a0\u00a0\u00a0\u00a0\u00a0\u00a0\u00a0Descontos especiais \u2013 15,2%<\/p>\n<p>\u00b7\u00a0\u00a0\u00a0\u00a0\u00a0\u00a0\u00a0\u00a0\u00a0Sorteios e\/ou distribui\u00e7\u00e3o de brindes \u2013 9,1%<\/p>\n<p>\u00b7\u00a0\u00a0\u00a0\u00a0\u00a0\u00a0\u00a0\u00a0\u00a0Vendas parceladas \u2013 9,1%<\/p>\n<p>&nbsp;<\/p>\n<p><img loading=\"lazy\" decoding=\"async\" class=\"CToWUd a6T\" tabindex=\"0\" src=\"https:\/\/mail.google.com\/mail\/u\/0?ui=2&amp;ik=3c6b1a466c&amp;attid=0.0.1&amp;permmsgid=msg-f:1825035985729929460&amp;th=1953d48f3fbcc0f4&amp;view=fimg&amp;fur=ip&amp;permmsgid=msg-f:1825035985729929460&amp;sz=s0-l75-ft&amp;attbid=ANGjdJ9V5DZCwHfhan5KjozQ-yYAONKa1osJPj5QM9R_zKEWOQB1iW-RwkPm7Yr95bp_DyJ8ZV5WhZgMfckkbfqqJHYxIeTlNMwcLoShCrOUUGw4YtDLwnlUy32w8NQ&amp;disp=emb&amp;realattid=ii_m7kec9ro1&amp;zw\" alt=\"image.png\" width=\"472\" height=\"199\" data-image-whitelisted=\"\" data-bit=\"iit\" \/><\/p>\n<p>&nbsp;<\/p>\n<p>No quesito marketing, 66,6% dos empres\u00e1rios pretendem investir em estrat\u00e9gias para potencializar as vendas, sendo que 63,3% deles apostar\u00e3o nas redes sociais como principal canal de divulga\u00e7\u00e3o.<\/p>\n<p>&nbsp;<\/p>\n<p><img loading=\"lazy\" decoding=\"async\" class=\"CToWUd a6T\" tabindex=\"0\" src=\"https:\/\/mail.google.com\/mail\/u\/0?ui=2&amp;ik=3c6b1a466c&amp;attid=0.0.2&amp;permmsgid=msg-f:1825035985729929460&amp;th=1953d48f3fbcc0f4&amp;view=fimg&amp;fur=ip&amp;permmsgid=msg-f:1825035985729929460&amp;sz=s0-l75-ft&amp;attbid=ANGjdJ-Mvu_0WtBR0-D_PFIcY1ZlWjhjE_dCp_tcB5NX9zYWokiRNyMS7t6r7d66xESpZTUsNxJjYdcUvMMqfSkfDaFpe88YKq2krqg1nrnl3vLI7QA8rSYvh0E915c&amp;disp=emb&amp;realattid=ii_m7kecqf92&amp;zw\" alt=\"image.png\" width=\"569\" height=\"240\" data-image-whitelisted=\"\" data-bit=\"iit\" \/><\/p>\n<p>&nbsp;<\/p>\n<p><b>Sobre a Sondagem<\/b><\/p>\n<p>A pesquisa de opini\u00e3o foi realizada de forma online pelo IE-ACIF, por meio de seus canais de comunica\u00e7\u00e3o, e contou com a participa\u00e7\u00e3o de 33 empres\u00e1rios dos setores de agroneg\u00f3cio, servi\u00e7os e com\u00e9rcio da cidade de Franca-SP.<\/p>\n","protected":false},"excerpt":{"rendered":"<p>Sondagem mostra que 58% do com\u00e9rcio local espera ser impactado pela data O Carnaval deve movimentar R$ 12 milh\u00f5es no com\u00e9rcio de bebidas e adere\u00e7os da<span class=\"excerpt-hellip\"> [\u2026]<\/span><\/p>\n","protected":false},"author":10,"featured_media":54170,"comment_status":"open","ping_status":"open","sticky":false,"template":"","format":"standard","meta":{"_jetpack_memberships_contains_paid_content":false,"footnotes":"","jetpack_publicize_message":"","jetpack_publicize_feature_enabled":true,"jetpack_social_post_already_shared":true,"jetpack_social_options":{"image_generator_settings":{"template":"highway","default_image_id":0,"enabled":false},"version":2}},"categories":[28,81],"tags":[],"class_list":["post-54167","post","type-post","status-publish","format-standard","has-post-thumbnail","hentry","category-cotidiano","category-manchete"],"yoast_head":"<!-- This site is optimized with the Yoast SEO plugin v25.6 - https:\/\/yoast.com\/wordpress\/plugins\/seo\/ -->\n<title>IE-ACIF prev\u00ea movimenta\u00e7\u00e3o de R$ 12 milh\u00f5es em Franca, em raz\u00e3o do Carnaval - VerdadeOn<\/title>\n<meta name=\"robots\" content=\"index, follow, max-snippet:-1, max-image-preview:large, max-video-preview:-1\" \/>\n<link rel=\"canonical\" href=\"https:\/\/verdadeon.com.br\/portal\/2025\/02\/25\/ie-acif-preve-movimentacao-de-r-12-milhoes-em-franca-em-razao-do-carnaval\/\" \/>\n<meta property=\"og:locale\" content=\"pt_BR\" \/>\n<meta property=\"og:type\" content=\"article\" \/>\n<meta property=\"og:title\" content=\"IE-ACIF prev\u00ea movimenta\u00e7\u00e3o de R$ 12 milh\u00f5es em Franca, em raz\u00e3o do Carnaval - VerdadeOn\" \/>\n<meta property=\"og:description\" content=\"Sondagem mostra que 58% do com\u00e9rcio local espera ser impactado pela data O Carnaval deve movimentar R$ 12 milh\u00f5es no com\u00e9rcio de bebidas e adere\u00e7os da [\u2026]\" \/>\n<meta property=\"og:url\" content=\"https:\/\/verdadeon.com.br\/portal\/2025\/02\/25\/ie-acif-preve-movimentacao-de-r-12-milhoes-em-franca-em-razao-do-carnaval\/\" \/>\n<meta property=\"og:site_name\" content=\"VerdadeOn\" \/>\n<meta property=\"article:published_time\" content=\"2025-02-25T15:31:33+00:00\" \/>\n<meta property=\"article:modified_time\" content=\"2025-02-25T15:48:18+00:00\" \/>\n<meta property=\"og:image\" content=\"https:\/\/verdadeon.com.br\/portal\/wp-content\/uploads\/2025\/02\/comercio_franca_carnaval-1-1024x686.png\" \/>\n\t<meta property=\"og:image:width\" content=\"1024\" \/>\n\t<meta property=\"og:image:height\" content=\"686\" \/>\n\t<meta property=\"og:image:type\" content=\"image\/png\" \/>\n<meta name=\"author\" content=\"Redacao VerdadeOn\" \/>\n<meta name=\"twitter:card\" content=\"summary_large_image\" \/>\n<meta name=\"twitter:label1\" content=\"Escrito por\" \/>\n\t<meta name=\"twitter:data1\" content=\"Redacao VerdadeOn\" \/>\n\t<meta name=\"twitter:label2\" content=\"Est. tempo de leitura\" \/>\n\t<meta name=\"twitter:data2\" content=\"3 minutos\" \/>\n<script type=\"application\/ld+json\" class=\"yoast-schema-graph\">{\"@context\":\"https:\/\/schema.org\",\"@graph\":[{\"@type\":\"WebPage\",\"@id\":\"https:\/\/verdadeon.com.br\/portal\/2025\/02\/25\/ie-acif-preve-movimentacao-de-r-12-milhoes-em-franca-em-razao-do-carnaval\/\",\"url\":\"https:\/\/verdadeon.com.br\/portal\/2025\/02\/25\/ie-acif-preve-movimentacao-de-r-12-milhoes-em-franca-em-razao-do-carnaval\/\",\"name\":\"IE-ACIF prev\u00ea movimenta\u00e7\u00e3o de R$ 12 milh\u00f5es em Franca, em raz\u00e3o do Carnaval - VerdadeOn\",\"isPartOf\":{\"@id\":\"https:\/\/verdadeon.com.br\/portal\/#website\"},\"primaryImageOfPage\":{\"@id\":\"https:\/\/verdadeon.com.br\/portal\/2025\/02\/25\/ie-acif-preve-movimentacao-de-r-12-milhoes-em-franca-em-razao-do-carnaval\/#primaryimage\"},\"image\":{\"@id\":\"https:\/\/verdadeon.com.br\/portal\/2025\/02\/25\/ie-acif-preve-movimentacao-de-r-12-milhoes-em-franca-em-razao-do-carnaval\/#primaryimage\"},\"thumbnailUrl\":\"https:\/\/i0.wp.com\/verdadeon.com.br\/portal\/wp-content\/uploads\/2025\/02\/comercio_franca_carnaval-1.png?fit=2986%2C2000&ssl=1\",\"datePublished\":\"2025-02-25T15:31:33+00:00\",\"dateModified\":\"2025-02-25T15:48:18+00:00\",\"author\":{\"@id\":\"https:\/\/verdadeon.com.br\/portal\/#\/schema\/person\/a5060ad1e9ea3df545188fc93ce43d2f\"},\"breadcrumb\":{\"@id\":\"https:\/\/verdadeon.com.br\/portal\/2025\/02\/25\/ie-acif-preve-movimentacao-de-r-12-milhoes-em-franca-em-razao-do-carnaval\/#breadcrumb\"},\"inLanguage\":\"pt-BR\",\"potentialAction\":[{\"@type\":\"ReadAction\",\"target\":[\"https:\/\/verdadeon.com.br\/portal\/2025\/02\/25\/ie-acif-preve-movimentacao-de-r-12-milhoes-em-franca-em-razao-do-carnaval\/\"]}]},{\"@type\":\"ImageObject\",\"inLanguage\":\"pt-BR\",\"@id\":\"https:\/\/verdadeon.com.br\/portal\/2025\/02\/25\/ie-acif-preve-movimentacao-de-r-12-milhoes-em-franca-em-razao-do-carnaval\/#primaryimage\",\"url\":\"https:\/\/i0.wp.com\/verdadeon.com.br\/portal\/wp-content\/uploads\/2025\/02\/comercio_franca_carnaval-1.png?fit=2986%2C2000&ssl=1\",\"contentUrl\":\"https:\/\/i0.wp.com\/verdadeon.com.br\/portal\/wp-content\/uploads\/2025\/02\/comercio_franca_carnaval-1.png?fit=2986%2C2000&ssl=1\",\"width\":2986,\"height\":2000,\"caption\":\"Confira as expectativas do com\u00e9rcio de Franca para o Carnaval (\u00a9Tarissa Esteves\/ACIF)\"},{\"@type\":\"BreadcrumbList\",\"@id\":\"https:\/\/verdadeon.com.br\/portal\/2025\/02\/25\/ie-acif-preve-movimentacao-de-r-12-milhoes-em-franca-em-razao-do-carnaval\/#breadcrumb\",\"itemListElement\":[{\"@type\":\"ListItem\",\"position\":1,\"name\":\"In\u00edcio\",\"item\":\"https:\/\/verdadeon.com.br\/portal\/\"},{\"@type\":\"ListItem\",\"position\":2,\"name\":\"IE-ACIF prev\u00ea movimenta\u00e7\u00e3o de R$ 12 milh\u00f5es em Franca, em raz\u00e3o do Carnaval\"}]},{\"@type\":\"WebSite\",\"@id\":\"https:\/\/verdadeon.com.br\/portal\/#website\",\"url\":\"https:\/\/verdadeon.com.br\/portal\/\",\"name\":\"VerdadeOn\",\"description\":\"Not\u00edcias di\u00e1rias sobre Franca, Regi\u00e3o, Esporte, Cultura, Cotidiano, Colunas. Cobertura nos principais eventos da cidade \u00e9 aqui - Verdadeon Franca\",\"potentialAction\":[{\"@type\":\"SearchAction\",\"target\":{\"@type\":\"EntryPoint\",\"urlTemplate\":\"https:\/\/verdadeon.com.br\/portal\/?s={search_term_string}\"},\"query-input\":{\"@type\":\"PropertyValueSpecification\",\"valueRequired\":true,\"valueName\":\"search_term_string\"}}],\"inLanguage\":\"pt-BR\"},{\"@type\":\"Person\",\"@id\":\"https:\/\/verdadeon.com.br\/portal\/#\/schema\/person\/a5060ad1e9ea3df545188fc93ce43d2f\",\"name\":\"Redacao VerdadeOn\",\"image\":{\"@type\":\"ImageObject\",\"inLanguage\":\"pt-BR\",\"@id\":\"https:\/\/verdadeon.com.br\/portal\/#\/schema\/person\/image\/\",\"url\":\"https:\/\/secure.gravatar.com\/avatar\/459a9613caaaf07f582c3d0841eea68bdd66f533e465e6ba8b9cb45619572cf4?s=96&d=mm&r=g\",\"contentUrl\":\"https:\/\/secure.gravatar.com\/avatar\/459a9613caaaf07f582c3d0841eea68bdd66f533e465e6ba8b9cb45619572cf4?s=96&d=mm&r=g\",\"caption\":\"Redacao VerdadeOn\"},\"url\":\"https:\/\/verdadeon.com.br\/portal\/author\/redacao\/\"}]}<\/script>\n<!-- \/ Yoast SEO plugin. -->","yoast_head_json":{"title":"IE-ACIF prev\u00ea movimenta\u00e7\u00e3o de R$ 12 milh\u00f5es em Franca, em raz\u00e3o do Carnaval - VerdadeOn","robots":{"index":"index","follow":"follow","max-snippet":"max-snippet:-1","max-image-preview":"max-image-preview:large","max-video-preview":"max-video-preview:-1"},"canonical":"https:\/\/verdadeon.com.br\/portal\/2025\/02\/25\/ie-acif-preve-movimentacao-de-r-12-milhoes-em-franca-em-razao-do-carnaval\/","og_locale":"pt_BR","og_type":"article","og_title":"IE-ACIF prev\u00ea movimenta\u00e7\u00e3o de R$ 12 milh\u00f5es em Franca, em raz\u00e3o do Carnaval - VerdadeOn","og_description":"Sondagem mostra que 58% do com\u00e9rcio local espera ser impactado pela data O Carnaval deve movimentar R$ 12 milh\u00f5es no com\u00e9rcio de bebidas e adere\u00e7os da [\u2026]","og_url":"https:\/\/verdadeon.com.br\/portal\/2025\/02\/25\/ie-acif-preve-movimentacao-de-r-12-milhoes-em-franca-em-razao-do-carnaval\/","og_site_name":"VerdadeOn","article_published_time":"2025-02-25T15:31:33+00:00","article_modified_time":"2025-02-25T15:48:18+00:00","og_image":[{"width":1024,"height":686,"url":"https:\/\/verdadeon.com.br\/portal\/wp-content\/uploads\/2025\/02\/comercio_franca_carnaval-1-1024x686.png","type":"image\/png"}],"author":"Redacao VerdadeOn","twitter_card":"summary_large_image","twitter_misc":{"Escrito por":"Redacao VerdadeOn","Est. tempo de leitura":"3 minutos"},"schema":{"@context":"https:\/\/schema.org","@graph":[{"@type":"WebPage","@id":"https:\/\/verdadeon.com.br\/portal\/2025\/02\/25\/ie-acif-preve-movimentacao-de-r-12-milhoes-em-franca-em-razao-do-carnaval\/","url":"https:\/\/verdadeon.com.br\/portal\/2025\/02\/25\/ie-acif-preve-movimentacao-de-r-12-milhoes-em-franca-em-razao-do-carnaval\/","name":"IE-ACIF prev\u00ea movimenta\u00e7\u00e3o de R$ 12 milh\u00f5es em Franca, em raz\u00e3o do Carnaval - VerdadeOn","isPartOf":{"@id":"https:\/\/verdadeon.com.br\/portal\/#website"},"primaryImageOfPage":{"@id":"https:\/\/verdadeon.com.br\/portal\/2025\/02\/25\/ie-acif-preve-movimentacao-de-r-12-milhoes-em-franca-em-razao-do-carnaval\/#primaryimage"},"image":{"@id":"https:\/\/verdadeon.com.br\/portal\/2025\/02\/25\/ie-acif-preve-movimentacao-de-r-12-milhoes-em-franca-em-razao-do-carnaval\/#primaryimage"},"thumbnailUrl":"https:\/\/i0.wp.com\/verdadeon.com.br\/portal\/wp-content\/uploads\/2025\/02\/comercio_franca_carnaval-1.png?fit=2986%2C2000&ssl=1","datePublished":"2025-02-25T15:31:33+00:00","dateModified":"2025-02-25T15:48:18+00:00","author":{"@id":"https:\/\/verdadeon.com.br\/portal\/#\/schema\/person\/a5060ad1e9ea3df545188fc93ce43d2f"},"breadcrumb":{"@id":"https:\/\/verdadeon.com.br\/portal\/2025\/02\/25\/ie-acif-preve-movimentacao-de-r-12-milhoes-em-franca-em-razao-do-carnaval\/#breadcrumb"},"inLanguage":"pt-BR","potentialAction":[{"@type":"ReadAction","target":["https:\/\/verdadeon.com.br\/portal\/2025\/02\/25\/ie-acif-preve-movimentacao-de-r-12-milhoes-em-franca-em-razao-do-carnaval\/"]}]},{"@type":"ImageObject","inLanguage":"pt-BR","@id":"https:\/\/verdadeon.com.br\/portal\/2025\/02\/25\/ie-acif-preve-movimentacao-de-r-12-milhoes-em-franca-em-razao-do-carnaval\/#primaryimage","url":"https:\/\/i0.wp.com\/verdadeon.com.br\/portal\/wp-content\/uploads\/2025\/02\/comercio_franca_carnaval-1.png?fit=2986%2C2000&ssl=1","contentUrl":"https:\/\/i0.wp.com\/verdadeon.com.br\/portal\/wp-content\/uploads\/2025\/02\/comercio_franca_carnaval-1.png?fit=2986%2C2000&ssl=1","width":2986,"height":2000,"caption":"Confira as expectativas do com\u00e9rcio de Franca para o Carnaval (\u00a9Tarissa Esteves\/ACIF)"},{"@type":"BreadcrumbList","@id":"https:\/\/verdadeon.com.br\/portal\/2025\/02\/25\/ie-acif-preve-movimentacao-de-r-12-milhoes-em-franca-em-razao-do-carnaval\/#breadcrumb","itemListElement":[{"@type":"ListItem","position":1,"name":"In\u00edcio","item":"https:\/\/verdadeon.com.br\/portal\/"},{"@type":"ListItem","position":2,"name":"IE-ACIF prev\u00ea movimenta\u00e7\u00e3o de R$ 12 milh\u00f5es em Franca, em raz\u00e3o do Carnaval"}]},{"@type":"WebSite","@id":"https:\/\/verdadeon.com.br\/portal\/#website","url":"https:\/\/verdadeon.com.br\/portal\/","name":"VerdadeOn","description":"Not\u00edcias di\u00e1rias sobre Franca, Regi\u00e3o, Esporte, Cultura, Cotidiano, Colunas. Cobertura nos principais eventos da cidade \u00e9 aqui - Verdadeon Franca","potentialAction":[{"@type":"SearchAction","target":{"@type":"EntryPoint","urlTemplate":"https:\/\/verdadeon.com.br\/portal\/?s={search_term_string}"},"query-input":{"@type":"PropertyValueSpecification","valueRequired":true,"valueName":"search_term_string"}}],"inLanguage":"pt-BR"},{"@type":"Person","@id":"https:\/\/verdadeon.com.br\/portal\/#\/schema\/person\/a5060ad1e9ea3df545188fc93ce43d2f","name":"Redacao VerdadeOn","image":{"@type":"ImageObject","inLanguage":"pt-BR","@id":"https:\/\/verdadeon.com.br\/portal\/#\/schema\/person\/image\/","url":"https:\/\/secure.gravatar.com\/avatar\/459a9613caaaf07f582c3d0841eea68bdd66f533e465e6ba8b9cb45619572cf4?s=96&d=mm&r=g","contentUrl":"https:\/\/secure.gravatar.com\/avatar\/459a9613caaaf07f582c3d0841eea68bdd66f533e465e6ba8b9cb45619572cf4?s=96&d=mm&r=g","caption":"Redacao VerdadeOn"},"url":"https:\/\/verdadeon.com.br\/portal\/author\/redacao\/"}]}},"jetpack_publicize_connections":[],"jetpack_featured_media_url":"https:\/\/i0.wp.com\/verdadeon.com.br\/portal\/wp-content\/uploads\/2025\/02\/comercio_franca_carnaval-1.png?fit=2986%2C2000&ssl=1","jetpack_sharing_enabled":true,"_links":{"self":[{"href":"https:\/\/verdadeon.com.br\/portal\/wp-json\/wp\/v2\/posts\/54167","targetHints":{"allow":["GET"]}}],"collection":[{"href":"https:\/\/verdadeon.com.br\/portal\/wp-json\/wp\/v2\/posts"}],"about":[{"href":"https:\/\/verdadeon.com.br\/portal\/wp-json\/wp\/v2\/types\/post"}],"author":[{"embeddable":true,"href":"https:\/\/verdadeon.com.br\/portal\/wp-json\/wp\/v2\/users\/10"}],"replies":[{"embeddable":true,"href":"https:\/\/verdadeon.com.br\/portal\/wp-json\/wp\/v2\/comments?post=54167"}],"version-history":[{"count":1,"href":"https:\/\/verdadeon.com.br\/portal\/wp-json\/wp\/v2\/posts\/54167\/revisions"}],"predecessor-version":[{"id":54168,"href":"https:\/\/verdadeon.com.br\/portal\/wp-json\/wp\/v2\/posts\/54167\/revisions\/54168"}],"wp:featuredmedia":[{"embeddable":true,"href":"https:\/\/verdadeon.com.br\/portal\/wp-json\/wp\/v2\/media\/54170"}],"wp:attachment":[{"href":"https:\/\/verdadeon.com.br\/portal\/wp-json\/wp\/v2\/media?parent=54167"}],"wp:term":[{"taxonomy":"category","embeddable":true,"href":"https:\/\/verdadeon.com.br\/portal\/wp-json\/wp\/v2\/categories?post=54167"},{"taxonomy":"post_tag","embeddable":true,"href":"https:\/\/verdadeon.com.br\/portal\/wp-json\/wp\/v2\/tags?post=54167"}],"curies":[{"name":"wp","href":"https:\/\/api.w.org\/{rel}","templated":true}]}}