{"id":54137,"date":"2025-02-24T14:57:33","date_gmt":"2025-02-24T17:57:33","guid":{"rendered":"https:\/\/verdadeon.com.br\/portal\/?p=54137"},"modified":"2025-02-24T14:57:33","modified_gmt":"2025-02-24T17:57:33","slug":"transicao-energetica-da-industria-e-estrategica-para-a-economia-brasileira","status":"publish","type":"post","link":"https:\/\/verdadeon.com.br\/portal\/2025\/02\/24\/transicao-energetica-da-industria-e-estrategica-para-a-economia-brasileira\/","title":{"rendered":"Transi\u00e7\u00e3o energ\u00e9tica da ind\u00fastria \u00e9 estrat\u00e9gica para a economia brasileira"},"content":{"rendered":"<p style=\"text-align: right;\"><strong><em>*Rafael Cervone\u00a0\u00e9 o presidente do Centro das Ind\u00fastrias do Estado\u00a0de S\u00e3o Paulo (Ciesp) e primeiro vice-presidente da Federa\u00e7\u00e3o das\u00a0Ind\u00fastrias do Estado de S\u00e3o Paulo (Fiesp).<\/em><\/strong><\/p>\n<p>Quem pode questionar a necessidade da transi\u00e7\u00e3o energ\u00e9tica,\u00a0se Faisal Alibrahim, ministro da Economia e Planejamento da Ar\u00e1bia\u00a0Saudita \u2013 cuja rica economia \u00e9 quase totalmente baseada na\u00a0produ\u00e7\u00e3o e exporta\u00e7\u00e3o de petr\u00f3leo \u2013, afirmou, no recente F\u00f3rum\u00a0Econ\u00f4mico Mundial, em Davos, que, embora ainda haja demanda\u00a0global por combust\u00edveis f\u00f3sseis, o mundo n\u00e3o conseguir\u00e1 suportar se\u00a0n\u00e3o ocorrerem mudan\u00e7as para fontes verdes?<\/p>\n<p>De fato, a substitui\u00e7\u00e3o\u00a0dos hidrocarbonetos, respons\u00e1veis por cerca de 75% da emiss\u00e3o\u00a0global dos gases de efeito estufa, segundo relat\u00f3rio do Painel\u00a0Intergovernamental sobre Mudan\u00e7as Clim\u00e1ticas (IPCC), \u00e9 um fator\u00a0cr\u00edtico no combate ao aquecimento global e decisivo para o\u00a0desenvolvimento econ\u00f4mico sustent\u00e1vel.<\/p>\n<p>Cabe acentuar que a transi\u00e7\u00e3o para um novo modelo \u00e9 ainda\u00a0mais crucial para a ind\u00fastria, que responde por mais de 30% da\u00a0energia e quase 40% da eletricidade consumidas no Brasil. Esses\u00a0dados da Empresa de Pesquisa Energ\u00e9tica (EPE) apontam os\u00a0caminhos a serem seguidos e enfatizam o car\u00e1ter impreter\u00edvel das\u00a0transforma\u00e7\u00f5es.<\/p>\n<p>No nosso pa\u00eds, cerca de 55% da matriz energ\u00e9tica total s\u00e3o\u00a0referentes a fontes n\u00e3o renov\u00e1veis, especialmente petr\u00f3leo e g\u00e1s, e\u00a045%, renov\u00e1veis. Estamos muito mais avan\u00e7ados do que a m\u00e9dia\u00a0mundial, cujos \u00edndices s\u00e3o de 85% e 15%, respectivamente, e temos\u00a0potencial para progredir cada vez mais nesse campo, como se\u00a0evidencia nas estat\u00edsticas oficiais espec\u00edficas da matriz el\u00e9trica: dos\u00a0200 gigawatts atuais de nossa pot\u00eancia instalada, 84,25% s\u00e3o de\u00a0fontes renov\u00e1veis e 15,75%, n\u00e3o renov\u00e1veis.<\/p>\n<p>Al\u00e9m das hidrel\u00e9tricas, temos progredido na gera\u00e7\u00e3o e\u00f3lica e\u00a0solar, al\u00e9m da biomassa. A ind\u00fastria, com certeza, ir\u00e1 beneficiar-se\u00a0desse potencial, utilizando energia cada vez mais limpa e renov\u00e1vel.\u00a0A transi\u00e7\u00e3o, para se converter em ganhos expressivos de competitividade, precisa estar associada ao aporte tecnol\u00f3gico, como\u00a0a intelig\u00eancia artificial e a internet das coisas, por exemplo.<\/p>\n<p>O \u00eaxito desse movimento depender\u00e1 bastante do sucesso de\u00a0pol\u00edticas p\u00fablicas em curso, como o programa Nova Ind\u00fastria Brasil\u00a0(NIB), que visa modernizar e tornar o setor produtivo mais\u00a0sustent\u00e1vel. Outras iniciativas, como o Plano Nacional de Energia\u00a02050 e o Programa de Desenvolvimento da Gera\u00e7\u00e3o Distribu\u00edda de\u00a0Energia El\u00e9trica (ProGD), tamb\u00e9m s\u00e3o importantes para viabilizar\u00a0investimentos em equipamentos, tecnologias e processos voltados \u00e0\u00a0substitui\u00e7\u00e3o dos hidrocarbonetos.<\/p>\n<p>Precisamos agilizar esses avan\u00e7os, pois o fomento da ind\u00fastria\u00a0em s\u00f3lidas bases de sustentabilidade e produ\u00e7\u00e3o limpa, al\u00e9m de\u00a0todos os benef\u00edcios ambientais, \u00e9 decisivo para proporcionar\u00a0expressivo ganho de competitividade, com impacto direto muito\u00a0positivo para o nosso pa\u00eds. Afinal, considerando o peso e a\u00a0import\u00e2ncia do setor na economia, gera\u00e7\u00e3o de empregos,\u00a0exporta\u00e7\u00f5es, investimentos e inova\u00e7\u00e3o, seu impulsionamento ser\u00e1\u00a0determinante para que o Brasil tenha crescimento anual do PIB mais\u00a0substantivo, deixe de andar de lado e ascenda a patamares mais\u00a0elevados de renda e desenvolvimento.<\/p>\n","protected":false},"excerpt":{"rendered":"<p>*Rafael Cervone\u00a0\u00e9 o presidente do Centro das Ind\u00fastrias do Estado\u00a0de S\u00e3o Paulo (Ciesp) e primeiro vice-presidente da Federa\u00e7\u00e3o das\u00a0Ind\u00fastrias do Estado de S\u00e3o Paulo (Fiesp). Quem<span class=\"excerpt-hellip\"> [\u2026]<\/span><\/p>\n","protected":false},"author":10,"featured_media":24998,"comment_status":"open","ping_status":"open","sticky":false,"template":"","format":"standard","meta":{"_jetpack_memberships_contains_paid_content":false,"footnotes":"","jetpack_publicize_message":"","jetpack_publicize_feature_enabled":true,"jetpack_social_post_already_shared":true,"jetpack_social_options":{"image_generator_settings":{"template":"highway","default_image_id":0,"enabled":false},"version":2}},"categories":[28,44],"tags":[],"class_list":["post-54137","post","type-post","status-publish","format-standard","has-post-thumbnail","hentry","category-cotidiano","category-noticias"],"yoast_head":"<!-- This site is optimized with the Yoast SEO plugin v25.6 - https:\/\/yoast.com\/wordpress\/plugins\/seo\/ -->\n<title>Transi\u00e7\u00e3o energ\u00e9tica da ind\u00fastria \u00e9 estrat\u00e9gica para a economia brasileira - VerdadeOn<\/title>\n<meta name=\"robots\" content=\"index, follow, max-snippet:-1, max-image-preview:large, max-video-preview:-1\" \/>\n<link rel=\"canonical\" href=\"https:\/\/verdadeon.com.br\/portal\/2025\/02\/24\/transicao-energetica-da-industria-e-estrategica-para-a-economia-brasileira\/\" \/>\n<meta property=\"og:locale\" content=\"pt_BR\" \/>\n<meta property=\"og:type\" content=\"article\" \/>\n<meta property=\"og:title\" content=\"Transi\u00e7\u00e3o energ\u00e9tica da ind\u00fastria \u00e9 estrat\u00e9gica para a economia brasileira - VerdadeOn\" \/>\n<meta property=\"og:description\" content=\"*Rafael Cervone\u00a0\u00e9 o presidente do Centro das Ind\u00fastrias do Estado\u00a0de S\u00e3o Paulo (Ciesp) e primeiro vice-presidente da Federa\u00e7\u00e3o das\u00a0Ind\u00fastrias do Estado de S\u00e3o Paulo (Fiesp). Quem [\u2026]\" \/>\n<meta property=\"og:url\" content=\"https:\/\/verdadeon.com.br\/portal\/2025\/02\/24\/transicao-energetica-da-industria-e-estrategica-para-a-economia-brasileira\/\" \/>\n<meta property=\"og:site_name\" content=\"VerdadeOn\" \/>\n<meta property=\"article:published_time\" content=\"2025-02-24T17:57:33+00:00\" \/>\n<meta property=\"og:image\" content=\"https:\/\/verdadeon.com.br\/portal\/wp-content\/uploads\/2022\/05\/presidente-do-Ciesp-Centro-das-Industrias-do-Estado-de-Sao-Paulo-Rafael-Cervone.jpeg\" \/>\n\t<meta property=\"og:image:width\" content=\"1000\" \/>\n\t<meta property=\"og:image:height\" content=\"670\" \/>\n\t<meta property=\"og:image:type\" content=\"image\/jpeg\" \/>\n<meta name=\"author\" content=\"Redacao VerdadeOn\" \/>\n<meta name=\"twitter:card\" content=\"summary_large_image\" \/>\n<meta name=\"twitter:label1\" content=\"Escrito por\" \/>\n\t<meta name=\"twitter:data1\" content=\"Redacao VerdadeOn\" \/>\n\t<meta name=\"twitter:label2\" content=\"Est. tempo de leitura\" \/>\n\t<meta name=\"twitter:data2\" content=\"3 minutos\" \/>\n<script type=\"application\/ld+json\" class=\"yoast-schema-graph\">{\"@context\":\"https:\/\/schema.org\",\"@graph\":[{\"@type\":\"WebPage\",\"@id\":\"https:\/\/verdadeon.com.br\/portal\/2025\/02\/24\/transicao-energetica-da-industria-e-estrategica-para-a-economia-brasileira\/\",\"url\":\"https:\/\/verdadeon.com.br\/portal\/2025\/02\/24\/transicao-energetica-da-industria-e-estrategica-para-a-economia-brasileira\/\",\"name\":\"Transi\u00e7\u00e3o energ\u00e9tica da ind\u00fastria \u00e9 estrat\u00e9gica para a economia brasileira - VerdadeOn\",\"isPartOf\":{\"@id\":\"https:\/\/verdadeon.com.br\/portal\/#website\"},\"primaryImageOfPage\":{\"@id\":\"https:\/\/verdadeon.com.br\/portal\/2025\/02\/24\/transicao-energetica-da-industria-e-estrategica-para-a-economia-brasileira\/#primaryimage\"},\"image\":{\"@id\":\"https:\/\/verdadeon.com.br\/portal\/2025\/02\/24\/transicao-energetica-da-industria-e-estrategica-para-a-economia-brasileira\/#primaryimage\"},\"thumbnailUrl\":\"https:\/\/i0.wp.com\/verdadeon.com.br\/portal\/wp-content\/uploads\/2022\/05\/presidente-do-Ciesp-Centro-das-Industrias-do-Estado-de-Sao-Paulo-Rafael-Cervone.jpeg?fit=1000%2C670&ssl=1\",\"datePublished\":\"2025-02-24T17:57:33+00:00\",\"author\":{\"@id\":\"https:\/\/verdadeon.com.br\/portal\/#\/schema\/person\/a5060ad1e9ea3df545188fc93ce43d2f\"},\"breadcrumb\":{\"@id\":\"https:\/\/verdadeon.com.br\/portal\/2025\/02\/24\/transicao-energetica-da-industria-e-estrategica-para-a-economia-brasileira\/#breadcrumb\"},\"inLanguage\":\"pt-BR\",\"potentialAction\":[{\"@type\":\"ReadAction\",\"target\":[\"https:\/\/verdadeon.com.br\/portal\/2025\/02\/24\/transicao-energetica-da-industria-e-estrategica-para-a-economia-brasileira\/\"]}]},{\"@type\":\"ImageObject\",\"inLanguage\":\"pt-BR\",\"@id\":\"https:\/\/verdadeon.com.br\/portal\/2025\/02\/24\/transicao-energetica-da-industria-e-estrategica-para-a-economia-brasileira\/#primaryimage\",\"url\":\"https:\/\/i0.wp.com\/verdadeon.com.br\/portal\/wp-content\/uploads\/2022\/05\/presidente-do-Ciesp-Centro-das-Industrias-do-Estado-de-Sao-Paulo-Rafael-Cervone.jpeg?fit=1000%2C670&ssl=1\",\"contentUrl\":\"https:\/\/i0.wp.com\/verdadeon.com.br\/portal\/wp-content\/uploads\/2022\/05\/presidente-do-Ciesp-Centro-das-Industrias-do-Estado-de-Sao-Paulo-Rafael-Cervone.jpeg?fit=1000%2C670&ssl=1\",\"width\":1000,\"height\":670,\"caption\":\"O presidente do Ciesp, Rafael Cervone (\u00a9Divulga\u00e7\u00e3o)\"},{\"@type\":\"BreadcrumbList\",\"@id\":\"https:\/\/verdadeon.com.br\/portal\/2025\/02\/24\/transicao-energetica-da-industria-e-estrategica-para-a-economia-brasileira\/#breadcrumb\",\"itemListElement\":[{\"@type\":\"ListItem\",\"position\":1,\"name\":\"In\u00edcio\",\"item\":\"https:\/\/verdadeon.com.br\/portal\/\"},{\"@type\":\"ListItem\",\"position\":2,\"name\":\"Transi\u00e7\u00e3o energ\u00e9tica da ind\u00fastria \u00e9 estrat\u00e9gica para a economia brasileira\"}]},{\"@type\":\"WebSite\",\"@id\":\"https:\/\/verdadeon.com.br\/portal\/#website\",\"url\":\"https:\/\/verdadeon.com.br\/portal\/\",\"name\":\"VerdadeOn\",\"description\":\"Not\u00edcias di\u00e1rias sobre Franca, Regi\u00e3o, Esporte, Cultura, Cotidiano, Colunas. Cobertura nos principais eventos da cidade \u00e9 aqui - Verdadeon Franca\",\"potentialAction\":[{\"@type\":\"SearchAction\",\"target\":{\"@type\":\"EntryPoint\",\"urlTemplate\":\"https:\/\/verdadeon.com.br\/portal\/?s={search_term_string}\"},\"query-input\":{\"@type\":\"PropertyValueSpecification\",\"valueRequired\":true,\"valueName\":\"search_term_string\"}}],\"inLanguage\":\"pt-BR\"},{\"@type\":\"Person\",\"@id\":\"https:\/\/verdadeon.com.br\/portal\/#\/schema\/person\/a5060ad1e9ea3df545188fc93ce43d2f\",\"name\":\"Redacao VerdadeOn\",\"image\":{\"@type\":\"ImageObject\",\"inLanguage\":\"pt-BR\",\"@id\":\"https:\/\/verdadeon.com.br\/portal\/#\/schema\/person\/image\/\",\"url\":\"https:\/\/secure.gravatar.com\/avatar\/459a9613caaaf07f582c3d0841eea68bdd66f533e465e6ba8b9cb45619572cf4?s=96&d=mm&r=g\",\"contentUrl\":\"https:\/\/secure.gravatar.com\/avatar\/459a9613caaaf07f582c3d0841eea68bdd66f533e465e6ba8b9cb45619572cf4?s=96&d=mm&r=g\",\"caption\":\"Redacao VerdadeOn\"},\"url\":\"https:\/\/verdadeon.com.br\/portal\/author\/redacao\/\"}]}<\/script>\n<!-- \/ Yoast SEO plugin. -->","yoast_head_json":{"title":"Transi\u00e7\u00e3o energ\u00e9tica da ind\u00fastria \u00e9 estrat\u00e9gica para a economia brasileira - VerdadeOn","robots":{"index":"index","follow":"follow","max-snippet":"max-snippet:-1","max-image-preview":"max-image-preview:large","max-video-preview":"max-video-preview:-1"},"canonical":"https:\/\/verdadeon.com.br\/portal\/2025\/02\/24\/transicao-energetica-da-industria-e-estrategica-para-a-economia-brasileira\/","og_locale":"pt_BR","og_type":"article","og_title":"Transi\u00e7\u00e3o energ\u00e9tica da ind\u00fastria \u00e9 estrat\u00e9gica para a economia brasileira - VerdadeOn","og_description":"*Rafael Cervone\u00a0\u00e9 o presidente do Centro das Ind\u00fastrias do Estado\u00a0de S\u00e3o Paulo (Ciesp) e primeiro vice-presidente da Federa\u00e7\u00e3o das\u00a0Ind\u00fastrias do Estado de S\u00e3o Paulo (Fiesp). Quem [\u2026]","og_url":"https:\/\/verdadeon.com.br\/portal\/2025\/02\/24\/transicao-energetica-da-industria-e-estrategica-para-a-economia-brasileira\/","og_site_name":"VerdadeOn","article_published_time":"2025-02-24T17:57:33+00:00","og_image":[{"width":1000,"height":670,"url":"https:\/\/verdadeon.com.br\/portal\/wp-content\/uploads\/2022\/05\/presidente-do-Ciesp-Centro-das-Industrias-do-Estado-de-Sao-Paulo-Rafael-Cervone.jpeg","type":"image\/jpeg"}],"author":"Redacao VerdadeOn","twitter_card":"summary_large_image","twitter_misc":{"Escrito por":"Redacao VerdadeOn","Est. tempo de leitura":"3 minutos"},"schema":{"@context":"https:\/\/schema.org","@graph":[{"@type":"WebPage","@id":"https:\/\/verdadeon.com.br\/portal\/2025\/02\/24\/transicao-energetica-da-industria-e-estrategica-para-a-economia-brasileira\/","url":"https:\/\/verdadeon.com.br\/portal\/2025\/02\/24\/transicao-energetica-da-industria-e-estrategica-para-a-economia-brasileira\/","name":"Transi\u00e7\u00e3o energ\u00e9tica da ind\u00fastria \u00e9 estrat\u00e9gica para a economia brasileira - VerdadeOn","isPartOf":{"@id":"https:\/\/verdadeon.com.br\/portal\/#website"},"primaryImageOfPage":{"@id":"https:\/\/verdadeon.com.br\/portal\/2025\/02\/24\/transicao-energetica-da-industria-e-estrategica-para-a-economia-brasileira\/#primaryimage"},"image":{"@id":"https:\/\/verdadeon.com.br\/portal\/2025\/02\/24\/transicao-energetica-da-industria-e-estrategica-para-a-economia-brasileira\/#primaryimage"},"thumbnailUrl":"https:\/\/i0.wp.com\/verdadeon.com.br\/portal\/wp-content\/uploads\/2022\/05\/presidente-do-Ciesp-Centro-das-Industrias-do-Estado-de-Sao-Paulo-Rafael-Cervone.jpeg?fit=1000%2C670&ssl=1","datePublished":"2025-02-24T17:57:33+00:00","author":{"@id":"https:\/\/verdadeon.com.br\/portal\/#\/schema\/person\/a5060ad1e9ea3df545188fc93ce43d2f"},"breadcrumb":{"@id":"https:\/\/verdadeon.com.br\/portal\/2025\/02\/24\/transicao-energetica-da-industria-e-estrategica-para-a-economia-brasileira\/#breadcrumb"},"inLanguage":"pt-BR","potentialAction":[{"@type":"ReadAction","target":["https:\/\/verdadeon.com.br\/portal\/2025\/02\/24\/transicao-energetica-da-industria-e-estrategica-para-a-economia-brasileira\/"]}]},{"@type":"ImageObject","inLanguage":"pt-BR","@id":"https:\/\/verdadeon.com.br\/portal\/2025\/02\/24\/transicao-energetica-da-industria-e-estrategica-para-a-economia-brasileira\/#primaryimage","url":"https:\/\/i0.wp.com\/verdadeon.com.br\/portal\/wp-content\/uploads\/2022\/05\/presidente-do-Ciesp-Centro-das-Industrias-do-Estado-de-Sao-Paulo-Rafael-Cervone.jpeg?fit=1000%2C670&ssl=1","contentUrl":"https:\/\/i0.wp.com\/verdadeon.com.br\/portal\/wp-content\/uploads\/2022\/05\/presidente-do-Ciesp-Centro-das-Industrias-do-Estado-de-Sao-Paulo-Rafael-Cervone.jpeg?fit=1000%2C670&ssl=1","width":1000,"height":670,"caption":"O presidente do Ciesp, Rafael Cervone (\u00a9Divulga\u00e7\u00e3o)"},{"@type":"BreadcrumbList","@id":"https:\/\/verdadeon.com.br\/portal\/2025\/02\/24\/transicao-energetica-da-industria-e-estrategica-para-a-economia-brasileira\/#breadcrumb","itemListElement":[{"@type":"ListItem","position":1,"name":"In\u00edcio","item":"https:\/\/verdadeon.com.br\/portal\/"},{"@type":"ListItem","position":2,"name":"Transi\u00e7\u00e3o energ\u00e9tica da ind\u00fastria \u00e9 estrat\u00e9gica para a economia brasileira"}]},{"@type":"WebSite","@id":"https:\/\/verdadeon.com.br\/portal\/#website","url":"https:\/\/verdadeon.com.br\/portal\/","name":"VerdadeOn","description":"Not\u00edcias di\u00e1rias sobre Franca, Regi\u00e3o, Esporte, Cultura, Cotidiano, Colunas. Cobertura nos principais eventos da cidade \u00e9 aqui - Verdadeon Franca","potentialAction":[{"@type":"SearchAction","target":{"@type":"EntryPoint","urlTemplate":"https:\/\/verdadeon.com.br\/portal\/?s={search_term_string}"},"query-input":{"@type":"PropertyValueSpecification","valueRequired":true,"valueName":"search_term_string"}}],"inLanguage":"pt-BR"},{"@type":"Person","@id":"https:\/\/verdadeon.com.br\/portal\/#\/schema\/person\/a5060ad1e9ea3df545188fc93ce43d2f","name":"Redacao VerdadeOn","image":{"@type":"ImageObject","inLanguage":"pt-BR","@id":"https:\/\/verdadeon.com.br\/portal\/#\/schema\/person\/image\/","url":"https:\/\/secure.gravatar.com\/avatar\/459a9613caaaf07f582c3d0841eea68bdd66f533e465e6ba8b9cb45619572cf4?s=96&d=mm&r=g","contentUrl":"https:\/\/secure.gravatar.com\/avatar\/459a9613caaaf07f582c3d0841eea68bdd66f533e465e6ba8b9cb45619572cf4?s=96&d=mm&r=g","caption":"Redacao VerdadeOn"},"url":"https:\/\/verdadeon.com.br\/portal\/author\/redacao\/"}]}},"jetpack_publicize_connections":[],"jetpack_featured_media_url":"https:\/\/i0.wp.com\/verdadeon.com.br\/portal\/wp-content\/uploads\/2022\/05\/presidente-do-Ciesp-Centro-das-Industrias-do-Estado-de-Sao-Paulo-Rafael-Cervone.jpeg?fit=1000%2C670&ssl=1","jetpack_sharing_enabled":true,"_links":{"self":[{"href":"https:\/\/verdadeon.com.br\/portal\/wp-json\/wp\/v2\/posts\/54137","targetHints":{"allow":["GET"]}}],"collection":[{"href":"https:\/\/verdadeon.com.br\/portal\/wp-json\/wp\/v2\/posts"}],"about":[{"href":"https:\/\/verdadeon.com.br\/portal\/wp-json\/wp\/v2\/types\/post"}],"author":[{"embeddable":true,"href":"https:\/\/verdadeon.com.br\/portal\/wp-json\/wp\/v2\/users\/10"}],"replies":[{"embeddable":true,"href":"https:\/\/verdadeon.com.br\/portal\/wp-json\/wp\/v2\/comments?post=54137"}],"version-history":[{"count":1,"href":"https:\/\/verdadeon.com.br\/portal\/wp-json\/wp\/v2\/posts\/54137\/revisions"}],"predecessor-version":[{"id":54138,"href":"https:\/\/verdadeon.com.br\/portal\/wp-json\/wp\/v2\/posts\/54137\/revisions\/54138"}],"wp:featuredmedia":[{"embeddable":true,"href":"https:\/\/verdadeon.com.br\/portal\/wp-json\/wp\/v2\/media\/24998"}],"wp:attachment":[{"href":"https:\/\/verdadeon.com.br\/portal\/wp-json\/wp\/v2\/media?parent=54137"}],"wp:term":[{"taxonomy":"category","embeddable":true,"href":"https:\/\/verdadeon.com.br\/portal\/wp-json\/wp\/v2\/categories?post=54137"},{"taxonomy":"post_tag","embeddable":true,"href":"https:\/\/verdadeon.com.br\/portal\/wp-json\/wp\/v2\/tags?post=54137"}],"curies":[{"name":"wp","href":"https:\/\/api.w.org\/{rel}","templated":true}]}}