{"id":54117,"date":"2025-02-24T10:00:34","date_gmt":"2025-02-24T13:00:34","guid":{"rendered":"https:\/\/verdadeon.com.br\/portal\/?p=54117"},"modified":"2025-02-24T13:57:05","modified_gmt":"2025-02-24T16:57:05","slug":"condutor-embriagado-causa-acidente-em-rifaina","status":"publish","type":"post","link":"https:\/\/verdadeon.com.br\/portal\/2025\/02\/24\/condutor-embriagado-causa-acidente-em-rifaina\/","title":{"rendered":"Condutor embriagado causa acidente em Rifaina"},"content":{"rendered":"<h2 class=\"subtitulo_noticia\">Ocorr\u00eancia foi atendida pela Guara Civil Municipal de Rifaina<\/h2>\n<p>Neste domingo, 23, a Guarda Civil Municipal (GCM) de Rifaina recebeu uma chamada de emerg\u00eancia atrav\u00e9s do telefone 24 horas, informando sobre um acidente com v\u00edtimas na Rodovia Vicinal do Bom Jesus. Equipes da GCM e servi\u00e7os de emerg\u00eancia foram prontamente acionadas para o local.<\/p>\n<p>Ao chegarem no acidente, as v\u00edtimas foram socorridas e encaminhadas ao Pronto-socorro de Rifaina. Entre elas, um passageiro, que estava inconsciente e com ferimentos graves, foi rapidamente transferido para a Santa Casa de Pedregulho, devido \u00e0 gravidade de seu estado.<\/p>\n<p>O condutor do ve\u00edculo envolvido no acidente tamb\u00e9m foi medicado no Pronto-socorro local e, embora tenha apresentado sinais vis\u00edveis de embriaguez, foi liberado ap\u00f3s os primeiros atendimentos.<\/p>\n<p>O teste do etil\u00f4metro realizado pelo condutor confirmou a presen\u00e7a de \u00e1lcool em seu organismo, o que indicou que ele estava dirigindo sob o efeito de subst\u00e2ncias alco\u00f3licas no momento do acidente. Em raz\u00e3o disso, o ve\u00edculo foi apreendido e o condutor foi conduzido \u00e0 Delegacia de Pol\u00edcia de Franca, onde foi apresentado \u00e0 autoridade policial.<\/p>\n<p>A Autoridade Judici\u00e1ria determinou a realiza\u00e7\u00e3o de um exame cl\u00ednico pelo m\u00e9dico legista para avaliar o estado de sa\u00fade do motorista. O condutor permanece \u00e0 disposi\u00e7\u00e3o da Justi\u00e7a e ser\u00e1 investigado pelas circunst\u00e2ncias do acidente, com foco em sua condu\u00e7\u00e3o sob influ\u00eancia de \u00e1lcool, o que pode configurar um crime de tr\u00e2nsito.<\/p>\n<p>As investiga\u00e7\u00f5es continuam enquanto o estado de sa\u00fade das v\u00edtimas \u00e9 monitorado.<\/p>\n<p>A GCM de Rifaina segue acompanhando o caso com apoio da Pol\u00edcia Civil para elucidar os detalhes do acidente.<\/p>\n","protected":false},"excerpt":{"rendered":"<p>Ocorr\u00eancia foi atendida pela Guara Civil Municipal de Rifaina Neste domingo, 23, a Guarda Civil Municipal (GCM) de Rifaina recebeu uma chamada de emerg\u00eancia atrav\u00e9s do<span class=\"excerpt-hellip\"> [\u2026]<\/span><\/p>\n","protected":false},"author":10,"featured_media":54118,"comment_status":"open","ping_status":"open","sticky":false,"template":"","format":"standard","meta":{"_jetpack_memberships_contains_paid_content":false,"footnotes":"","jetpack_publicize_message":"","jetpack_publicize_feature_enabled":true,"jetpack_social_post_already_shared":true,"jetpack_social_options":{"image_generator_settings":{"template":"highway","default_image_id":0,"enabled":false},"version":2}},"categories":[28,81],"tags":[],"class_list":["post-54117","post","type-post","status-publish","format-standard","has-post-thumbnail","hentry","category-cotidiano","category-manchete"],"yoast_head":"<!-- This site is optimized with the Yoast SEO plugin v25.6 - https:\/\/yoast.com\/wordpress\/plugins\/seo\/ -->\n<title>Condutor embriagado causa acidente em Rifaina - VerdadeOn<\/title>\n<meta name=\"robots\" content=\"index, follow, max-snippet:-1, max-image-preview:large, max-video-preview:-1\" \/>\n<link rel=\"canonical\" href=\"https:\/\/verdadeon.com.br\/portal\/2025\/02\/24\/condutor-embriagado-causa-acidente-em-rifaina\/\" \/>\n<meta property=\"og:locale\" content=\"pt_BR\" \/>\n<meta property=\"og:type\" content=\"article\" \/>\n<meta property=\"og:title\" content=\"Condutor embriagado causa acidente em Rifaina - VerdadeOn\" \/>\n<meta property=\"og:description\" content=\"Ocorr\u00eancia foi atendida pela Guara Civil Municipal de Rifaina Neste domingo, 23, a Guarda Civil Municipal (GCM) de Rifaina recebeu uma chamada de emerg\u00eancia atrav\u00e9s do [\u2026]\" \/>\n<meta property=\"og:url\" content=\"https:\/\/verdadeon.com.br\/portal\/2025\/02\/24\/condutor-embriagado-causa-acidente-em-rifaina\/\" \/>\n<meta property=\"og:site_name\" content=\"VerdadeOn\" \/>\n<meta property=\"article:published_time\" content=\"2025-02-24T13:00:34+00:00\" \/>\n<meta property=\"article:modified_time\" content=\"2025-02-24T16:57:05+00:00\" \/>\n<meta property=\"og:image\" content=\"https:\/\/verdadeon.com.br\/portal\/wp-content\/uploads\/2025\/02\/1ed562915f54b57a65b3afde946b1387a.jpg\" \/>\n\t<meta property=\"og:image:width\" content=\"1080\" \/>\n\t<meta property=\"og:image:height\" content=\"724\" \/>\n\t<meta property=\"og:image:type\" content=\"image\/jpeg\" \/>\n<meta name=\"author\" content=\"Redacao VerdadeOn\" \/>\n<meta name=\"twitter:card\" content=\"summary_large_image\" \/>\n<meta name=\"twitter:label1\" content=\"Escrito por\" \/>\n\t<meta name=\"twitter:data1\" content=\"Redacao VerdadeOn\" \/>\n\t<meta name=\"twitter:label2\" content=\"Est. tempo de leitura\" \/>\n\t<meta name=\"twitter:data2\" content=\"1 minuto\" \/>\n<script type=\"application\/ld+json\" class=\"yoast-schema-graph\">{\"@context\":\"https:\/\/schema.org\",\"@graph\":[{\"@type\":\"WebPage\",\"@id\":\"https:\/\/verdadeon.com.br\/portal\/2025\/02\/24\/condutor-embriagado-causa-acidente-em-rifaina\/\",\"url\":\"https:\/\/verdadeon.com.br\/portal\/2025\/02\/24\/condutor-embriagado-causa-acidente-em-rifaina\/\",\"name\":\"Condutor embriagado causa acidente em Rifaina - VerdadeOn\",\"isPartOf\":{\"@id\":\"https:\/\/verdadeon.com.br\/portal\/#website\"},\"primaryImageOfPage\":{\"@id\":\"https:\/\/verdadeon.com.br\/portal\/2025\/02\/24\/condutor-embriagado-causa-acidente-em-rifaina\/#primaryimage\"},\"image\":{\"@id\":\"https:\/\/verdadeon.com.br\/portal\/2025\/02\/24\/condutor-embriagado-causa-acidente-em-rifaina\/#primaryimage\"},\"thumbnailUrl\":\"https:\/\/i0.wp.com\/verdadeon.com.br\/portal\/wp-content\/uploads\/2025\/02\/1ed562915f54b57a65b3afde946b1387a.jpg?fit=1080%2C724&ssl=1\",\"datePublished\":\"2025-02-24T13:00:34+00:00\",\"dateModified\":\"2025-02-24T16:57:05+00:00\",\"author\":{\"@id\":\"https:\/\/verdadeon.com.br\/portal\/#\/schema\/person\/a5060ad1e9ea3df545188fc93ce43d2f\"},\"breadcrumb\":{\"@id\":\"https:\/\/verdadeon.com.br\/portal\/2025\/02\/24\/condutor-embriagado-causa-acidente-em-rifaina\/#breadcrumb\"},\"inLanguage\":\"pt-BR\",\"potentialAction\":[{\"@type\":\"ReadAction\",\"target\":[\"https:\/\/verdadeon.com.br\/portal\/2025\/02\/24\/condutor-embriagado-causa-acidente-em-rifaina\/\"]}]},{\"@type\":\"ImageObject\",\"inLanguage\":\"pt-BR\",\"@id\":\"https:\/\/verdadeon.com.br\/portal\/2025\/02\/24\/condutor-embriagado-causa-acidente-em-rifaina\/#primaryimage\",\"url\":\"https:\/\/i0.wp.com\/verdadeon.com.br\/portal\/wp-content\/uploads\/2025\/02\/1ed562915f54b57a65b3afde946b1387a.jpg?fit=1080%2C724&ssl=1\",\"contentUrl\":\"https:\/\/i0.wp.com\/verdadeon.com.br\/portal\/wp-content\/uploads\/2025\/02\/1ed562915f54b57a65b3afde946b1387a.jpg?fit=1080%2C724&ssl=1\",\"width\":1080,\"height\":724,\"caption\":\"As investiga\u00e7\u00f5es continuam enquanto o estado de sa\u00fade das v\u00edtimas \u00e9 monitorado (\u00a9Divulga\u00e7\u00e3o)\"},{\"@type\":\"BreadcrumbList\",\"@id\":\"https:\/\/verdadeon.com.br\/portal\/2025\/02\/24\/condutor-embriagado-causa-acidente-em-rifaina\/#breadcrumb\",\"itemListElement\":[{\"@type\":\"ListItem\",\"position\":1,\"name\":\"In\u00edcio\",\"item\":\"https:\/\/verdadeon.com.br\/portal\/\"},{\"@type\":\"ListItem\",\"position\":2,\"name\":\"Condutor embriagado causa acidente em Rifaina\"}]},{\"@type\":\"WebSite\",\"@id\":\"https:\/\/verdadeon.com.br\/portal\/#website\",\"url\":\"https:\/\/verdadeon.com.br\/portal\/\",\"name\":\"VerdadeOn\",\"description\":\"Not\u00edcias di\u00e1rias sobre Franca, Regi\u00e3o, Esporte, Cultura, Cotidiano, Colunas. Cobertura nos principais eventos da cidade \u00e9 aqui - Verdadeon Franca\",\"potentialAction\":[{\"@type\":\"SearchAction\",\"target\":{\"@type\":\"EntryPoint\",\"urlTemplate\":\"https:\/\/verdadeon.com.br\/portal\/?s={search_term_string}\"},\"query-input\":{\"@type\":\"PropertyValueSpecification\",\"valueRequired\":true,\"valueName\":\"search_term_string\"}}],\"inLanguage\":\"pt-BR\"},{\"@type\":\"Person\",\"@id\":\"https:\/\/verdadeon.com.br\/portal\/#\/schema\/person\/a5060ad1e9ea3df545188fc93ce43d2f\",\"name\":\"Redacao VerdadeOn\",\"image\":{\"@type\":\"ImageObject\",\"inLanguage\":\"pt-BR\",\"@id\":\"https:\/\/verdadeon.com.br\/portal\/#\/schema\/person\/image\/\",\"url\":\"https:\/\/secure.gravatar.com\/avatar\/459a9613caaaf07f582c3d0841eea68bdd66f533e465e6ba8b9cb45619572cf4?s=96&d=mm&r=g\",\"contentUrl\":\"https:\/\/secure.gravatar.com\/avatar\/459a9613caaaf07f582c3d0841eea68bdd66f533e465e6ba8b9cb45619572cf4?s=96&d=mm&r=g\",\"caption\":\"Redacao VerdadeOn\"},\"url\":\"https:\/\/verdadeon.com.br\/portal\/author\/redacao\/\"}]}<\/script>\n<!-- \/ Yoast SEO plugin. -->","yoast_head_json":{"title":"Condutor embriagado causa acidente em Rifaina - VerdadeOn","robots":{"index":"index","follow":"follow","max-snippet":"max-snippet:-1","max-image-preview":"max-image-preview:large","max-video-preview":"max-video-preview:-1"},"canonical":"https:\/\/verdadeon.com.br\/portal\/2025\/02\/24\/condutor-embriagado-causa-acidente-em-rifaina\/","og_locale":"pt_BR","og_type":"article","og_title":"Condutor embriagado causa acidente em Rifaina - VerdadeOn","og_description":"Ocorr\u00eancia foi atendida pela Guara Civil Municipal de Rifaina Neste domingo, 23, a Guarda Civil Municipal (GCM) de Rifaina recebeu uma chamada de emerg\u00eancia atrav\u00e9s do [\u2026]","og_url":"https:\/\/verdadeon.com.br\/portal\/2025\/02\/24\/condutor-embriagado-causa-acidente-em-rifaina\/","og_site_name":"VerdadeOn","article_published_time":"2025-02-24T13:00:34+00:00","article_modified_time":"2025-02-24T16:57:05+00:00","og_image":[{"width":1080,"height":724,"url":"https:\/\/verdadeon.com.br\/portal\/wp-content\/uploads\/2025\/02\/1ed562915f54b57a65b3afde946b1387a.jpg","type":"image\/jpeg"}],"author":"Redacao VerdadeOn","twitter_card":"summary_large_image","twitter_misc":{"Escrito por":"Redacao VerdadeOn","Est. tempo de leitura":"1 minuto"},"schema":{"@context":"https:\/\/schema.org","@graph":[{"@type":"WebPage","@id":"https:\/\/verdadeon.com.br\/portal\/2025\/02\/24\/condutor-embriagado-causa-acidente-em-rifaina\/","url":"https:\/\/verdadeon.com.br\/portal\/2025\/02\/24\/condutor-embriagado-causa-acidente-em-rifaina\/","name":"Condutor embriagado causa acidente em Rifaina - VerdadeOn","isPartOf":{"@id":"https:\/\/verdadeon.com.br\/portal\/#website"},"primaryImageOfPage":{"@id":"https:\/\/verdadeon.com.br\/portal\/2025\/02\/24\/condutor-embriagado-causa-acidente-em-rifaina\/#primaryimage"},"image":{"@id":"https:\/\/verdadeon.com.br\/portal\/2025\/02\/24\/condutor-embriagado-causa-acidente-em-rifaina\/#primaryimage"},"thumbnailUrl":"https:\/\/i0.wp.com\/verdadeon.com.br\/portal\/wp-content\/uploads\/2025\/02\/1ed562915f54b57a65b3afde946b1387a.jpg?fit=1080%2C724&ssl=1","datePublished":"2025-02-24T13:00:34+00:00","dateModified":"2025-02-24T16:57:05+00:00","author":{"@id":"https:\/\/verdadeon.com.br\/portal\/#\/schema\/person\/a5060ad1e9ea3df545188fc93ce43d2f"},"breadcrumb":{"@id":"https:\/\/verdadeon.com.br\/portal\/2025\/02\/24\/condutor-embriagado-causa-acidente-em-rifaina\/#breadcrumb"},"inLanguage":"pt-BR","potentialAction":[{"@type":"ReadAction","target":["https:\/\/verdadeon.com.br\/portal\/2025\/02\/24\/condutor-embriagado-causa-acidente-em-rifaina\/"]}]},{"@type":"ImageObject","inLanguage":"pt-BR","@id":"https:\/\/verdadeon.com.br\/portal\/2025\/02\/24\/condutor-embriagado-causa-acidente-em-rifaina\/#primaryimage","url":"https:\/\/i0.wp.com\/verdadeon.com.br\/portal\/wp-content\/uploads\/2025\/02\/1ed562915f54b57a65b3afde946b1387a.jpg?fit=1080%2C724&ssl=1","contentUrl":"https:\/\/i0.wp.com\/verdadeon.com.br\/portal\/wp-content\/uploads\/2025\/02\/1ed562915f54b57a65b3afde946b1387a.jpg?fit=1080%2C724&ssl=1","width":1080,"height":724,"caption":"As investiga\u00e7\u00f5es continuam enquanto o estado de sa\u00fade das v\u00edtimas \u00e9 monitorado (\u00a9Divulga\u00e7\u00e3o)"},{"@type":"BreadcrumbList","@id":"https:\/\/verdadeon.com.br\/portal\/2025\/02\/24\/condutor-embriagado-causa-acidente-em-rifaina\/#breadcrumb","itemListElement":[{"@type":"ListItem","position":1,"name":"In\u00edcio","item":"https:\/\/verdadeon.com.br\/portal\/"},{"@type":"ListItem","position":2,"name":"Condutor embriagado causa acidente em Rifaina"}]},{"@type":"WebSite","@id":"https:\/\/verdadeon.com.br\/portal\/#website","url":"https:\/\/verdadeon.com.br\/portal\/","name":"VerdadeOn","description":"Not\u00edcias di\u00e1rias sobre Franca, Regi\u00e3o, Esporte, Cultura, Cotidiano, Colunas. Cobertura nos principais eventos da cidade \u00e9 aqui - Verdadeon Franca","potentialAction":[{"@type":"SearchAction","target":{"@type":"EntryPoint","urlTemplate":"https:\/\/verdadeon.com.br\/portal\/?s={search_term_string}"},"query-input":{"@type":"PropertyValueSpecification","valueRequired":true,"valueName":"search_term_string"}}],"inLanguage":"pt-BR"},{"@type":"Person","@id":"https:\/\/verdadeon.com.br\/portal\/#\/schema\/person\/a5060ad1e9ea3df545188fc93ce43d2f","name":"Redacao VerdadeOn","image":{"@type":"ImageObject","inLanguage":"pt-BR","@id":"https:\/\/verdadeon.com.br\/portal\/#\/schema\/person\/image\/","url":"https:\/\/secure.gravatar.com\/avatar\/459a9613caaaf07f582c3d0841eea68bdd66f533e465e6ba8b9cb45619572cf4?s=96&d=mm&r=g","contentUrl":"https:\/\/secure.gravatar.com\/avatar\/459a9613caaaf07f582c3d0841eea68bdd66f533e465e6ba8b9cb45619572cf4?s=96&d=mm&r=g","caption":"Redacao VerdadeOn"},"url":"https:\/\/verdadeon.com.br\/portal\/author\/redacao\/"}]}},"jetpack_publicize_connections":[],"jetpack_featured_media_url":"https:\/\/i0.wp.com\/verdadeon.com.br\/portal\/wp-content\/uploads\/2025\/02\/1ed562915f54b57a65b3afde946b1387a.jpg?fit=1080%2C724&ssl=1","jetpack_sharing_enabled":true,"_links":{"self":[{"href":"https:\/\/verdadeon.com.br\/portal\/wp-json\/wp\/v2\/posts\/54117","targetHints":{"allow":["GET"]}}],"collection":[{"href":"https:\/\/verdadeon.com.br\/portal\/wp-json\/wp\/v2\/posts"}],"about":[{"href":"https:\/\/verdadeon.com.br\/portal\/wp-json\/wp\/v2\/types\/post"}],"author":[{"embeddable":true,"href":"https:\/\/verdadeon.com.br\/portal\/wp-json\/wp\/v2\/users\/10"}],"replies":[{"embeddable":true,"href":"https:\/\/verdadeon.com.br\/portal\/wp-json\/wp\/v2\/comments?post=54117"}],"version-history":[{"count":1,"href":"https:\/\/verdadeon.com.br\/portal\/wp-json\/wp\/v2\/posts\/54117\/revisions"}],"predecessor-version":[{"id":54119,"href":"https:\/\/verdadeon.com.br\/portal\/wp-json\/wp\/v2\/posts\/54117\/revisions\/54119"}],"wp:featuredmedia":[{"embeddable":true,"href":"https:\/\/verdadeon.com.br\/portal\/wp-json\/wp\/v2\/media\/54118"}],"wp:attachment":[{"href":"https:\/\/verdadeon.com.br\/portal\/wp-json\/wp\/v2\/media?parent=54117"}],"wp:term":[{"taxonomy":"category","embeddable":true,"href":"https:\/\/verdadeon.com.br\/portal\/wp-json\/wp\/v2\/categories?post=54117"},{"taxonomy":"post_tag","embeddable":true,"href":"https:\/\/verdadeon.com.br\/portal\/wp-json\/wp\/v2\/tags?post=54117"}],"curies":[{"name":"wp","href":"https:\/\/api.w.org\/{rel}","templated":true}]}}