{"id":54112,"date":"2025-02-24T11:58:34","date_gmt":"2025-02-24T14:58:34","guid":{"rendered":"https:\/\/verdadeon.com.br\/portal\/?p=54112"},"modified":"2025-02-24T16:57:26","modified_gmt":"2025-02-24T19:57:26","slug":"sao-jose-da-bela-vista-homem-e-preso-apos-matar-cachorro-com-canivete","status":"publish","type":"post","link":"https:\/\/verdadeon.com.br\/portal\/2025\/02\/24\/sao-jose-da-bela-vista-homem-e-preso-apos-matar-cachorro-com-canivete\/","title":{"rendered":"Homem que matou cachorro com canivete tem pris\u00e3o preventiva decretada"},"content":{"rendered":"<h2>Esta \u00e9 a segunda vez que o mesmo homem pratica este tipo de crime; caso ocorreu em S\u00e3o Jos\u00e9 da Bela Vista<\/h2>\n<p style=\"text-align: right;\"><strong><em>Por Pedro Maia<\/em><\/strong><br \/>\n<strong><em>Editor-chefe<\/em><\/strong><\/p>\n<p>Neste domingo, 23, um homem de 61 anos foi preso pela Pol\u00edcia Militar de S\u00e3o Jos\u00e9 da Bela Vista ap\u00f3s matar um cachorro no Bairro Santa Rita, na \u00e1rea rural da cidade.<\/p>\n<p>A crueldade foi praticada com o uso de um canivete. Ele havia cortado o pesco\u00e7o do animal ap\u00f3s amarr\u00e1-lo em uma cerca. O homem deixou o local e se evadiu pelo canavial, mas foi detido pelos militares.<\/p>\n<p>O criminoso foi conduzido \u00e0 CPJ (Central de Pol\u00edcia Judici\u00e1ria) de Franca, sendo autuado em flagrante pela autoridade de plant\u00e3o por crime contra a fauna, em seguida, encaminhado \u00e0 cadeia. O canivete, que estava manchado de sangue, foi apreendido.<\/p>\n<p>Ap\u00f3s a audi\u00eancia de cust\u00f3dia realizada nesta segunda-feira, 24, foi decretada sua pris\u00e3o preventiva. Vale lembrar que o indiv\u00edduo \u00e9 o mesmo que, h\u00e1 praticamente um ano, matou um filhote de cachorro a marteladas.<\/p>\n<p><strong>Revolta<\/strong><\/p>\n<p>De acordo com o vereador Denis Covas, defensor da causa animal no munic\u00edpio belavistense, o \u00faltimo domingo foi um dia triste para os animais de S\u00e3o Jos\u00e9 da Bela Vista: uma cachorrinha foi atropelada por um carro em alta velocidade enquanto caminhava junto a seu tutor. O motorista fugiu sem prestar socorro.<\/p>\n<p>&#8220;Depois, v\u00e1rios relatos de cavalos soltos no bairro Jardim Primavera, na beira da rodovia, com alto risco de causar acidentes na pista, animais soltos por irrespons\u00e1veis, que t\u00eam animais e deixam soltos no mundo&#8221;, desabafa Denis em suas redes sociais. Denis terminou agradecendo o trabalho da Pol\u00edcia Militar pelo pronto atendimento \u00e0 ocorr\u00eancia.<\/p>\n","protected":false},"excerpt":{"rendered":"<p>Esta \u00e9 a segunda vez que o mesmo homem pratica este tipo de crime; caso ocorreu em S\u00e3o Jos\u00e9 da Bela Vista Por Pedro Maia Editor-chefe<span class=\"excerpt-hellip\"> [\u2026]<\/span><\/p>\n","protected":false},"author":10,"featured_media":54113,"comment_status":"open","ping_status":"open","sticky":false,"template":"","format":"standard","meta":{"_jetpack_memberships_contains_paid_content":false,"footnotes":"","jetpack_publicize_message":"","jetpack_publicize_feature_enabled":true,"jetpack_social_post_already_shared":true,"jetpack_social_options":{"image_generator_settings":{"template":"highway","default_image_id":0,"enabled":false},"version":2}},"categories":[28,81],"tags":[],"class_list":["post-54112","post","type-post","status-publish","format-standard","has-post-thumbnail","hentry","category-cotidiano","category-manchete"],"yoast_head":"<!-- This site is optimized with the Yoast SEO plugin v25.6 - https:\/\/yoast.com\/wordpress\/plugins\/seo\/ -->\n<title>Homem que matou cachorro com canivete tem pris\u00e3o preventiva decretada - VerdadeOn<\/title>\n<meta name=\"robots\" content=\"index, follow, max-snippet:-1, max-image-preview:large, max-video-preview:-1\" \/>\n<link rel=\"canonical\" href=\"https:\/\/verdadeon.com.br\/portal\/2025\/02\/24\/sao-jose-da-bela-vista-homem-e-preso-apos-matar-cachorro-com-canivete\/\" \/>\n<meta property=\"og:locale\" content=\"pt_BR\" \/>\n<meta property=\"og:type\" content=\"article\" \/>\n<meta property=\"og:title\" content=\"Homem que matou cachorro com canivete tem pris\u00e3o preventiva decretada - VerdadeOn\" \/>\n<meta property=\"og:description\" content=\"Esta \u00e9 a segunda vez que o mesmo homem pratica este tipo de crime; caso ocorreu em S\u00e3o Jos\u00e9 da Bela Vista Por Pedro Maia Editor-chefe [\u2026]\" \/>\n<meta property=\"og:url\" content=\"https:\/\/verdadeon.com.br\/portal\/2025\/02\/24\/sao-jose-da-bela-vista-homem-e-preso-apos-matar-cachorro-com-canivete\/\" \/>\n<meta property=\"og:site_name\" content=\"VerdadeOn\" \/>\n<meta property=\"article:published_time\" content=\"2025-02-24T14:58:34+00:00\" \/>\n<meta property=\"article:modified_time\" content=\"2025-02-24T19:57:26+00:00\" \/>\n<meta property=\"og:image\" content=\"https:\/\/verdadeon.com.br\/portal\/wp-content\/uploads\/2025\/02\/cachorro.jpg\" \/>\n\t<meta property=\"og:image:width\" content=\"750\" \/>\n\t<meta property=\"og:image:height\" content=\"502\" \/>\n\t<meta property=\"og:image:type\" content=\"image\/jpeg\" \/>\n<meta name=\"author\" content=\"Redacao VerdadeOn\" \/>\n<meta name=\"twitter:card\" content=\"summary_large_image\" \/>\n<meta name=\"twitter:label1\" content=\"Escrito por\" \/>\n\t<meta name=\"twitter:data1\" content=\"Redacao VerdadeOn\" \/>\n\t<meta name=\"twitter:label2\" content=\"Est. tempo de leitura\" \/>\n\t<meta name=\"twitter:data2\" content=\"2 minutos\" \/>\n<script type=\"application\/ld+json\" class=\"yoast-schema-graph\">{\"@context\":\"https:\/\/schema.org\",\"@graph\":[{\"@type\":\"WebPage\",\"@id\":\"https:\/\/verdadeon.com.br\/portal\/2025\/02\/24\/sao-jose-da-bela-vista-homem-e-preso-apos-matar-cachorro-com-canivete\/\",\"url\":\"https:\/\/verdadeon.com.br\/portal\/2025\/02\/24\/sao-jose-da-bela-vista-homem-e-preso-apos-matar-cachorro-com-canivete\/\",\"name\":\"Homem que matou cachorro com canivete tem pris\u00e3o preventiva decretada - VerdadeOn\",\"isPartOf\":{\"@id\":\"https:\/\/verdadeon.com.br\/portal\/#website\"},\"primaryImageOfPage\":{\"@id\":\"https:\/\/verdadeon.com.br\/portal\/2025\/02\/24\/sao-jose-da-bela-vista-homem-e-preso-apos-matar-cachorro-com-canivete\/#primaryimage\"},\"image\":{\"@id\":\"https:\/\/verdadeon.com.br\/portal\/2025\/02\/24\/sao-jose-da-bela-vista-homem-e-preso-apos-matar-cachorro-com-canivete\/#primaryimage\"},\"thumbnailUrl\":\"https:\/\/i0.wp.com\/verdadeon.com.br\/portal\/wp-content\/uploads\/2025\/02\/cachorro.jpg?fit=750%2C502&ssl=1\",\"datePublished\":\"2025-02-24T14:58:34+00:00\",\"dateModified\":\"2025-02-24T19:57:26+00:00\",\"author\":{\"@id\":\"https:\/\/verdadeon.com.br\/portal\/#\/schema\/person\/a5060ad1e9ea3df545188fc93ce43d2f\"},\"breadcrumb\":{\"@id\":\"https:\/\/verdadeon.com.br\/portal\/2025\/02\/24\/sao-jose-da-bela-vista-homem-e-preso-apos-matar-cachorro-com-canivete\/#breadcrumb\"},\"inLanguage\":\"pt-BR\",\"potentialAction\":[{\"@type\":\"ReadAction\",\"target\":[\"https:\/\/verdadeon.com.br\/portal\/2025\/02\/24\/sao-jose-da-bela-vista-homem-e-preso-apos-matar-cachorro-com-canivete\/\"]}]},{\"@type\":\"ImageObject\",\"inLanguage\":\"pt-BR\",\"@id\":\"https:\/\/verdadeon.com.br\/portal\/2025\/02\/24\/sao-jose-da-bela-vista-homem-e-preso-apos-matar-cachorro-com-canivete\/#primaryimage\",\"url\":\"https:\/\/i0.wp.com\/verdadeon.com.br\/portal\/wp-content\/uploads\/2025\/02\/cachorro.jpg?fit=750%2C502&ssl=1\",\"contentUrl\":\"https:\/\/i0.wp.com\/verdadeon.com.br\/portal\/wp-content\/uploads\/2025\/02\/cachorro.jpg?fit=750%2C502&ssl=1\",\"width\":750,\"height\":502,\"caption\":\"Homem corta pesco\u00e7o de cachorro com canivete em S\u00e2o Jos\u00e9 da Bela Vista (\u00a9Reprodu\u00e7\u00e3o\/Redes Sociais)\"},{\"@type\":\"BreadcrumbList\",\"@id\":\"https:\/\/verdadeon.com.br\/portal\/2025\/02\/24\/sao-jose-da-bela-vista-homem-e-preso-apos-matar-cachorro-com-canivete\/#breadcrumb\",\"itemListElement\":[{\"@type\":\"ListItem\",\"position\":1,\"name\":\"In\u00edcio\",\"item\":\"https:\/\/verdadeon.com.br\/portal\/\"},{\"@type\":\"ListItem\",\"position\":2,\"name\":\"Homem que matou cachorro com canivete tem pris\u00e3o preventiva decretada\"}]},{\"@type\":\"WebSite\",\"@id\":\"https:\/\/verdadeon.com.br\/portal\/#website\",\"url\":\"https:\/\/verdadeon.com.br\/portal\/\",\"name\":\"VerdadeOn\",\"description\":\"Not\u00edcias di\u00e1rias sobre Franca, Regi\u00e3o, Esporte, Cultura, Cotidiano, Colunas. Cobertura nos principais eventos da cidade \u00e9 aqui - Verdadeon Franca\",\"potentialAction\":[{\"@type\":\"SearchAction\",\"target\":{\"@type\":\"EntryPoint\",\"urlTemplate\":\"https:\/\/verdadeon.com.br\/portal\/?s={search_term_string}\"},\"query-input\":{\"@type\":\"PropertyValueSpecification\",\"valueRequired\":true,\"valueName\":\"search_term_string\"}}],\"inLanguage\":\"pt-BR\"},{\"@type\":\"Person\",\"@id\":\"https:\/\/verdadeon.com.br\/portal\/#\/schema\/person\/a5060ad1e9ea3df545188fc93ce43d2f\",\"name\":\"Redacao VerdadeOn\",\"image\":{\"@type\":\"ImageObject\",\"inLanguage\":\"pt-BR\",\"@id\":\"https:\/\/verdadeon.com.br\/portal\/#\/schema\/person\/image\/\",\"url\":\"https:\/\/secure.gravatar.com\/avatar\/459a9613caaaf07f582c3d0841eea68bdd66f533e465e6ba8b9cb45619572cf4?s=96&d=mm&r=g\",\"contentUrl\":\"https:\/\/secure.gravatar.com\/avatar\/459a9613caaaf07f582c3d0841eea68bdd66f533e465e6ba8b9cb45619572cf4?s=96&d=mm&r=g\",\"caption\":\"Redacao VerdadeOn\"},\"url\":\"https:\/\/verdadeon.com.br\/portal\/author\/redacao\/\"}]}<\/script>\n<!-- \/ Yoast SEO plugin. -->","yoast_head_json":{"title":"Homem que matou cachorro com canivete tem pris\u00e3o preventiva decretada - VerdadeOn","robots":{"index":"index","follow":"follow","max-snippet":"max-snippet:-1","max-image-preview":"max-image-preview:large","max-video-preview":"max-video-preview:-1"},"canonical":"https:\/\/verdadeon.com.br\/portal\/2025\/02\/24\/sao-jose-da-bela-vista-homem-e-preso-apos-matar-cachorro-com-canivete\/","og_locale":"pt_BR","og_type":"article","og_title":"Homem que matou cachorro com canivete tem pris\u00e3o preventiva decretada - VerdadeOn","og_description":"Esta \u00e9 a segunda vez que o mesmo homem pratica este tipo de crime; caso ocorreu em S\u00e3o Jos\u00e9 da Bela Vista Por Pedro Maia Editor-chefe [\u2026]","og_url":"https:\/\/verdadeon.com.br\/portal\/2025\/02\/24\/sao-jose-da-bela-vista-homem-e-preso-apos-matar-cachorro-com-canivete\/","og_site_name":"VerdadeOn","article_published_time":"2025-02-24T14:58:34+00:00","article_modified_time":"2025-02-24T19:57:26+00:00","og_image":[{"width":750,"height":502,"url":"https:\/\/verdadeon.com.br\/portal\/wp-content\/uploads\/2025\/02\/cachorro.jpg","type":"image\/jpeg"}],"author":"Redacao VerdadeOn","twitter_card":"summary_large_image","twitter_misc":{"Escrito por":"Redacao VerdadeOn","Est. tempo de leitura":"2 minutos"},"schema":{"@context":"https:\/\/schema.org","@graph":[{"@type":"WebPage","@id":"https:\/\/verdadeon.com.br\/portal\/2025\/02\/24\/sao-jose-da-bela-vista-homem-e-preso-apos-matar-cachorro-com-canivete\/","url":"https:\/\/verdadeon.com.br\/portal\/2025\/02\/24\/sao-jose-da-bela-vista-homem-e-preso-apos-matar-cachorro-com-canivete\/","name":"Homem que matou cachorro com canivete tem pris\u00e3o preventiva decretada - VerdadeOn","isPartOf":{"@id":"https:\/\/verdadeon.com.br\/portal\/#website"},"primaryImageOfPage":{"@id":"https:\/\/verdadeon.com.br\/portal\/2025\/02\/24\/sao-jose-da-bela-vista-homem-e-preso-apos-matar-cachorro-com-canivete\/#primaryimage"},"image":{"@id":"https:\/\/verdadeon.com.br\/portal\/2025\/02\/24\/sao-jose-da-bela-vista-homem-e-preso-apos-matar-cachorro-com-canivete\/#primaryimage"},"thumbnailUrl":"https:\/\/i0.wp.com\/verdadeon.com.br\/portal\/wp-content\/uploads\/2025\/02\/cachorro.jpg?fit=750%2C502&ssl=1","datePublished":"2025-02-24T14:58:34+00:00","dateModified":"2025-02-24T19:57:26+00:00","author":{"@id":"https:\/\/verdadeon.com.br\/portal\/#\/schema\/person\/a5060ad1e9ea3df545188fc93ce43d2f"},"breadcrumb":{"@id":"https:\/\/verdadeon.com.br\/portal\/2025\/02\/24\/sao-jose-da-bela-vista-homem-e-preso-apos-matar-cachorro-com-canivete\/#breadcrumb"},"inLanguage":"pt-BR","potentialAction":[{"@type":"ReadAction","target":["https:\/\/verdadeon.com.br\/portal\/2025\/02\/24\/sao-jose-da-bela-vista-homem-e-preso-apos-matar-cachorro-com-canivete\/"]}]},{"@type":"ImageObject","inLanguage":"pt-BR","@id":"https:\/\/verdadeon.com.br\/portal\/2025\/02\/24\/sao-jose-da-bela-vista-homem-e-preso-apos-matar-cachorro-com-canivete\/#primaryimage","url":"https:\/\/i0.wp.com\/verdadeon.com.br\/portal\/wp-content\/uploads\/2025\/02\/cachorro.jpg?fit=750%2C502&ssl=1","contentUrl":"https:\/\/i0.wp.com\/verdadeon.com.br\/portal\/wp-content\/uploads\/2025\/02\/cachorro.jpg?fit=750%2C502&ssl=1","width":750,"height":502,"caption":"Homem corta pesco\u00e7o de cachorro com canivete em S\u00e2o Jos\u00e9 da Bela Vista (\u00a9Reprodu\u00e7\u00e3o\/Redes Sociais)"},{"@type":"BreadcrumbList","@id":"https:\/\/verdadeon.com.br\/portal\/2025\/02\/24\/sao-jose-da-bela-vista-homem-e-preso-apos-matar-cachorro-com-canivete\/#breadcrumb","itemListElement":[{"@type":"ListItem","position":1,"name":"In\u00edcio","item":"https:\/\/verdadeon.com.br\/portal\/"},{"@type":"ListItem","position":2,"name":"Homem que matou cachorro com canivete tem pris\u00e3o preventiva decretada"}]},{"@type":"WebSite","@id":"https:\/\/verdadeon.com.br\/portal\/#website","url":"https:\/\/verdadeon.com.br\/portal\/","name":"VerdadeOn","description":"Not\u00edcias di\u00e1rias sobre Franca, Regi\u00e3o, Esporte, Cultura, Cotidiano, Colunas. Cobertura nos principais eventos da cidade \u00e9 aqui - Verdadeon Franca","potentialAction":[{"@type":"SearchAction","target":{"@type":"EntryPoint","urlTemplate":"https:\/\/verdadeon.com.br\/portal\/?s={search_term_string}"},"query-input":{"@type":"PropertyValueSpecification","valueRequired":true,"valueName":"search_term_string"}}],"inLanguage":"pt-BR"},{"@type":"Person","@id":"https:\/\/verdadeon.com.br\/portal\/#\/schema\/person\/a5060ad1e9ea3df545188fc93ce43d2f","name":"Redacao VerdadeOn","image":{"@type":"ImageObject","inLanguage":"pt-BR","@id":"https:\/\/verdadeon.com.br\/portal\/#\/schema\/person\/image\/","url":"https:\/\/secure.gravatar.com\/avatar\/459a9613caaaf07f582c3d0841eea68bdd66f533e465e6ba8b9cb45619572cf4?s=96&d=mm&r=g","contentUrl":"https:\/\/secure.gravatar.com\/avatar\/459a9613caaaf07f582c3d0841eea68bdd66f533e465e6ba8b9cb45619572cf4?s=96&d=mm&r=g","caption":"Redacao VerdadeOn"},"url":"https:\/\/verdadeon.com.br\/portal\/author\/redacao\/"}]}},"jetpack_publicize_connections":[],"jetpack_featured_media_url":"https:\/\/i0.wp.com\/verdadeon.com.br\/portal\/wp-content\/uploads\/2025\/02\/cachorro.jpg?fit=750%2C502&ssl=1","jetpack_sharing_enabled":true,"_links":{"self":[{"href":"https:\/\/verdadeon.com.br\/portal\/wp-json\/wp\/v2\/posts\/54112","targetHints":{"allow":["GET"]}}],"collection":[{"href":"https:\/\/verdadeon.com.br\/portal\/wp-json\/wp\/v2\/posts"}],"about":[{"href":"https:\/\/verdadeon.com.br\/portal\/wp-json\/wp\/v2\/types\/post"}],"author":[{"embeddable":true,"href":"https:\/\/verdadeon.com.br\/portal\/wp-json\/wp\/v2\/users\/10"}],"replies":[{"embeddable":true,"href":"https:\/\/verdadeon.com.br\/portal\/wp-json\/wp\/v2\/comments?post=54112"}],"version-history":[{"count":4,"href":"https:\/\/verdadeon.com.br\/portal\/wp-json\/wp\/v2\/posts\/54112\/revisions"}],"predecessor-version":[{"id":54148,"href":"https:\/\/verdadeon.com.br\/portal\/wp-json\/wp\/v2\/posts\/54112\/revisions\/54148"}],"wp:featuredmedia":[{"embeddable":true,"href":"https:\/\/verdadeon.com.br\/portal\/wp-json\/wp\/v2\/media\/54113"}],"wp:attachment":[{"href":"https:\/\/verdadeon.com.br\/portal\/wp-json\/wp\/v2\/media?parent=54112"}],"wp:term":[{"taxonomy":"category","embeddable":true,"href":"https:\/\/verdadeon.com.br\/portal\/wp-json\/wp\/v2\/categories?post=54112"},{"taxonomy":"post_tag","embeddable":true,"href":"https:\/\/verdadeon.com.br\/portal\/wp-json\/wp\/v2\/tags?post=54112"}],"curies":[{"name":"wp","href":"https:\/\/api.w.org\/{rel}","templated":true}]}}