{"id":53786,"date":"2025-02-12T12:59:02","date_gmt":"2025-02-12T15:59:02","guid":{"rendered":"https:\/\/verdadeon.com.br\/portal\/?p=53786"},"modified":"2025-02-12T12:59:02","modified_gmt":"2025-02-12T15:59:02","slug":"franca-destina-r-379-mil-dos-r-517-mil-em-verbas-oriundas-de-prestacao-pecuniaria","status":"publish","type":"post","link":"https:\/\/verdadeon.com.br\/portal\/2025\/02\/12\/franca-destina-r-379-mil-dos-r-517-mil-em-verbas-oriundas-de-prestacao-pecuniaria\/","title":{"rendered":"Franca destina R$ 379 mil dos R$ 517 mil em verbas oriundas de presta\u00e7\u00e3o pecuni\u00e1ria"},"content":{"rendered":"<h2>Quatro projetos receberam destina\u00e7\u00e3o social atrav\u00e9s da Justi\u00e7a Federal<\/h2>\n<p style=\"text-align: right;\"><em><strong>Por Pedro Maia<\/strong><\/em><br \/>\n<em><strong>Editor-chefe<\/strong><\/em><\/p>\n<p>A Corregedoria Regional da Justi\u00e7a Federal da 3\u00aa Regi\u00e3o\u00a0<a href=\"https:\/\/www.trf3.jus.br\/transparencia\/resolucao-cjf-no-737\/2021\" target=\"_blank\" rel=\"noreferrer noopener\">divulgou<\/a>\u00a0informa\u00e7\u00f5es sobre o uso de verbas oriundas de presta\u00e7\u00e3o pecuni\u00e1ria em 2024, em cumprimento \u00e0\u00a0<a href=\"https:\/\/www.cjf.jus.br\/publico\/biblioteca\/Res%20737-2021.pdf\" target=\"_blank\" rel=\"noreferrer noopener\">Resolu\u00e7\u00e3o n\u00ba 737\/2021<\/a>, do Conselho da Justi\u00e7a Federal (CJF). Os recursos s\u00e3o provenientes de presta\u00e7\u00f5es pecuni\u00e1rias fixadas em processos criminais, decis\u00f5es de suspens\u00e3o condicional do processo, transa\u00e7\u00f5es penais e Acordos de N\u00e3o Persecu\u00e7\u00e3o Penal (ANPP). Neste caso, entidades p\u00fablicas ou privadas podem receb\u00ea-los atrav\u00e9s de destina\u00e7\u00e3o social.<\/p>\n<p>A destina\u00e7\u00e3o \u00e9 fundamentada em Recomenda\u00e7\u00f5es do\u00a0<a href=\"https:\/\/atos.cnj.jus.br\/files\/original22550320240502663419c70e2fe.pdf\" target=\"_blank\" rel=\"noreferrer noopener\">Conselho Nacional de Justi\u00e7a (CNJ)<\/a>\u00a0e do\u00a0<a href=\"https:\/\/www.cjf.jus.br\/publico\/biblioteca\/Rec%20023-2024.pdf\" target=\"_blank\" rel=\"noreferrer noopener\">Conselho da Justi\u00e7a Federal (CJF)<\/a>.<\/p>\n<p>Em 2024, a 1\u00aa e a 2\u00aa Varas Federais de Franca poderiam destinar um total de R$ 517.095,94 (quinhentos e dezessete mil, noventa e cinco reais e noventa e quatro centavos) a projetos de cunho social. Um total de R$ 199.340,80 (cento e noventa e nove mil, trezentos e quarenta reais e oitenta centavos) foram designados \u00e0s obras assistenciais Dr. Ismael Alonso Y Alonso, sendo:<\/p>\n<ul>\n<li>&#8220;Projeto Crian\u00e7a Feliz, referente \u00e0 aquisi\u00e7\u00e3o, pelo per\u00edodo de 12 (doze) meses, de 53 (cinquenta e tr\u00eas) cestas-b\u00e1sicas mensais para fornecimento a fam\u00edlias em situa\u00e7\u00e3o de vulnerabilidade, com recursos oriundos do cumprimento de penas de presta\u00e7\u00e3o pecuni\u00e1ria, transa\u00e7\u00e3o penal, suspens\u00e3o condicional do processo e de acordo de n\u00e3o persecu\u00e7\u00e3o penal&#8221;. (R$ 99.340,80)<\/li>\n<li>&#8220;Projeto Mais Amor, Menos Fome, no \u00e2mbito da 13.\u00aa Subse\u00e7\u00e3o Judici\u00e1ria de S\u00e3o Paulo, referente \u00e0 aquisi\u00e7\u00e3o, pelo per\u00edodo de 12 (doze) meses, de 54 (cinquenta e quatro) cestas-b\u00e1sicas mensais para fornecimento a fam\u00edlias com crian\u00e7as e adolescentes em situa\u00e7\u00e3o de vulnerabilidade, com recursos oriundos do cumprimento de penas de presta\u00e7\u00e3o pecuni\u00e1ria, transa\u00e7\u00e3o penal, suspens\u00e3o condicional do processo e de acordo de n\u00e3o persecu\u00e7\u00e3o penal&#8221;. (R$ 100 mil)<\/li>\n<\/ul>\n<p>Mais R$ 179.715,79 (cento e setenta e nove mil, setecentos e quinze reais e setenta e nove centavos) foram remetidos ao Estado de S\u00e3o Paulo por meio da SSP para o &#8220;Aprimoramento das Ocorr\u00eancias Durante o Per\u00edodo de Chuvas Intensas na Regi\u00e3o de Franca&#8221; (R$ 88.913,95 &#8211; oitenta e oito mil, novecentos e treze reais e noventa e cinco centavos) e &#8220;Aprimoramento da Atividade de Combate a Inc\u00eandios em Vegeta\u00e7\u00f5es Florestais e Urbanas&#8221; (R$ 90.801,84 &#8211; noventa mil, oitocentos e um reais e oitenta e quatro centavos), ambas apresentadas pelo 2\u00ba Subgrupamento de Bombeiros de Franca:<\/p>\n<ul>\n<li>1\u00aa indica\u00e7\u00e3o: &#8220;referente \u00e0 compra de equipamentos para auxiliar no atendimento \u00e0s ocorr\u00eancias durante per\u00edodo de chuvas intensas, com recursos oriundos do cumprimento de penas de presta\u00e7\u00e3o pecuni\u00e1ria, transa\u00e7\u00e3o penal, suspens\u00e3o condicional do processo e de acordo de n\u00e3o persecu\u00e7\u00e3o penal&#8221;.<\/li>\n<li>2\u00aa indica\u00e7\u00e3o: &#8220;referente \u00e0 compra de equipamentos para auxiliar no combate a inc\u00eandios em vegeta\u00e7\u00f5es florestais e urbanas, com recursos oriundos do cumprimento de penas de presta\u00e7\u00e3o pecuni\u00e1ria, transa\u00e7\u00e3o penal, suspens\u00e3o condicional do processo e de acordo de n\u00e3o persecu\u00e7\u00e3o penal&#8221;.<\/li>\n<\/ul>\n<p>A Justi\u00e7a Federal de Franca ainda designou R$ 313.366,45 (trezentos e treze mil, trezentos e sessenta e seis reais e quarenta e cinco centavos) \u00e0 Defesa Civil do Rio Grande do Sul em raz\u00e3o das enchentes no estado. O CEPEMA e outras 47 varas federais tamb\u00e9m contribu\u00edram, totalizando um envio ao estado ga\u00facho de pouco mais de R$ 21 milh\u00f5es &#8211; nos termos da\u00a0<a href=\"https:\/\/web.trf3.jus.br\/diario\/Consulta\/VisualizarDocumento?CodigoTipoPublicacao=1&amp;CodigoOrgao=1&amp;CodigoDocumento=0&amp;IdMateria=550526&amp;NumeroProcesso=0\" target=\"_blank\" rel=\"noreferrer noopener\">Portaria Conjunta PRES\/CORE N\u00ba 34<\/a>, de 7 de maio de 2024.<\/p>\n","protected":false},"excerpt":{"rendered":"<p>Quatro projetos receberam destina\u00e7\u00e3o social atrav\u00e9s da Justi\u00e7a Federal Por Pedro Maia Editor-chefe A Corregedoria Regional da Justi\u00e7a Federal da 3\u00aa Regi\u00e3o\u00a0divulgou\u00a0informa\u00e7\u00f5es sobre o uso de<span class=\"excerpt-hellip\"> [\u2026]<\/span><\/p>\n","protected":false},"author":10,"featured_media":53787,"comment_status":"open","ping_status":"open","sticky":false,"template":"","format":"standard","meta":{"_jetpack_memberships_contains_paid_content":false,"footnotes":"","jetpack_publicize_message":"","jetpack_publicize_feature_enabled":true,"jetpack_social_post_already_shared":true,"jetpack_social_options":{"image_generator_settings":{"template":"highway","default_image_id":0,"enabled":false},"version":2}},"categories":[28,81],"tags":[],"class_list":["post-53786","post","type-post","status-publish","format-standard","has-post-thumbnail","hentry","category-cotidiano","category-manchete"],"yoast_head":"<!-- This site is optimized with the Yoast SEO plugin v25.6 - https:\/\/yoast.com\/wordpress\/plugins\/seo\/ -->\n<title>Franca destina R$ 379 mil dos R$ 517 mil em verbas oriundas de presta\u00e7\u00e3o pecuni\u00e1ria - VerdadeOn<\/title>\n<meta name=\"robots\" content=\"index, follow, max-snippet:-1, max-image-preview:large, max-video-preview:-1\" \/>\n<link rel=\"canonical\" href=\"https:\/\/verdadeon.com.br\/portal\/2025\/02\/12\/franca-destina-r-379-mil-dos-r-517-mil-em-verbas-oriundas-de-prestacao-pecuniaria\/\" \/>\n<meta property=\"og:locale\" content=\"pt_BR\" \/>\n<meta property=\"og:type\" content=\"article\" \/>\n<meta property=\"og:title\" content=\"Franca destina R$ 379 mil dos R$ 517 mil em verbas oriundas de presta\u00e7\u00e3o pecuni\u00e1ria - VerdadeOn\" \/>\n<meta property=\"og:description\" content=\"Quatro projetos receberam destina\u00e7\u00e3o social atrav\u00e9s da Justi\u00e7a Federal Por Pedro Maia Editor-chefe A Corregedoria Regional da Justi\u00e7a Federal da 3\u00aa Regi\u00e3o\u00a0divulgou\u00a0informa\u00e7\u00f5es sobre o uso de [\u2026]\" \/>\n<meta property=\"og:url\" content=\"https:\/\/verdadeon.com.br\/portal\/2025\/02\/12\/franca-destina-r-379-mil-dos-r-517-mil-em-verbas-oriundas-de-prestacao-pecuniaria\/\" \/>\n<meta property=\"og:site_name\" content=\"VerdadeOn\" \/>\n<meta property=\"article:published_time\" content=\"2025-02-12T15:59:02+00:00\" \/>\n<meta property=\"og:image\" content=\"https:\/\/verdadeon.com.br\/portal\/wp-content\/uploads\/2025\/02\/Capturar-1-2.jpg\" \/>\n\t<meta property=\"og:image:width\" content=\"994\" \/>\n\t<meta property=\"og:image:height\" content=\"676\" \/>\n\t<meta property=\"og:image:type\" content=\"image\/jpeg\" \/>\n<meta name=\"author\" content=\"Redacao VerdadeOn\" \/>\n<meta name=\"twitter:card\" content=\"summary_large_image\" \/>\n<meta name=\"twitter:label1\" content=\"Escrito por\" \/>\n\t<meta name=\"twitter:data1\" content=\"Redacao VerdadeOn\" \/>\n\t<meta name=\"twitter:label2\" content=\"Est. tempo de leitura\" \/>\n\t<meta name=\"twitter:data2\" content=\"3 minutos\" \/>\n<script type=\"application\/ld+json\" class=\"yoast-schema-graph\">{\"@context\":\"https:\/\/schema.org\",\"@graph\":[{\"@type\":\"WebPage\",\"@id\":\"https:\/\/verdadeon.com.br\/portal\/2025\/02\/12\/franca-destina-r-379-mil-dos-r-517-mil-em-verbas-oriundas-de-prestacao-pecuniaria\/\",\"url\":\"https:\/\/verdadeon.com.br\/portal\/2025\/02\/12\/franca-destina-r-379-mil-dos-r-517-mil-em-verbas-oriundas-de-prestacao-pecuniaria\/\",\"name\":\"Franca destina R$ 379 mil dos R$ 517 mil em verbas oriundas de presta\u00e7\u00e3o pecuni\u00e1ria - VerdadeOn\",\"isPartOf\":{\"@id\":\"https:\/\/verdadeon.com.br\/portal\/#website\"},\"primaryImageOfPage\":{\"@id\":\"https:\/\/verdadeon.com.br\/portal\/2025\/02\/12\/franca-destina-r-379-mil-dos-r-517-mil-em-verbas-oriundas-de-prestacao-pecuniaria\/#primaryimage\"},\"image\":{\"@id\":\"https:\/\/verdadeon.com.br\/portal\/2025\/02\/12\/franca-destina-r-379-mil-dos-r-517-mil-em-verbas-oriundas-de-prestacao-pecuniaria\/#primaryimage\"},\"thumbnailUrl\":\"https:\/\/i0.wp.com\/verdadeon.com.br\/portal\/wp-content\/uploads\/2025\/02\/Capturar-1-2.jpg?fit=994%2C676&ssl=1\",\"datePublished\":\"2025-02-12T15:59:02+00:00\",\"author\":{\"@id\":\"https:\/\/verdadeon.com.br\/portal\/#\/schema\/person\/a5060ad1e9ea3df545188fc93ce43d2f\"},\"breadcrumb\":{\"@id\":\"https:\/\/verdadeon.com.br\/portal\/2025\/02\/12\/franca-destina-r-379-mil-dos-r-517-mil-em-verbas-oriundas-de-prestacao-pecuniaria\/#breadcrumb\"},\"inLanguage\":\"pt-BR\",\"potentialAction\":[{\"@type\":\"ReadAction\",\"target\":[\"https:\/\/verdadeon.com.br\/portal\/2025\/02\/12\/franca-destina-r-379-mil-dos-r-517-mil-em-verbas-oriundas-de-prestacao-pecuniaria\/\"]}]},{\"@type\":\"ImageObject\",\"inLanguage\":\"pt-BR\",\"@id\":\"https:\/\/verdadeon.com.br\/portal\/2025\/02\/12\/franca-destina-r-379-mil-dos-r-517-mil-em-verbas-oriundas-de-prestacao-pecuniaria\/#primaryimage\",\"url\":\"https:\/\/i0.wp.com\/verdadeon.com.br\/portal\/wp-content\/uploads\/2025\/02\/Capturar-1-2.jpg?fit=994%2C676&ssl=1\",\"contentUrl\":\"https:\/\/i0.wp.com\/verdadeon.com.br\/portal\/wp-content\/uploads\/2025\/02\/Capturar-1-2.jpg?fit=994%2C676&ssl=1\",\"width\":994,\"height\":676,\"caption\":\"Justi\u00e7a Federal de Franca (\u00a9GoogleStreetView)\"},{\"@type\":\"BreadcrumbList\",\"@id\":\"https:\/\/verdadeon.com.br\/portal\/2025\/02\/12\/franca-destina-r-379-mil-dos-r-517-mil-em-verbas-oriundas-de-prestacao-pecuniaria\/#breadcrumb\",\"itemListElement\":[{\"@type\":\"ListItem\",\"position\":1,\"name\":\"In\u00edcio\",\"item\":\"https:\/\/verdadeon.com.br\/portal\/\"},{\"@type\":\"ListItem\",\"position\":2,\"name\":\"Franca destina R$ 379 mil dos R$ 517 mil em verbas oriundas de presta\u00e7\u00e3o pecuni\u00e1ria\"}]},{\"@type\":\"WebSite\",\"@id\":\"https:\/\/verdadeon.com.br\/portal\/#website\",\"url\":\"https:\/\/verdadeon.com.br\/portal\/\",\"name\":\"VerdadeOn\",\"description\":\"Not\u00edcias di\u00e1rias sobre Franca, Regi\u00e3o, Esporte, Cultura, Cotidiano, Colunas. Cobertura nos principais eventos da cidade \u00e9 aqui - Verdadeon Franca\",\"potentialAction\":[{\"@type\":\"SearchAction\",\"target\":{\"@type\":\"EntryPoint\",\"urlTemplate\":\"https:\/\/verdadeon.com.br\/portal\/?s={search_term_string}\"},\"query-input\":{\"@type\":\"PropertyValueSpecification\",\"valueRequired\":true,\"valueName\":\"search_term_string\"}}],\"inLanguage\":\"pt-BR\"},{\"@type\":\"Person\",\"@id\":\"https:\/\/verdadeon.com.br\/portal\/#\/schema\/person\/a5060ad1e9ea3df545188fc93ce43d2f\",\"name\":\"Redacao VerdadeOn\",\"image\":{\"@type\":\"ImageObject\",\"inLanguage\":\"pt-BR\",\"@id\":\"https:\/\/verdadeon.com.br\/portal\/#\/schema\/person\/image\/\",\"url\":\"https:\/\/secure.gravatar.com\/avatar\/459a9613caaaf07f582c3d0841eea68bdd66f533e465e6ba8b9cb45619572cf4?s=96&d=mm&r=g\",\"contentUrl\":\"https:\/\/secure.gravatar.com\/avatar\/459a9613caaaf07f582c3d0841eea68bdd66f533e465e6ba8b9cb45619572cf4?s=96&d=mm&r=g\",\"caption\":\"Redacao VerdadeOn\"},\"url\":\"https:\/\/verdadeon.com.br\/portal\/author\/redacao\/\"}]}<\/script>\n<!-- \/ Yoast SEO plugin. -->","yoast_head_json":{"title":"Franca destina R$ 379 mil dos R$ 517 mil em verbas oriundas de presta\u00e7\u00e3o pecuni\u00e1ria - VerdadeOn","robots":{"index":"index","follow":"follow","max-snippet":"max-snippet:-1","max-image-preview":"max-image-preview:large","max-video-preview":"max-video-preview:-1"},"canonical":"https:\/\/verdadeon.com.br\/portal\/2025\/02\/12\/franca-destina-r-379-mil-dos-r-517-mil-em-verbas-oriundas-de-prestacao-pecuniaria\/","og_locale":"pt_BR","og_type":"article","og_title":"Franca destina R$ 379 mil dos R$ 517 mil em verbas oriundas de presta\u00e7\u00e3o pecuni\u00e1ria - VerdadeOn","og_description":"Quatro projetos receberam destina\u00e7\u00e3o social atrav\u00e9s da Justi\u00e7a Federal Por Pedro Maia Editor-chefe A Corregedoria Regional da Justi\u00e7a Federal da 3\u00aa Regi\u00e3o\u00a0divulgou\u00a0informa\u00e7\u00f5es sobre o uso de [\u2026]","og_url":"https:\/\/verdadeon.com.br\/portal\/2025\/02\/12\/franca-destina-r-379-mil-dos-r-517-mil-em-verbas-oriundas-de-prestacao-pecuniaria\/","og_site_name":"VerdadeOn","article_published_time":"2025-02-12T15:59:02+00:00","og_image":[{"width":994,"height":676,"url":"https:\/\/verdadeon.com.br\/portal\/wp-content\/uploads\/2025\/02\/Capturar-1-2.jpg","type":"image\/jpeg"}],"author":"Redacao VerdadeOn","twitter_card":"summary_large_image","twitter_misc":{"Escrito por":"Redacao VerdadeOn","Est. tempo de leitura":"3 minutos"},"schema":{"@context":"https:\/\/schema.org","@graph":[{"@type":"WebPage","@id":"https:\/\/verdadeon.com.br\/portal\/2025\/02\/12\/franca-destina-r-379-mil-dos-r-517-mil-em-verbas-oriundas-de-prestacao-pecuniaria\/","url":"https:\/\/verdadeon.com.br\/portal\/2025\/02\/12\/franca-destina-r-379-mil-dos-r-517-mil-em-verbas-oriundas-de-prestacao-pecuniaria\/","name":"Franca destina R$ 379 mil dos R$ 517 mil em verbas oriundas de presta\u00e7\u00e3o pecuni\u00e1ria - VerdadeOn","isPartOf":{"@id":"https:\/\/verdadeon.com.br\/portal\/#website"},"primaryImageOfPage":{"@id":"https:\/\/verdadeon.com.br\/portal\/2025\/02\/12\/franca-destina-r-379-mil-dos-r-517-mil-em-verbas-oriundas-de-prestacao-pecuniaria\/#primaryimage"},"image":{"@id":"https:\/\/verdadeon.com.br\/portal\/2025\/02\/12\/franca-destina-r-379-mil-dos-r-517-mil-em-verbas-oriundas-de-prestacao-pecuniaria\/#primaryimage"},"thumbnailUrl":"https:\/\/i0.wp.com\/verdadeon.com.br\/portal\/wp-content\/uploads\/2025\/02\/Capturar-1-2.jpg?fit=994%2C676&ssl=1","datePublished":"2025-02-12T15:59:02+00:00","author":{"@id":"https:\/\/verdadeon.com.br\/portal\/#\/schema\/person\/a5060ad1e9ea3df545188fc93ce43d2f"},"breadcrumb":{"@id":"https:\/\/verdadeon.com.br\/portal\/2025\/02\/12\/franca-destina-r-379-mil-dos-r-517-mil-em-verbas-oriundas-de-prestacao-pecuniaria\/#breadcrumb"},"inLanguage":"pt-BR","potentialAction":[{"@type":"ReadAction","target":["https:\/\/verdadeon.com.br\/portal\/2025\/02\/12\/franca-destina-r-379-mil-dos-r-517-mil-em-verbas-oriundas-de-prestacao-pecuniaria\/"]}]},{"@type":"ImageObject","inLanguage":"pt-BR","@id":"https:\/\/verdadeon.com.br\/portal\/2025\/02\/12\/franca-destina-r-379-mil-dos-r-517-mil-em-verbas-oriundas-de-prestacao-pecuniaria\/#primaryimage","url":"https:\/\/i0.wp.com\/verdadeon.com.br\/portal\/wp-content\/uploads\/2025\/02\/Capturar-1-2.jpg?fit=994%2C676&ssl=1","contentUrl":"https:\/\/i0.wp.com\/verdadeon.com.br\/portal\/wp-content\/uploads\/2025\/02\/Capturar-1-2.jpg?fit=994%2C676&ssl=1","width":994,"height":676,"caption":"Justi\u00e7a Federal de Franca (\u00a9GoogleStreetView)"},{"@type":"BreadcrumbList","@id":"https:\/\/verdadeon.com.br\/portal\/2025\/02\/12\/franca-destina-r-379-mil-dos-r-517-mil-em-verbas-oriundas-de-prestacao-pecuniaria\/#breadcrumb","itemListElement":[{"@type":"ListItem","position":1,"name":"In\u00edcio","item":"https:\/\/verdadeon.com.br\/portal\/"},{"@type":"ListItem","position":2,"name":"Franca destina R$ 379 mil dos R$ 517 mil em verbas oriundas de presta\u00e7\u00e3o pecuni\u00e1ria"}]},{"@type":"WebSite","@id":"https:\/\/verdadeon.com.br\/portal\/#website","url":"https:\/\/verdadeon.com.br\/portal\/","name":"VerdadeOn","description":"Not\u00edcias di\u00e1rias sobre Franca, Regi\u00e3o, Esporte, Cultura, Cotidiano, Colunas. Cobertura nos principais eventos da cidade \u00e9 aqui - Verdadeon Franca","potentialAction":[{"@type":"SearchAction","target":{"@type":"EntryPoint","urlTemplate":"https:\/\/verdadeon.com.br\/portal\/?s={search_term_string}"},"query-input":{"@type":"PropertyValueSpecification","valueRequired":true,"valueName":"search_term_string"}}],"inLanguage":"pt-BR"},{"@type":"Person","@id":"https:\/\/verdadeon.com.br\/portal\/#\/schema\/person\/a5060ad1e9ea3df545188fc93ce43d2f","name":"Redacao VerdadeOn","image":{"@type":"ImageObject","inLanguage":"pt-BR","@id":"https:\/\/verdadeon.com.br\/portal\/#\/schema\/person\/image\/","url":"https:\/\/secure.gravatar.com\/avatar\/459a9613caaaf07f582c3d0841eea68bdd66f533e465e6ba8b9cb45619572cf4?s=96&d=mm&r=g","contentUrl":"https:\/\/secure.gravatar.com\/avatar\/459a9613caaaf07f582c3d0841eea68bdd66f533e465e6ba8b9cb45619572cf4?s=96&d=mm&r=g","caption":"Redacao VerdadeOn"},"url":"https:\/\/verdadeon.com.br\/portal\/author\/redacao\/"}]}},"jetpack_publicize_connections":[],"jetpack_featured_media_url":"https:\/\/i0.wp.com\/verdadeon.com.br\/portal\/wp-content\/uploads\/2025\/02\/Capturar-1-2.jpg?fit=994%2C676&ssl=1","jetpack_sharing_enabled":true,"_links":{"self":[{"href":"https:\/\/verdadeon.com.br\/portal\/wp-json\/wp\/v2\/posts\/53786","targetHints":{"allow":["GET"]}}],"collection":[{"href":"https:\/\/verdadeon.com.br\/portal\/wp-json\/wp\/v2\/posts"}],"about":[{"href":"https:\/\/verdadeon.com.br\/portal\/wp-json\/wp\/v2\/types\/post"}],"author":[{"embeddable":true,"href":"https:\/\/verdadeon.com.br\/portal\/wp-json\/wp\/v2\/users\/10"}],"replies":[{"embeddable":true,"href":"https:\/\/verdadeon.com.br\/portal\/wp-json\/wp\/v2\/comments?post=53786"}],"version-history":[{"count":1,"href":"https:\/\/verdadeon.com.br\/portal\/wp-json\/wp\/v2\/posts\/53786\/revisions"}],"predecessor-version":[{"id":53788,"href":"https:\/\/verdadeon.com.br\/portal\/wp-json\/wp\/v2\/posts\/53786\/revisions\/53788"}],"wp:featuredmedia":[{"embeddable":true,"href":"https:\/\/verdadeon.com.br\/portal\/wp-json\/wp\/v2\/media\/53787"}],"wp:attachment":[{"href":"https:\/\/verdadeon.com.br\/portal\/wp-json\/wp\/v2\/media?parent=53786"}],"wp:term":[{"taxonomy":"category","embeddable":true,"href":"https:\/\/verdadeon.com.br\/portal\/wp-json\/wp\/v2\/categories?post=53786"},{"taxonomy":"post_tag","embeddable":true,"href":"https:\/\/verdadeon.com.br\/portal\/wp-json\/wp\/v2\/tags?post=53786"}],"curies":[{"name":"wp","href":"https:\/\/api.w.org\/{rel}","templated":true}]}}