{"id":53758,"date":"2025-02-11T15:13:54","date_gmt":"2025-02-11T18:13:54","guid":{"rendered":"https:\/\/verdadeon.com.br\/portal\/?p=53758"},"modified":"2025-02-11T15:13:54","modified_gmt":"2025-02-11T18:13:54","slug":"jovem-de-22-anos-e-preso-no-paulistano-por-trafico-de-drogas","status":"publish","type":"post","link":"https:\/\/verdadeon.com.br\/portal\/2025\/02\/11\/jovem-de-22-anos-e-preso-no-paulistano-por-trafico-de-drogas\/","title":{"rendered":"Jovem de 22 anos \u00e9 preso no Paulistano por tr\u00e1fico de drogas"},"content":{"rendered":"<h2>DISE realizou opera\u00e7\u00e3o nesta ter\u00e7a-feira, 11<\/h2>\n<p style=\"text-align: right;\"><em><strong>Por Pedro Maia<\/strong><\/em><br \/>\n<em><strong>Editor-chefe<\/strong><\/em><\/p>\n<p>A DISE (Delegacia de Investiga\u00e7\u00f5es Sobre Entorpecentes), chefiada pelo Delegado Dr. Alan Bazalha Lopes, da Delegacia Seccional de Franca\/Deinter 3, realizou, nesta ter\u00e7a-feira, 11, uma opera\u00e7\u00e3o de combate ao tr\u00e1fico de drogas no Jardim Paulistano, em Franca, onde um jovem de 22 anos foi presp.<\/p>\n<p>O Setor de Investiga\u00e7\u00e3o da Unidade Policial tomou conhecimento da pr\u00e1tica criminosa a partir de den\u00fancia an\u00f4nima informando a ocorr\u00eancia de tr\u00e1fico no local. Os agentes ent\u00e3o realizaram um levantamento e verificaram a movimenta\u00e7\u00e3o de pessoas semelhantes a usu\u00e1rios de entorpecentes, sendo solicitado o mandado de busca judicial, que foi cumprido.<\/p>\n<p>No im\u00f3vel, a Pol\u00edcia encontrou: 32 por\u00e7\u00f5es de subst\u00e2ncias de p\u00f3 branca &#8211; coca\u00edna, um tablet e uma quantia em dinheiro. Considerando os fatos, deliberou a Autoridade Policial pela elabora\u00e7\u00e3o do Auto de Pris\u00e3o em Flagrante Delito em desfavor do investigado, que possui passagem como investigado por tr\u00e1fico de Entorpecentes no ano de 2023, sendo ele encaminhado ao estabelecimento prisional.<\/p>\n","protected":false},"excerpt":{"rendered":"<p>DISE realizou opera\u00e7\u00e3o nesta ter\u00e7a-feira, 11 Por Pedro Maia Editor-chefe A DISE (Delegacia de Investiga\u00e7\u00f5es Sobre Entorpecentes), chefiada pelo Delegado Dr. Alan Bazalha Lopes, da Delegacia<span class=\"excerpt-hellip\"> [\u2026]<\/span><\/p>\n","protected":false},"author":10,"featured_media":53759,"comment_status":"open","ping_status":"open","sticky":false,"template":"","format":"standard","meta":{"_jetpack_memberships_contains_paid_content":false,"footnotes":"","jetpack_publicize_message":"","jetpack_publicize_feature_enabled":true,"jetpack_social_post_already_shared":true,"jetpack_social_options":{"image_generator_settings":{"template":"highway","default_image_id":0,"enabled":false},"version":2}},"categories":[28,81],"tags":[],"class_list":["post-53758","post","type-post","status-publish","format-standard","has-post-thumbnail","hentry","category-cotidiano","category-manchete"],"yoast_head":"<!-- This site is optimized with the Yoast SEO plugin v25.6 - https:\/\/yoast.com\/wordpress\/plugins\/seo\/ -->\n<title>Jovem de 22 anos \u00e9 preso no Paulistano por tr\u00e1fico de drogas - VerdadeOn<\/title>\n<meta name=\"robots\" content=\"index, follow, max-snippet:-1, max-image-preview:large, max-video-preview:-1\" \/>\n<link rel=\"canonical\" href=\"https:\/\/verdadeon.com.br\/portal\/2025\/02\/11\/jovem-de-22-anos-e-preso-no-paulistano-por-trafico-de-drogas\/\" \/>\n<meta property=\"og:locale\" content=\"pt_BR\" \/>\n<meta property=\"og:type\" content=\"article\" \/>\n<meta property=\"og:title\" content=\"Jovem de 22 anos \u00e9 preso no Paulistano por tr\u00e1fico de drogas - VerdadeOn\" \/>\n<meta property=\"og:description\" content=\"DISE realizou opera\u00e7\u00e3o nesta ter\u00e7a-feira, 11 Por Pedro Maia Editor-chefe A DISE (Delegacia de Investiga\u00e7\u00f5es Sobre Entorpecentes), chefiada pelo Delegado Dr. Alan Bazalha Lopes, da Delegacia [\u2026]\" \/>\n<meta property=\"og:url\" content=\"https:\/\/verdadeon.com.br\/portal\/2025\/02\/11\/jovem-de-22-anos-e-preso-no-paulistano-por-trafico-de-drogas\/\" \/>\n<meta property=\"og:site_name\" content=\"VerdadeOn\" \/>\n<meta property=\"article:published_time\" content=\"2025-02-11T18:13:54+00:00\" \/>\n<meta property=\"og:image\" content=\"https:\/\/verdadeon.com.br\/portal\/wp-content\/uploads\/2025\/02\/WhatsApp-Image-2025-02-11-at-13.07.46-scaled.jpeg\" \/>\n\t<meta property=\"og:image:width\" content=\"2560\" \/>\n\t<meta property=\"og:image:height\" content=\"1716\" \/>\n\t<meta property=\"og:image:type\" content=\"image\/jpeg\" \/>\n<meta name=\"author\" content=\"Redacao VerdadeOn\" \/>\n<meta name=\"twitter:card\" content=\"summary_large_image\" \/>\n<meta name=\"twitter:label1\" content=\"Escrito por\" \/>\n\t<meta name=\"twitter:data1\" content=\"Redacao VerdadeOn\" \/>\n\t<meta name=\"twitter:label2\" content=\"Est. tempo de leitura\" \/>\n\t<meta name=\"twitter:data2\" content=\"1 minuto\" \/>\n<script type=\"application\/ld+json\" class=\"yoast-schema-graph\">{\"@context\":\"https:\/\/schema.org\",\"@graph\":[{\"@type\":\"WebPage\",\"@id\":\"https:\/\/verdadeon.com.br\/portal\/2025\/02\/11\/jovem-de-22-anos-e-preso-no-paulistano-por-trafico-de-drogas\/\",\"url\":\"https:\/\/verdadeon.com.br\/portal\/2025\/02\/11\/jovem-de-22-anos-e-preso-no-paulistano-por-trafico-de-drogas\/\",\"name\":\"Jovem de 22 anos \u00e9 preso no Paulistano por tr\u00e1fico de drogas - VerdadeOn\",\"isPartOf\":{\"@id\":\"https:\/\/verdadeon.com.br\/portal\/#website\"},\"primaryImageOfPage\":{\"@id\":\"https:\/\/verdadeon.com.br\/portal\/2025\/02\/11\/jovem-de-22-anos-e-preso-no-paulistano-por-trafico-de-drogas\/#primaryimage\"},\"image\":{\"@id\":\"https:\/\/verdadeon.com.br\/portal\/2025\/02\/11\/jovem-de-22-anos-e-preso-no-paulistano-por-trafico-de-drogas\/#primaryimage\"},\"thumbnailUrl\":\"https:\/\/i0.wp.com\/verdadeon.com.br\/portal\/wp-content\/uploads\/2025\/02\/WhatsApp-Image-2025-02-11-at-13.07.46-scaled.jpeg?fit=2560%2C1716&ssl=1\",\"datePublished\":\"2025-02-11T18:13:54+00:00\",\"author\":{\"@id\":\"https:\/\/verdadeon.com.br\/portal\/#\/schema\/person\/a5060ad1e9ea3df545188fc93ce43d2f\"},\"breadcrumb\":{\"@id\":\"https:\/\/verdadeon.com.br\/portal\/2025\/02\/11\/jovem-de-22-anos-e-preso-no-paulistano-por-trafico-de-drogas\/#breadcrumb\"},\"inLanguage\":\"pt-BR\",\"potentialAction\":[{\"@type\":\"ReadAction\",\"target\":[\"https:\/\/verdadeon.com.br\/portal\/2025\/02\/11\/jovem-de-22-anos-e-preso-no-paulistano-por-trafico-de-drogas\/\"]}]},{\"@type\":\"ImageObject\",\"inLanguage\":\"pt-BR\",\"@id\":\"https:\/\/verdadeon.com.br\/portal\/2025\/02\/11\/jovem-de-22-anos-e-preso-no-paulistano-por-trafico-de-drogas\/#primaryimage\",\"url\":\"https:\/\/i0.wp.com\/verdadeon.com.br\/portal\/wp-content\/uploads\/2025\/02\/WhatsApp-Image-2025-02-11-at-13.07.46-scaled.jpeg?fit=2560%2C1716&ssl=1\",\"contentUrl\":\"https:\/\/i0.wp.com\/verdadeon.com.br\/portal\/wp-content\/uploads\/2025\/02\/WhatsApp-Image-2025-02-11-at-13.07.46-scaled.jpeg?fit=2560%2C1716&ssl=1\",\"width\":2560,\"height\":1716,\"caption\":\"32 (trinta e duas) por\u00e7\u00f5es de subst\u00e2ncias de p\u00f3 branca - coca\u00edna, um tablet e quantia em dinheiro (\u00a9Divulga\u00e7\u00e3o)\"},{\"@type\":\"BreadcrumbList\",\"@id\":\"https:\/\/verdadeon.com.br\/portal\/2025\/02\/11\/jovem-de-22-anos-e-preso-no-paulistano-por-trafico-de-drogas\/#breadcrumb\",\"itemListElement\":[{\"@type\":\"ListItem\",\"position\":1,\"name\":\"In\u00edcio\",\"item\":\"https:\/\/verdadeon.com.br\/portal\/\"},{\"@type\":\"ListItem\",\"position\":2,\"name\":\"Jovem de 22 anos \u00e9 preso no Paulistano por tr\u00e1fico de drogas\"}]},{\"@type\":\"WebSite\",\"@id\":\"https:\/\/verdadeon.com.br\/portal\/#website\",\"url\":\"https:\/\/verdadeon.com.br\/portal\/\",\"name\":\"VerdadeOn\",\"description\":\"Not\u00edcias di\u00e1rias sobre Franca, Regi\u00e3o, Esporte, Cultura, Cotidiano, Colunas. Cobertura nos principais eventos da cidade \u00e9 aqui - Verdadeon Franca\",\"potentialAction\":[{\"@type\":\"SearchAction\",\"target\":{\"@type\":\"EntryPoint\",\"urlTemplate\":\"https:\/\/verdadeon.com.br\/portal\/?s={search_term_string}\"},\"query-input\":{\"@type\":\"PropertyValueSpecification\",\"valueRequired\":true,\"valueName\":\"search_term_string\"}}],\"inLanguage\":\"pt-BR\"},{\"@type\":\"Person\",\"@id\":\"https:\/\/verdadeon.com.br\/portal\/#\/schema\/person\/a5060ad1e9ea3df545188fc93ce43d2f\",\"name\":\"Redacao VerdadeOn\",\"image\":{\"@type\":\"ImageObject\",\"inLanguage\":\"pt-BR\",\"@id\":\"https:\/\/verdadeon.com.br\/portal\/#\/schema\/person\/image\/\",\"url\":\"https:\/\/secure.gravatar.com\/avatar\/459a9613caaaf07f582c3d0841eea68bdd66f533e465e6ba8b9cb45619572cf4?s=96&d=mm&r=g\",\"contentUrl\":\"https:\/\/secure.gravatar.com\/avatar\/459a9613caaaf07f582c3d0841eea68bdd66f533e465e6ba8b9cb45619572cf4?s=96&d=mm&r=g\",\"caption\":\"Redacao VerdadeOn\"},\"url\":\"https:\/\/verdadeon.com.br\/portal\/author\/redacao\/\"}]}<\/script>\n<!-- \/ Yoast SEO plugin. -->","yoast_head_json":{"title":"Jovem de 22 anos \u00e9 preso no Paulistano por tr\u00e1fico de drogas - VerdadeOn","robots":{"index":"index","follow":"follow","max-snippet":"max-snippet:-1","max-image-preview":"max-image-preview:large","max-video-preview":"max-video-preview:-1"},"canonical":"https:\/\/verdadeon.com.br\/portal\/2025\/02\/11\/jovem-de-22-anos-e-preso-no-paulistano-por-trafico-de-drogas\/","og_locale":"pt_BR","og_type":"article","og_title":"Jovem de 22 anos \u00e9 preso no Paulistano por tr\u00e1fico de drogas - VerdadeOn","og_description":"DISE realizou opera\u00e7\u00e3o nesta ter\u00e7a-feira, 11 Por Pedro Maia Editor-chefe A DISE (Delegacia de Investiga\u00e7\u00f5es Sobre Entorpecentes), chefiada pelo Delegado Dr. Alan Bazalha Lopes, da Delegacia [\u2026]","og_url":"https:\/\/verdadeon.com.br\/portal\/2025\/02\/11\/jovem-de-22-anos-e-preso-no-paulistano-por-trafico-de-drogas\/","og_site_name":"VerdadeOn","article_published_time":"2025-02-11T18:13:54+00:00","og_image":[{"width":2560,"height":1716,"url":"https:\/\/verdadeon.com.br\/portal\/wp-content\/uploads\/2025\/02\/WhatsApp-Image-2025-02-11-at-13.07.46-scaled.jpeg","type":"image\/jpeg"}],"author":"Redacao VerdadeOn","twitter_card":"summary_large_image","twitter_misc":{"Escrito por":"Redacao VerdadeOn","Est. tempo de leitura":"1 minuto"},"schema":{"@context":"https:\/\/schema.org","@graph":[{"@type":"WebPage","@id":"https:\/\/verdadeon.com.br\/portal\/2025\/02\/11\/jovem-de-22-anos-e-preso-no-paulistano-por-trafico-de-drogas\/","url":"https:\/\/verdadeon.com.br\/portal\/2025\/02\/11\/jovem-de-22-anos-e-preso-no-paulistano-por-trafico-de-drogas\/","name":"Jovem de 22 anos \u00e9 preso no Paulistano por tr\u00e1fico de drogas - VerdadeOn","isPartOf":{"@id":"https:\/\/verdadeon.com.br\/portal\/#website"},"primaryImageOfPage":{"@id":"https:\/\/verdadeon.com.br\/portal\/2025\/02\/11\/jovem-de-22-anos-e-preso-no-paulistano-por-trafico-de-drogas\/#primaryimage"},"image":{"@id":"https:\/\/verdadeon.com.br\/portal\/2025\/02\/11\/jovem-de-22-anos-e-preso-no-paulistano-por-trafico-de-drogas\/#primaryimage"},"thumbnailUrl":"https:\/\/i0.wp.com\/verdadeon.com.br\/portal\/wp-content\/uploads\/2025\/02\/WhatsApp-Image-2025-02-11-at-13.07.46-scaled.jpeg?fit=2560%2C1716&ssl=1","datePublished":"2025-02-11T18:13:54+00:00","author":{"@id":"https:\/\/verdadeon.com.br\/portal\/#\/schema\/person\/a5060ad1e9ea3df545188fc93ce43d2f"},"breadcrumb":{"@id":"https:\/\/verdadeon.com.br\/portal\/2025\/02\/11\/jovem-de-22-anos-e-preso-no-paulistano-por-trafico-de-drogas\/#breadcrumb"},"inLanguage":"pt-BR","potentialAction":[{"@type":"ReadAction","target":["https:\/\/verdadeon.com.br\/portal\/2025\/02\/11\/jovem-de-22-anos-e-preso-no-paulistano-por-trafico-de-drogas\/"]}]},{"@type":"ImageObject","inLanguage":"pt-BR","@id":"https:\/\/verdadeon.com.br\/portal\/2025\/02\/11\/jovem-de-22-anos-e-preso-no-paulistano-por-trafico-de-drogas\/#primaryimage","url":"https:\/\/i0.wp.com\/verdadeon.com.br\/portal\/wp-content\/uploads\/2025\/02\/WhatsApp-Image-2025-02-11-at-13.07.46-scaled.jpeg?fit=2560%2C1716&ssl=1","contentUrl":"https:\/\/i0.wp.com\/verdadeon.com.br\/portal\/wp-content\/uploads\/2025\/02\/WhatsApp-Image-2025-02-11-at-13.07.46-scaled.jpeg?fit=2560%2C1716&ssl=1","width":2560,"height":1716,"caption":"32 (trinta e duas) por\u00e7\u00f5es de subst\u00e2ncias de p\u00f3 branca - coca\u00edna, um tablet e quantia em dinheiro (\u00a9Divulga\u00e7\u00e3o)"},{"@type":"BreadcrumbList","@id":"https:\/\/verdadeon.com.br\/portal\/2025\/02\/11\/jovem-de-22-anos-e-preso-no-paulistano-por-trafico-de-drogas\/#breadcrumb","itemListElement":[{"@type":"ListItem","position":1,"name":"In\u00edcio","item":"https:\/\/verdadeon.com.br\/portal\/"},{"@type":"ListItem","position":2,"name":"Jovem de 22 anos \u00e9 preso no Paulistano por tr\u00e1fico de drogas"}]},{"@type":"WebSite","@id":"https:\/\/verdadeon.com.br\/portal\/#website","url":"https:\/\/verdadeon.com.br\/portal\/","name":"VerdadeOn","description":"Not\u00edcias di\u00e1rias sobre Franca, Regi\u00e3o, Esporte, Cultura, Cotidiano, Colunas. Cobertura nos principais eventos da cidade \u00e9 aqui - Verdadeon Franca","potentialAction":[{"@type":"SearchAction","target":{"@type":"EntryPoint","urlTemplate":"https:\/\/verdadeon.com.br\/portal\/?s={search_term_string}"},"query-input":{"@type":"PropertyValueSpecification","valueRequired":true,"valueName":"search_term_string"}}],"inLanguage":"pt-BR"},{"@type":"Person","@id":"https:\/\/verdadeon.com.br\/portal\/#\/schema\/person\/a5060ad1e9ea3df545188fc93ce43d2f","name":"Redacao VerdadeOn","image":{"@type":"ImageObject","inLanguage":"pt-BR","@id":"https:\/\/verdadeon.com.br\/portal\/#\/schema\/person\/image\/","url":"https:\/\/secure.gravatar.com\/avatar\/459a9613caaaf07f582c3d0841eea68bdd66f533e465e6ba8b9cb45619572cf4?s=96&d=mm&r=g","contentUrl":"https:\/\/secure.gravatar.com\/avatar\/459a9613caaaf07f582c3d0841eea68bdd66f533e465e6ba8b9cb45619572cf4?s=96&d=mm&r=g","caption":"Redacao VerdadeOn"},"url":"https:\/\/verdadeon.com.br\/portal\/author\/redacao\/"}]}},"jetpack_publicize_connections":[],"jetpack_featured_media_url":"https:\/\/i0.wp.com\/verdadeon.com.br\/portal\/wp-content\/uploads\/2025\/02\/WhatsApp-Image-2025-02-11-at-13.07.46-scaled.jpeg?fit=2560%2C1716&ssl=1","jetpack_sharing_enabled":true,"_links":{"self":[{"href":"https:\/\/verdadeon.com.br\/portal\/wp-json\/wp\/v2\/posts\/53758","targetHints":{"allow":["GET"]}}],"collection":[{"href":"https:\/\/verdadeon.com.br\/portal\/wp-json\/wp\/v2\/posts"}],"about":[{"href":"https:\/\/verdadeon.com.br\/portal\/wp-json\/wp\/v2\/types\/post"}],"author":[{"embeddable":true,"href":"https:\/\/verdadeon.com.br\/portal\/wp-json\/wp\/v2\/users\/10"}],"replies":[{"embeddable":true,"href":"https:\/\/verdadeon.com.br\/portal\/wp-json\/wp\/v2\/comments?post=53758"}],"version-history":[{"count":1,"href":"https:\/\/verdadeon.com.br\/portal\/wp-json\/wp\/v2\/posts\/53758\/revisions"}],"predecessor-version":[{"id":53760,"href":"https:\/\/verdadeon.com.br\/portal\/wp-json\/wp\/v2\/posts\/53758\/revisions\/53760"}],"wp:featuredmedia":[{"embeddable":true,"href":"https:\/\/verdadeon.com.br\/portal\/wp-json\/wp\/v2\/media\/53759"}],"wp:attachment":[{"href":"https:\/\/verdadeon.com.br\/portal\/wp-json\/wp\/v2\/media?parent=53758"}],"wp:term":[{"taxonomy":"category","embeddable":true,"href":"https:\/\/verdadeon.com.br\/portal\/wp-json\/wp\/v2\/categories?post=53758"},{"taxonomy":"post_tag","embeddable":true,"href":"https:\/\/verdadeon.com.br\/portal\/wp-json\/wp\/v2\/tags?post=53758"}],"curies":[{"name":"wp","href":"https:\/\/api.w.org\/{rel}","templated":true}]}}