{"id":53752,"date":"2025-02-11T14:51:50","date_gmt":"2025-02-11T17:51:50","guid":{"rendered":"https:\/\/verdadeon.com.br\/portal\/?p=53752"},"modified":"2025-02-11T14:51:50","modified_gmt":"2025-02-11T17:51:50","slug":"prefeitos-de-rifaina-e-sacramento-discutem-infraestrutura-da-ponte-que-faz-divisa-entre-as-duas-cidades","status":"publish","type":"post","link":"https:\/\/verdadeon.com.br\/portal\/2025\/02\/11\/prefeitos-de-rifaina-e-sacramento-discutem-infraestrutura-da-ponte-que-faz-divisa-entre-as-duas-cidades\/","title":{"rendered":"Prefeitos de Rifaina e Sacramento discutem infraestrutura da ponte que faz divisa entre as duas cidades"},"content":{"rendered":"<h2 class=\"subtitulo_noticia\">Prefeito J\u00fanior da Sa\u00fade recepcionou em seu gabinete o prefeito sacramentano Juninho Trevisani<\/h2>\n<div class=\"info_noticia d-flex align-items-center justify-content-between\">\n<p>O Prefeito de Rifaina, Wilson Alves da Silva J\u00fanior, o Juninho da Sa\u00fade, recepcionou em seu gabinete o Prefeito de Sacramento, Juninho Trevisani, ap\u00f3s os mesmos serem empossados no in\u00edcio de janeiro. \u00c9 o primeiro encontro institucional e oficial entre os dois munic\u00edpios, que fazem divisa entre os Estados de S\u00e3o Paulo e Minas Gerais.<\/p>\n<p>Em uma pauta voltada aos interesse p\u00fablicos entre os Munic\u00edpios, trataram de assuntos como educa\u00e7\u00e3o, insfraestrutura, meio ambiente e turismo.<\/p>\n<p>O tema infraestrutura, o principal alvo foi as quest\u00f5es estruturais da ponte que faz a divisa entre os dois Estados. Um vasta agenda em Bras\u00edlia, com deputados de ambos Estados deve ocorrer na pr\u00f3xima semana, em encontro de Prefeitos na capital federal. O assunto vem ganhando for\u00e7a com as iniciativas de ambos chefes do Poder Executivo, sendo que o tema j\u00e1 vem sendo pautado por vereadores da base em Rifaina, Deputados Federais, Minist\u00e9rio P\u00fablico Estadual e Federal, desde 2019.<\/p>\n<p>Na pauta da educa\u00e7\u00e3o, o transporte escolar em parceria atrav\u00e9s de um termo de conv\u00eanio de coopera\u00e7\u00e3o, ser\u00e1 renovado\u00a0 entre os munic\u00edpios, mantendo as mesmas cl\u00e1usulas para atendimento aos alunos da rede p\u00fablica, dos governos do Prefeito Hugo e do Prefeito Bagu\u00e1, respectivamente, ambos que iniciaram a parceria e fizeram seus sucessores.<\/p>\n<p>Meio Ambiente e Turismo est\u00e3o voltados ao entorno do reservat\u00f3rio da Usina de Jaguara. \u201cSabemos do grande n\u00famero de empreendimentos, e temos que ter uma vis\u00e3o futurista para a prote\u00e7\u00e3o do meio ambiente\u201d, enfatizou o Prefeito J\u00fanior da Sa\u00fade. Ambos se comprometeram com novas parcerias, para assegurar a conjun\u00e7\u00e3o de esfor\u00e7os e a\u00e7\u00f5es sobre os temas.<\/p>\n<\/div>\n","protected":false},"excerpt":{"rendered":"<p>Prefeito J\u00fanior da Sa\u00fade recepcionou em seu gabinete o prefeito sacramentano Juninho Trevisani O Prefeito de Rifaina, Wilson Alves da Silva J\u00fanior, o Juninho da Sa\u00fade,<span class=\"excerpt-hellip\"> [\u2026]<\/span><\/p>\n","protected":false},"author":10,"featured_media":53753,"comment_status":"open","ping_status":"open","sticky":false,"template":"","format":"standard","meta":{"_jetpack_memberships_contains_paid_content":false,"footnotes":"","jetpack_publicize_message":"","jetpack_publicize_feature_enabled":true,"jetpack_social_post_already_shared":true,"jetpack_social_options":{"image_generator_settings":{"template":"highway","default_image_id":0,"enabled":false},"version":2}},"categories":[28,81],"tags":[],"class_list":["post-53752","post","type-post","status-publish","format-standard","has-post-thumbnail","hentry","category-cotidiano","category-manchete"],"yoast_head":"<!-- This site is optimized with the Yoast SEO plugin v25.6 - https:\/\/yoast.com\/wordpress\/plugins\/seo\/ -->\n<title>Prefeitos de Rifaina e Sacramento discutem infraestrutura da ponte que faz divisa entre as duas cidades - VerdadeOn<\/title>\n<meta name=\"robots\" content=\"index, follow, max-snippet:-1, max-image-preview:large, max-video-preview:-1\" \/>\n<link rel=\"canonical\" href=\"https:\/\/verdadeon.com.br\/portal\/2025\/02\/11\/prefeitos-de-rifaina-e-sacramento-discutem-infraestrutura-da-ponte-que-faz-divisa-entre-as-duas-cidades\/\" \/>\n<meta property=\"og:locale\" content=\"pt_BR\" \/>\n<meta property=\"og:type\" content=\"article\" \/>\n<meta property=\"og:title\" content=\"Prefeitos de Rifaina e Sacramento discutem infraestrutura da ponte que faz divisa entre as duas cidades - VerdadeOn\" \/>\n<meta property=\"og:description\" content=\"Prefeito J\u00fanior da Sa\u00fade recepcionou em seu gabinete o prefeito sacramentano Juninho Trevisani O Prefeito de Rifaina, Wilson Alves da Silva J\u00fanior, o Juninho da Sa\u00fade, [\u2026]\" \/>\n<meta property=\"og:url\" content=\"https:\/\/verdadeon.com.br\/portal\/2025\/02\/11\/prefeitos-de-rifaina-e-sacramento-discutem-infraestrutura-da-ponte-que-faz-divisa-entre-as-duas-cidades\/\" \/>\n<meta property=\"og:site_name\" content=\"VerdadeOn\" \/>\n<meta property=\"article:published_time\" content=\"2025-02-11T17:51:50+00:00\" \/>\n<meta property=\"og:image\" content=\"https:\/\/verdadeon.com.br\/portal\/wp-content\/uploads\/2025\/02\/920138620cb64e71407f86843abf7768.jpg\" \/>\n\t<meta property=\"og:image:width\" content=\"1592\" \/>\n\t<meta property=\"og:image:height\" content=\"1066\" \/>\n\t<meta property=\"og:image:type\" content=\"image\/jpeg\" \/>\n<meta name=\"author\" content=\"Redacao VerdadeOn\" \/>\n<meta name=\"twitter:card\" content=\"summary_large_image\" \/>\n<meta name=\"twitter:label1\" content=\"Escrito por\" \/>\n\t<meta name=\"twitter:data1\" content=\"Redacao VerdadeOn\" \/>\n\t<meta name=\"twitter:label2\" content=\"Est. tempo de leitura\" \/>\n\t<meta name=\"twitter:data2\" content=\"2 minutos\" \/>\n<script type=\"application\/ld+json\" class=\"yoast-schema-graph\">{\"@context\":\"https:\/\/schema.org\",\"@graph\":[{\"@type\":\"WebPage\",\"@id\":\"https:\/\/verdadeon.com.br\/portal\/2025\/02\/11\/prefeitos-de-rifaina-e-sacramento-discutem-infraestrutura-da-ponte-que-faz-divisa-entre-as-duas-cidades\/\",\"url\":\"https:\/\/verdadeon.com.br\/portal\/2025\/02\/11\/prefeitos-de-rifaina-e-sacramento-discutem-infraestrutura-da-ponte-que-faz-divisa-entre-as-duas-cidades\/\",\"name\":\"Prefeitos de Rifaina e Sacramento discutem infraestrutura da ponte que faz divisa entre as duas cidades - VerdadeOn\",\"isPartOf\":{\"@id\":\"https:\/\/verdadeon.com.br\/portal\/#website\"},\"primaryImageOfPage\":{\"@id\":\"https:\/\/verdadeon.com.br\/portal\/2025\/02\/11\/prefeitos-de-rifaina-e-sacramento-discutem-infraestrutura-da-ponte-que-faz-divisa-entre-as-duas-cidades\/#primaryimage\"},\"image\":{\"@id\":\"https:\/\/verdadeon.com.br\/portal\/2025\/02\/11\/prefeitos-de-rifaina-e-sacramento-discutem-infraestrutura-da-ponte-que-faz-divisa-entre-as-duas-cidades\/#primaryimage\"},\"thumbnailUrl\":\"https:\/\/i0.wp.com\/verdadeon.com.br\/portal\/wp-content\/uploads\/2025\/02\/920138620cb64e71407f86843abf7768.jpg?fit=1592%2C1066&ssl=1\",\"datePublished\":\"2025-02-11T17:51:50+00:00\",\"author\":{\"@id\":\"https:\/\/verdadeon.com.br\/portal\/#\/schema\/person\/a5060ad1e9ea3df545188fc93ce43d2f\"},\"breadcrumb\":{\"@id\":\"https:\/\/verdadeon.com.br\/portal\/2025\/02\/11\/prefeitos-de-rifaina-e-sacramento-discutem-infraestrutura-da-ponte-que-faz-divisa-entre-as-duas-cidades\/#breadcrumb\"},\"inLanguage\":\"pt-BR\",\"potentialAction\":[{\"@type\":\"ReadAction\",\"target\":[\"https:\/\/verdadeon.com.br\/portal\/2025\/02\/11\/prefeitos-de-rifaina-e-sacramento-discutem-infraestrutura-da-ponte-que-faz-divisa-entre-as-duas-cidades\/\"]}]},{\"@type\":\"ImageObject\",\"inLanguage\":\"pt-BR\",\"@id\":\"https:\/\/verdadeon.com.br\/portal\/2025\/02\/11\/prefeitos-de-rifaina-e-sacramento-discutem-infraestrutura-da-ponte-que-faz-divisa-entre-as-duas-cidades\/#primaryimage\",\"url\":\"https:\/\/i0.wp.com\/verdadeon.com.br\/portal\/wp-content\/uploads\/2025\/02\/920138620cb64e71407f86843abf7768.jpg?fit=1592%2C1066&ssl=1\",\"contentUrl\":\"https:\/\/i0.wp.com\/verdadeon.com.br\/portal\/wp-content\/uploads\/2025\/02\/920138620cb64e71407f86843abf7768.jpg?fit=1592%2C1066&ssl=1\",\"width\":1592,\"height\":1066,\"caption\":\"Assuntos da reuni\u00e3o foram divulgados pela Prefeitura de Rifaina (\u00a9Divulga\u00e7\u00e3o)\"},{\"@type\":\"BreadcrumbList\",\"@id\":\"https:\/\/verdadeon.com.br\/portal\/2025\/02\/11\/prefeitos-de-rifaina-e-sacramento-discutem-infraestrutura-da-ponte-que-faz-divisa-entre-as-duas-cidades\/#breadcrumb\",\"itemListElement\":[{\"@type\":\"ListItem\",\"position\":1,\"name\":\"In\u00edcio\",\"item\":\"https:\/\/verdadeon.com.br\/portal\/\"},{\"@type\":\"ListItem\",\"position\":2,\"name\":\"Prefeitos de Rifaina e Sacramento discutem infraestrutura da ponte que faz divisa entre as duas cidades\"}]},{\"@type\":\"WebSite\",\"@id\":\"https:\/\/verdadeon.com.br\/portal\/#website\",\"url\":\"https:\/\/verdadeon.com.br\/portal\/\",\"name\":\"VerdadeOn\",\"description\":\"Not\u00edcias di\u00e1rias sobre Franca, Regi\u00e3o, Esporte, Cultura, Cotidiano, Colunas. Cobertura nos principais eventos da cidade \u00e9 aqui - Verdadeon Franca\",\"potentialAction\":[{\"@type\":\"SearchAction\",\"target\":{\"@type\":\"EntryPoint\",\"urlTemplate\":\"https:\/\/verdadeon.com.br\/portal\/?s={search_term_string}\"},\"query-input\":{\"@type\":\"PropertyValueSpecification\",\"valueRequired\":true,\"valueName\":\"search_term_string\"}}],\"inLanguage\":\"pt-BR\"},{\"@type\":\"Person\",\"@id\":\"https:\/\/verdadeon.com.br\/portal\/#\/schema\/person\/a5060ad1e9ea3df545188fc93ce43d2f\",\"name\":\"Redacao VerdadeOn\",\"image\":{\"@type\":\"ImageObject\",\"inLanguage\":\"pt-BR\",\"@id\":\"https:\/\/verdadeon.com.br\/portal\/#\/schema\/person\/image\/\",\"url\":\"https:\/\/secure.gravatar.com\/avatar\/459a9613caaaf07f582c3d0841eea68bdd66f533e465e6ba8b9cb45619572cf4?s=96&d=mm&r=g\",\"contentUrl\":\"https:\/\/secure.gravatar.com\/avatar\/459a9613caaaf07f582c3d0841eea68bdd66f533e465e6ba8b9cb45619572cf4?s=96&d=mm&r=g\",\"caption\":\"Redacao VerdadeOn\"},\"url\":\"https:\/\/verdadeon.com.br\/portal\/author\/redacao\/\"}]}<\/script>\n<!-- \/ Yoast SEO plugin. -->","yoast_head_json":{"title":"Prefeitos de Rifaina e Sacramento discutem infraestrutura da ponte que faz divisa entre as duas cidades - VerdadeOn","robots":{"index":"index","follow":"follow","max-snippet":"max-snippet:-1","max-image-preview":"max-image-preview:large","max-video-preview":"max-video-preview:-1"},"canonical":"https:\/\/verdadeon.com.br\/portal\/2025\/02\/11\/prefeitos-de-rifaina-e-sacramento-discutem-infraestrutura-da-ponte-que-faz-divisa-entre-as-duas-cidades\/","og_locale":"pt_BR","og_type":"article","og_title":"Prefeitos de Rifaina e Sacramento discutem infraestrutura da ponte que faz divisa entre as duas cidades - VerdadeOn","og_description":"Prefeito J\u00fanior da Sa\u00fade recepcionou em seu gabinete o prefeito sacramentano Juninho Trevisani O Prefeito de Rifaina, Wilson Alves da Silva J\u00fanior, o Juninho da Sa\u00fade, [\u2026]","og_url":"https:\/\/verdadeon.com.br\/portal\/2025\/02\/11\/prefeitos-de-rifaina-e-sacramento-discutem-infraestrutura-da-ponte-que-faz-divisa-entre-as-duas-cidades\/","og_site_name":"VerdadeOn","article_published_time":"2025-02-11T17:51:50+00:00","og_image":[{"width":1592,"height":1066,"url":"https:\/\/verdadeon.com.br\/portal\/wp-content\/uploads\/2025\/02\/920138620cb64e71407f86843abf7768.jpg","type":"image\/jpeg"}],"author":"Redacao VerdadeOn","twitter_card":"summary_large_image","twitter_misc":{"Escrito por":"Redacao VerdadeOn","Est. tempo de leitura":"2 minutos"},"schema":{"@context":"https:\/\/schema.org","@graph":[{"@type":"WebPage","@id":"https:\/\/verdadeon.com.br\/portal\/2025\/02\/11\/prefeitos-de-rifaina-e-sacramento-discutem-infraestrutura-da-ponte-que-faz-divisa-entre-as-duas-cidades\/","url":"https:\/\/verdadeon.com.br\/portal\/2025\/02\/11\/prefeitos-de-rifaina-e-sacramento-discutem-infraestrutura-da-ponte-que-faz-divisa-entre-as-duas-cidades\/","name":"Prefeitos de Rifaina e Sacramento discutem infraestrutura da ponte que faz divisa entre as duas cidades - VerdadeOn","isPartOf":{"@id":"https:\/\/verdadeon.com.br\/portal\/#website"},"primaryImageOfPage":{"@id":"https:\/\/verdadeon.com.br\/portal\/2025\/02\/11\/prefeitos-de-rifaina-e-sacramento-discutem-infraestrutura-da-ponte-que-faz-divisa-entre-as-duas-cidades\/#primaryimage"},"image":{"@id":"https:\/\/verdadeon.com.br\/portal\/2025\/02\/11\/prefeitos-de-rifaina-e-sacramento-discutem-infraestrutura-da-ponte-que-faz-divisa-entre-as-duas-cidades\/#primaryimage"},"thumbnailUrl":"https:\/\/i0.wp.com\/verdadeon.com.br\/portal\/wp-content\/uploads\/2025\/02\/920138620cb64e71407f86843abf7768.jpg?fit=1592%2C1066&ssl=1","datePublished":"2025-02-11T17:51:50+00:00","author":{"@id":"https:\/\/verdadeon.com.br\/portal\/#\/schema\/person\/a5060ad1e9ea3df545188fc93ce43d2f"},"breadcrumb":{"@id":"https:\/\/verdadeon.com.br\/portal\/2025\/02\/11\/prefeitos-de-rifaina-e-sacramento-discutem-infraestrutura-da-ponte-que-faz-divisa-entre-as-duas-cidades\/#breadcrumb"},"inLanguage":"pt-BR","potentialAction":[{"@type":"ReadAction","target":["https:\/\/verdadeon.com.br\/portal\/2025\/02\/11\/prefeitos-de-rifaina-e-sacramento-discutem-infraestrutura-da-ponte-que-faz-divisa-entre-as-duas-cidades\/"]}]},{"@type":"ImageObject","inLanguage":"pt-BR","@id":"https:\/\/verdadeon.com.br\/portal\/2025\/02\/11\/prefeitos-de-rifaina-e-sacramento-discutem-infraestrutura-da-ponte-que-faz-divisa-entre-as-duas-cidades\/#primaryimage","url":"https:\/\/i0.wp.com\/verdadeon.com.br\/portal\/wp-content\/uploads\/2025\/02\/920138620cb64e71407f86843abf7768.jpg?fit=1592%2C1066&ssl=1","contentUrl":"https:\/\/i0.wp.com\/verdadeon.com.br\/portal\/wp-content\/uploads\/2025\/02\/920138620cb64e71407f86843abf7768.jpg?fit=1592%2C1066&ssl=1","width":1592,"height":1066,"caption":"Assuntos da reuni\u00e3o foram divulgados pela Prefeitura de Rifaina (\u00a9Divulga\u00e7\u00e3o)"},{"@type":"BreadcrumbList","@id":"https:\/\/verdadeon.com.br\/portal\/2025\/02\/11\/prefeitos-de-rifaina-e-sacramento-discutem-infraestrutura-da-ponte-que-faz-divisa-entre-as-duas-cidades\/#breadcrumb","itemListElement":[{"@type":"ListItem","position":1,"name":"In\u00edcio","item":"https:\/\/verdadeon.com.br\/portal\/"},{"@type":"ListItem","position":2,"name":"Prefeitos de Rifaina e Sacramento discutem infraestrutura da ponte que faz divisa entre as duas cidades"}]},{"@type":"WebSite","@id":"https:\/\/verdadeon.com.br\/portal\/#website","url":"https:\/\/verdadeon.com.br\/portal\/","name":"VerdadeOn","description":"Not\u00edcias di\u00e1rias sobre Franca, Regi\u00e3o, Esporte, Cultura, Cotidiano, Colunas. Cobertura nos principais eventos da cidade \u00e9 aqui - Verdadeon Franca","potentialAction":[{"@type":"SearchAction","target":{"@type":"EntryPoint","urlTemplate":"https:\/\/verdadeon.com.br\/portal\/?s={search_term_string}"},"query-input":{"@type":"PropertyValueSpecification","valueRequired":true,"valueName":"search_term_string"}}],"inLanguage":"pt-BR"},{"@type":"Person","@id":"https:\/\/verdadeon.com.br\/portal\/#\/schema\/person\/a5060ad1e9ea3df545188fc93ce43d2f","name":"Redacao VerdadeOn","image":{"@type":"ImageObject","inLanguage":"pt-BR","@id":"https:\/\/verdadeon.com.br\/portal\/#\/schema\/person\/image\/","url":"https:\/\/secure.gravatar.com\/avatar\/459a9613caaaf07f582c3d0841eea68bdd66f533e465e6ba8b9cb45619572cf4?s=96&d=mm&r=g","contentUrl":"https:\/\/secure.gravatar.com\/avatar\/459a9613caaaf07f582c3d0841eea68bdd66f533e465e6ba8b9cb45619572cf4?s=96&d=mm&r=g","caption":"Redacao VerdadeOn"},"url":"https:\/\/verdadeon.com.br\/portal\/author\/redacao\/"}]}},"jetpack_publicize_connections":[],"jetpack_featured_media_url":"https:\/\/i0.wp.com\/verdadeon.com.br\/portal\/wp-content\/uploads\/2025\/02\/920138620cb64e71407f86843abf7768.jpg?fit=1592%2C1066&ssl=1","jetpack_sharing_enabled":true,"_links":{"self":[{"href":"https:\/\/verdadeon.com.br\/portal\/wp-json\/wp\/v2\/posts\/53752","targetHints":{"allow":["GET"]}}],"collection":[{"href":"https:\/\/verdadeon.com.br\/portal\/wp-json\/wp\/v2\/posts"}],"about":[{"href":"https:\/\/verdadeon.com.br\/portal\/wp-json\/wp\/v2\/types\/post"}],"author":[{"embeddable":true,"href":"https:\/\/verdadeon.com.br\/portal\/wp-json\/wp\/v2\/users\/10"}],"replies":[{"embeddable":true,"href":"https:\/\/verdadeon.com.br\/portal\/wp-json\/wp\/v2\/comments?post=53752"}],"version-history":[{"count":1,"href":"https:\/\/verdadeon.com.br\/portal\/wp-json\/wp\/v2\/posts\/53752\/revisions"}],"predecessor-version":[{"id":53754,"href":"https:\/\/verdadeon.com.br\/portal\/wp-json\/wp\/v2\/posts\/53752\/revisions\/53754"}],"wp:featuredmedia":[{"embeddable":true,"href":"https:\/\/verdadeon.com.br\/portal\/wp-json\/wp\/v2\/media\/53753"}],"wp:attachment":[{"href":"https:\/\/verdadeon.com.br\/portal\/wp-json\/wp\/v2\/media?parent=53752"}],"wp:term":[{"taxonomy":"category","embeddable":true,"href":"https:\/\/verdadeon.com.br\/portal\/wp-json\/wp\/v2\/categories?post=53752"},{"taxonomy":"post_tag","embeddable":true,"href":"https:\/\/verdadeon.com.br\/portal\/wp-json\/wp\/v2\/tags?post=53752"}],"curies":[{"name":"wp","href":"https:\/\/api.w.org\/{rel}","templated":true}]}}