{"id":53727,"date":"2025-02-10T15:09:30","date_gmt":"2025-02-10T18:09:30","guid":{"rendered":"https:\/\/verdadeon.com.br\/portal\/?p=53727"},"modified":"2025-02-10T15:09:30","modified_gmt":"2025-02-10T18:09:30","slug":"brasil-registra-recorde-em-negociacao-de-dividas-e-queda-na-inadimplencia-revela-serasa","status":"publish","type":"post","link":"https:\/\/verdadeon.com.br\/portal\/2025\/02\/10\/brasil-registra-recorde-em-negociacao-de-dividas-e-queda-na-inadimplencia-revela-serasa\/","title":{"rendered":"Brasil registra recorde em negocia\u00e7\u00e3o de d\u00edvidas e queda na inadimpl\u00eancia, revela Serasa"},"content":{"rendered":"<h2>Depois de tr\u00eas meses de alta, endividamento do pa\u00eds recua e fecha o ano de 2024 em queda<\/h2>\n<p>Em um ano marcado por recordes de endividamento no pa\u00eds, o \u00faltimo m\u00eas de 2024 trouxe sinais extremamente positivos para o sistema de cr\u00e9dito brasileiro. De acordo com o Mapa da Inadimpl\u00eancia da Serasa, o n\u00famero de inadimplentes recuou em dezembro, logo ap\u00f3s a realiza\u00e7\u00e3o do maior mutir\u00e3o de negocia\u00e7\u00e3o de d\u00edvidas no Brasil.<\/p>\n<p>Realizado em novembro e parte de dezembro, o Feir\u00e3o Serasa Limpa representou a integra\u00e7\u00e3o de 1.047 empresas, de todos os segmentos, unidas para estancar a inadimpl\u00eancia. Liderado pela Serasa e Febraban, e marcas como Caixa, Banco do Brasil e Sabesp, o mutir\u00e3o conseguiu proporcionar 10,7 milh\u00f5es de acordos em menos de dois meses &#8211; 36% acima do feir\u00e3o do ano anterior. Ao todo, 5,1 milh\u00f5es de consumidores quitaram suas pend\u00eancias entre novembro e dezembro, obtendo R$ 27,8 bilh\u00f5es em descontos.<\/p>\n<p>Como prov\u00e1vel impacto, o \u00faltimo m\u00eas do ano registrou a redu\u00e7\u00e3o de 276 mil brasileiros no cadastro de negativa\u00e7\u00e3o. O valor total das d\u00edvidas caiu em R$ 6 bilh\u00f5es, passando para R$ 404 bilh\u00f5es. O ticket m\u00e9dio de cada pend\u00eancia tamb\u00e9m apresentou uma desacelera\u00e7\u00e3o de 1,89%, caindo para R$ 1.465,73 em dezembro.<\/p>\n<p><strong>Contas b\u00e1sicas na contram\u00e3o<\/strong><\/p>\n<p>\u201cO esfor\u00e7o valeu a pena e, mesmo que o Mapa da Serasa ainda mostre 73,5 milh\u00f5es de pessoas em situa\u00e7\u00e3o de inadimpl\u00eancia, a queda no final do ano mostra que o consumidor quer regularizar suas contas\u201d, diz Aline Maciel, gerente da Serasa. Na contram\u00e3o das not\u00edcias positivas, por\u00e9m, as contas b\u00e1sicas de \u00e1gua, luz e g\u00e1s apresentaram um crescimento de 1,78% em rela\u00e7\u00e3o ao m\u00eas anterior. Os demais motivos habituais de endividamento &#8211; bancos, financeiras (empresas de cr\u00e9dito que n\u00e3o s\u00e3o bancos), setor de servi\u00e7os e o varejo &#8211; registraram diminui\u00e7\u00e3o.<\/p>\n<p>A tend\u00eancia de queda tamb\u00e9m se manteve na maior dos Estados brasileiros. Em 19 das 27 unidades federativas, incluindo o Distrito Federal, a inadimpl\u00eancia diminuiu em dezembro. Pernambuco (-5,0%) e Rond\u00f4nia (-4,36%) foram os Estados que lideraram essa redu\u00e7\u00e3o. Entre as oito UFs que registraram aumento no n\u00famero de inadimplentes, Tocantins (+1,32%) e S\u00e3o Paulo (+0,83%) apresentaram as maiores altas.<\/p>\n<p><strong>Como negociar uma d\u00edvida<\/strong><\/p>\n<p>Mesmo fora do per\u00edodo de Feir\u00e3o, inadimplentes ainda podem pagar suas d\u00edvidas sem sair de casa, pelo aplicativo ou site da Serasa. Ao realizar o pagamento via Pix, \u00e9 poss\u00edvel ter a baixa da negativa\u00e7\u00e3o instant\u00e2nea e a atualiza\u00e7\u00e3o do Serasa Score em tempo real.<\/p>\n<ul>\n<li>Site:\u00a0<a href=\"https:\/\/www.serasalimpanome.com.br\/\" target=\"_blank\" rel=\"noopener\" data-saferedirecturl=\"https:\/\/www.google.com\/url?q=https:\/\/www.serasalimpanome.com.br\/&amp;source=gmail&amp;ust=1739289204384000&amp;usg=AOvVaw0w7e297s3a5hyOtDgmn7oZ\">Link<\/a><\/li>\n<li>App Serasa no Google Play e App Store<\/li>\n<li>WhatsApp 11 99575\u20132096<\/li>\n<\/ul>\n","protected":false},"excerpt":{"rendered":"<p>Depois de tr\u00eas meses de alta, endividamento do pa\u00eds recua e fecha o ano de 2024 em queda Em um ano marcado por recordes de endividamento<span class=\"excerpt-hellip\"> [\u2026]<\/span><\/p>\n","protected":false},"author":10,"featured_media":38648,"comment_status":"open","ping_status":"open","sticky":false,"template":"","format":"standard","meta":{"_jetpack_memberships_contains_paid_content":false,"footnotes":"","jetpack_publicize_message":"","jetpack_publicize_feature_enabled":true,"jetpack_social_post_already_shared":true,"jetpack_social_options":{"image_generator_settings":{"template":"highway","default_image_id":0,"enabled":false},"version":2}},"categories":[28,44],"tags":[],"class_list":["post-53727","post","type-post","status-publish","format-standard","has-post-thumbnail","hentry","category-cotidiano","category-noticias"],"yoast_head":"<!-- This site is optimized with the Yoast SEO plugin v25.6 - https:\/\/yoast.com\/wordpress\/plugins\/seo\/ -->\n<title>Brasil registra recorde em negocia\u00e7\u00e3o de d\u00edvidas e queda na inadimpl\u00eancia, revela Serasa - VerdadeOn<\/title>\n<meta name=\"robots\" content=\"index, follow, max-snippet:-1, max-image-preview:large, max-video-preview:-1\" \/>\n<link rel=\"canonical\" href=\"https:\/\/verdadeon.com.br\/portal\/2025\/02\/10\/brasil-registra-recorde-em-negociacao-de-dividas-e-queda-na-inadimplencia-revela-serasa\/\" \/>\n<meta property=\"og:locale\" content=\"pt_BR\" \/>\n<meta property=\"og:type\" content=\"article\" \/>\n<meta property=\"og:title\" content=\"Brasil registra recorde em negocia\u00e7\u00e3o de d\u00edvidas e queda na inadimpl\u00eancia, revela Serasa - VerdadeOn\" \/>\n<meta property=\"og:description\" content=\"Depois de tr\u00eas meses de alta, endividamento do pa\u00eds recua e fecha o ano de 2024 em queda Em um ano marcado por recordes de endividamento [\u2026]\" \/>\n<meta property=\"og:url\" content=\"https:\/\/verdadeon.com.br\/portal\/2025\/02\/10\/brasil-registra-recorde-em-negociacao-de-dividas-e-queda-na-inadimplencia-revela-serasa\/\" \/>\n<meta property=\"og:site_name\" content=\"VerdadeOn\" \/>\n<meta property=\"article:published_time\" content=\"2025-02-10T18:09:30+00:00\" \/>\n<meta property=\"og:image\" content=\"https:\/\/verdadeon.com.br\/portal\/wp-content\/uploads\/2023\/10\/closeup-de-economista-usando-calculadora-ao-passar-por-contas-e-impostos-no-escritorio-2-scaled.jpg\" \/>\n\t<meta property=\"og:image:width\" content=\"2560\" \/>\n\t<meta property=\"og:image:height\" content=\"1715\" \/>\n\t<meta property=\"og:image:type\" content=\"image\/jpeg\" \/>\n<meta name=\"author\" content=\"Redacao VerdadeOn\" \/>\n<meta name=\"twitter:card\" content=\"summary_large_image\" \/>\n<meta name=\"twitter:label1\" content=\"Escrito por\" \/>\n\t<meta name=\"twitter:data1\" content=\"Redacao VerdadeOn\" \/>\n\t<meta name=\"twitter:label2\" content=\"Est. tempo de leitura\" \/>\n\t<meta name=\"twitter:data2\" content=\"2 minutos\" \/>\n<script type=\"application\/ld+json\" class=\"yoast-schema-graph\">{\"@context\":\"https:\/\/schema.org\",\"@graph\":[{\"@type\":\"WebPage\",\"@id\":\"https:\/\/verdadeon.com.br\/portal\/2025\/02\/10\/brasil-registra-recorde-em-negociacao-de-dividas-e-queda-na-inadimplencia-revela-serasa\/\",\"url\":\"https:\/\/verdadeon.com.br\/portal\/2025\/02\/10\/brasil-registra-recorde-em-negociacao-de-dividas-e-queda-na-inadimplencia-revela-serasa\/\",\"name\":\"Brasil registra recorde em negocia\u00e7\u00e3o de d\u00edvidas e queda na inadimpl\u00eancia, revela Serasa - VerdadeOn\",\"isPartOf\":{\"@id\":\"https:\/\/verdadeon.com.br\/portal\/#website\"},\"primaryImageOfPage\":{\"@id\":\"https:\/\/verdadeon.com.br\/portal\/2025\/02\/10\/brasil-registra-recorde-em-negociacao-de-dividas-e-queda-na-inadimplencia-revela-serasa\/#primaryimage\"},\"image\":{\"@id\":\"https:\/\/verdadeon.com.br\/portal\/2025\/02\/10\/brasil-registra-recorde-em-negociacao-de-dividas-e-queda-na-inadimplencia-revela-serasa\/#primaryimage\"},\"thumbnailUrl\":\"https:\/\/i0.wp.com\/verdadeon.com.br\/portal\/wp-content\/uploads\/2023\/10\/closeup-de-economista-usando-calculadora-ao-passar-por-contas-e-impostos-no-escritorio-2-scaled.jpg?fit=2560%2C1715&ssl=1\",\"datePublished\":\"2025-02-10T18:09:30+00:00\",\"author\":{\"@id\":\"https:\/\/verdadeon.com.br\/portal\/#\/schema\/person\/a5060ad1e9ea3df545188fc93ce43d2f\"},\"breadcrumb\":{\"@id\":\"https:\/\/verdadeon.com.br\/portal\/2025\/02\/10\/brasil-registra-recorde-em-negociacao-de-dividas-e-queda-na-inadimplencia-revela-serasa\/#breadcrumb\"},\"inLanguage\":\"pt-BR\",\"potentialAction\":[{\"@type\":\"ReadAction\",\"target\":[\"https:\/\/verdadeon.com.br\/portal\/2025\/02\/10\/brasil-registra-recorde-em-negociacao-de-dividas-e-queda-na-inadimplencia-revela-serasa\/\"]}]},{\"@type\":\"ImageObject\",\"inLanguage\":\"pt-BR\",\"@id\":\"https:\/\/verdadeon.com.br\/portal\/2025\/02\/10\/brasil-registra-recorde-em-negociacao-de-dividas-e-queda-na-inadimplencia-revela-serasa\/#primaryimage\",\"url\":\"https:\/\/i0.wp.com\/verdadeon.com.br\/portal\/wp-content\/uploads\/2023\/10\/closeup-de-economista-usando-calculadora-ao-passar-por-contas-e-impostos-no-escritorio-2-scaled.jpg?fit=2560%2C1715&ssl=1\",\"contentUrl\":\"https:\/\/i0.wp.com\/verdadeon.com.br\/portal\/wp-content\/uploads\/2023\/10\/closeup-de-economista-usando-calculadora-ao-passar-por-contas-e-impostos-no-escritorio-2-scaled.jpg?fit=2560%2C1715&ssl=1\",\"width\":2560,\"height\":1715,\"caption\":\"Desacelera\u00e7\u00e3o do n\u00famero de inadimplentes se confirma regionalmente, com redu\u00e7\u00e3o em 19 Estados (\u00a9Freepik)\"},{\"@type\":\"BreadcrumbList\",\"@id\":\"https:\/\/verdadeon.com.br\/portal\/2025\/02\/10\/brasil-registra-recorde-em-negociacao-de-dividas-e-queda-na-inadimplencia-revela-serasa\/#breadcrumb\",\"itemListElement\":[{\"@type\":\"ListItem\",\"position\":1,\"name\":\"In\u00edcio\",\"item\":\"https:\/\/verdadeon.com.br\/portal\/\"},{\"@type\":\"ListItem\",\"position\":2,\"name\":\"Brasil registra recorde em negocia\u00e7\u00e3o de d\u00edvidas e queda na inadimpl\u00eancia, revela Serasa\"}]},{\"@type\":\"WebSite\",\"@id\":\"https:\/\/verdadeon.com.br\/portal\/#website\",\"url\":\"https:\/\/verdadeon.com.br\/portal\/\",\"name\":\"VerdadeOn\",\"description\":\"Not\u00edcias di\u00e1rias sobre Franca, Regi\u00e3o, Esporte, Cultura, Cotidiano, Colunas. Cobertura nos principais eventos da cidade \u00e9 aqui - Verdadeon Franca\",\"potentialAction\":[{\"@type\":\"SearchAction\",\"target\":{\"@type\":\"EntryPoint\",\"urlTemplate\":\"https:\/\/verdadeon.com.br\/portal\/?s={search_term_string}\"},\"query-input\":{\"@type\":\"PropertyValueSpecification\",\"valueRequired\":true,\"valueName\":\"search_term_string\"}}],\"inLanguage\":\"pt-BR\"},{\"@type\":\"Person\",\"@id\":\"https:\/\/verdadeon.com.br\/portal\/#\/schema\/person\/a5060ad1e9ea3df545188fc93ce43d2f\",\"name\":\"Redacao VerdadeOn\",\"image\":{\"@type\":\"ImageObject\",\"inLanguage\":\"pt-BR\",\"@id\":\"https:\/\/verdadeon.com.br\/portal\/#\/schema\/person\/image\/\",\"url\":\"https:\/\/secure.gravatar.com\/avatar\/459a9613caaaf07f582c3d0841eea68bdd66f533e465e6ba8b9cb45619572cf4?s=96&d=mm&r=g\",\"contentUrl\":\"https:\/\/secure.gravatar.com\/avatar\/459a9613caaaf07f582c3d0841eea68bdd66f533e465e6ba8b9cb45619572cf4?s=96&d=mm&r=g\",\"caption\":\"Redacao VerdadeOn\"},\"url\":\"https:\/\/verdadeon.com.br\/portal\/author\/redacao\/\"}]}<\/script>\n<!-- \/ Yoast SEO plugin. -->","yoast_head_json":{"title":"Brasil registra recorde em negocia\u00e7\u00e3o de d\u00edvidas e queda na inadimpl\u00eancia, revela Serasa - VerdadeOn","robots":{"index":"index","follow":"follow","max-snippet":"max-snippet:-1","max-image-preview":"max-image-preview:large","max-video-preview":"max-video-preview:-1"},"canonical":"https:\/\/verdadeon.com.br\/portal\/2025\/02\/10\/brasil-registra-recorde-em-negociacao-de-dividas-e-queda-na-inadimplencia-revela-serasa\/","og_locale":"pt_BR","og_type":"article","og_title":"Brasil registra recorde em negocia\u00e7\u00e3o de d\u00edvidas e queda na inadimpl\u00eancia, revela Serasa - VerdadeOn","og_description":"Depois de tr\u00eas meses de alta, endividamento do pa\u00eds recua e fecha o ano de 2024 em queda Em um ano marcado por recordes de endividamento [\u2026]","og_url":"https:\/\/verdadeon.com.br\/portal\/2025\/02\/10\/brasil-registra-recorde-em-negociacao-de-dividas-e-queda-na-inadimplencia-revela-serasa\/","og_site_name":"VerdadeOn","article_published_time":"2025-02-10T18:09:30+00:00","og_image":[{"width":2560,"height":1715,"url":"https:\/\/verdadeon.com.br\/portal\/wp-content\/uploads\/2023\/10\/closeup-de-economista-usando-calculadora-ao-passar-por-contas-e-impostos-no-escritorio-2-scaled.jpg","type":"image\/jpeg"}],"author":"Redacao VerdadeOn","twitter_card":"summary_large_image","twitter_misc":{"Escrito por":"Redacao VerdadeOn","Est. tempo de leitura":"2 minutos"},"schema":{"@context":"https:\/\/schema.org","@graph":[{"@type":"WebPage","@id":"https:\/\/verdadeon.com.br\/portal\/2025\/02\/10\/brasil-registra-recorde-em-negociacao-de-dividas-e-queda-na-inadimplencia-revela-serasa\/","url":"https:\/\/verdadeon.com.br\/portal\/2025\/02\/10\/brasil-registra-recorde-em-negociacao-de-dividas-e-queda-na-inadimplencia-revela-serasa\/","name":"Brasil registra recorde em negocia\u00e7\u00e3o de d\u00edvidas e queda na inadimpl\u00eancia, revela Serasa - VerdadeOn","isPartOf":{"@id":"https:\/\/verdadeon.com.br\/portal\/#website"},"primaryImageOfPage":{"@id":"https:\/\/verdadeon.com.br\/portal\/2025\/02\/10\/brasil-registra-recorde-em-negociacao-de-dividas-e-queda-na-inadimplencia-revela-serasa\/#primaryimage"},"image":{"@id":"https:\/\/verdadeon.com.br\/portal\/2025\/02\/10\/brasil-registra-recorde-em-negociacao-de-dividas-e-queda-na-inadimplencia-revela-serasa\/#primaryimage"},"thumbnailUrl":"https:\/\/i0.wp.com\/verdadeon.com.br\/portal\/wp-content\/uploads\/2023\/10\/closeup-de-economista-usando-calculadora-ao-passar-por-contas-e-impostos-no-escritorio-2-scaled.jpg?fit=2560%2C1715&ssl=1","datePublished":"2025-02-10T18:09:30+00:00","author":{"@id":"https:\/\/verdadeon.com.br\/portal\/#\/schema\/person\/a5060ad1e9ea3df545188fc93ce43d2f"},"breadcrumb":{"@id":"https:\/\/verdadeon.com.br\/portal\/2025\/02\/10\/brasil-registra-recorde-em-negociacao-de-dividas-e-queda-na-inadimplencia-revela-serasa\/#breadcrumb"},"inLanguage":"pt-BR","potentialAction":[{"@type":"ReadAction","target":["https:\/\/verdadeon.com.br\/portal\/2025\/02\/10\/brasil-registra-recorde-em-negociacao-de-dividas-e-queda-na-inadimplencia-revela-serasa\/"]}]},{"@type":"ImageObject","inLanguage":"pt-BR","@id":"https:\/\/verdadeon.com.br\/portal\/2025\/02\/10\/brasil-registra-recorde-em-negociacao-de-dividas-e-queda-na-inadimplencia-revela-serasa\/#primaryimage","url":"https:\/\/i0.wp.com\/verdadeon.com.br\/portal\/wp-content\/uploads\/2023\/10\/closeup-de-economista-usando-calculadora-ao-passar-por-contas-e-impostos-no-escritorio-2-scaled.jpg?fit=2560%2C1715&ssl=1","contentUrl":"https:\/\/i0.wp.com\/verdadeon.com.br\/portal\/wp-content\/uploads\/2023\/10\/closeup-de-economista-usando-calculadora-ao-passar-por-contas-e-impostos-no-escritorio-2-scaled.jpg?fit=2560%2C1715&ssl=1","width":2560,"height":1715,"caption":"Desacelera\u00e7\u00e3o do n\u00famero de inadimplentes se confirma regionalmente, com redu\u00e7\u00e3o em 19 Estados (\u00a9Freepik)"},{"@type":"BreadcrumbList","@id":"https:\/\/verdadeon.com.br\/portal\/2025\/02\/10\/brasil-registra-recorde-em-negociacao-de-dividas-e-queda-na-inadimplencia-revela-serasa\/#breadcrumb","itemListElement":[{"@type":"ListItem","position":1,"name":"In\u00edcio","item":"https:\/\/verdadeon.com.br\/portal\/"},{"@type":"ListItem","position":2,"name":"Brasil registra recorde em negocia\u00e7\u00e3o de d\u00edvidas e queda na inadimpl\u00eancia, revela Serasa"}]},{"@type":"WebSite","@id":"https:\/\/verdadeon.com.br\/portal\/#website","url":"https:\/\/verdadeon.com.br\/portal\/","name":"VerdadeOn","description":"Not\u00edcias di\u00e1rias sobre Franca, Regi\u00e3o, Esporte, Cultura, Cotidiano, Colunas. Cobertura nos principais eventos da cidade \u00e9 aqui - Verdadeon Franca","potentialAction":[{"@type":"SearchAction","target":{"@type":"EntryPoint","urlTemplate":"https:\/\/verdadeon.com.br\/portal\/?s={search_term_string}"},"query-input":{"@type":"PropertyValueSpecification","valueRequired":true,"valueName":"search_term_string"}}],"inLanguage":"pt-BR"},{"@type":"Person","@id":"https:\/\/verdadeon.com.br\/portal\/#\/schema\/person\/a5060ad1e9ea3df545188fc93ce43d2f","name":"Redacao VerdadeOn","image":{"@type":"ImageObject","inLanguage":"pt-BR","@id":"https:\/\/verdadeon.com.br\/portal\/#\/schema\/person\/image\/","url":"https:\/\/secure.gravatar.com\/avatar\/459a9613caaaf07f582c3d0841eea68bdd66f533e465e6ba8b9cb45619572cf4?s=96&d=mm&r=g","contentUrl":"https:\/\/secure.gravatar.com\/avatar\/459a9613caaaf07f582c3d0841eea68bdd66f533e465e6ba8b9cb45619572cf4?s=96&d=mm&r=g","caption":"Redacao VerdadeOn"},"url":"https:\/\/verdadeon.com.br\/portal\/author\/redacao\/"}]}},"jetpack_publicize_connections":[],"jetpack_featured_media_url":"https:\/\/i0.wp.com\/verdadeon.com.br\/portal\/wp-content\/uploads\/2023\/10\/closeup-de-economista-usando-calculadora-ao-passar-por-contas-e-impostos-no-escritorio-2-scaled.jpg?fit=2560%2C1715&ssl=1","jetpack_sharing_enabled":true,"_links":{"self":[{"href":"https:\/\/verdadeon.com.br\/portal\/wp-json\/wp\/v2\/posts\/53727","targetHints":{"allow":["GET"]}}],"collection":[{"href":"https:\/\/verdadeon.com.br\/portal\/wp-json\/wp\/v2\/posts"}],"about":[{"href":"https:\/\/verdadeon.com.br\/portal\/wp-json\/wp\/v2\/types\/post"}],"author":[{"embeddable":true,"href":"https:\/\/verdadeon.com.br\/portal\/wp-json\/wp\/v2\/users\/10"}],"replies":[{"embeddable":true,"href":"https:\/\/verdadeon.com.br\/portal\/wp-json\/wp\/v2\/comments?post=53727"}],"version-history":[{"count":1,"href":"https:\/\/verdadeon.com.br\/portal\/wp-json\/wp\/v2\/posts\/53727\/revisions"}],"predecessor-version":[{"id":53728,"href":"https:\/\/verdadeon.com.br\/portal\/wp-json\/wp\/v2\/posts\/53727\/revisions\/53728"}],"wp:featuredmedia":[{"embeddable":true,"href":"https:\/\/verdadeon.com.br\/portal\/wp-json\/wp\/v2\/media\/38648"}],"wp:attachment":[{"href":"https:\/\/verdadeon.com.br\/portal\/wp-json\/wp\/v2\/media?parent=53727"}],"wp:term":[{"taxonomy":"category","embeddable":true,"href":"https:\/\/verdadeon.com.br\/portal\/wp-json\/wp\/v2\/categories?post=53727"},{"taxonomy":"post_tag","embeddable":true,"href":"https:\/\/verdadeon.com.br\/portal\/wp-json\/wp\/v2\/tags?post=53727"}],"curies":[{"name":"wp","href":"https:\/\/api.w.org\/{rel}","templated":true}]}}