{"id":53600,"date":"2025-02-04T13:37:28","date_gmt":"2025-02-04T16:37:28","guid":{"rendered":"https:\/\/verdadeon.com.br\/portal\/?p=53600"},"modified":"2025-02-04T15:41:12","modified_gmt":"2025-02-04T18:41:12","slug":"franca-operacao-da-policia-ambiental-localiza-carro-furtado-e-resgate-ave-em-cativeiro","status":"publish","type":"post","link":"https:\/\/verdadeon.com.br\/portal\/2025\/02\/04\/franca-operacao-da-policia-ambiental-localiza-carro-furtado-e-resgate-ave-em-cativeiro\/","title":{"rendered":"Franca: opera\u00e7\u00e3o da Pol\u00edcia Ambiental localiza carro furtado e resgata ave em cativeiro"},"content":{"rendered":"<h2>Indiv\u00edduos fugiram em \u00e1rea de mata pela Ch\u00e1cara Recanto dos P\u00e1ssaros, na Rodovia Jo\u00e3o Traficante<\/h2>\n<p style=\"text-align: right;\"><em><strong>Por Pedro Maia<\/strong><\/em><br \/>\n<em><strong>Editor-chefe<\/strong><\/em><\/p>\n<p>A Pol\u00edcia Militar Ambiental de Franca, atrav\u00e9s da 3\u00aa Cia, comandada pelo Capit\u00e3o PM Gabriel, e do 1\u00b0 Pelot\u00e3o, comandado pelo 1\u00b0 Tenente Ricardo Silva, durante a\u00e7\u00e3o de policiamento rural, localizou um ve\u00edculo furtado na Ch\u00e1cara Recanto dos P\u00e1ssaros, na altura do KM 3 da Rodovia Jo\u00e3o Traficante, que liga Franca a Ibiraci-MG, al\u00e9m de resgatar uma ave em cativeiro.<\/p>\n<p>A a\u00e7\u00e3o faz parte do DEJEM\u00a0(<b>Di\u00e1ria Especial por Jornada Extraordin\u00e1ria de Trabalho Policial Militar<\/b>), que prestou apoio ao 15\u00ba BPM-I em ocorr\u00eancia de furto em andamento. Na ocasi\u00e3o, dois indiv\u00edduos realizavam o abastecimento do caminh\u00e3o da marca Iveco, modelo Daily, cor vermelha, placas FLU-0716, cujo ve\u00edculo j\u00e1 constava queixa. Ele estava sendo monitorado via rastreador pela v\u00edtima, que conseguiu chegar at\u00e9 o local do ponto e avistar o caminh\u00e3o na posse dos indiv\u00edduos pelo Posto Ipiranga da Rodovia Jo\u00e3o Traficante, KM 3, acionando de imediato a Pol\u00edcia Militar via 190 e transmitido via rede de r\u00e1dio, onde com a chegada das viaturas, os dois se evadiram atravessando a rodovia, se embrenhando em uma \u00e1rea de mata fechada e cultivo de caf\u00e9.<\/p>\n<p><strong>Cerco Fechado<\/strong><\/p>\n<p>Foi iniciado cerco ao local na busca dos indiv\u00edduos em fuga pela mata, direcionado pelo Coordenador Operacional do 15\u00ba BPM-I e demais viaturas relacionadas, bem como apoio de DRONE para direcionamento das equipes em solo no cerco dos indiv\u00edduos. Foi realizada incurs\u00e3o pela mata e entorno do local por onde tentavam fugir. Ao retornar para viatura e deslocar para cerco na \u00e1rea dos fundos desta mata, os agentes avistaram os indiv\u00edduos correndo em dire\u00e7\u00e3o ao condom\u00ednio de ch\u00e1caras e, ao passar pela via de fronte \u00e0 Ch\u00e1cara Recanto dos P\u00e1ssaros, os policiais flagraram um dos indiv\u00edduos nas caracter\u00edsticas passadas. Ao perceber que os profissionais ali estavam, adentrou \u00e0 ch\u00e1cara, que se encontrava com port\u00e3o aberto e atingiu um segundo fragmento florestal, resultando em uma nova fuga.<\/p>\n<p>Um novo cerco foi realizado, por\u00e9m o meliante n\u00e3o foi localizado. Em busca pela zona rural onde o homem se evadiu, os policiais localizaram um ve\u00edculo que estava trancado, da marca Chevrolet, modelo Montana, ano 2019, cor Prata, com as placas Mercosul EVC-1E78. Ao consultar via COPOM, foi identificado que se tratava de placa adulterada. O ve\u00edculo original era da marca Fiat, modelo Strada Adventure, ano 2011, cor cinza, final do chassi 4836, cidade de Salto de Pirapora\/SP, n\u00e3o batendo com a caracter\u00edsticas.<\/p>\n<p>Feita a consulta pelo final do chassi da Montana de n\u00b0 KB112844, verificou-se a queixa de furto na data de 28 de janeiro, em Franca, pertencente a uma empresa. As placas originais s\u00e3o modelo mercosul GDB-2I84. Na ocasi\u00e3o do crime, al\u00e9m do ve\u00edculo, foram levados itens de inform\u00e1tica como notebooks, diversos aparelhos eletr\u00f4nicos e um drone, al\u00e9m de grande quantidade de fios de cobre, cabos de transmiss\u00e3o de energia e placas solares.<\/p>\n<p><strong>Buscas pela ch\u00e1cara<\/strong><\/p>\n<p>Enquanto os militares realizavam as buscas, um homem chegou no local e alegou ser o propriet\u00e1rio. Questionado sobre o ve\u00edculo com queixa de furto dentro de sua propriedade, ele alegou que desconhece e n\u00e3o viu a chegada desse autom\u00f3vel, que estava com o port\u00e3o aberto no momento.<\/p>\n<p>O propriet\u00e1rio disse que como estava em tratamento de c\u00e2ncer ia chamar por sua esposa para acompanhar a equipe para remo\u00e7\u00e3o do ve\u00edculo, saindo para realizar uma liga\u00e7\u00e3o e retornando acompanhado de seu advogado, que acompanhou toda dilig\u00eancia com seu cliente, oportunidade em que foi acionada per\u00edcia no ve\u00edculo pela Autoridade de Pol\u00edcia Judici\u00e1ria ao ser cientificado dos fatos, acionando inclusive a v\u00edtima do furto para retirada desse autom\u00f3vel do local.<\/p>\n<p>Por ter sido furtado com as chaves, teve que acionar o chaveiro para abrir e ligar o ve\u00edculo e, assim, ser conduzido para a CPJ (Central de Pol\u00edcia Judici\u00e1ria) de Franca, onde compareceu a v\u00edtima e respons\u00e1vel pela retirada e condu\u00e7\u00e3o.<\/p>\n<p><strong>N\u00e3o parou por a\u00ed&#8230;<\/strong><\/p>\n<p>Ainda em dilig\u00eancia, a pol\u00edcia encontrou na ch\u00e1cara uma ave da fauna silvestre da esp\u00e9cie Periquito-rico \u201cBrotoceris tirica\u201d, mantida em cativeiro com gaiola de arame e madeira, com alimento e \u00e1gua a disposi\u00e7\u00e3o. Indagado, o dono da propriedade informou que mant\u00e9m a gaiola fechada para proteger a ave de animais predadores que frequentam o local.<\/p>\n<p>Diante dos fatos, ele foi conduzido como testemunha, sendo acompanhado do seu advogado at\u00e9 \u00e0 delegacia para ser ouvido e prestar esclarecimentos sobre o ocorrido. A Autoridade de Pol\u00edcia Judici\u00e1ria adotou a provid\u00eancia cab\u00edvel conforme registro no BO N\u00b0 BR9164-2\/2025, ouvindo as partes e liberando a testemunha, registrando a Localiza\u00e7\u00e3o\/Apreens\u00e3o e Entrega de Ve\u00edculo, al\u00e9m de Adultera\u00e7\u00e3o de sinal identificador de ve\u00edculo automotor.<\/p>\n<p>Administrativamente, foram adotadas as provid\u00eancias com a lavratura de Auto de Infra\u00e7\u00e3o Ambiental, em desfavor do propriet\u00e1rio, autuado com base nos termos do art. 25, par\u00e1grafo 3\u00ba, inciso III da Resolu\u00e7\u00e3o SIMA 05\/21, com san\u00e7\u00e3o aplicada de multa simples no valor de R$ 500,00 (quinhentos reais) e apreens\u00e3o\/dep\u00f3sito da ave sob sua responsabilidade, tendo em vista estar sendo bem tratada, j\u00e1 ser domesticada e por falta de espa\u00e7o f\u00edsico para recebimento da ave pelo VITAS Franca, conforme Termo de Dep\u00f3sito N\u00b0 55\/2025.<\/p>\n<p>Quanto as provid\u00eancias penais sobre o crime ambiental previsto na Lei 9.605\/98, conforme artigo n\u00b0 29, par\u00e1grafo 1\u00ba, inciso III, ser\u00e3o encaminhadas posteriormente para Autoridade de Pol\u00edcia Judici\u00e1ria.<\/p>\n<p><strong>APREENS\u00c3O:<\/strong><br \/>\n01 (um) Ve\u00edculo com queixa de furto da marca Chevrolet, modelo Montana, ano 2019, cor Prata, Placas originais GDB-2I84, adulterado com as placas Mercosul EVC-1E78;<br \/>\n02 (duas) Placas Mercosul EVC-1E78;<br \/>\n01 (uma) mochila de cor preta marca PULMA contendo diversos itens utilizados no dia do furto (28\/01\/2025), sendo os seguintes:<br \/>\n01 (uma) cal\u00e7a de chuva cor preta;<br \/>\n01 (uma) blusa de frio cor azul com emblema da Chevrolet;<br \/>\n01 (uma) cueca cor azul claro;<br \/>\n01 (uma) blusa de l\u00e3 marca MR com listras brancas;<br \/>\n01 (um) jogo de chaves de fenda;<br \/>\n01 (uma) cartela com 13 de comprimidos do medicamento OMEPRAZOL;<br \/>\n01 (uma) lanterna pequena;<br \/>\nDiversos peda\u00e7os de fio de cobre;<br \/>\n01 (um) frasco de anticorrosivo;<br \/>\n01 (uma) ave da fauna silvestre da esp\u00e9cie Periquito-Rico \u201cBrotoceris tirica\u201d;<br \/>\n01 (uma) gaiola de arame e madeira.<\/p>\n<p><em>Participaram da opera\u00e7\u00e3o a VTR\/EQUIPE: A-04309 \u2013 Cb PM De Paula e Cb PM Marco Vin\u00edcius; e a VTR APOIO: Coordenador Operacional do 15\u00b0 BPM-I, Cmt de For\u00e7a T\u00e1tica e demais viaturas, CFP, BAEP, Viaturas da 1\u00aa Cia, Reservado 15\u00b0 BPM-I e 3\u00aa Cia PAmb, Equipe Geot\u00e9cnica com DRONE, Pol\u00edcia T\u00e9cnico Cient\u00edfica (per\u00edcia) e A-04318 composta pelo 1\u00ba Sgt PM \u00c9der e Cb PM Jardini.<\/em><\/p>\n","protected":false},"excerpt":{"rendered":"<p>Indiv\u00edduos fugiram em \u00e1rea de mata pela Ch\u00e1cara Recanto dos P\u00e1ssaros, na Rodovia Jo\u00e3o Traficante Por Pedro Maia Editor-chefe A Pol\u00edcia Militar Ambiental de Franca, atrav\u00e9s<span class=\"excerpt-hellip\"> [\u2026]<\/span><\/p>\n","protected":false},"author":10,"featured_media":53601,"comment_status":"open","ping_status":"open","sticky":false,"template":"","format":"standard","meta":{"_jetpack_memberships_contains_paid_content":false,"footnotes":"","jetpack_publicize_message":"","jetpack_publicize_feature_enabled":true,"jetpack_social_post_already_shared":true,"jetpack_social_options":{"image_generator_settings":{"template":"highway","default_image_id":0,"enabled":false},"version":2}},"categories":[28,81],"tags":[],"class_list":["post-53600","post","type-post","status-publish","format-standard","has-post-thumbnail","hentry","category-cotidiano","category-manchete"],"yoast_head":"<!-- This site is optimized with the Yoast SEO plugin v25.6 - https:\/\/yoast.com\/wordpress\/plugins\/seo\/ -->\n<title>Franca: opera\u00e7\u00e3o da Pol\u00edcia Ambiental localiza carro furtado e resgata ave em cativeiro - VerdadeOn<\/title>\n<meta name=\"robots\" content=\"index, follow, max-snippet:-1, max-image-preview:large, max-video-preview:-1\" \/>\n<link rel=\"canonical\" href=\"https:\/\/verdadeon.com.br\/portal\/2025\/02\/04\/franca-operacao-da-policia-ambiental-localiza-carro-furtado-e-resgate-ave-em-cativeiro\/\" \/>\n<meta property=\"og:locale\" content=\"pt_BR\" \/>\n<meta property=\"og:type\" content=\"article\" \/>\n<meta property=\"og:title\" content=\"Franca: opera\u00e7\u00e3o da Pol\u00edcia Ambiental localiza carro furtado e resgata ave em cativeiro - VerdadeOn\" \/>\n<meta property=\"og:description\" content=\"Indiv\u00edduos fugiram em \u00e1rea de mata pela Ch\u00e1cara Recanto dos P\u00e1ssaros, na Rodovia Jo\u00e3o Traficante Por Pedro Maia Editor-chefe A Pol\u00edcia Militar Ambiental de Franca, atrav\u00e9s [\u2026]\" \/>\n<meta property=\"og:url\" content=\"https:\/\/verdadeon.com.br\/portal\/2025\/02\/04\/franca-operacao-da-policia-ambiental-localiza-carro-furtado-e-resgate-ave-em-cativeiro\/\" \/>\n<meta property=\"og:site_name\" content=\"VerdadeOn\" \/>\n<meta property=\"article:published_time\" content=\"2025-02-04T16:37:28+00:00\" \/>\n<meta property=\"article:modified_time\" content=\"2025-02-04T18:41:12+00:00\" \/>\n<meta property=\"og:image\" content=\"https:\/\/verdadeon.com.br\/portal\/wp-content\/uploads\/2025\/02\/WhatsApp-Image-2025-02-04-at-05.19.49.jpeg\" \/>\n\t<meta property=\"og:image:width\" content=\"1600\" \/>\n\t<meta property=\"og:image:height\" content=\"1072\" \/>\n\t<meta property=\"og:image:type\" content=\"image\/jpeg\" \/>\n<meta name=\"author\" content=\"Redacao VerdadeOn\" \/>\n<meta name=\"twitter:card\" content=\"summary_large_image\" \/>\n<meta name=\"twitter:label1\" content=\"Escrito por\" \/>\n\t<meta name=\"twitter:data1\" content=\"Redacao VerdadeOn\" \/>\n\t<meta name=\"twitter:label2\" content=\"Est. tempo de leitura\" \/>\n\t<meta name=\"twitter:data2\" content=\"6 minutos\" \/>\n<script type=\"application\/ld+json\" class=\"yoast-schema-graph\">{\"@context\":\"https:\/\/schema.org\",\"@graph\":[{\"@type\":\"WebPage\",\"@id\":\"https:\/\/verdadeon.com.br\/portal\/2025\/02\/04\/franca-operacao-da-policia-ambiental-localiza-carro-furtado-e-resgate-ave-em-cativeiro\/\",\"url\":\"https:\/\/verdadeon.com.br\/portal\/2025\/02\/04\/franca-operacao-da-policia-ambiental-localiza-carro-furtado-e-resgate-ave-em-cativeiro\/\",\"name\":\"Franca: opera\u00e7\u00e3o da Pol\u00edcia Ambiental localiza carro furtado e resgata ave em cativeiro - VerdadeOn\",\"isPartOf\":{\"@id\":\"https:\/\/verdadeon.com.br\/portal\/#website\"},\"primaryImageOfPage\":{\"@id\":\"https:\/\/verdadeon.com.br\/portal\/2025\/02\/04\/franca-operacao-da-policia-ambiental-localiza-carro-furtado-e-resgate-ave-em-cativeiro\/#primaryimage\"},\"image\":{\"@id\":\"https:\/\/verdadeon.com.br\/portal\/2025\/02\/04\/franca-operacao-da-policia-ambiental-localiza-carro-furtado-e-resgate-ave-em-cativeiro\/#primaryimage\"},\"thumbnailUrl\":\"https:\/\/i0.wp.com\/verdadeon.com.br\/portal\/wp-content\/uploads\/2025\/02\/WhatsApp-Image-2025-02-04-at-05.19.49.jpeg?fit=1600%2C1072&ssl=1\",\"datePublished\":\"2025-02-04T16:37:28+00:00\",\"dateModified\":\"2025-02-04T18:41:12+00:00\",\"author\":{\"@id\":\"https:\/\/verdadeon.com.br\/portal\/#\/schema\/person\/a5060ad1e9ea3df545188fc93ce43d2f\"},\"breadcrumb\":{\"@id\":\"https:\/\/verdadeon.com.br\/portal\/2025\/02\/04\/franca-operacao-da-policia-ambiental-localiza-carro-furtado-e-resgate-ave-em-cativeiro\/#breadcrumb\"},\"inLanguage\":\"pt-BR\",\"potentialAction\":[{\"@type\":\"ReadAction\",\"target\":[\"https:\/\/verdadeon.com.br\/portal\/2025\/02\/04\/franca-operacao-da-policia-ambiental-localiza-carro-furtado-e-resgate-ave-em-cativeiro\/\"]}]},{\"@type\":\"ImageObject\",\"inLanguage\":\"pt-BR\",\"@id\":\"https:\/\/verdadeon.com.br\/portal\/2025\/02\/04\/franca-operacao-da-policia-ambiental-localiza-carro-furtado-e-resgate-ave-em-cativeiro\/#primaryimage\",\"url\":\"https:\/\/i0.wp.com\/verdadeon.com.br\/portal\/wp-content\/uploads\/2025\/02\/WhatsApp-Image-2025-02-04-at-05.19.49.jpeg?fit=1600%2C1072&ssl=1\",\"contentUrl\":\"https:\/\/i0.wp.com\/verdadeon.com.br\/portal\/wp-content\/uploads\/2025\/02\/WhatsApp-Image-2025-02-04-at-05.19.49.jpeg?fit=1600%2C1072&ssl=1\",\"width\":1600,\"height\":1072,\"caption\":\"Apetrechos furtados encontrados junto a autom\u00f3vel tamb\u00e9m furtado e localizado em propriedade rural (\u00a9Divulga\u00e7\u00e3o)\"},{\"@type\":\"BreadcrumbList\",\"@id\":\"https:\/\/verdadeon.com.br\/portal\/2025\/02\/04\/franca-operacao-da-policia-ambiental-localiza-carro-furtado-e-resgate-ave-em-cativeiro\/#breadcrumb\",\"itemListElement\":[{\"@type\":\"ListItem\",\"position\":1,\"name\":\"In\u00edcio\",\"item\":\"https:\/\/verdadeon.com.br\/portal\/\"},{\"@type\":\"ListItem\",\"position\":2,\"name\":\"Franca: opera\u00e7\u00e3o da Pol\u00edcia Ambiental localiza carro furtado e resgata ave em cativeiro\"}]},{\"@type\":\"WebSite\",\"@id\":\"https:\/\/verdadeon.com.br\/portal\/#website\",\"url\":\"https:\/\/verdadeon.com.br\/portal\/\",\"name\":\"VerdadeOn\",\"description\":\"Not\u00edcias di\u00e1rias sobre Franca, Regi\u00e3o, Esporte, Cultura, Cotidiano, Colunas. Cobertura nos principais eventos da cidade \u00e9 aqui - Verdadeon Franca\",\"potentialAction\":[{\"@type\":\"SearchAction\",\"target\":{\"@type\":\"EntryPoint\",\"urlTemplate\":\"https:\/\/verdadeon.com.br\/portal\/?s={search_term_string}\"},\"query-input\":{\"@type\":\"PropertyValueSpecification\",\"valueRequired\":true,\"valueName\":\"search_term_string\"}}],\"inLanguage\":\"pt-BR\"},{\"@type\":\"Person\",\"@id\":\"https:\/\/verdadeon.com.br\/portal\/#\/schema\/person\/a5060ad1e9ea3df545188fc93ce43d2f\",\"name\":\"Redacao VerdadeOn\",\"image\":{\"@type\":\"ImageObject\",\"inLanguage\":\"pt-BR\",\"@id\":\"https:\/\/verdadeon.com.br\/portal\/#\/schema\/person\/image\/\",\"url\":\"https:\/\/secure.gravatar.com\/avatar\/459a9613caaaf07f582c3d0841eea68bdd66f533e465e6ba8b9cb45619572cf4?s=96&d=mm&r=g\",\"contentUrl\":\"https:\/\/secure.gravatar.com\/avatar\/459a9613caaaf07f582c3d0841eea68bdd66f533e465e6ba8b9cb45619572cf4?s=96&d=mm&r=g\",\"caption\":\"Redacao VerdadeOn\"},\"url\":\"https:\/\/verdadeon.com.br\/portal\/author\/redacao\/\"}]}<\/script>\n<!-- \/ Yoast SEO plugin. -->","yoast_head_json":{"title":"Franca: opera\u00e7\u00e3o da Pol\u00edcia Ambiental localiza carro furtado e resgata ave em cativeiro - VerdadeOn","robots":{"index":"index","follow":"follow","max-snippet":"max-snippet:-1","max-image-preview":"max-image-preview:large","max-video-preview":"max-video-preview:-1"},"canonical":"https:\/\/verdadeon.com.br\/portal\/2025\/02\/04\/franca-operacao-da-policia-ambiental-localiza-carro-furtado-e-resgate-ave-em-cativeiro\/","og_locale":"pt_BR","og_type":"article","og_title":"Franca: opera\u00e7\u00e3o da Pol\u00edcia Ambiental localiza carro furtado e resgata ave em cativeiro - VerdadeOn","og_description":"Indiv\u00edduos fugiram em \u00e1rea de mata pela Ch\u00e1cara Recanto dos P\u00e1ssaros, na Rodovia Jo\u00e3o Traficante Por Pedro Maia Editor-chefe A Pol\u00edcia Militar Ambiental de Franca, atrav\u00e9s [\u2026]","og_url":"https:\/\/verdadeon.com.br\/portal\/2025\/02\/04\/franca-operacao-da-policia-ambiental-localiza-carro-furtado-e-resgate-ave-em-cativeiro\/","og_site_name":"VerdadeOn","article_published_time":"2025-02-04T16:37:28+00:00","article_modified_time":"2025-02-04T18:41:12+00:00","og_image":[{"width":1600,"height":1072,"url":"https:\/\/verdadeon.com.br\/portal\/wp-content\/uploads\/2025\/02\/WhatsApp-Image-2025-02-04-at-05.19.49.jpeg","type":"image\/jpeg"}],"author":"Redacao VerdadeOn","twitter_card":"summary_large_image","twitter_misc":{"Escrito por":"Redacao VerdadeOn","Est. tempo de leitura":"6 minutos"},"schema":{"@context":"https:\/\/schema.org","@graph":[{"@type":"WebPage","@id":"https:\/\/verdadeon.com.br\/portal\/2025\/02\/04\/franca-operacao-da-policia-ambiental-localiza-carro-furtado-e-resgate-ave-em-cativeiro\/","url":"https:\/\/verdadeon.com.br\/portal\/2025\/02\/04\/franca-operacao-da-policia-ambiental-localiza-carro-furtado-e-resgate-ave-em-cativeiro\/","name":"Franca: opera\u00e7\u00e3o da Pol\u00edcia Ambiental localiza carro furtado e resgata ave em cativeiro - VerdadeOn","isPartOf":{"@id":"https:\/\/verdadeon.com.br\/portal\/#website"},"primaryImageOfPage":{"@id":"https:\/\/verdadeon.com.br\/portal\/2025\/02\/04\/franca-operacao-da-policia-ambiental-localiza-carro-furtado-e-resgate-ave-em-cativeiro\/#primaryimage"},"image":{"@id":"https:\/\/verdadeon.com.br\/portal\/2025\/02\/04\/franca-operacao-da-policia-ambiental-localiza-carro-furtado-e-resgate-ave-em-cativeiro\/#primaryimage"},"thumbnailUrl":"https:\/\/i0.wp.com\/verdadeon.com.br\/portal\/wp-content\/uploads\/2025\/02\/WhatsApp-Image-2025-02-04-at-05.19.49.jpeg?fit=1600%2C1072&ssl=1","datePublished":"2025-02-04T16:37:28+00:00","dateModified":"2025-02-04T18:41:12+00:00","author":{"@id":"https:\/\/verdadeon.com.br\/portal\/#\/schema\/person\/a5060ad1e9ea3df545188fc93ce43d2f"},"breadcrumb":{"@id":"https:\/\/verdadeon.com.br\/portal\/2025\/02\/04\/franca-operacao-da-policia-ambiental-localiza-carro-furtado-e-resgate-ave-em-cativeiro\/#breadcrumb"},"inLanguage":"pt-BR","potentialAction":[{"@type":"ReadAction","target":["https:\/\/verdadeon.com.br\/portal\/2025\/02\/04\/franca-operacao-da-policia-ambiental-localiza-carro-furtado-e-resgate-ave-em-cativeiro\/"]}]},{"@type":"ImageObject","inLanguage":"pt-BR","@id":"https:\/\/verdadeon.com.br\/portal\/2025\/02\/04\/franca-operacao-da-policia-ambiental-localiza-carro-furtado-e-resgate-ave-em-cativeiro\/#primaryimage","url":"https:\/\/i0.wp.com\/verdadeon.com.br\/portal\/wp-content\/uploads\/2025\/02\/WhatsApp-Image-2025-02-04-at-05.19.49.jpeg?fit=1600%2C1072&ssl=1","contentUrl":"https:\/\/i0.wp.com\/verdadeon.com.br\/portal\/wp-content\/uploads\/2025\/02\/WhatsApp-Image-2025-02-04-at-05.19.49.jpeg?fit=1600%2C1072&ssl=1","width":1600,"height":1072,"caption":"Apetrechos furtados encontrados junto a autom\u00f3vel tamb\u00e9m furtado e localizado em propriedade rural (\u00a9Divulga\u00e7\u00e3o)"},{"@type":"BreadcrumbList","@id":"https:\/\/verdadeon.com.br\/portal\/2025\/02\/04\/franca-operacao-da-policia-ambiental-localiza-carro-furtado-e-resgate-ave-em-cativeiro\/#breadcrumb","itemListElement":[{"@type":"ListItem","position":1,"name":"In\u00edcio","item":"https:\/\/verdadeon.com.br\/portal\/"},{"@type":"ListItem","position":2,"name":"Franca: opera\u00e7\u00e3o da Pol\u00edcia Ambiental localiza carro furtado e resgata ave em cativeiro"}]},{"@type":"WebSite","@id":"https:\/\/verdadeon.com.br\/portal\/#website","url":"https:\/\/verdadeon.com.br\/portal\/","name":"VerdadeOn","description":"Not\u00edcias di\u00e1rias sobre Franca, Regi\u00e3o, Esporte, Cultura, Cotidiano, Colunas. Cobertura nos principais eventos da cidade \u00e9 aqui - Verdadeon Franca","potentialAction":[{"@type":"SearchAction","target":{"@type":"EntryPoint","urlTemplate":"https:\/\/verdadeon.com.br\/portal\/?s={search_term_string}"},"query-input":{"@type":"PropertyValueSpecification","valueRequired":true,"valueName":"search_term_string"}}],"inLanguage":"pt-BR"},{"@type":"Person","@id":"https:\/\/verdadeon.com.br\/portal\/#\/schema\/person\/a5060ad1e9ea3df545188fc93ce43d2f","name":"Redacao VerdadeOn","image":{"@type":"ImageObject","inLanguage":"pt-BR","@id":"https:\/\/verdadeon.com.br\/portal\/#\/schema\/person\/image\/","url":"https:\/\/secure.gravatar.com\/avatar\/459a9613caaaf07f582c3d0841eea68bdd66f533e465e6ba8b9cb45619572cf4?s=96&d=mm&r=g","contentUrl":"https:\/\/secure.gravatar.com\/avatar\/459a9613caaaf07f582c3d0841eea68bdd66f533e465e6ba8b9cb45619572cf4?s=96&d=mm&r=g","caption":"Redacao VerdadeOn"},"url":"https:\/\/verdadeon.com.br\/portal\/author\/redacao\/"}]}},"jetpack_publicize_connections":[],"jetpack_featured_media_url":"https:\/\/i0.wp.com\/verdadeon.com.br\/portal\/wp-content\/uploads\/2025\/02\/WhatsApp-Image-2025-02-04-at-05.19.49.jpeg?fit=1600%2C1072&ssl=1","jetpack_sharing_enabled":true,"_links":{"self":[{"href":"https:\/\/verdadeon.com.br\/portal\/wp-json\/wp\/v2\/posts\/53600","targetHints":{"allow":["GET"]}}],"collection":[{"href":"https:\/\/verdadeon.com.br\/portal\/wp-json\/wp\/v2\/posts"}],"about":[{"href":"https:\/\/verdadeon.com.br\/portal\/wp-json\/wp\/v2\/types\/post"}],"author":[{"embeddable":true,"href":"https:\/\/verdadeon.com.br\/portal\/wp-json\/wp\/v2\/users\/10"}],"replies":[{"embeddable":true,"href":"https:\/\/verdadeon.com.br\/portal\/wp-json\/wp\/v2\/comments?post=53600"}],"version-history":[{"count":2,"href":"https:\/\/verdadeon.com.br\/portal\/wp-json\/wp\/v2\/posts\/53600\/revisions"}],"predecessor-version":[{"id":53610,"href":"https:\/\/verdadeon.com.br\/portal\/wp-json\/wp\/v2\/posts\/53600\/revisions\/53610"}],"wp:featuredmedia":[{"embeddable":true,"href":"https:\/\/verdadeon.com.br\/portal\/wp-json\/wp\/v2\/media\/53601"}],"wp:attachment":[{"href":"https:\/\/verdadeon.com.br\/portal\/wp-json\/wp\/v2\/media?parent=53600"}],"wp:term":[{"taxonomy":"category","embeddable":true,"href":"https:\/\/verdadeon.com.br\/portal\/wp-json\/wp\/v2\/categories?post=53600"},{"taxonomy":"post_tag","embeddable":true,"href":"https:\/\/verdadeon.com.br\/portal\/wp-json\/wp\/v2\/tags?post=53600"}],"curies":[{"name":"wp","href":"https:\/\/api.w.org\/{rel}","templated":true}]}}