{"id":53597,"date":"2025-02-04T12:39:27","date_gmt":"2025-02-04T15:39:27","guid":{"rendered":"https:\/\/verdadeon.com.br\/portal\/?p=53597"},"modified":"2025-02-04T12:39:40","modified_gmt":"2025-02-04T15:39:40","slug":"grupo-santa-casa-de-franca-registra-aumento-de-20-no-numero-de-mamografias-realizadas","status":"publish","type":"post","link":"https:\/\/verdadeon.com.br\/portal\/2025\/02\/04\/grupo-santa-casa-de-franca-registra-aumento-de-20-no-numero-de-mamografias-realizadas\/","title":{"rendered":"Grupo Santa Casa de Franca registra aumento de 20% no n\u00famero de mamografias realizadas"},"content":{"rendered":"<h2>Dia 5 de fevereiro \u00e9 celebrado o Dia da Mamografia, data marcada pela conscientiza\u00e7\u00e3o e preven\u00e7\u00e3o do c\u00e2ncer de mama<\/h2>\n<p>A mamografia \u00e9 a principal aliada na identifica\u00e7\u00e3o precoce do c\u00e2ncer de mama. Por isso, no dia 5 de fevereiro, celebra-se o dia nacional do exame, uma data dedicada a refor\u00e7ar a import\u00e2ncia da conscientiza\u00e7\u00e3o e preven\u00e7\u00e3o da doen\u00e7a. Em 2024, o Grupo Santa Casa de Franca registrou um aumento de 20% no n\u00famero de exames de mamografia em rela\u00e7\u00e3o a 2023. No \u00faltimo ano, foram realizadas 2.471 mamografias, enquanto em 2023, 2.050.<\/p>\n<p>Segundo o Instituto Nacional de C\u00e2ncer, o c\u00e2ncer de mama \u00e9 o tipo mais comum, depois do de pele n\u00e3o melanoma, no Brasil. \u201cO diagn\u00f3stico precoce \u00e9 fundamental para aumentar as chances de cura\u201d, diz a mastologista do Grupo Santa Casa de Franca, Dra. Maria Virginia Thomazini de Figueiredo. \u201cO exame deve ser realizado anualmente, ap\u00f3s os 40 anos. Contudo, caso haja hist\u00f3rico familiar ou outros fatores de risco, \u00e9 importante que o rastreamento comece antes dessa idade\u201d, explica.<\/p>\n<p>\u201cO exame \u00e9 respons\u00e1vel pela redu\u00e7\u00e3o da mortalidade, em decorr\u00eancia do c\u00e2ncer de mama. Isso porque, \u00e9 capaz de identificar um tumor n\u00e3o palp\u00e1vel (normalmente menor do que um cent\u00edmetro), assim como assimetrias e microcalcifica\u00e7\u00f5es\u201d, afirma a mastologista. Qualquer altera\u00e7\u00e3o na mama, especialmente acima dos 50 anos, deve ser assistida por especialistas.<\/p>\n<p>O exame \u00e9 r\u00e1pido, dura poucos minutos e, apesar de causar leve desconforto em algumas mulheres devido \u00e0 compress\u00e3o da mama, \u00e9 seguro e essencial para a sa\u00fade feminina. \u201cA mamografia \u00e9 um exame preventivo indispens\u00e1vel, que salva vidas. Quanto mais cedo houver um diagn\u00f3stico, melhores ser\u00e3o as chances de cura e menos agressivo ser\u00e1 o tratamento\u201d, conclui Maria.<\/p>\n<p><strong>Sobre o Grupo Santa Casa de Franca<\/strong><\/p>\n<p>O Grupo Santa Casa de Franca, refer\u00eancia regional de urg\u00eancia e emerg\u00eancia em m\u00e9dia e alta complexidade, envolve tr\u00eas unidades hospitalares: Hospital Geral, Hospital do C\u00e2ncer (Unidade Oncol\u00f3gica), Hospital do Cora\u00e7\u00e3o (Unidade Coronariana), al\u00e9m de um Centro de Reabilita\u00e7\u00e3o com atendimento multidisciplinar.<\/p>\n<p>A entidade tamb\u00e9m atua como OSS (Organiza\u00e7\u00e3o Social de Sa\u00fade) e administra os AMEs (Ambulat\u00f3rios M\u00e9dicos de Especialidades) das cidades de Franca, Taquaritinga, Casa Branca, Campinas, Vale do Jurumirim, S\u00e3o Carlos e Ribeir\u00e3o Preto.<\/p>\n<p>Sendo a \u00fanica institui\u00e7\u00e3o de refer\u00eancia terci\u00e1ria do SUS em toda a regi\u00e3o, atende a 22 munic\u00edpios do DRS-VIII (Departamento Regional de Sa\u00fade), incluindo Franca &#8211; o que abrange uma popula\u00e7\u00e3o estimada em mais de 700 mil habitantes.<\/p>\n","protected":false},"excerpt":{"rendered":"<p>Dia 5 de fevereiro \u00e9 celebrado o Dia da Mamografia, data marcada pela conscientiza\u00e7\u00e3o e preven\u00e7\u00e3o do c\u00e2ncer de mama A mamografia \u00e9 a principal aliada<span class=\"excerpt-hellip\"> [\u2026]<\/span><\/p>\n","protected":false},"author":10,"featured_media":53598,"comment_status":"open","ping_status":"open","sticky":false,"template":"","format":"standard","meta":{"_jetpack_memberships_contains_paid_content":false,"footnotes":"","jetpack_publicize_message":"","jetpack_publicize_feature_enabled":true,"jetpack_social_post_already_shared":true,"jetpack_social_options":{"image_generator_settings":{"template":"highway","default_image_id":0,"enabled":false},"version":2}},"categories":[28,44],"tags":[],"class_list":["post-53597","post","type-post","status-publish","format-standard","has-post-thumbnail","hentry","category-cotidiano","category-noticias"],"yoast_head":"<!-- This site is optimized with the Yoast SEO plugin v25.6 - https:\/\/yoast.com\/wordpress\/plugins\/seo\/ -->\n<title>Grupo Santa Casa de Franca registra aumento de 20% no n\u00famero de mamografias realizadas - VerdadeOn<\/title>\n<meta name=\"robots\" content=\"index, follow, max-snippet:-1, max-image-preview:large, max-video-preview:-1\" \/>\n<link rel=\"canonical\" href=\"https:\/\/verdadeon.com.br\/portal\/2025\/02\/04\/grupo-santa-casa-de-franca-registra-aumento-de-20-no-numero-de-mamografias-realizadas\/\" \/>\n<meta property=\"og:locale\" content=\"pt_BR\" \/>\n<meta property=\"og:type\" content=\"article\" \/>\n<meta property=\"og:title\" content=\"Grupo Santa Casa de Franca registra aumento de 20% no n\u00famero de mamografias realizadas - VerdadeOn\" \/>\n<meta property=\"og:description\" content=\"Dia 5 de fevereiro \u00e9 celebrado o Dia da Mamografia, data marcada pela conscientiza\u00e7\u00e3o e preven\u00e7\u00e3o do c\u00e2ncer de mama A mamografia \u00e9 a principal aliada [\u2026]\" \/>\n<meta property=\"og:url\" content=\"https:\/\/verdadeon.com.br\/portal\/2025\/02\/04\/grupo-santa-casa-de-franca-registra-aumento-de-20-no-numero-de-mamografias-realizadas\/\" \/>\n<meta property=\"og:site_name\" content=\"VerdadeOn\" \/>\n<meta property=\"article:published_time\" content=\"2025-02-04T15:39:27+00:00\" \/>\n<meta property=\"article:modified_time\" content=\"2025-02-04T15:39:40+00:00\" \/>\n<meta property=\"og:image\" content=\"https:\/\/verdadeon.com.br\/portal\/wp-content\/uploads\/2025\/02\/unnamed-19.jpg\" \/>\n\t<meta property=\"og:image:width\" content=\"794\" \/>\n\t<meta property=\"og:image:height\" content=\"532\" \/>\n\t<meta property=\"og:image:type\" content=\"image\/jpeg\" \/>\n<meta name=\"author\" content=\"Redacao VerdadeOn\" \/>\n<meta name=\"twitter:card\" content=\"summary_large_image\" \/>\n<meta name=\"twitter:label1\" content=\"Escrito por\" \/>\n\t<meta name=\"twitter:data1\" content=\"Redacao VerdadeOn\" \/>\n\t<meta name=\"twitter:label2\" content=\"Est. tempo de leitura\" \/>\n\t<meta name=\"twitter:data2\" content=\"2 minutos\" \/>\n<script type=\"application\/ld+json\" class=\"yoast-schema-graph\">{\"@context\":\"https:\/\/schema.org\",\"@graph\":[{\"@type\":\"WebPage\",\"@id\":\"https:\/\/verdadeon.com.br\/portal\/2025\/02\/04\/grupo-santa-casa-de-franca-registra-aumento-de-20-no-numero-de-mamografias-realizadas\/\",\"url\":\"https:\/\/verdadeon.com.br\/portal\/2025\/02\/04\/grupo-santa-casa-de-franca-registra-aumento-de-20-no-numero-de-mamografias-realizadas\/\",\"name\":\"Grupo Santa Casa de Franca registra aumento de 20% no n\u00famero de mamografias realizadas - VerdadeOn\",\"isPartOf\":{\"@id\":\"https:\/\/verdadeon.com.br\/portal\/#website\"},\"primaryImageOfPage\":{\"@id\":\"https:\/\/verdadeon.com.br\/portal\/2025\/02\/04\/grupo-santa-casa-de-franca-registra-aumento-de-20-no-numero-de-mamografias-realizadas\/#primaryimage\"},\"image\":{\"@id\":\"https:\/\/verdadeon.com.br\/portal\/2025\/02\/04\/grupo-santa-casa-de-franca-registra-aumento-de-20-no-numero-de-mamografias-realizadas\/#primaryimage\"},\"thumbnailUrl\":\"https:\/\/i0.wp.com\/verdadeon.com.br\/portal\/wp-content\/uploads\/2025\/02\/unnamed-19.jpg?fit=794%2C532&ssl=1\",\"datePublished\":\"2025-02-04T15:39:27+00:00\",\"dateModified\":\"2025-02-04T15:39:40+00:00\",\"author\":{\"@id\":\"https:\/\/verdadeon.com.br\/portal\/#\/schema\/person\/a5060ad1e9ea3df545188fc93ce43d2f\"},\"breadcrumb\":{\"@id\":\"https:\/\/verdadeon.com.br\/portal\/2025\/02\/04\/grupo-santa-casa-de-franca-registra-aumento-de-20-no-numero-de-mamografias-realizadas\/#breadcrumb\"},\"inLanguage\":\"pt-BR\",\"potentialAction\":[{\"@type\":\"ReadAction\",\"target\":[\"https:\/\/verdadeon.com.br\/portal\/2025\/02\/04\/grupo-santa-casa-de-franca-registra-aumento-de-20-no-numero-de-mamografias-realizadas\/\"]}]},{\"@type\":\"ImageObject\",\"inLanguage\":\"pt-BR\",\"@id\":\"https:\/\/verdadeon.com.br\/portal\/2025\/02\/04\/grupo-santa-casa-de-franca-registra-aumento-de-20-no-numero-de-mamografias-realizadas\/#primaryimage\",\"url\":\"https:\/\/i0.wp.com\/verdadeon.com.br\/portal\/wp-content\/uploads\/2025\/02\/unnamed-19.jpg?fit=794%2C532&ssl=1\",\"contentUrl\":\"https:\/\/i0.wp.com\/verdadeon.com.br\/portal\/wp-content\/uploads\/2025\/02\/unnamed-19.jpg?fit=794%2C532&ssl=1\",\"width\":794,\"height\":532,\"caption\":\"Segundo o Instituto Nacional de C\u00e2ncer, o c\u00e2ncer de mama \u00e9 o tipo mais comum, depois do de pele n\u00e3o melanoma, no Brasil (\u00a9Divulga\u00e7\u00e3o\/Freepik)\"},{\"@type\":\"BreadcrumbList\",\"@id\":\"https:\/\/verdadeon.com.br\/portal\/2025\/02\/04\/grupo-santa-casa-de-franca-registra-aumento-de-20-no-numero-de-mamografias-realizadas\/#breadcrumb\",\"itemListElement\":[{\"@type\":\"ListItem\",\"position\":1,\"name\":\"In\u00edcio\",\"item\":\"https:\/\/verdadeon.com.br\/portal\/\"},{\"@type\":\"ListItem\",\"position\":2,\"name\":\"Grupo Santa Casa de Franca registra aumento de 20% no n\u00famero de mamografias realizadas\"}]},{\"@type\":\"WebSite\",\"@id\":\"https:\/\/verdadeon.com.br\/portal\/#website\",\"url\":\"https:\/\/verdadeon.com.br\/portal\/\",\"name\":\"VerdadeOn\",\"description\":\"Not\u00edcias di\u00e1rias sobre Franca, Regi\u00e3o, Esporte, Cultura, Cotidiano, Colunas. Cobertura nos principais eventos da cidade \u00e9 aqui - Verdadeon Franca\",\"potentialAction\":[{\"@type\":\"SearchAction\",\"target\":{\"@type\":\"EntryPoint\",\"urlTemplate\":\"https:\/\/verdadeon.com.br\/portal\/?s={search_term_string}\"},\"query-input\":{\"@type\":\"PropertyValueSpecification\",\"valueRequired\":true,\"valueName\":\"search_term_string\"}}],\"inLanguage\":\"pt-BR\"},{\"@type\":\"Person\",\"@id\":\"https:\/\/verdadeon.com.br\/portal\/#\/schema\/person\/a5060ad1e9ea3df545188fc93ce43d2f\",\"name\":\"Redacao VerdadeOn\",\"image\":{\"@type\":\"ImageObject\",\"inLanguage\":\"pt-BR\",\"@id\":\"https:\/\/verdadeon.com.br\/portal\/#\/schema\/person\/image\/\",\"url\":\"https:\/\/secure.gravatar.com\/avatar\/459a9613caaaf07f582c3d0841eea68bdd66f533e465e6ba8b9cb45619572cf4?s=96&d=mm&r=g\",\"contentUrl\":\"https:\/\/secure.gravatar.com\/avatar\/459a9613caaaf07f582c3d0841eea68bdd66f533e465e6ba8b9cb45619572cf4?s=96&d=mm&r=g\",\"caption\":\"Redacao VerdadeOn\"},\"url\":\"https:\/\/verdadeon.com.br\/portal\/author\/redacao\/\"}]}<\/script>\n<!-- \/ Yoast SEO plugin. -->","yoast_head_json":{"title":"Grupo Santa Casa de Franca registra aumento de 20% no n\u00famero de mamografias realizadas - VerdadeOn","robots":{"index":"index","follow":"follow","max-snippet":"max-snippet:-1","max-image-preview":"max-image-preview:large","max-video-preview":"max-video-preview:-1"},"canonical":"https:\/\/verdadeon.com.br\/portal\/2025\/02\/04\/grupo-santa-casa-de-franca-registra-aumento-de-20-no-numero-de-mamografias-realizadas\/","og_locale":"pt_BR","og_type":"article","og_title":"Grupo Santa Casa de Franca registra aumento de 20% no n\u00famero de mamografias realizadas - VerdadeOn","og_description":"Dia 5 de fevereiro \u00e9 celebrado o Dia da Mamografia, data marcada pela conscientiza\u00e7\u00e3o e preven\u00e7\u00e3o do c\u00e2ncer de mama A mamografia \u00e9 a principal aliada [\u2026]","og_url":"https:\/\/verdadeon.com.br\/portal\/2025\/02\/04\/grupo-santa-casa-de-franca-registra-aumento-de-20-no-numero-de-mamografias-realizadas\/","og_site_name":"VerdadeOn","article_published_time":"2025-02-04T15:39:27+00:00","article_modified_time":"2025-02-04T15:39:40+00:00","og_image":[{"width":794,"height":532,"url":"https:\/\/verdadeon.com.br\/portal\/wp-content\/uploads\/2025\/02\/unnamed-19.jpg","type":"image\/jpeg"}],"author":"Redacao VerdadeOn","twitter_card":"summary_large_image","twitter_misc":{"Escrito por":"Redacao VerdadeOn","Est. tempo de leitura":"2 minutos"},"schema":{"@context":"https:\/\/schema.org","@graph":[{"@type":"WebPage","@id":"https:\/\/verdadeon.com.br\/portal\/2025\/02\/04\/grupo-santa-casa-de-franca-registra-aumento-de-20-no-numero-de-mamografias-realizadas\/","url":"https:\/\/verdadeon.com.br\/portal\/2025\/02\/04\/grupo-santa-casa-de-franca-registra-aumento-de-20-no-numero-de-mamografias-realizadas\/","name":"Grupo Santa Casa de Franca registra aumento de 20% no n\u00famero de mamografias realizadas - VerdadeOn","isPartOf":{"@id":"https:\/\/verdadeon.com.br\/portal\/#website"},"primaryImageOfPage":{"@id":"https:\/\/verdadeon.com.br\/portal\/2025\/02\/04\/grupo-santa-casa-de-franca-registra-aumento-de-20-no-numero-de-mamografias-realizadas\/#primaryimage"},"image":{"@id":"https:\/\/verdadeon.com.br\/portal\/2025\/02\/04\/grupo-santa-casa-de-franca-registra-aumento-de-20-no-numero-de-mamografias-realizadas\/#primaryimage"},"thumbnailUrl":"https:\/\/i0.wp.com\/verdadeon.com.br\/portal\/wp-content\/uploads\/2025\/02\/unnamed-19.jpg?fit=794%2C532&ssl=1","datePublished":"2025-02-04T15:39:27+00:00","dateModified":"2025-02-04T15:39:40+00:00","author":{"@id":"https:\/\/verdadeon.com.br\/portal\/#\/schema\/person\/a5060ad1e9ea3df545188fc93ce43d2f"},"breadcrumb":{"@id":"https:\/\/verdadeon.com.br\/portal\/2025\/02\/04\/grupo-santa-casa-de-franca-registra-aumento-de-20-no-numero-de-mamografias-realizadas\/#breadcrumb"},"inLanguage":"pt-BR","potentialAction":[{"@type":"ReadAction","target":["https:\/\/verdadeon.com.br\/portal\/2025\/02\/04\/grupo-santa-casa-de-franca-registra-aumento-de-20-no-numero-de-mamografias-realizadas\/"]}]},{"@type":"ImageObject","inLanguage":"pt-BR","@id":"https:\/\/verdadeon.com.br\/portal\/2025\/02\/04\/grupo-santa-casa-de-franca-registra-aumento-de-20-no-numero-de-mamografias-realizadas\/#primaryimage","url":"https:\/\/i0.wp.com\/verdadeon.com.br\/portal\/wp-content\/uploads\/2025\/02\/unnamed-19.jpg?fit=794%2C532&ssl=1","contentUrl":"https:\/\/i0.wp.com\/verdadeon.com.br\/portal\/wp-content\/uploads\/2025\/02\/unnamed-19.jpg?fit=794%2C532&ssl=1","width":794,"height":532,"caption":"Segundo o Instituto Nacional de C\u00e2ncer, o c\u00e2ncer de mama \u00e9 o tipo mais comum, depois do de pele n\u00e3o melanoma, no Brasil (\u00a9Divulga\u00e7\u00e3o\/Freepik)"},{"@type":"BreadcrumbList","@id":"https:\/\/verdadeon.com.br\/portal\/2025\/02\/04\/grupo-santa-casa-de-franca-registra-aumento-de-20-no-numero-de-mamografias-realizadas\/#breadcrumb","itemListElement":[{"@type":"ListItem","position":1,"name":"In\u00edcio","item":"https:\/\/verdadeon.com.br\/portal\/"},{"@type":"ListItem","position":2,"name":"Grupo Santa Casa de Franca registra aumento de 20% no n\u00famero de mamografias realizadas"}]},{"@type":"WebSite","@id":"https:\/\/verdadeon.com.br\/portal\/#website","url":"https:\/\/verdadeon.com.br\/portal\/","name":"VerdadeOn","description":"Not\u00edcias di\u00e1rias sobre Franca, Regi\u00e3o, Esporte, Cultura, Cotidiano, Colunas. Cobertura nos principais eventos da cidade \u00e9 aqui - Verdadeon Franca","potentialAction":[{"@type":"SearchAction","target":{"@type":"EntryPoint","urlTemplate":"https:\/\/verdadeon.com.br\/portal\/?s={search_term_string}"},"query-input":{"@type":"PropertyValueSpecification","valueRequired":true,"valueName":"search_term_string"}}],"inLanguage":"pt-BR"},{"@type":"Person","@id":"https:\/\/verdadeon.com.br\/portal\/#\/schema\/person\/a5060ad1e9ea3df545188fc93ce43d2f","name":"Redacao VerdadeOn","image":{"@type":"ImageObject","inLanguage":"pt-BR","@id":"https:\/\/verdadeon.com.br\/portal\/#\/schema\/person\/image\/","url":"https:\/\/secure.gravatar.com\/avatar\/459a9613caaaf07f582c3d0841eea68bdd66f533e465e6ba8b9cb45619572cf4?s=96&d=mm&r=g","contentUrl":"https:\/\/secure.gravatar.com\/avatar\/459a9613caaaf07f582c3d0841eea68bdd66f533e465e6ba8b9cb45619572cf4?s=96&d=mm&r=g","caption":"Redacao VerdadeOn"},"url":"https:\/\/verdadeon.com.br\/portal\/author\/redacao\/"}]}},"jetpack_publicize_connections":[],"jetpack_featured_media_url":"https:\/\/i0.wp.com\/verdadeon.com.br\/portal\/wp-content\/uploads\/2025\/02\/unnamed-19.jpg?fit=794%2C532&ssl=1","jetpack_sharing_enabled":true,"_links":{"self":[{"href":"https:\/\/verdadeon.com.br\/portal\/wp-json\/wp\/v2\/posts\/53597","targetHints":{"allow":["GET"]}}],"collection":[{"href":"https:\/\/verdadeon.com.br\/portal\/wp-json\/wp\/v2\/posts"}],"about":[{"href":"https:\/\/verdadeon.com.br\/portal\/wp-json\/wp\/v2\/types\/post"}],"author":[{"embeddable":true,"href":"https:\/\/verdadeon.com.br\/portal\/wp-json\/wp\/v2\/users\/10"}],"replies":[{"embeddable":true,"href":"https:\/\/verdadeon.com.br\/portal\/wp-json\/wp\/v2\/comments?post=53597"}],"version-history":[{"count":1,"href":"https:\/\/verdadeon.com.br\/portal\/wp-json\/wp\/v2\/posts\/53597\/revisions"}],"predecessor-version":[{"id":53599,"href":"https:\/\/verdadeon.com.br\/portal\/wp-json\/wp\/v2\/posts\/53597\/revisions\/53599"}],"wp:featuredmedia":[{"embeddable":true,"href":"https:\/\/verdadeon.com.br\/portal\/wp-json\/wp\/v2\/media\/53598"}],"wp:attachment":[{"href":"https:\/\/verdadeon.com.br\/portal\/wp-json\/wp\/v2\/media?parent=53597"}],"wp:term":[{"taxonomy":"category","embeddable":true,"href":"https:\/\/verdadeon.com.br\/portal\/wp-json\/wp\/v2\/categories?post=53597"},{"taxonomy":"post_tag","embeddable":true,"href":"https:\/\/verdadeon.com.br\/portal\/wp-json\/wp\/v2\/tags?post=53597"}],"curies":[{"name":"wp","href":"https:\/\/api.w.org\/{rel}","templated":true}]}}