{"id":53582,"date":"2025-02-03T08:00:31","date_gmt":"2025-02-03T11:00:31","guid":{"rendered":"https:\/\/verdadeon.com.br\/portal\/?p=53582"},"modified":"2025-02-03T15:57:55","modified_gmt":"2025-02-03T18:57:55","slug":"rifaina-deve-ganhar-centro-de-visitacao-subaquatica","status":"publish","type":"post","link":"https:\/\/verdadeon.com.br\/portal\/2025\/02\/03\/rifaina-deve-ganhar-centro-de-visitacao-subaquatica\/","title":{"rendered":"Rifaina deve ganhar Centro de Visita\u00e7\u00e3o Subaqu\u00e1tica"},"content":{"rendered":"<h2>Ideia faz parte do Plano Estadual de Turismo N\u00e1utico, do Governo de S\u00e3o Paulo<\/h2>\n<p>Renomados por sua rica biodiversidade nas praias de \u00e1gua doce, naufr\u00e1gios e cidades submersas, tr\u00eas pontos tur\u00edsticos do interior do estado receber\u00e3o, nos dias 3, 4 e 5 de fevereiro, em colabora\u00e7\u00e3o com a Secretaria de Turismo e Viagens de S\u00e3o Paulo (Setur-SP), encontros e visitas t\u00e9cnicas que visam iniciar a cria\u00e7\u00e3o de centros de visita\u00e7\u00e3o subaqu\u00e1ticos.<\/p>\n<p>Segundo nota enviada pela Setur-SP representantes das prefeituras de Presidente Epit\u00e1cio, Itapura e Rifaina, da Setur-SP e da comunidade local se re\u00fanem com uma equipe de especialistas contratada para coletar dados e apresentar um estudo de viabilidade para cada um dos destinos.<\/p>\n<p>O trabalho prev\u00ea um mapeamento da biodiversidade local, das correntes aqu\u00e1ticas e da necessidade de investimentos em infraestrutura para o mergulho aut\u00f4nomo, flutua\u00e7\u00e3o ou cilindro. A entrega final est\u00e1 prevista para abril. No m\u00eas passado, os munic\u00edpios do Guaruj\u00e1 e de Ilhabela j\u00e1 receberam a visita.<\/p>\n<p>\u201cOs centros de visita\u00e7\u00e3o subaqu\u00e1ticos s\u00e3o modelos de turismo sustent\u00e1vel que atraem turistas e contribuem de maneira significativa para a valoriza\u00e7\u00e3o dos oceanos, rios e represas\u201d, afirma Roberto de Lucena. S\u00e3o Paulo tem 4.200 Km de rios naveg\u00e1veis, dezenas de represas e lagos e pelo menos 120 cidades com potencial para se tornarem para\u00edsos do turismo n\u00e1utico.<\/p>\n<p>Em novembro, o Governo de S\u00e3o Paulo lan\u00e7ou o Plano Estadual de Turismo N\u00e1utico, al\u00e9m do guia \u201cRoteiros de Mergulho\u201d, com 99 pontos preparados para receber os turistas em destinos do litoral e de grandes represas no interior do Estado, incluindo os cinco munic\u00edpios beneficiados pelos centros de visita\u00e7\u00e3o subaqu\u00e1ticos: Ilhabela, Guaruj\u00e1, Presidente Epit\u00e1cio, Itapura e Rifaina.<\/p>\n","protected":false},"excerpt":{"rendered":"<p>Ideia faz parte do Plano Estadual de Turismo N\u00e1utico, do Governo de S\u00e3o Paulo Renomados por sua rica biodiversidade nas praias de \u00e1gua doce, naufr\u00e1gios e<span class=\"excerpt-hellip\"> [\u2026]<\/span><\/p>\n","protected":false},"author":10,"featured_media":53583,"comment_status":"open","ping_status":"open","sticky":false,"template":"","format":"standard","meta":{"_jetpack_memberships_contains_paid_content":false,"footnotes":"","jetpack_publicize_message":"","jetpack_publicize_feature_enabled":true,"jetpack_social_post_already_shared":true,"jetpack_social_options":{"image_generator_settings":{"template":"highway","default_image_id":0,"enabled":false},"version":2}},"categories":[28,44],"tags":[],"class_list":["post-53582","post","type-post","status-publish","format-standard","has-post-thumbnail","hentry","category-cotidiano","category-noticias"],"yoast_head":"<!-- This site is optimized with the Yoast SEO plugin v25.6 - https:\/\/yoast.com\/wordpress\/plugins\/seo\/ -->\n<title>Rifaina deve ganhar Centro de Visita\u00e7\u00e3o Subaqu\u00e1tica - VerdadeOn<\/title>\n<meta name=\"robots\" content=\"index, follow, max-snippet:-1, max-image-preview:large, max-video-preview:-1\" \/>\n<link rel=\"canonical\" href=\"https:\/\/verdadeon.com.br\/portal\/2025\/02\/03\/rifaina-deve-ganhar-centro-de-visitacao-subaquatica\/\" \/>\n<meta property=\"og:locale\" content=\"pt_BR\" \/>\n<meta property=\"og:type\" content=\"article\" \/>\n<meta property=\"og:title\" content=\"Rifaina deve ganhar Centro de Visita\u00e7\u00e3o Subaqu\u00e1tica - VerdadeOn\" \/>\n<meta property=\"og:description\" content=\"Ideia faz parte do Plano Estadual de Turismo N\u00e1utico, do Governo de S\u00e3o Paulo Renomados por sua rica biodiversidade nas praias de \u00e1gua doce, naufr\u00e1gios e [\u2026]\" \/>\n<meta property=\"og:url\" content=\"https:\/\/verdadeon.com.br\/portal\/2025\/02\/03\/rifaina-deve-ganhar-centro-de-visitacao-subaquatica\/\" \/>\n<meta property=\"og:site_name\" content=\"VerdadeOn\" \/>\n<meta property=\"article:published_time\" content=\"2025-02-03T11:00:31+00:00\" \/>\n<meta property=\"article:modified_time\" content=\"2025-02-03T18:57:55+00:00\" \/>\n<meta property=\"og:image\" content=\"https:\/\/verdadeon.com.br\/portal\/wp-content\/uploads\/2025\/02\/75240284fb9a471e1aa2cd84324a2a34o.jpg\" \/>\n\t<meta property=\"og:image:width\" content=\"1536\" \/>\n\t<meta property=\"og:image:height\" content=\"1211\" \/>\n\t<meta property=\"og:image:type\" content=\"image\/jpeg\" \/>\n<meta name=\"author\" content=\"Redacao VerdadeOn\" \/>\n<meta name=\"twitter:card\" content=\"summary_large_image\" \/>\n<meta name=\"twitter:label1\" content=\"Escrito por\" \/>\n\t<meta name=\"twitter:data1\" content=\"Redacao VerdadeOn\" \/>\n\t<meta name=\"twitter:label2\" content=\"Est. tempo de leitura\" \/>\n\t<meta name=\"twitter:data2\" content=\"2 minutos\" \/>\n<script type=\"application\/ld+json\" class=\"yoast-schema-graph\">{\"@context\":\"https:\/\/schema.org\",\"@graph\":[{\"@type\":\"WebPage\",\"@id\":\"https:\/\/verdadeon.com.br\/portal\/2025\/02\/03\/rifaina-deve-ganhar-centro-de-visitacao-subaquatica\/\",\"url\":\"https:\/\/verdadeon.com.br\/portal\/2025\/02\/03\/rifaina-deve-ganhar-centro-de-visitacao-subaquatica\/\",\"name\":\"Rifaina deve ganhar Centro de Visita\u00e7\u00e3o Subaqu\u00e1tica - VerdadeOn\",\"isPartOf\":{\"@id\":\"https:\/\/verdadeon.com.br\/portal\/#website\"},\"primaryImageOfPage\":{\"@id\":\"https:\/\/verdadeon.com.br\/portal\/2025\/02\/03\/rifaina-deve-ganhar-centro-de-visitacao-subaquatica\/#primaryimage\"},\"image\":{\"@id\":\"https:\/\/verdadeon.com.br\/portal\/2025\/02\/03\/rifaina-deve-ganhar-centro-de-visitacao-subaquatica\/#primaryimage\"},\"thumbnailUrl\":\"https:\/\/i0.wp.com\/verdadeon.com.br\/portal\/wp-content\/uploads\/2025\/02\/75240284fb9a471e1aa2cd84324a2a34o.jpg?fit=1536%2C1211&ssl=1\",\"datePublished\":\"2025-02-03T11:00:31+00:00\",\"dateModified\":\"2025-02-03T18:57:55+00:00\",\"author\":{\"@id\":\"https:\/\/verdadeon.com.br\/portal\/#\/schema\/person\/a5060ad1e9ea3df545188fc93ce43d2f\"},\"breadcrumb\":{\"@id\":\"https:\/\/verdadeon.com.br\/portal\/2025\/02\/03\/rifaina-deve-ganhar-centro-de-visitacao-subaquatica\/#breadcrumb\"},\"inLanguage\":\"pt-BR\",\"potentialAction\":[{\"@type\":\"ReadAction\",\"target\":[\"https:\/\/verdadeon.com.br\/portal\/2025\/02\/03\/rifaina-deve-ganhar-centro-de-visitacao-subaquatica\/\"]}]},{\"@type\":\"ImageObject\",\"inLanguage\":\"pt-BR\",\"@id\":\"https:\/\/verdadeon.com.br\/portal\/2025\/02\/03\/rifaina-deve-ganhar-centro-de-visitacao-subaquatica\/#primaryimage\",\"url\":\"https:\/\/i0.wp.com\/verdadeon.com.br\/portal\/wp-content\/uploads\/2025\/02\/75240284fb9a471e1aa2cd84324a2a34o.jpg?fit=1536%2C1211&ssl=1\",\"contentUrl\":\"https:\/\/i0.wp.com\/verdadeon.com.br\/portal\/wp-content\/uploads\/2025\/02\/75240284fb9a471e1aa2cd84324a2a34o.jpg?fit=1536%2C1211&ssl=1\",\"width\":1536,\"height\":1211,\"caption\":\"(\u00a9Reprodu\u00e7\u00e3o\/Prefeitura de Rifaina)\"},{\"@type\":\"BreadcrumbList\",\"@id\":\"https:\/\/verdadeon.com.br\/portal\/2025\/02\/03\/rifaina-deve-ganhar-centro-de-visitacao-subaquatica\/#breadcrumb\",\"itemListElement\":[{\"@type\":\"ListItem\",\"position\":1,\"name\":\"In\u00edcio\",\"item\":\"https:\/\/verdadeon.com.br\/portal\/\"},{\"@type\":\"ListItem\",\"position\":2,\"name\":\"Rifaina deve ganhar Centro de Visita\u00e7\u00e3o Subaqu\u00e1tica\"}]},{\"@type\":\"WebSite\",\"@id\":\"https:\/\/verdadeon.com.br\/portal\/#website\",\"url\":\"https:\/\/verdadeon.com.br\/portal\/\",\"name\":\"VerdadeOn\",\"description\":\"Not\u00edcias di\u00e1rias sobre Franca, Regi\u00e3o, Esporte, Cultura, Cotidiano, Colunas. Cobertura nos principais eventos da cidade \u00e9 aqui - Verdadeon Franca\",\"potentialAction\":[{\"@type\":\"SearchAction\",\"target\":{\"@type\":\"EntryPoint\",\"urlTemplate\":\"https:\/\/verdadeon.com.br\/portal\/?s={search_term_string}\"},\"query-input\":{\"@type\":\"PropertyValueSpecification\",\"valueRequired\":true,\"valueName\":\"search_term_string\"}}],\"inLanguage\":\"pt-BR\"},{\"@type\":\"Person\",\"@id\":\"https:\/\/verdadeon.com.br\/portal\/#\/schema\/person\/a5060ad1e9ea3df545188fc93ce43d2f\",\"name\":\"Redacao VerdadeOn\",\"image\":{\"@type\":\"ImageObject\",\"inLanguage\":\"pt-BR\",\"@id\":\"https:\/\/verdadeon.com.br\/portal\/#\/schema\/person\/image\/\",\"url\":\"https:\/\/secure.gravatar.com\/avatar\/459a9613caaaf07f582c3d0841eea68bdd66f533e465e6ba8b9cb45619572cf4?s=96&d=mm&r=g\",\"contentUrl\":\"https:\/\/secure.gravatar.com\/avatar\/459a9613caaaf07f582c3d0841eea68bdd66f533e465e6ba8b9cb45619572cf4?s=96&d=mm&r=g\",\"caption\":\"Redacao VerdadeOn\"},\"url\":\"https:\/\/verdadeon.com.br\/portal\/author\/redacao\/\"}]}<\/script>\n<!-- \/ Yoast SEO plugin. -->","yoast_head_json":{"title":"Rifaina deve ganhar Centro de Visita\u00e7\u00e3o Subaqu\u00e1tica - VerdadeOn","robots":{"index":"index","follow":"follow","max-snippet":"max-snippet:-1","max-image-preview":"max-image-preview:large","max-video-preview":"max-video-preview:-1"},"canonical":"https:\/\/verdadeon.com.br\/portal\/2025\/02\/03\/rifaina-deve-ganhar-centro-de-visitacao-subaquatica\/","og_locale":"pt_BR","og_type":"article","og_title":"Rifaina deve ganhar Centro de Visita\u00e7\u00e3o Subaqu\u00e1tica - VerdadeOn","og_description":"Ideia faz parte do Plano Estadual de Turismo N\u00e1utico, do Governo de S\u00e3o Paulo Renomados por sua rica biodiversidade nas praias de \u00e1gua doce, naufr\u00e1gios e [\u2026]","og_url":"https:\/\/verdadeon.com.br\/portal\/2025\/02\/03\/rifaina-deve-ganhar-centro-de-visitacao-subaquatica\/","og_site_name":"VerdadeOn","article_published_time":"2025-02-03T11:00:31+00:00","article_modified_time":"2025-02-03T18:57:55+00:00","og_image":[{"width":1536,"height":1211,"url":"https:\/\/verdadeon.com.br\/portal\/wp-content\/uploads\/2025\/02\/75240284fb9a471e1aa2cd84324a2a34o.jpg","type":"image\/jpeg"}],"author":"Redacao VerdadeOn","twitter_card":"summary_large_image","twitter_misc":{"Escrito por":"Redacao VerdadeOn","Est. tempo de leitura":"2 minutos"},"schema":{"@context":"https:\/\/schema.org","@graph":[{"@type":"WebPage","@id":"https:\/\/verdadeon.com.br\/portal\/2025\/02\/03\/rifaina-deve-ganhar-centro-de-visitacao-subaquatica\/","url":"https:\/\/verdadeon.com.br\/portal\/2025\/02\/03\/rifaina-deve-ganhar-centro-de-visitacao-subaquatica\/","name":"Rifaina deve ganhar Centro de Visita\u00e7\u00e3o Subaqu\u00e1tica - VerdadeOn","isPartOf":{"@id":"https:\/\/verdadeon.com.br\/portal\/#website"},"primaryImageOfPage":{"@id":"https:\/\/verdadeon.com.br\/portal\/2025\/02\/03\/rifaina-deve-ganhar-centro-de-visitacao-subaquatica\/#primaryimage"},"image":{"@id":"https:\/\/verdadeon.com.br\/portal\/2025\/02\/03\/rifaina-deve-ganhar-centro-de-visitacao-subaquatica\/#primaryimage"},"thumbnailUrl":"https:\/\/i0.wp.com\/verdadeon.com.br\/portal\/wp-content\/uploads\/2025\/02\/75240284fb9a471e1aa2cd84324a2a34o.jpg?fit=1536%2C1211&ssl=1","datePublished":"2025-02-03T11:00:31+00:00","dateModified":"2025-02-03T18:57:55+00:00","author":{"@id":"https:\/\/verdadeon.com.br\/portal\/#\/schema\/person\/a5060ad1e9ea3df545188fc93ce43d2f"},"breadcrumb":{"@id":"https:\/\/verdadeon.com.br\/portal\/2025\/02\/03\/rifaina-deve-ganhar-centro-de-visitacao-subaquatica\/#breadcrumb"},"inLanguage":"pt-BR","potentialAction":[{"@type":"ReadAction","target":["https:\/\/verdadeon.com.br\/portal\/2025\/02\/03\/rifaina-deve-ganhar-centro-de-visitacao-subaquatica\/"]}]},{"@type":"ImageObject","inLanguage":"pt-BR","@id":"https:\/\/verdadeon.com.br\/portal\/2025\/02\/03\/rifaina-deve-ganhar-centro-de-visitacao-subaquatica\/#primaryimage","url":"https:\/\/i0.wp.com\/verdadeon.com.br\/portal\/wp-content\/uploads\/2025\/02\/75240284fb9a471e1aa2cd84324a2a34o.jpg?fit=1536%2C1211&ssl=1","contentUrl":"https:\/\/i0.wp.com\/verdadeon.com.br\/portal\/wp-content\/uploads\/2025\/02\/75240284fb9a471e1aa2cd84324a2a34o.jpg?fit=1536%2C1211&ssl=1","width":1536,"height":1211,"caption":"(\u00a9Reprodu\u00e7\u00e3o\/Prefeitura de Rifaina)"},{"@type":"BreadcrumbList","@id":"https:\/\/verdadeon.com.br\/portal\/2025\/02\/03\/rifaina-deve-ganhar-centro-de-visitacao-subaquatica\/#breadcrumb","itemListElement":[{"@type":"ListItem","position":1,"name":"In\u00edcio","item":"https:\/\/verdadeon.com.br\/portal\/"},{"@type":"ListItem","position":2,"name":"Rifaina deve ganhar Centro de Visita\u00e7\u00e3o Subaqu\u00e1tica"}]},{"@type":"WebSite","@id":"https:\/\/verdadeon.com.br\/portal\/#website","url":"https:\/\/verdadeon.com.br\/portal\/","name":"VerdadeOn","description":"Not\u00edcias di\u00e1rias sobre Franca, Regi\u00e3o, Esporte, Cultura, Cotidiano, Colunas. Cobertura nos principais eventos da cidade \u00e9 aqui - Verdadeon Franca","potentialAction":[{"@type":"SearchAction","target":{"@type":"EntryPoint","urlTemplate":"https:\/\/verdadeon.com.br\/portal\/?s={search_term_string}"},"query-input":{"@type":"PropertyValueSpecification","valueRequired":true,"valueName":"search_term_string"}}],"inLanguage":"pt-BR"},{"@type":"Person","@id":"https:\/\/verdadeon.com.br\/portal\/#\/schema\/person\/a5060ad1e9ea3df545188fc93ce43d2f","name":"Redacao VerdadeOn","image":{"@type":"ImageObject","inLanguage":"pt-BR","@id":"https:\/\/verdadeon.com.br\/portal\/#\/schema\/person\/image\/","url":"https:\/\/secure.gravatar.com\/avatar\/459a9613caaaf07f582c3d0841eea68bdd66f533e465e6ba8b9cb45619572cf4?s=96&d=mm&r=g","contentUrl":"https:\/\/secure.gravatar.com\/avatar\/459a9613caaaf07f582c3d0841eea68bdd66f533e465e6ba8b9cb45619572cf4?s=96&d=mm&r=g","caption":"Redacao VerdadeOn"},"url":"https:\/\/verdadeon.com.br\/portal\/author\/redacao\/"}]}},"jetpack_publicize_connections":[],"jetpack_featured_media_url":"https:\/\/i0.wp.com\/verdadeon.com.br\/portal\/wp-content\/uploads\/2025\/02\/75240284fb9a471e1aa2cd84324a2a34o.jpg?fit=1536%2C1211&ssl=1","jetpack_sharing_enabled":true,"_links":{"self":[{"href":"https:\/\/verdadeon.com.br\/portal\/wp-json\/wp\/v2\/posts\/53582","targetHints":{"allow":["GET"]}}],"collection":[{"href":"https:\/\/verdadeon.com.br\/portal\/wp-json\/wp\/v2\/posts"}],"about":[{"href":"https:\/\/verdadeon.com.br\/portal\/wp-json\/wp\/v2\/types\/post"}],"author":[{"embeddable":true,"href":"https:\/\/verdadeon.com.br\/portal\/wp-json\/wp\/v2\/users\/10"}],"replies":[{"embeddable":true,"href":"https:\/\/verdadeon.com.br\/portal\/wp-json\/wp\/v2\/comments?post=53582"}],"version-history":[{"count":1,"href":"https:\/\/verdadeon.com.br\/portal\/wp-json\/wp\/v2\/posts\/53582\/revisions"}],"predecessor-version":[{"id":53584,"href":"https:\/\/verdadeon.com.br\/portal\/wp-json\/wp\/v2\/posts\/53582\/revisions\/53584"}],"wp:featuredmedia":[{"embeddable":true,"href":"https:\/\/verdadeon.com.br\/portal\/wp-json\/wp\/v2\/media\/53583"}],"wp:attachment":[{"href":"https:\/\/verdadeon.com.br\/portal\/wp-json\/wp\/v2\/media?parent=53582"}],"wp:term":[{"taxonomy":"category","embeddable":true,"href":"https:\/\/verdadeon.com.br\/portal\/wp-json\/wp\/v2\/categories?post=53582"},{"taxonomy":"post_tag","embeddable":true,"href":"https:\/\/verdadeon.com.br\/portal\/wp-json\/wp\/v2\/tags?post=53582"}],"curies":[{"name":"wp","href":"https:\/\/api.w.org\/{rel}","templated":true}]}}