{"id":53579,"date":"2025-02-03T15:52:30","date_gmt":"2025-02-03T18:52:30","guid":{"rendered":"https:\/\/verdadeon.com.br\/portal\/?p=53579"},"modified":"2025-02-03T15:52:30","modified_gmt":"2025-02-03T18:52:30","slug":"franca-furtos-de-veiculos-sobem-46-em-2024-no-comparativo-a-2023","status":"publish","type":"post","link":"https:\/\/verdadeon.com.br\/portal\/2025\/02\/03\/franca-furtos-de-veiculos-sobem-46-em-2024-no-comparativo-a-2023\/","title":{"rendered":"Franca: Furtos de ve\u00edculos sobem 46% em 2024 no comparativo a 2023"},"content":{"rendered":"<h2>Outras formas de furto reduziram quase 20%<\/h2>\n<p style=\"text-align: right;\"><strong><em>Por Pedro Maia<\/em><\/strong><br \/>\n<strong><em>Editor-chefe<\/em><\/strong><\/p>\n<p>No \u00faltimo s\u00e1bado, 1\u00b0 de fevereiro, a SSP-SP (Secretaria de Seguran\u00e7a P\u00fablica do Estado de S\u00e3o Paulo) divulgou os n\u00fameros de ocorr\u00eancias policiais registradas no m\u00eas de dezembro de 2024. Com isso, foi poss\u00edvel contabilizar os n\u00fameros totais durante o ano. Um dos principais t\u00f3picos que chamaram aten\u00e7\u00e3o foi o Furto de Ve\u00edculos, que registraram 543 casos em todo o ano passado, frente aos 372 apontados em 2023, ou seja, um aumento de 45,96%.<\/p>\n<p>Ainda nesta categoria, em 2024, isoladamente, o m\u00eas de dezembro assinalou 60 ocorr\u00eancias, sendo o maior n\u00famero desde janeiro e o segundo aumento consecutivo desde outubro, quando 52 notifica\u00e7\u00f5es foram realizadas.<\/p>\n<p>Outras ocorr\u00eancias de furto reduziram em cerca de 20%: foram contabilizadas 4.944 em 2023 e, no ano seguinte, 3.980.<\/p>\n<p><strong>Veja os n\u00fameros de outros tipos levantados entre os anos de 2023 e 2024:<\/strong><\/p>\n<p>Roubos de Carga ca\u00edram de 5 para 1 (- 400%). Roubos de Ve\u00edculo subiram de 99 para 123 (+ 24,24). O Total de Roubos reduziu de 315 para 279 (- 11,42%).<\/p>\n<p>Total de Estupros apontaram aumento de 7,62%, de 118 para 127.<\/p>\n<p>Les\u00e3o Corporal Dolosa cresceu 12,55%, indo de 996 para 1.121. Les\u00e3o Corporal Culposa por Acidente de Tr\u00e2nsito se elevou em 22,11%, vindo de 796 casos e passando a 972. Outras formas de Les\u00e3o Corporal Culposa subiram 42,85%, de 21 para 30 casos. Les\u00e3o Corporal Seguida de Morte registrou apenas 3 casos, ante 1 em 2023 (- 200%).<\/p>\n<p>Homic\u00eddio Doloso contabilizou 20 casos, com o mesmo n\u00famero de v\u00edtimas. Em 2023, a categoria listou 23 casos, mas o total de envolvidos foram de 25. Homic\u00eddio Culposo por Acidente de tr\u00e2nsito evolu\u00edram de 24 para 28. As Tentativas de Homic\u00eddio regrediram de 32 para 23 (- 28,12%).<\/p>\n","protected":false},"excerpt":{"rendered":"<p>Outras formas de furto reduziram quase 20% Por Pedro Maia Editor-chefe No \u00faltimo s\u00e1bado, 1\u00b0 de fevereiro, a SSP-SP (Secretaria de Seguran\u00e7a P\u00fablica do Estado de<span class=\"excerpt-hellip\"> [\u2026]<\/span><\/p>\n","protected":false},"author":10,"featured_media":53580,"comment_status":"open","ping_status":"open","sticky":false,"template":"","format":"standard","meta":{"_jetpack_memberships_contains_paid_content":false,"footnotes":"","jetpack_publicize_message":"","jetpack_publicize_feature_enabled":true,"jetpack_social_post_already_shared":true,"jetpack_social_options":{"image_generator_settings":{"template":"highway","default_image_id":0,"enabled":false},"version":2}},"categories":[28,81],"tags":[],"class_list":["post-53579","post","type-post","status-publish","format-standard","has-post-thumbnail","hentry","category-cotidiano","category-manchete"],"yoast_head":"<!-- This site is optimized with the Yoast SEO plugin v25.6 - https:\/\/yoast.com\/wordpress\/plugins\/seo\/ -->\n<title>Franca: Furtos de ve\u00edculos sobem 46% em 2024 no comparativo a 2023 - VerdadeOn<\/title>\n<meta name=\"robots\" content=\"index, follow, max-snippet:-1, max-image-preview:large, max-video-preview:-1\" \/>\n<link rel=\"canonical\" href=\"https:\/\/verdadeon.com.br\/portal\/2025\/02\/03\/franca-furtos-de-veiculos-sobem-46-em-2024-no-comparativo-a-2023\/\" \/>\n<meta property=\"og:locale\" content=\"pt_BR\" \/>\n<meta property=\"og:type\" content=\"article\" \/>\n<meta property=\"og:title\" content=\"Franca: Furtos de ve\u00edculos sobem 46% em 2024 no comparativo a 2023 - VerdadeOn\" \/>\n<meta property=\"og:description\" content=\"Outras formas de furto reduziram quase 20% Por Pedro Maia Editor-chefe No \u00faltimo s\u00e1bado, 1\u00b0 de fevereiro, a SSP-SP (Secretaria de Seguran\u00e7a P\u00fablica do Estado de [\u2026]\" \/>\n<meta property=\"og:url\" content=\"https:\/\/verdadeon.com.br\/portal\/2025\/02\/03\/franca-furtos-de-veiculos-sobem-46-em-2024-no-comparativo-a-2023\/\" \/>\n<meta property=\"og:site_name\" content=\"VerdadeOn\" \/>\n<meta property=\"article:published_time\" content=\"2025-02-03T18:52:30+00:00\" \/>\n<meta property=\"og:image\" content=\"https:\/\/verdadeon.com.br\/portal\/wp-content\/uploads\/2025\/02\/close-up-portrait-male-hand-car-handle-outdoors-scaled.jpg\" \/>\n\t<meta property=\"og:image:width\" content=\"2560\" \/>\n\t<meta property=\"og:image:height\" content=\"1715\" \/>\n\t<meta property=\"og:image:type\" content=\"image\/jpeg\" \/>\n<meta name=\"author\" content=\"Redacao VerdadeOn\" \/>\n<meta name=\"twitter:card\" content=\"summary_large_image\" \/>\n<meta name=\"twitter:label1\" content=\"Escrito por\" \/>\n\t<meta name=\"twitter:data1\" content=\"Redacao VerdadeOn\" \/>\n\t<meta name=\"twitter:label2\" content=\"Est. tempo de leitura\" \/>\n\t<meta name=\"twitter:data2\" content=\"2 minutos\" \/>\n<script type=\"application\/ld+json\" class=\"yoast-schema-graph\">{\"@context\":\"https:\/\/schema.org\",\"@graph\":[{\"@type\":\"WebPage\",\"@id\":\"https:\/\/verdadeon.com.br\/portal\/2025\/02\/03\/franca-furtos-de-veiculos-sobem-46-em-2024-no-comparativo-a-2023\/\",\"url\":\"https:\/\/verdadeon.com.br\/portal\/2025\/02\/03\/franca-furtos-de-veiculos-sobem-46-em-2024-no-comparativo-a-2023\/\",\"name\":\"Franca: Furtos de ve\u00edculos sobem 46% em 2024 no comparativo a 2023 - VerdadeOn\",\"isPartOf\":{\"@id\":\"https:\/\/verdadeon.com.br\/portal\/#website\"},\"primaryImageOfPage\":{\"@id\":\"https:\/\/verdadeon.com.br\/portal\/2025\/02\/03\/franca-furtos-de-veiculos-sobem-46-em-2024-no-comparativo-a-2023\/#primaryimage\"},\"image\":{\"@id\":\"https:\/\/verdadeon.com.br\/portal\/2025\/02\/03\/franca-furtos-de-veiculos-sobem-46-em-2024-no-comparativo-a-2023\/#primaryimage\"},\"thumbnailUrl\":\"https:\/\/i0.wp.com\/verdadeon.com.br\/portal\/wp-content\/uploads\/2025\/02\/close-up-portrait-male-hand-car-handle-outdoors-scaled.jpg?fit=2560%2C1715&ssl=1\",\"datePublished\":\"2025-02-03T18:52:30+00:00\",\"author\":{\"@id\":\"https:\/\/verdadeon.com.br\/portal\/#\/schema\/person\/a5060ad1e9ea3df545188fc93ce43d2f\"},\"breadcrumb\":{\"@id\":\"https:\/\/verdadeon.com.br\/portal\/2025\/02\/03\/franca-furtos-de-veiculos-sobem-46-em-2024-no-comparativo-a-2023\/#breadcrumb\"},\"inLanguage\":\"pt-BR\",\"potentialAction\":[{\"@type\":\"ReadAction\",\"target\":[\"https:\/\/verdadeon.com.br\/portal\/2025\/02\/03\/franca-furtos-de-veiculos-sobem-46-em-2024-no-comparativo-a-2023\/\"]}]},{\"@type\":\"ImageObject\",\"inLanguage\":\"pt-BR\",\"@id\":\"https:\/\/verdadeon.com.br\/portal\/2025\/02\/03\/franca-furtos-de-veiculos-sobem-46-em-2024-no-comparativo-a-2023\/#primaryimage\",\"url\":\"https:\/\/i0.wp.com\/verdadeon.com.br\/portal\/wp-content\/uploads\/2025\/02\/close-up-portrait-male-hand-car-handle-outdoors-scaled.jpg?fit=2560%2C1715&ssl=1\",\"contentUrl\":\"https:\/\/i0.wp.com\/verdadeon.com.br\/portal\/wp-content\/uploads\/2025\/02\/close-up-portrait-male-hand-car-handle-outdoors-scaled.jpg?fit=2560%2C1715&ssl=1\",\"width\":2560,\"height\":1715,\"caption\":\"Roubos de ve\u00edculo tamb\u00e9m subiram em 2024 (\u00a9Freepik)\"},{\"@type\":\"BreadcrumbList\",\"@id\":\"https:\/\/verdadeon.com.br\/portal\/2025\/02\/03\/franca-furtos-de-veiculos-sobem-46-em-2024-no-comparativo-a-2023\/#breadcrumb\",\"itemListElement\":[{\"@type\":\"ListItem\",\"position\":1,\"name\":\"In\u00edcio\",\"item\":\"https:\/\/verdadeon.com.br\/portal\/\"},{\"@type\":\"ListItem\",\"position\":2,\"name\":\"Franca: Furtos de ve\u00edculos sobem 46% em 2024 no comparativo a 2023\"}]},{\"@type\":\"WebSite\",\"@id\":\"https:\/\/verdadeon.com.br\/portal\/#website\",\"url\":\"https:\/\/verdadeon.com.br\/portal\/\",\"name\":\"VerdadeOn\",\"description\":\"Not\u00edcias di\u00e1rias sobre Franca, Regi\u00e3o, Esporte, Cultura, Cotidiano, Colunas. Cobertura nos principais eventos da cidade \u00e9 aqui - Verdadeon Franca\",\"potentialAction\":[{\"@type\":\"SearchAction\",\"target\":{\"@type\":\"EntryPoint\",\"urlTemplate\":\"https:\/\/verdadeon.com.br\/portal\/?s={search_term_string}\"},\"query-input\":{\"@type\":\"PropertyValueSpecification\",\"valueRequired\":true,\"valueName\":\"search_term_string\"}}],\"inLanguage\":\"pt-BR\"},{\"@type\":\"Person\",\"@id\":\"https:\/\/verdadeon.com.br\/portal\/#\/schema\/person\/a5060ad1e9ea3df545188fc93ce43d2f\",\"name\":\"Redacao VerdadeOn\",\"image\":{\"@type\":\"ImageObject\",\"inLanguage\":\"pt-BR\",\"@id\":\"https:\/\/verdadeon.com.br\/portal\/#\/schema\/person\/image\/\",\"url\":\"https:\/\/secure.gravatar.com\/avatar\/459a9613caaaf07f582c3d0841eea68bdd66f533e465e6ba8b9cb45619572cf4?s=96&d=mm&r=g\",\"contentUrl\":\"https:\/\/secure.gravatar.com\/avatar\/459a9613caaaf07f582c3d0841eea68bdd66f533e465e6ba8b9cb45619572cf4?s=96&d=mm&r=g\",\"caption\":\"Redacao VerdadeOn\"},\"url\":\"https:\/\/verdadeon.com.br\/portal\/author\/redacao\/\"}]}<\/script>\n<!-- \/ Yoast SEO plugin. -->","yoast_head_json":{"title":"Franca: Furtos de ve\u00edculos sobem 46% em 2024 no comparativo a 2023 - VerdadeOn","robots":{"index":"index","follow":"follow","max-snippet":"max-snippet:-1","max-image-preview":"max-image-preview:large","max-video-preview":"max-video-preview:-1"},"canonical":"https:\/\/verdadeon.com.br\/portal\/2025\/02\/03\/franca-furtos-de-veiculos-sobem-46-em-2024-no-comparativo-a-2023\/","og_locale":"pt_BR","og_type":"article","og_title":"Franca: Furtos de ve\u00edculos sobem 46% em 2024 no comparativo a 2023 - VerdadeOn","og_description":"Outras formas de furto reduziram quase 20% Por Pedro Maia Editor-chefe No \u00faltimo s\u00e1bado, 1\u00b0 de fevereiro, a SSP-SP (Secretaria de Seguran\u00e7a P\u00fablica do Estado de [\u2026]","og_url":"https:\/\/verdadeon.com.br\/portal\/2025\/02\/03\/franca-furtos-de-veiculos-sobem-46-em-2024-no-comparativo-a-2023\/","og_site_name":"VerdadeOn","article_published_time":"2025-02-03T18:52:30+00:00","og_image":[{"width":2560,"height":1715,"url":"https:\/\/verdadeon.com.br\/portal\/wp-content\/uploads\/2025\/02\/close-up-portrait-male-hand-car-handle-outdoors-scaled.jpg","type":"image\/jpeg"}],"author":"Redacao VerdadeOn","twitter_card":"summary_large_image","twitter_misc":{"Escrito por":"Redacao VerdadeOn","Est. tempo de leitura":"2 minutos"},"schema":{"@context":"https:\/\/schema.org","@graph":[{"@type":"WebPage","@id":"https:\/\/verdadeon.com.br\/portal\/2025\/02\/03\/franca-furtos-de-veiculos-sobem-46-em-2024-no-comparativo-a-2023\/","url":"https:\/\/verdadeon.com.br\/portal\/2025\/02\/03\/franca-furtos-de-veiculos-sobem-46-em-2024-no-comparativo-a-2023\/","name":"Franca: Furtos de ve\u00edculos sobem 46% em 2024 no comparativo a 2023 - VerdadeOn","isPartOf":{"@id":"https:\/\/verdadeon.com.br\/portal\/#website"},"primaryImageOfPage":{"@id":"https:\/\/verdadeon.com.br\/portal\/2025\/02\/03\/franca-furtos-de-veiculos-sobem-46-em-2024-no-comparativo-a-2023\/#primaryimage"},"image":{"@id":"https:\/\/verdadeon.com.br\/portal\/2025\/02\/03\/franca-furtos-de-veiculos-sobem-46-em-2024-no-comparativo-a-2023\/#primaryimage"},"thumbnailUrl":"https:\/\/i0.wp.com\/verdadeon.com.br\/portal\/wp-content\/uploads\/2025\/02\/close-up-portrait-male-hand-car-handle-outdoors-scaled.jpg?fit=2560%2C1715&ssl=1","datePublished":"2025-02-03T18:52:30+00:00","author":{"@id":"https:\/\/verdadeon.com.br\/portal\/#\/schema\/person\/a5060ad1e9ea3df545188fc93ce43d2f"},"breadcrumb":{"@id":"https:\/\/verdadeon.com.br\/portal\/2025\/02\/03\/franca-furtos-de-veiculos-sobem-46-em-2024-no-comparativo-a-2023\/#breadcrumb"},"inLanguage":"pt-BR","potentialAction":[{"@type":"ReadAction","target":["https:\/\/verdadeon.com.br\/portal\/2025\/02\/03\/franca-furtos-de-veiculos-sobem-46-em-2024-no-comparativo-a-2023\/"]}]},{"@type":"ImageObject","inLanguage":"pt-BR","@id":"https:\/\/verdadeon.com.br\/portal\/2025\/02\/03\/franca-furtos-de-veiculos-sobem-46-em-2024-no-comparativo-a-2023\/#primaryimage","url":"https:\/\/i0.wp.com\/verdadeon.com.br\/portal\/wp-content\/uploads\/2025\/02\/close-up-portrait-male-hand-car-handle-outdoors-scaled.jpg?fit=2560%2C1715&ssl=1","contentUrl":"https:\/\/i0.wp.com\/verdadeon.com.br\/portal\/wp-content\/uploads\/2025\/02\/close-up-portrait-male-hand-car-handle-outdoors-scaled.jpg?fit=2560%2C1715&ssl=1","width":2560,"height":1715,"caption":"Roubos de ve\u00edculo tamb\u00e9m subiram em 2024 (\u00a9Freepik)"},{"@type":"BreadcrumbList","@id":"https:\/\/verdadeon.com.br\/portal\/2025\/02\/03\/franca-furtos-de-veiculos-sobem-46-em-2024-no-comparativo-a-2023\/#breadcrumb","itemListElement":[{"@type":"ListItem","position":1,"name":"In\u00edcio","item":"https:\/\/verdadeon.com.br\/portal\/"},{"@type":"ListItem","position":2,"name":"Franca: Furtos de ve\u00edculos sobem 46% em 2024 no comparativo a 2023"}]},{"@type":"WebSite","@id":"https:\/\/verdadeon.com.br\/portal\/#website","url":"https:\/\/verdadeon.com.br\/portal\/","name":"VerdadeOn","description":"Not\u00edcias di\u00e1rias sobre Franca, Regi\u00e3o, Esporte, Cultura, Cotidiano, Colunas. Cobertura nos principais eventos da cidade \u00e9 aqui - Verdadeon Franca","potentialAction":[{"@type":"SearchAction","target":{"@type":"EntryPoint","urlTemplate":"https:\/\/verdadeon.com.br\/portal\/?s={search_term_string}"},"query-input":{"@type":"PropertyValueSpecification","valueRequired":true,"valueName":"search_term_string"}}],"inLanguage":"pt-BR"},{"@type":"Person","@id":"https:\/\/verdadeon.com.br\/portal\/#\/schema\/person\/a5060ad1e9ea3df545188fc93ce43d2f","name":"Redacao VerdadeOn","image":{"@type":"ImageObject","inLanguage":"pt-BR","@id":"https:\/\/verdadeon.com.br\/portal\/#\/schema\/person\/image\/","url":"https:\/\/secure.gravatar.com\/avatar\/459a9613caaaf07f582c3d0841eea68bdd66f533e465e6ba8b9cb45619572cf4?s=96&d=mm&r=g","contentUrl":"https:\/\/secure.gravatar.com\/avatar\/459a9613caaaf07f582c3d0841eea68bdd66f533e465e6ba8b9cb45619572cf4?s=96&d=mm&r=g","caption":"Redacao VerdadeOn"},"url":"https:\/\/verdadeon.com.br\/portal\/author\/redacao\/"}]}},"jetpack_publicize_connections":[],"jetpack_featured_media_url":"https:\/\/i0.wp.com\/verdadeon.com.br\/portal\/wp-content\/uploads\/2025\/02\/close-up-portrait-male-hand-car-handle-outdoors-scaled.jpg?fit=2560%2C1715&ssl=1","jetpack_sharing_enabled":true,"_links":{"self":[{"href":"https:\/\/verdadeon.com.br\/portal\/wp-json\/wp\/v2\/posts\/53579","targetHints":{"allow":["GET"]}}],"collection":[{"href":"https:\/\/verdadeon.com.br\/portal\/wp-json\/wp\/v2\/posts"}],"about":[{"href":"https:\/\/verdadeon.com.br\/portal\/wp-json\/wp\/v2\/types\/post"}],"author":[{"embeddable":true,"href":"https:\/\/verdadeon.com.br\/portal\/wp-json\/wp\/v2\/users\/10"}],"replies":[{"embeddable":true,"href":"https:\/\/verdadeon.com.br\/portal\/wp-json\/wp\/v2\/comments?post=53579"}],"version-history":[{"count":1,"href":"https:\/\/verdadeon.com.br\/portal\/wp-json\/wp\/v2\/posts\/53579\/revisions"}],"predecessor-version":[{"id":53581,"href":"https:\/\/verdadeon.com.br\/portal\/wp-json\/wp\/v2\/posts\/53579\/revisions\/53581"}],"wp:featuredmedia":[{"embeddable":true,"href":"https:\/\/verdadeon.com.br\/portal\/wp-json\/wp\/v2\/media\/53580"}],"wp:attachment":[{"href":"https:\/\/verdadeon.com.br\/portal\/wp-json\/wp\/v2\/media?parent=53579"}],"wp:term":[{"taxonomy":"category","embeddable":true,"href":"https:\/\/verdadeon.com.br\/portal\/wp-json\/wp\/v2\/categories?post=53579"},{"taxonomy":"post_tag","embeddable":true,"href":"https:\/\/verdadeon.com.br\/portal\/wp-json\/wp\/v2\/tags?post=53579"}],"curies":[{"name":"wp","href":"https:\/\/api.w.org\/{rel}","templated":true}]}}