{"id":53554,"date":"2025-02-01T20:01:03","date_gmt":"2025-02-01T23:01:03","guid":{"rendered":"https:\/\/verdadeon.com.br\/portal\/?p=53554"},"modified":"2025-02-01T20:01:03","modified_gmt":"2025-02-01T23:01:03","slug":"verdadepets-o-papel-fundamental-dos-agentes-de-defesa-ambiental-na-protecao-dos-animais-e-do-meio-ambiente","status":"publish","type":"post","link":"https:\/\/verdadeon.com.br\/portal\/2025\/02\/01\/verdadepets-o-papel-fundamental-dos-agentes-de-defesa-ambiental-na-protecao-dos-animais-e-do-meio-ambiente\/","title":{"rendered":"(VerdadePets) O Papel Fundamental dos Agentes de Defesa Ambiental na Prote\u00e7\u00e3o dos Animais e do Meio Ambiente"},"content":{"rendered":"<p style=\"text-align: right;\"><em><strong>Por Maysa Kaluf<\/strong><\/em><\/p>\n<p>No dia 6 de fevereiro, celebramos o Dia Nacional do Agente de Defesa Ambiental, uma data que nos convida a refletir sobre a import\u00e2ncia desses profissionais para a preserva\u00e7\u00e3o do meio ambiente e da vida animal. Em um pa\u00eds de rica biodiversidade como o Brasil, a atua\u00e7\u00e3o desses agentes se mostra essencial n\u00e3o apenas para a conserva\u00e7\u00e3o dos ecossistemas, mas tamb\u00e9m para a prote\u00e7\u00e3o dos animais silvestres e dom\u00e9sticos.<\/p>\n<p>Os agentes de defesa ambiental trabalham incansavelmente na fiscaliza\u00e7\u00e3o de crimes ambientais, no combate ao desmatamento, na preserva\u00e7\u00e3o de \u00e1reas de prote\u00e7\u00e3o e na conscientiza\u00e7\u00e3o da sociedade sobre a necessidade de pr\u00e1ticas sustent\u00e1veis. Al\u00e9m disso, sua atua\u00e7\u00e3o \u00e9 fundamental no resgate de animais v\u00edtimas de inc\u00eandios florestais, atropelamentos, tr\u00e1fico ilegal e maus-tratos \u2013 problemas recorrentes que exigem medidas urgentes e eficazes.<\/p>\n<p>Nos \u00faltimos anos, temos visto um aumento da viol\u00eancia contra a fauna, seja por meio da ca\u00e7a predat\u00f3ria, da destrui\u00e7\u00e3o de habitats naturais ou do tr\u00e1fico de animais silvestres, que movimenta bilh\u00f5es de d\u00f3lares anualmente e amea\u00e7a diversas esp\u00e9cies com a extin\u00e7\u00e3o. Nesse contexto, os agentes ambientais desempenham um papel crucial na fiscaliza\u00e7\u00e3o e no combate a essas pr\u00e1ticas criminosas, muitas vezes arriscando suas pr\u00f3prias vidas para proteger a natureza.<\/p>\n<p>A rela\u00e7\u00e3o entre meio ambiente e bem-estar animal \u00e9 indissoci\u00e1vel. Quando um bioma \u00e9 destru\u00eddo, os primeiros a sofrer s\u00e3o os animais, que perdem seu lar, sua fonte de alimento e, muitas vezes, suas vidas. Por isso, \u00e9 fundamental que pol\u00edticas p\u00fablicas garantam melhores condi\u00e7\u00f5es de trabalho para os agentes ambientais, com investimentos em capacita\u00e7\u00e3o, estrutura e equipamentos adequados para a realiza\u00e7\u00e3o de suas fun\u00e7\u00f5es.<\/p>\n<p>Al\u00e9m da atua\u00e7\u00e3o fiscalizat\u00f3ria, a educa\u00e7\u00e3o ambiental \u00e9 um dos pilares do trabalho desses profissionais. Sem a conscientiza\u00e7\u00e3o da popula\u00e7\u00e3o, nenhuma pol\u00edtica ambiental ser\u00e1 plenamente eficaz. Programas educativos que incentivam o respeito aos animais e ao meio ambiente s\u00e3o essenciais para criar uma sociedade mais emp\u00e1tica e respons\u00e1vel.<\/p>\n<p>O Dia do Agente de Defesa Ambiental deve ser mais do que uma data comemorativa; deve ser um momento de reconhecimento e valoriza\u00e7\u00e3o desses profissionais. \u00c9 preciso garantir que tenham o respaldo necess\u00e1rio para exercer seu trabalho com seguran\u00e7a e efici\u00eancia. E, acima de tudo, \u00e9 necess\u00e1rio que cada um de n\u00f3s, como cidad\u00e3os, fa\u00e7a a sua parte na prote\u00e7\u00e3o do meio ambiente, denunciando crimes ambientais e adotando pr\u00e1ticas sustent\u00e1veis no dia a dia.<\/p>\n<p>Proteger os agentes ambientais \u00e9 proteger a fauna, a flora e o futuro das pr\u00f3ximas gera\u00e7\u00f5es. Que essa data sirva como um chamado para que todos se unam em defesa da vida e do planeta.<\/p>\n<p>Na pessoa do Comandante Capit\u00e3o Deivid Gabriel, nossa homenagem e agradecimento pelos servi\u00e7os prestados \u00e0 todos agentes da Pol\u00edcia Ambiental de Franca e tamb\u00e9m aoPromotor de Justi\u00e7a do meio ambiente Dr. Paulo C\u00e9sar Corr\u00eaa Borges.<\/p>\n","protected":false},"excerpt":{"rendered":"<p>Por Maysa Kaluf No dia 6 de fevereiro, celebramos o Dia Nacional do Agente de Defesa Ambiental, uma data que nos convida a refletir sobre a<span class=\"excerpt-hellip\"> [\u2026]<\/span><\/p>\n","protected":false},"author":10,"featured_media":53555,"comment_status":"open","ping_status":"open","sticky":false,"template":"","format":"standard","meta":{"_jetpack_memberships_contains_paid_content":false,"footnotes":"","jetpack_publicize_message":"","jetpack_publicize_feature_enabled":true,"jetpack_social_post_already_shared":true,"jetpack_social_options":{"image_generator_settings":{"template":"highway","default_image_id":0,"enabled":false},"version":2}},"categories":[28,44],"tags":[],"class_list":["post-53554","post","type-post","status-publish","format-standard","has-post-thumbnail","hentry","category-cotidiano","category-noticias"],"yoast_head":"<!-- This site is optimized with the Yoast SEO plugin v25.6 - https:\/\/yoast.com\/wordpress\/plugins\/seo\/ -->\n<title>(VerdadePets) O Papel Fundamental dos Agentes de Defesa Ambiental na Prote\u00e7\u00e3o dos Animais e do Meio Ambiente - VerdadeOn<\/title>\n<meta name=\"robots\" content=\"index, follow, max-snippet:-1, max-image-preview:large, max-video-preview:-1\" \/>\n<link rel=\"canonical\" href=\"https:\/\/verdadeon.com.br\/portal\/2025\/02\/01\/verdadepets-o-papel-fundamental-dos-agentes-de-defesa-ambiental-na-protecao-dos-animais-e-do-meio-ambiente\/\" \/>\n<meta property=\"og:locale\" content=\"pt_BR\" \/>\n<meta property=\"og:type\" content=\"article\" \/>\n<meta property=\"og:title\" content=\"(VerdadePets) O Papel Fundamental dos Agentes de Defesa Ambiental na Prote\u00e7\u00e3o dos Animais e do Meio Ambiente - VerdadeOn\" \/>\n<meta property=\"og:description\" content=\"Por Maysa Kaluf No dia 6 de fevereiro, celebramos o Dia Nacional do Agente de Defesa Ambiental, uma data que nos convida a refletir sobre a [\u2026]\" \/>\n<meta property=\"og:url\" content=\"https:\/\/verdadeon.com.br\/portal\/2025\/02\/01\/verdadepets-o-papel-fundamental-dos-agentes-de-defesa-ambiental-na-protecao-dos-animais-e-do-meio-ambiente\/\" \/>\n<meta property=\"og:site_name\" content=\"VerdadeOn\" \/>\n<meta property=\"article:published_time\" content=\"2025-02-01T23:01:03+00:00\" \/>\n<meta property=\"og:image\" content=\"https:\/\/verdadeon.com.br\/portal\/wp-content\/uploads\/2025\/02\/woman-hugging-cute-rescue-dog-scaled.jpg\" \/>\n\t<meta property=\"og:image:width\" content=\"2560\" \/>\n\t<meta property=\"og:image:height\" content=\"1715\" \/>\n\t<meta property=\"og:image:type\" content=\"image\/jpeg\" \/>\n<meta name=\"author\" content=\"Redacao VerdadeOn\" \/>\n<meta name=\"twitter:card\" content=\"summary_large_image\" \/>\n<meta name=\"twitter:label1\" content=\"Escrito por\" \/>\n\t<meta name=\"twitter:data1\" content=\"Redacao VerdadeOn\" \/>\n\t<meta name=\"twitter:label2\" content=\"Est. tempo de leitura\" \/>\n\t<meta name=\"twitter:data2\" content=\"3 minutos\" \/>\n<script type=\"application\/ld+json\" class=\"yoast-schema-graph\">{\"@context\":\"https:\/\/schema.org\",\"@graph\":[{\"@type\":\"WebPage\",\"@id\":\"https:\/\/verdadeon.com.br\/portal\/2025\/02\/01\/verdadepets-o-papel-fundamental-dos-agentes-de-defesa-ambiental-na-protecao-dos-animais-e-do-meio-ambiente\/\",\"url\":\"https:\/\/verdadeon.com.br\/portal\/2025\/02\/01\/verdadepets-o-papel-fundamental-dos-agentes-de-defesa-ambiental-na-protecao-dos-animais-e-do-meio-ambiente\/\",\"name\":\"(VerdadePets) O Papel Fundamental dos Agentes de Defesa Ambiental na Prote\u00e7\u00e3o dos Animais e do Meio Ambiente - VerdadeOn\",\"isPartOf\":{\"@id\":\"https:\/\/verdadeon.com.br\/portal\/#website\"},\"primaryImageOfPage\":{\"@id\":\"https:\/\/verdadeon.com.br\/portal\/2025\/02\/01\/verdadepets-o-papel-fundamental-dos-agentes-de-defesa-ambiental-na-protecao-dos-animais-e-do-meio-ambiente\/#primaryimage\"},\"image\":{\"@id\":\"https:\/\/verdadeon.com.br\/portal\/2025\/02\/01\/verdadepets-o-papel-fundamental-dos-agentes-de-defesa-ambiental-na-protecao-dos-animais-e-do-meio-ambiente\/#primaryimage\"},\"thumbnailUrl\":\"https:\/\/i0.wp.com\/verdadeon.com.br\/portal\/wp-content\/uploads\/2025\/02\/woman-hugging-cute-rescue-dog-scaled.jpg?fit=2560%2C1715&ssl=1\",\"datePublished\":\"2025-02-01T23:01:03+00:00\",\"author\":{\"@id\":\"https:\/\/verdadeon.com.br\/portal\/#\/schema\/person\/a5060ad1e9ea3df545188fc93ce43d2f\"},\"breadcrumb\":{\"@id\":\"https:\/\/verdadeon.com.br\/portal\/2025\/02\/01\/verdadepets-o-papel-fundamental-dos-agentes-de-defesa-ambiental-na-protecao-dos-animais-e-do-meio-ambiente\/#breadcrumb\"},\"inLanguage\":\"pt-BR\",\"potentialAction\":[{\"@type\":\"ReadAction\",\"target\":[\"https:\/\/verdadeon.com.br\/portal\/2025\/02\/01\/verdadepets-o-papel-fundamental-dos-agentes-de-defesa-ambiental-na-protecao-dos-animais-e-do-meio-ambiente\/\"]}]},{\"@type\":\"ImageObject\",\"inLanguage\":\"pt-BR\",\"@id\":\"https:\/\/verdadeon.com.br\/portal\/2025\/02\/01\/verdadepets-o-papel-fundamental-dos-agentes-de-defesa-ambiental-na-protecao-dos-animais-e-do-meio-ambiente\/#primaryimage\",\"url\":\"https:\/\/i0.wp.com\/verdadeon.com.br\/portal\/wp-content\/uploads\/2025\/02\/woman-hugging-cute-rescue-dog-scaled.jpg?fit=2560%2C1715&ssl=1\",\"contentUrl\":\"https:\/\/i0.wp.com\/verdadeon.com.br\/portal\/wp-content\/uploads\/2025\/02\/woman-hugging-cute-rescue-dog-scaled.jpg?fit=2560%2C1715&ssl=1\",\"width\":2560,\"height\":1715,\"caption\":\"(\u00a9Freepik)\"},{\"@type\":\"BreadcrumbList\",\"@id\":\"https:\/\/verdadeon.com.br\/portal\/2025\/02\/01\/verdadepets-o-papel-fundamental-dos-agentes-de-defesa-ambiental-na-protecao-dos-animais-e-do-meio-ambiente\/#breadcrumb\",\"itemListElement\":[{\"@type\":\"ListItem\",\"position\":1,\"name\":\"In\u00edcio\",\"item\":\"https:\/\/verdadeon.com.br\/portal\/\"},{\"@type\":\"ListItem\",\"position\":2,\"name\":\"(VerdadePets) O Papel Fundamental dos Agentes de Defesa Ambiental na Prote\u00e7\u00e3o dos Animais e do Meio Ambiente\"}]},{\"@type\":\"WebSite\",\"@id\":\"https:\/\/verdadeon.com.br\/portal\/#website\",\"url\":\"https:\/\/verdadeon.com.br\/portal\/\",\"name\":\"VerdadeOn\",\"description\":\"Not\u00edcias di\u00e1rias sobre Franca, Regi\u00e3o, Esporte, Cultura, Cotidiano, Colunas. Cobertura nos principais eventos da cidade \u00e9 aqui - Verdadeon Franca\",\"potentialAction\":[{\"@type\":\"SearchAction\",\"target\":{\"@type\":\"EntryPoint\",\"urlTemplate\":\"https:\/\/verdadeon.com.br\/portal\/?s={search_term_string}\"},\"query-input\":{\"@type\":\"PropertyValueSpecification\",\"valueRequired\":true,\"valueName\":\"search_term_string\"}}],\"inLanguage\":\"pt-BR\"},{\"@type\":\"Person\",\"@id\":\"https:\/\/verdadeon.com.br\/portal\/#\/schema\/person\/a5060ad1e9ea3df545188fc93ce43d2f\",\"name\":\"Redacao VerdadeOn\",\"image\":{\"@type\":\"ImageObject\",\"inLanguage\":\"pt-BR\",\"@id\":\"https:\/\/verdadeon.com.br\/portal\/#\/schema\/person\/image\/\",\"url\":\"https:\/\/secure.gravatar.com\/avatar\/459a9613caaaf07f582c3d0841eea68bdd66f533e465e6ba8b9cb45619572cf4?s=96&d=mm&r=g\",\"contentUrl\":\"https:\/\/secure.gravatar.com\/avatar\/459a9613caaaf07f582c3d0841eea68bdd66f533e465e6ba8b9cb45619572cf4?s=96&d=mm&r=g\",\"caption\":\"Redacao VerdadeOn\"},\"url\":\"https:\/\/verdadeon.com.br\/portal\/author\/redacao\/\"}]}<\/script>\n<!-- \/ Yoast SEO plugin. -->","yoast_head_json":{"title":"(VerdadePets) O Papel Fundamental dos Agentes de Defesa Ambiental na Prote\u00e7\u00e3o dos Animais e do Meio Ambiente - VerdadeOn","robots":{"index":"index","follow":"follow","max-snippet":"max-snippet:-1","max-image-preview":"max-image-preview:large","max-video-preview":"max-video-preview:-1"},"canonical":"https:\/\/verdadeon.com.br\/portal\/2025\/02\/01\/verdadepets-o-papel-fundamental-dos-agentes-de-defesa-ambiental-na-protecao-dos-animais-e-do-meio-ambiente\/","og_locale":"pt_BR","og_type":"article","og_title":"(VerdadePets) O Papel Fundamental dos Agentes de Defesa Ambiental na Prote\u00e7\u00e3o dos Animais e do Meio Ambiente - VerdadeOn","og_description":"Por Maysa Kaluf No dia 6 de fevereiro, celebramos o Dia Nacional do Agente de Defesa Ambiental, uma data que nos convida a refletir sobre a [\u2026]","og_url":"https:\/\/verdadeon.com.br\/portal\/2025\/02\/01\/verdadepets-o-papel-fundamental-dos-agentes-de-defesa-ambiental-na-protecao-dos-animais-e-do-meio-ambiente\/","og_site_name":"VerdadeOn","article_published_time":"2025-02-01T23:01:03+00:00","og_image":[{"width":2560,"height":1715,"url":"https:\/\/verdadeon.com.br\/portal\/wp-content\/uploads\/2025\/02\/woman-hugging-cute-rescue-dog-scaled.jpg","type":"image\/jpeg"}],"author":"Redacao VerdadeOn","twitter_card":"summary_large_image","twitter_misc":{"Escrito por":"Redacao VerdadeOn","Est. tempo de leitura":"3 minutos"},"schema":{"@context":"https:\/\/schema.org","@graph":[{"@type":"WebPage","@id":"https:\/\/verdadeon.com.br\/portal\/2025\/02\/01\/verdadepets-o-papel-fundamental-dos-agentes-de-defesa-ambiental-na-protecao-dos-animais-e-do-meio-ambiente\/","url":"https:\/\/verdadeon.com.br\/portal\/2025\/02\/01\/verdadepets-o-papel-fundamental-dos-agentes-de-defesa-ambiental-na-protecao-dos-animais-e-do-meio-ambiente\/","name":"(VerdadePets) O Papel Fundamental dos Agentes de Defesa Ambiental na Prote\u00e7\u00e3o dos Animais e do Meio Ambiente - VerdadeOn","isPartOf":{"@id":"https:\/\/verdadeon.com.br\/portal\/#website"},"primaryImageOfPage":{"@id":"https:\/\/verdadeon.com.br\/portal\/2025\/02\/01\/verdadepets-o-papel-fundamental-dos-agentes-de-defesa-ambiental-na-protecao-dos-animais-e-do-meio-ambiente\/#primaryimage"},"image":{"@id":"https:\/\/verdadeon.com.br\/portal\/2025\/02\/01\/verdadepets-o-papel-fundamental-dos-agentes-de-defesa-ambiental-na-protecao-dos-animais-e-do-meio-ambiente\/#primaryimage"},"thumbnailUrl":"https:\/\/i0.wp.com\/verdadeon.com.br\/portal\/wp-content\/uploads\/2025\/02\/woman-hugging-cute-rescue-dog-scaled.jpg?fit=2560%2C1715&ssl=1","datePublished":"2025-02-01T23:01:03+00:00","author":{"@id":"https:\/\/verdadeon.com.br\/portal\/#\/schema\/person\/a5060ad1e9ea3df545188fc93ce43d2f"},"breadcrumb":{"@id":"https:\/\/verdadeon.com.br\/portal\/2025\/02\/01\/verdadepets-o-papel-fundamental-dos-agentes-de-defesa-ambiental-na-protecao-dos-animais-e-do-meio-ambiente\/#breadcrumb"},"inLanguage":"pt-BR","potentialAction":[{"@type":"ReadAction","target":["https:\/\/verdadeon.com.br\/portal\/2025\/02\/01\/verdadepets-o-papel-fundamental-dos-agentes-de-defesa-ambiental-na-protecao-dos-animais-e-do-meio-ambiente\/"]}]},{"@type":"ImageObject","inLanguage":"pt-BR","@id":"https:\/\/verdadeon.com.br\/portal\/2025\/02\/01\/verdadepets-o-papel-fundamental-dos-agentes-de-defesa-ambiental-na-protecao-dos-animais-e-do-meio-ambiente\/#primaryimage","url":"https:\/\/i0.wp.com\/verdadeon.com.br\/portal\/wp-content\/uploads\/2025\/02\/woman-hugging-cute-rescue-dog-scaled.jpg?fit=2560%2C1715&ssl=1","contentUrl":"https:\/\/i0.wp.com\/verdadeon.com.br\/portal\/wp-content\/uploads\/2025\/02\/woman-hugging-cute-rescue-dog-scaled.jpg?fit=2560%2C1715&ssl=1","width":2560,"height":1715,"caption":"(\u00a9Freepik)"},{"@type":"BreadcrumbList","@id":"https:\/\/verdadeon.com.br\/portal\/2025\/02\/01\/verdadepets-o-papel-fundamental-dos-agentes-de-defesa-ambiental-na-protecao-dos-animais-e-do-meio-ambiente\/#breadcrumb","itemListElement":[{"@type":"ListItem","position":1,"name":"In\u00edcio","item":"https:\/\/verdadeon.com.br\/portal\/"},{"@type":"ListItem","position":2,"name":"(VerdadePets) O Papel Fundamental dos Agentes de Defesa Ambiental na Prote\u00e7\u00e3o dos Animais e do Meio Ambiente"}]},{"@type":"WebSite","@id":"https:\/\/verdadeon.com.br\/portal\/#website","url":"https:\/\/verdadeon.com.br\/portal\/","name":"VerdadeOn","description":"Not\u00edcias di\u00e1rias sobre Franca, Regi\u00e3o, Esporte, Cultura, Cotidiano, Colunas. Cobertura nos principais eventos da cidade \u00e9 aqui - Verdadeon Franca","potentialAction":[{"@type":"SearchAction","target":{"@type":"EntryPoint","urlTemplate":"https:\/\/verdadeon.com.br\/portal\/?s={search_term_string}"},"query-input":{"@type":"PropertyValueSpecification","valueRequired":true,"valueName":"search_term_string"}}],"inLanguage":"pt-BR"},{"@type":"Person","@id":"https:\/\/verdadeon.com.br\/portal\/#\/schema\/person\/a5060ad1e9ea3df545188fc93ce43d2f","name":"Redacao VerdadeOn","image":{"@type":"ImageObject","inLanguage":"pt-BR","@id":"https:\/\/verdadeon.com.br\/portal\/#\/schema\/person\/image\/","url":"https:\/\/secure.gravatar.com\/avatar\/459a9613caaaf07f582c3d0841eea68bdd66f533e465e6ba8b9cb45619572cf4?s=96&d=mm&r=g","contentUrl":"https:\/\/secure.gravatar.com\/avatar\/459a9613caaaf07f582c3d0841eea68bdd66f533e465e6ba8b9cb45619572cf4?s=96&d=mm&r=g","caption":"Redacao VerdadeOn"},"url":"https:\/\/verdadeon.com.br\/portal\/author\/redacao\/"}]}},"jetpack_publicize_connections":[],"jetpack_featured_media_url":"https:\/\/i0.wp.com\/verdadeon.com.br\/portal\/wp-content\/uploads\/2025\/02\/woman-hugging-cute-rescue-dog-scaled.jpg?fit=2560%2C1715&ssl=1","jetpack_sharing_enabled":true,"_links":{"self":[{"href":"https:\/\/verdadeon.com.br\/portal\/wp-json\/wp\/v2\/posts\/53554","targetHints":{"allow":["GET"]}}],"collection":[{"href":"https:\/\/verdadeon.com.br\/portal\/wp-json\/wp\/v2\/posts"}],"about":[{"href":"https:\/\/verdadeon.com.br\/portal\/wp-json\/wp\/v2\/types\/post"}],"author":[{"embeddable":true,"href":"https:\/\/verdadeon.com.br\/portal\/wp-json\/wp\/v2\/users\/10"}],"replies":[{"embeddable":true,"href":"https:\/\/verdadeon.com.br\/portal\/wp-json\/wp\/v2\/comments?post=53554"}],"version-history":[{"count":1,"href":"https:\/\/verdadeon.com.br\/portal\/wp-json\/wp\/v2\/posts\/53554\/revisions"}],"predecessor-version":[{"id":53556,"href":"https:\/\/verdadeon.com.br\/portal\/wp-json\/wp\/v2\/posts\/53554\/revisions\/53556"}],"wp:featuredmedia":[{"embeddable":true,"href":"https:\/\/verdadeon.com.br\/portal\/wp-json\/wp\/v2\/media\/53555"}],"wp:attachment":[{"href":"https:\/\/verdadeon.com.br\/portal\/wp-json\/wp\/v2\/media?parent=53554"}],"wp:term":[{"taxonomy":"category","embeddable":true,"href":"https:\/\/verdadeon.com.br\/portal\/wp-json\/wp\/v2\/categories?post=53554"},{"taxonomy":"post_tag","embeddable":true,"href":"https:\/\/verdadeon.com.br\/portal\/wp-json\/wp\/v2\/tags?post=53554"}],"curies":[{"name":"wp","href":"https:\/\/api.w.org\/{rel}","templated":true}]}}