{"id":53460,"date":"2025-01-29T08:00:23","date_gmt":"2025-01-29T11:00:23","guid":{"rendered":"https:\/\/verdadeon.com.br\/portal\/?p=53460"},"modified":"2025-01-29T15:04:55","modified_gmt":"2025-01-29T18:04:55","slug":"sp-ja-tem-mais-mortes-por-febre-amarela-neste-ano-do-que-em-todo-2024","status":"publish","type":"post","link":"https:\/\/verdadeon.com.br\/portal\/2025\/01\/29\/sp-ja-tem-mais-mortes-por-febre-amarela-neste-ano-do-que-em-todo-2024\/","title":{"rendered":"SP j\u00e1 tem mais mortes por febre amarela neste ano do que em todo 2024"},"content":{"rendered":"<div class=\"header-noticia full-width\">\n<h2 class=\"linha-fina-noticia\">Tr\u00eas pessoas morreram pela doen\u00e7a no estado em janeiro<\/h2>\n<\/div>\n<div class=\"subheader\">\n<div class=\"container-autoria\">\n<p>No m\u00eas de janeiro, tr\u00eas pessoas morreram por febre amarela no estado de S\u00e3o Paulo. O dado foi confirmado pela Secretaria Estadual de Sa\u00fade e computa casos registrados at\u00e9 a \u00faltima sexta-feira (24). Esse n\u00famero j\u00e1 supera o registrado em todo o ano passado, quando foram confirmados dois casos, com um \u00f3bito.<img data-recalc-dims=\"1\" decoding=\"async\" src=\"https:\/\/i0.wp.com\/agenciabrasil.ebc.com.br\/ebc.png?w=1220&#038;ssl=1\" \/><img data-recalc-dims=\"1\" decoding=\"async\" src=\"https:\/\/i0.wp.com\/agenciabrasil.ebc.com.br\/ebc.gif?w=1220&#038;ssl=1\" \/><\/p>\n<p>Este j\u00e1 \u00e9 o maior n\u00famero de casos desde 2019, quando foram registrados 64 casos aut\u00f3ctones (contra\u00eddo na pr\u00f3pria regi\u00e3o onde a pessoa vive) e 12 \u00f3bitos em todo o estado paulista.<\/p>\n<p>Ao todo, sete casos de febre amarela em humanos foram confirmados neste ano de 2025, todos no interior paulista. Quatro desses casos foram registrados em Socorro, um em Tuiuti e um em Joan\u00f3polis, locais onde est\u00e1 ocorrendo refor\u00e7o na vacina\u00e7\u00e3o e nas a\u00e7\u00f5es de sa\u00fade. Um outro caso ainda est\u00e1 sob investiga\u00e7\u00e3o.<\/p>\n<p>Tamb\u00e9m houve refor\u00e7o de a\u00e7\u00f5es na regi\u00e3o de Ribeir\u00e3o Preto, onde foi\u00a0<a href=\"https:\/\/agenciabrasil.ebc.com.br\/saude\/noticia\/2025-01\/saude-confirma-casos-de-febre-amarela-em-macacos-em-municipio-paulista-0\">detectada morte de macacos<\/a>\u00a0em decorr\u00eancia da infec\u00e7\u00e3o. Embora macacos doentes n\u00e3o transmitam a doen\u00e7a, s\u00e3o um indicativo de circula\u00e7\u00e3o do v\u00edrus.<\/p>\n<p><strong>Doen\u00e7a<\/strong><\/p>\n<p>A febre amarela \u00e9 uma doen\u00e7a infecciosa febril aguda que \u00e9 causada por um v\u00edrus. Esse v\u00edrus \u00e9 transmitido pela picada de um mosquito silvestre, que vive em zona de mata, e n\u00e3o h\u00e1 transmiss\u00e3o direta de pessoa para pessoa.<\/p>\n<p>Um indicador da presen\u00e7a desses mosquitos transmissores se d\u00e1 com a morte de macacos, que tamb\u00e9m sofrem com altos \u00edndices de mortalidade quando contaminados. Por isso, o avistamento de macacos mortos deve ser informado \u00e0s equipes de sa\u00fade do munic\u00edpio.<\/p>\n<p>Os sintomas iniciais da febre amarela s\u00e3o febre, calafrios, dor de cabe\u00e7a intensa, dores nas costas, dores no corpo, n\u00e1useas e v\u00f4mitos, fadiga e fraqueza.<\/p>\n<p>A doen\u00e7a pode ser prevenida por meio de vacina, que est\u00e1 dispon\u00edvel gratuitamente pelo Sistema \u00danico de Sa\u00fade (SUS). Desde abril de 2017, o Brasil adota o esquema vacinal de apenas uma dose durante toda a vida, medida que est\u00e1 de acordo com as recomenda\u00e7\u00f5es da Organiza\u00e7\u00e3o Mundial da Sa\u00fade (OMS). A vacina \u00e9 a melhor forma de preven\u00e7\u00e3o da doen\u00e7a e est\u00e1 dispon\u00edvel em todos os postos de sa\u00fade do estado.<\/p>\n<p>Fonte: Ag\u00eancia Brasil<\/p>\n<\/div>\n<\/div>\n","protected":false},"excerpt":{"rendered":"<p>Tr\u00eas pessoas morreram pela doen\u00e7a no estado em janeiro No m\u00eas de janeiro, tr\u00eas pessoas morreram por febre amarela no estado de S\u00e3o Paulo. O dado<span class=\"excerpt-hellip\"> [\u2026]<\/span><\/p>\n","protected":false},"author":10,"featured_media":53461,"comment_status":"open","ping_status":"open","sticky":false,"template":"","format":"standard","meta":{"_jetpack_memberships_contains_paid_content":false,"footnotes":"","jetpack_publicize_message":"","jetpack_publicize_feature_enabled":true,"jetpack_social_post_already_shared":true,"jetpack_social_options":{"image_generator_settings":{"template":"highway","default_image_id":0,"enabled":false},"version":2}},"categories":[28,81],"tags":[],"class_list":["post-53460","post","type-post","status-publish","format-standard","has-post-thumbnail","hentry","category-cotidiano","category-manchete"],"yoast_head":"<!-- This site is optimized with the Yoast SEO plugin v25.6 - https:\/\/yoast.com\/wordpress\/plugins\/seo\/ -->\n<title>SP j\u00e1 tem mais mortes por febre amarela neste ano do que em todo 2024 - VerdadeOn<\/title>\n<meta name=\"robots\" content=\"index, follow, max-snippet:-1, max-image-preview:large, max-video-preview:-1\" \/>\n<link rel=\"canonical\" href=\"https:\/\/verdadeon.com.br\/portal\/2025\/01\/29\/sp-ja-tem-mais-mortes-por-febre-amarela-neste-ano-do-que-em-todo-2024\/\" \/>\n<meta property=\"og:locale\" content=\"pt_BR\" \/>\n<meta property=\"og:type\" content=\"article\" \/>\n<meta property=\"og:title\" content=\"SP j\u00e1 tem mais mortes por febre amarela neste ano do que em todo 2024 - VerdadeOn\" \/>\n<meta property=\"og:description\" content=\"Tr\u00eas pessoas morreram pela doen\u00e7a no estado em janeiro No m\u00eas de janeiro, tr\u00eas pessoas morreram por febre amarela no estado de S\u00e3o Paulo. O dado [\u2026]\" \/>\n<meta property=\"og:url\" content=\"https:\/\/verdadeon.com.br\/portal\/2025\/01\/29\/sp-ja-tem-mais-mortes-por-febre-amarela-neste-ano-do-que-em-todo-2024\/\" \/>\n<meta property=\"og:site_name\" content=\"VerdadeOn\" \/>\n<meta property=\"article:published_time\" content=\"2025-01-29T11:00:23+00:00\" \/>\n<meta property=\"article:modified_time\" content=\"2025-01-29T18:04:55+00:00\" \/>\n<meta property=\"og:image\" content=\"https:\/\/i0.wp.com\/verdadeon.com.br\/portal\/wp-content\/uploads\/2025\/01\/1112114-rj_tmazs_abr_031420188964.webp?fit=1170%2C700&ssl=1\" \/>\n\t<meta property=\"og:image:width\" content=\"1170\" \/>\n\t<meta property=\"og:image:height\" content=\"700\" \/>\n\t<meta property=\"og:image:type\" content=\"image\/webp\" \/>\n<meta name=\"author\" content=\"Redacao VerdadeOn\" \/>\n<meta name=\"twitter:card\" content=\"summary_large_image\" \/>\n<meta name=\"twitter:label1\" content=\"Escrito por\" \/>\n\t<meta name=\"twitter:data1\" content=\"Redacao VerdadeOn\" \/>\n\t<meta name=\"twitter:label2\" content=\"Est. tempo de leitura\" \/>\n\t<meta name=\"twitter:data2\" content=\"3 minutos\" \/>\n<script type=\"application\/ld+json\" class=\"yoast-schema-graph\">{\"@context\":\"https:\/\/schema.org\",\"@graph\":[{\"@type\":\"WebPage\",\"@id\":\"https:\/\/verdadeon.com.br\/portal\/2025\/01\/29\/sp-ja-tem-mais-mortes-por-febre-amarela-neste-ano-do-que-em-todo-2024\/\",\"url\":\"https:\/\/verdadeon.com.br\/portal\/2025\/01\/29\/sp-ja-tem-mais-mortes-por-febre-amarela-neste-ano-do-que-em-todo-2024\/\",\"name\":\"SP j\u00e1 tem mais mortes por febre amarela neste ano do que em todo 2024 - VerdadeOn\",\"isPartOf\":{\"@id\":\"https:\/\/verdadeon.com.br\/portal\/#website\"},\"primaryImageOfPage\":{\"@id\":\"https:\/\/verdadeon.com.br\/portal\/2025\/01\/29\/sp-ja-tem-mais-mortes-por-febre-amarela-neste-ano-do-que-em-todo-2024\/#primaryimage\"},\"image\":{\"@id\":\"https:\/\/verdadeon.com.br\/portal\/2025\/01\/29\/sp-ja-tem-mais-mortes-por-febre-amarela-neste-ano-do-que-em-todo-2024\/#primaryimage\"},\"thumbnailUrl\":\"https:\/\/i0.wp.com\/verdadeon.com.br\/portal\/wp-content\/uploads\/2025\/01\/1112114-rj_tmazs_abr_031420188964.webp?fit=1170%2C700&ssl=1\",\"datePublished\":\"2025-01-29T11:00:23+00:00\",\"dateModified\":\"2025-01-29T18:04:55+00:00\",\"author\":{\"@id\":\"https:\/\/verdadeon.com.br\/portal\/#\/schema\/person\/a5060ad1e9ea3df545188fc93ce43d2f\"},\"breadcrumb\":{\"@id\":\"https:\/\/verdadeon.com.br\/portal\/2025\/01\/29\/sp-ja-tem-mais-mortes-por-febre-amarela-neste-ano-do-que-em-todo-2024\/#breadcrumb\"},\"inLanguage\":\"pt-BR\",\"potentialAction\":[{\"@type\":\"ReadAction\",\"target\":[\"https:\/\/verdadeon.com.br\/portal\/2025\/01\/29\/sp-ja-tem-mais-mortes-por-febre-amarela-neste-ano-do-que-em-todo-2024\/\"]}]},{\"@type\":\"ImageObject\",\"inLanguage\":\"pt-BR\",\"@id\":\"https:\/\/verdadeon.com.br\/portal\/2025\/01\/29\/sp-ja-tem-mais-mortes-por-febre-amarela-neste-ano-do-que-em-todo-2024\/#primaryimage\",\"url\":\"https:\/\/i0.wp.com\/verdadeon.com.br\/portal\/wp-content\/uploads\/2025\/01\/1112114-rj_tmazs_abr_031420188964.webp?fit=1170%2C700&ssl=1\",\"contentUrl\":\"https:\/\/i0.wp.com\/verdadeon.com.br\/portal\/wp-content\/uploads\/2025\/01\/1112114-rj_tmazs_abr_031420188964.webp?fit=1170%2C700&ssl=1\",\"width\":1170,\"height\":700,\"caption\":\"Houve refor\u00e7o de a\u00e7\u00f5es na regi\u00e3o de Ribeir\u00e3o Preto, onde foi detectada morte de macacos em decorr\u00eancia da infec\u00e7\u00e3o (\u00a9Tomaz Silva\/Ag\u00eancia Brasil)\"},{\"@type\":\"BreadcrumbList\",\"@id\":\"https:\/\/verdadeon.com.br\/portal\/2025\/01\/29\/sp-ja-tem-mais-mortes-por-febre-amarela-neste-ano-do-que-em-todo-2024\/#breadcrumb\",\"itemListElement\":[{\"@type\":\"ListItem\",\"position\":1,\"name\":\"In\u00edcio\",\"item\":\"https:\/\/verdadeon.com.br\/portal\/\"},{\"@type\":\"ListItem\",\"position\":2,\"name\":\"SP j\u00e1 tem mais mortes por febre amarela neste ano do que em todo 2024\"}]},{\"@type\":\"WebSite\",\"@id\":\"https:\/\/verdadeon.com.br\/portal\/#website\",\"url\":\"https:\/\/verdadeon.com.br\/portal\/\",\"name\":\"VerdadeOn\",\"description\":\"Not\u00edcias di\u00e1rias sobre Franca, Regi\u00e3o, Esporte, Cultura, Cotidiano, Colunas. Cobertura nos principais eventos da cidade \u00e9 aqui - Verdadeon Franca\",\"potentialAction\":[{\"@type\":\"SearchAction\",\"target\":{\"@type\":\"EntryPoint\",\"urlTemplate\":\"https:\/\/verdadeon.com.br\/portal\/?s={search_term_string}\"},\"query-input\":{\"@type\":\"PropertyValueSpecification\",\"valueRequired\":true,\"valueName\":\"search_term_string\"}}],\"inLanguage\":\"pt-BR\"},{\"@type\":\"Person\",\"@id\":\"https:\/\/verdadeon.com.br\/portal\/#\/schema\/person\/a5060ad1e9ea3df545188fc93ce43d2f\",\"name\":\"Redacao VerdadeOn\",\"image\":{\"@type\":\"ImageObject\",\"inLanguage\":\"pt-BR\",\"@id\":\"https:\/\/verdadeon.com.br\/portal\/#\/schema\/person\/image\/\",\"url\":\"https:\/\/secure.gravatar.com\/avatar\/459a9613caaaf07f582c3d0841eea68bdd66f533e465e6ba8b9cb45619572cf4?s=96&d=mm&r=g\",\"contentUrl\":\"https:\/\/secure.gravatar.com\/avatar\/459a9613caaaf07f582c3d0841eea68bdd66f533e465e6ba8b9cb45619572cf4?s=96&d=mm&r=g\",\"caption\":\"Redacao VerdadeOn\"},\"url\":\"https:\/\/verdadeon.com.br\/portal\/author\/redacao\/\"}]}<\/script>\n<!-- \/ Yoast SEO plugin. -->","yoast_head_json":{"title":"SP j\u00e1 tem mais mortes por febre amarela neste ano do que em todo 2024 - VerdadeOn","robots":{"index":"index","follow":"follow","max-snippet":"max-snippet:-1","max-image-preview":"max-image-preview:large","max-video-preview":"max-video-preview:-1"},"canonical":"https:\/\/verdadeon.com.br\/portal\/2025\/01\/29\/sp-ja-tem-mais-mortes-por-febre-amarela-neste-ano-do-que-em-todo-2024\/","og_locale":"pt_BR","og_type":"article","og_title":"SP j\u00e1 tem mais mortes por febre amarela neste ano do que em todo 2024 - VerdadeOn","og_description":"Tr\u00eas pessoas morreram pela doen\u00e7a no estado em janeiro No m\u00eas de janeiro, tr\u00eas pessoas morreram por febre amarela no estado de S\u00e3o Paulo. O dado [\u2026]","og_url":"https:\/\/verdadeon.com.br\/portal\/2025\/01\/29\/sp-ja-tem-mais-mortes-por-febre-amarela-neste-ano-do-que-em-todo-2024\/","og_site_name":"VerdadeOn","article_published_time":"2025-01-29T11:00:23+00:00","article_modified_time":"2025-01-29T18:04:55+00:00","og_image":[{"width":1170,"height":700,"url":"https:\/\/i0.wp.com\/verdadeon.com.br\/portal\/wp-content\/uploads\/2025\/01\/1112114-rj_tmazs_abr_031420188964.webp?fit=1170%2C700&ssl=1","type":"image\/webp"}],"author":"Redacao VerdadeOn","twitter_card":"summary_large_image","twitter_misc":{"Escrito por":"Redacao VerdadeOn","Est. tempo de leitura":"3 minutos"},"schema":{"@context":"https:\/\/schema.org","@graph":[{"@type":"WebPage","@id":"https:\/\/verdadeon.com.br\/portal\/2025\/01\/29\/sp-ja-tem-mais-mortes-por-febre-amarela-neste-ano-do-que-em-todo-2024\/","url":"https:\/\/verdadeon.com.br\/portal\/2025\/01\/29\/sp-ja-tem-mais-mortes-por-febre-amarela-neste-ano-do-que-em-todo-2024\/","name":"SP j\u00e1 tem mais mortes por febre amarela neste ano do que em todo 2024 - VerdadeOn","isPartOf":{"@id":"https:\/\/verdadeon.com.br\/portal\/#website"},"primaryImageOfPage":{"@id":"https:\/\/verdadeon.com.br\/portal\/2025\/01\/29\/sp-ja-tem-mais-mortes-por-febre-amarela-neste-ano-do-que-em-todo-2024\/#primaryimage"},"image":{"@id":"https:\/\/verdadeon.com.br\/portal\/2025\/01\/29\/sp-ja-tem-mais-mortes-por-febre-amarela-neste-ano-do-que-em-todo-2024\/#primaryimage"},"thumbnailUrl":"https:\/\/i0.wp.com\/verdadeon.com.br\/portal\/wp-content\/uploads\/2025\/01\/1112114-rj_tmazs_abr_031420188964.webp?fit=1170%2C700&ssl=1","datePublished":"2025-01-29T11:00:23+00:00","dateModified":"2025-01-29T18:04:55+00:00","author":{"@id":"https:\/\/verdadeon.com.br\/portal\/#\/schema\/person\/a5060ad1e9ea3df545188fc93ce43d2f"},"breadcrumb":{"@id":"https:\/\/verdadeon.com.br\/portal\/2025\/01\/29\/sp-ja-tem-mais-mortes-por-febre-amarela-neste-ano-do-que-em-todo-2024\/#breadcrumb"},"inLanguage":"pt-BR","potentialAction":[{"@type":"ReadAction","target":["https:\/\/verdadeon.com.br\/portal\/2025\/01\/29\/sp-ja-tem-mais-mortes-por-febre-amarela-neste-ano-do-que-em-todo-2024\/"]}]},{"@type":"ImageObject","inLanguage":"pt-BR","@id":"https:\/\/verdadeon.com.br\/portal\/2025\/01\/29\/sp-ja-tem-mais-mortes-por-febre-amarela-neste-ano-do-que-em-todo-2024\/#primaryimage","url":"https:\/\/i0.wp.com\/verdadeon.com.br\/portal\/wp-content\/uploads\/2025\/01\/1112114-rj_tmazs_abr_031420188964.webp?fit=1170%2C700&ssl=1","contentUrl":"https:\/\/i0.wp.com\/verdadeon.com.br\/portal\/wp-content\/uploads\/2025\/01\/1112114-rj_tmazs_abr_031420188964.webp?fit=1170%2C700&ssl=1","width":1170,"height":700,"caption":"Houve refor\u00e7o de a\u00e7\u00f5es na regi\u00e3o de Ribeir\u00e3o Preto, onde foi detectada morte de macacos em decorr\u00eancia da infec\u00e7\u00e3o (\u00a9Tomaz Silva\/Ag\u00eancia Brasil)"},{"@type":"BreadcrumbList","@id":"https:\/\/verdadeon.com.br\/portal\/2025\/01\/29\/sp-ja-tem-mais-mortes-por-febre-amarela-neste-ano-do-que-em-todo-2024\/#breadcrumb","itemListElement":[{"@type":"ListItem","position":1,"name":"In\u00edcio","item":"https:\/\/verdadeon.com.br\/portal\/"},{"@type":"ListItem","position":2,"name":"SP j\u00e1 tem mais mortes por febre amarela neste ano do que em todo 2024"}]},{"@type":"WebSite","@id":"https:\/\/verdadeon.com.br\/portal\/#website","url":"https:\/\/verdadeon.com.br\/portal\/","name":"VerdadeOn","description":"Not\u00edcias di\u00e1rias sobre Franca, Regi\u00e3o, Esporte, Cultura, Cotidiano, Colunas. Cobertura nos principais eventos da cidade \u00e9 aqui - Verdadeon Franca","potentialAction":[{"@type":"SearchAction","target":{"@type":"EntryPoint","urlTemplate":"https:\/\/verdadeon.com.br\/portal\/?s={search_term_string}"},"query-input":{"@type":"PropertyValueSpecification","valueRequired":true,"valueName":"search_term_string"}}],"inLanguage":"pt-BR"},{"@type":"Person","@id":"https:\/\/verdadeon.com.br\/portal\/#\/schema\/person\/a5060ad1e9ea3df545188fc93ce43d2f","name":"Redacao VerdadeOn","image":{"@type":"ImageObject","inLanguage":"pt-BR","@id":"https:\/\/verdadeon.com.br\/portal\/#\/schema\/person\/image\/","url":"https:\/\/secure.gravatar.com\/avatar\/459a9613caaaf07f582c3d0841eea68bdd66f533e465e6ba8b9cb45619572cf4?s=96&d=mm&r=g","contentUrl":"https:\/\/secure.gravatar.com\/avatar\/459a9613caaaf07f582c3d0841eea68bdd66f533e465e6ba8b9cb45619572cf4?s=96&d=mm&r=g","caption":"Redacao VerdadeOn"},"url":"https:\/\/verdadeon.com.br\/portal\/author\/redacao\/"}]}},"jetpack_publicize_connections":[],"jetpack_featured_media_url":"https:\/\/i0.wp.com\/verdadeon.com.br\/portal\/wp-content\/uploads\/2025\/01\/1112114-rj_tmazs_abr_031420188964.webp?fit=1170%2C700&ssl=1","jetpack_sharing_enabled":true,"_links":{"self":[{"href":"https:\/\/verdadeon.com.br\/portal\/wp-json\/wp\/v2\/posts\/53460","targetHints":{"allow":["GET"]}}],"collection":[{"href":"https:\/\/verdadeon.com.br\/portal\/wp-json\/wp\/v2\/posts"}],"about":[{"href":"https:\/\/verdadeon.com.br\/portal\/wp-json\/wp\/v2\/types\/post"}],"author":[{"embeddable":true,"href":"https:\/\/verdadeon.com.br\/portal\/wp-json\/wp\/v2\/users\/10"}],"replies":[{"embeddable":true,"href":"https:\/\/verdadeon.com.br\/portal\/wp-json\/wp\/v2\/comments?post=53460"}],"version-history":[{"count":1,"href":"https:\/\/verdadeon.com.br\/portal\/wp-json\/wp\/v2\/posts\/53460\/revisions"}],"predecessor-version":[{"id":53462,"href":"https:\/\/verdadeon.com.br\/portal\/wp-json\/wp\/v2\/posts\/53460\/revisions\/53462"}],"wp:featuredmedia":[{"embeddable":true,"href":"https:\/\/verdadeon.com.br\/portal\/wp-json\/wp\/v2\/media\/53461"}],"wp:attachment":[{"href":"https:\/\/verdadeon.com.br\/portal\/wp-json\/wp\/v2\/media?parent=53460"}],"wp:term":[{"taxonomy":"category","embeddable":true,"href":"https:\/\/verdadeon.com.br\/portal\/wp-json\/wp\/v2\/categories?post=53460"},{"taxonomy":"post_tag","embeddable":true,"href":"https:\/\/verdadeon.com.br\/portal\/wp-json\/wp\/v2\/tags?post=53460"}],"curies":[{"name":"wp","href":"https:\/\/api.w.org\/{rel}","templated":true}]}}