{"id":5340,"date":"2020-03-20T07:20:08","date_gmt":"2020-03-20T10:20:08","guid":{"rendered":"http:\/\/verdadeon.com.br\/portal\/?p=5340"},"modified":"2020-03-20T07:54:33","modified_gmt":"2020-03-20T10:54:33","slug":"sesi-franca-basquete-e-francana-decidem-paralisar-as-atividades-a-partir-desta-semana","status":"publish","type":"post","link":"https:\/\/verdadeon.com.br\/portal\/2020\/03\/20\/sesi-franca-basquete-e-francana-decidem-paralisar-as-atividades-a-partir-desta-semana\/","title":{"rendered":"Sesi Franca Basquete e Francana decidem paralisar as atividades a partir desta semana"},"content":{"rendered":"<h2>Treinamentos dos times de basquete e futebol est\u00e3o cancelados at\u00e9 o final do m\u00eas<\/h2>\n<p>&nbsp;<\/p>\n<p>Reportagem Gustavo Rodrigues<\/p>\n<p>H\u00e1 algum tempo o Covid-19, popularmente conhecido como coronav\u00edrus, chegou ao esporte. O reflexo desse problema s\u00e3o fortes e as movimenta\u00e7\u00f5es de preven\u00e7\u00e3o est\u00e3o cada vez mais frequentes. Em Franca, as duas modalidades mais praticadas e que contam com maiores n\u00fameros de torcedores tamb\u00e9m est\u00e3o afetadas. Dessa forma, as diretorias do Sesi Franca Basquete e da Francana decidiram paralisar todas as atividades a partir de agora.<br \/>\nA Veterana divulgou um comunicado afirmando que os trabalhos que seguiriam at\u00e9 sexta-feira j\u00e1 est\u00e3o cancelados.&#8221;Uma nova avalia\u00e7\u00e3o da diretoria e comiss\u00e3o t\u00e9cnica da Francana, ap\u00f3s consulta sobre a competi\u00e7\u00e3o junto \u00e0 Federa\u00e7\u00e3o Paulista de Futebol e sobre a situa\u00e7\u00e3o de risco de epidemia do novo coronav\u00edrus em nossa cidade, resultou no adiamento dos treinamentos e demais atividades. A medida passa a valer a partir desta quarta-feira (18) \u00e0 tarde&#8221;.<br \/>\nAntes da defini\u00e7\u00e3o, a equipe teve o amistoso diante do Comercial cancelado. O time de Ribeir\u00e3o Preto decidiu n\u00e3o disputar a partida como m\u00e9todo de preven\u00e7\u00e3o ao v\u00edrus. Com a defini\u00e7\u00e3o atual, os jogadores foram orientados a retornar para as resid\u00eancias. O departamento m\u00e9dico ainda refor\u00e7ou as informa\u00e7\u00f5es referentes aos cuidados necess\u00e1rios.<br \/>\nAs medidas j\u00e1 foram colocadas em pr\u00e1tica nas categorias de base desdo o in\u00edcio da semana. Na ter\u00e7a-feira (17), os times sub-15 e sub-17 tiveram as atividades paralisadas. De acordo com os dirigentes da Francana, a previs\u00e3o inicial do adiamento dos trabalhos \u00e9 at\u00e9 o dia 31 de mar\u00e7o. A partir da\u00ed ser\u00e3o feitas novas avalia\u00e7\u00f5es para definir a sequ\u00eancia.<br \/>\nO Campeonato Paulista da segunda divis\u00e3o est\u00e1 marcado para iniciar no dia 19 de abril, por\u00e9m, ainda n\u00e3o est\u00e1 garantida a disputa do torneio.<br \/>\nSesi Franca Basquete<br \/>\nPor conta das atuais condi\u00e7\u00f5es relacionadas ao coronav\u00edrus, a diretoria do Sesi Franca Basquete anunciou durante esta semana que est\u00e3o cancelados todos os treinos que aconteceriam nos pr\u00f3ximos dias. A nota oficial foi divulgada no site do clube. &#8221; Em fun\u00e7\u00e3o do cen\u00e1rio atual, em que houve uma crescente dissemina\u00e7\u00e3o do coronav\u00edrus (COVID-19), como medida de preven\u00e7\u00e3o e responsabilidade social, o Sesi Franca Basquete cancela todos os seus treinamentos esportivos a partir desta quarta-feira, 18 de mar\u00e7o&#8221;, disse.<br \/>\nA dire\u00e7\u00e3o do clube ainda afirmou que a inten\u00e7\u00e3o \u00e9 presevar e resguardar os jogadores e comiss\u00e3o t\u00e9cnica, tanto da equipe adulta quanto das categorias de base. Mesmo com a paralisa\u00e7\u00e3o, o Sesi Franca afirmou que todo o elenco receber\u00e1 as orienta\u00e7\u00f5es relacionadas \u00e0s atividades f\u00edsicas e m\u00e9dicas de forma individual. A ideia \u00e9 que todos voltem com condi\u00e7\u00f5es quando as atividades forem retomadas.<br \/>\nA decis\u00e3o de parar os treinos segue a mesma linha da LNB (Liga Nacional de Basquete). Na \u00faltima semana, a organiza\u00e7\u00e3o do NBB (Novo Basquete Brasil) anunciou que a temporada 2019\/2020 est\u00e1 paralisada por conta do aumento dos riscos do coronav\u00edrus no Pa\u00eds.<br \/>\nEm todo o mundo, o problema vem aumentando a cada dia e afetando os torneios. Recentemente a NBA e a Euroliga tamb\u00e9m tiveram as atividades paralisadas.<\/p>\n","protected":false},"excerpt":{"rendered":"<p>Treinamentos dos times de basquete e futebol est\u00e3o cancelados at\u00e9 o final do m\u00eas &nbsp; Reportagem Gustavo Rodrigues H\u00e1 algum tempo o Covid-19, popularmente conhecido como<span class=\"excerpt-hellip\"> [\u2026]<\/span><\/p>\n","protected":false},"author":10,"featured_media":5342,"comment_status":"open","ping_status":"open","sticky":false,"template":"","format":"standard","meta":{"_jetpack_memberships_contains_paid_content":false,"footnotes":"","jetpack_publicize_message":"","jetpack_publicize_feature_enabled":true,"jetpack_social_post_already_shared":false,"jetpack_social_options":{"image_generator_settings":{"template":"highway","default_image_id":0,"enabled":false},"version":2}},"categories":[29,44],"tags":[],"class_list":["post-5340","post","type-post","status-publish","format-standard","has-post-thumbnail","hentry","category-esportes","category-noticias"],"yoast_head":"<!-- This site is optimized with the Yoast SEO plugin v25.6 - https:\/\/yoast.com\/wordpress\/plugins\/seo\/ -->\n<title>Sesi Franca Basquete e Francana decidem paralisar as atividades a partir desta semana - VerdadeOn<\/title>\n<meta name=\"robots\" content=\"index, follow, max-snippet:-1, max-image-preview:large, max-video-preview:-1\" \/>\n<link rel=\"canonical\" href=\"https:\/\/verdadeon.com.br\/portal\/2020\/03\/20\/sesi-franca-basquete-e-francana-decidem-paralisar-as-atividades-a-partir-desta-semana\/\" \/>\n<meta property=\"og:locale\" content=\"pt_BR\" \/>\n<meta property=\"og:type\" content=\"article\" \/>\n<meta property=\"og:title\" content=\"Sesi Franca Basquete e Francana decidem paralisar as atividades a partir desta semana - VerdadeOn\" \/>\n<meta property=\"og:description\" content=\"Treinamentos dos times de basquete e futebol est\u00e3o cancelados at\u00e9 o final do m\u00eas &nbsp; Reportagem Gustavo Rodrigues H\u00e1 algum tempo o Covid-19, popularmente conhecido como [\u2026]\" \/>\n<meta property=\"og:url\" content=\"https:\/\/verdadeon.com.br\/portal\/2020\/03\/20\/sesi-franca-basquete-e-francana-decidem-paralisar-as-atividades-a-partir-desta-semana\/\" \/>\n<meta property=\"og:site_name\" content=\"VerdadeOn\" \/>\n<meta property=\"article:published_time\" content=\"2020-03-20T10:20:08+00:00\" \/>\n<meta property=\"article:modified_time\" content=\"2020-03-20T10:54:33+00:00\" \/>\n<meta property=\"og:image\" content=\"https:\/\/verdadeon.com.br\/portal\/wp-content\/uploads\/2020\/03\/DSC_8405.jpg\" \/>\n\t<meta property=\"og:image:width\" content=\"1000\" \/>\n\t<meta property=\"og:image:height\" content=\"662\" \/>\n\t<meta property=\"og:image:type\" content=\"image\/jpeg\" \/>\n<meta name=\"author\" content=\"Redacao VerdadeOn\" \/>\n<meta name=\"twitter:card\" content=\"summary_large_image\" \/>\n<meta name=\"twitter:label1\" content=\"Escrito por\" \/>\n\t<meta name=\"twitter:data1\" content=\"Redacao VerdadeOn\" \/>\n\t<meta name=\"twitter:label2\" content=\"Est. tempo de leitura\" \/>\n\t<meta name=\"twitter:data2\" content=\"3 minutos\" \/>\n<script type=\"application\/ld+json\" class=\"yoast-schema-graph\">{\"@context\":\"https:\/\/schema.org\",\"@graph\":[{\"@type\":\"WebPage\",\"@id\":\"https:\/\/verdadeon.com.br\/portal\/2020\/03\/20\/sesi-franca-basquete-e-francana-decidem-paralisar-as-atividades-a-partir-desta-semana\/\",\"url\":\"https:\/\/verdadeon.com.br\/portal\/2020\/03\/20\/sesi-franca-basquete-e-francana-decidem-paralisar-as-atividades-a-partir-desta-semana\/\",\"name\":\"Sesi Franca Basquete e Francana decidem paralisar as atividades a partir desta semana - VerdadeOn\",\"isPartOf\":{\"@id\":\"https:\/\/verdadeon.com.br\/portal\/#website\"},\"primaryImageOfPage\":{\"@id\":\"https:\/\/verdadeon.com.br\/portal\/2020\/03\/20\/sesi-franca-basquete-e-francana-decidem-paralisar-as-atividades-a-partir-desta-semana\/#primaryimage\"},\"image\":{\"@id\":\"https:\/\/verdadeon.com.br\/portal\/2020\/03\/20\/sesi-franca-basquete-e-francana-decidem-paralisar-as-atividades-a-partir-desta-semana\/#primaryimage\"},\"thumbnailUrl\":\"https:\/\/i0.wp.com\/verdadeon.com.br\/portal\/wp-content\/uploads\/2020\/03\/DSC_8405.jpg?fit=1000%2C662&ssl=1\",\"datePublished\":\"2020-03-20T10:20:08+00:00\",\"dateModified\":\"2020-03-20T10:54:33+00:00\",\"author\":{\"@id\":\"https:\/\/verdadeon.com.br\/portal\/#\/schema\/person\/a5060ad1e9ea3df545188fc93ce43d2f\"},\"breadcrumb\":{\"@id\":\"https:\/\/verdadeon.com.br\/portal\/2020\/03\/20\/sesi-franca-basquete-e-francana-decidem-paralisar-as-atividades-a-partir-desta-semana\/#breadcrumb\"},\"inLanguage\":\"pt-BR\",\"potentialAction\":[{\"@type\":\"ReadAction\",\"target\":[\"https:\/\/verdadeon.com.br\/portal\/2020\/03\/20\/sesi-franca-basquete-e-francana-decidem-paralisar-as-atividades-a-partir-desta-semana\/\"]}]},{\"@type\":\"ImageObject\",\"inLanguage\":\"pt-BR\",\"@id\":\"https:\/\/verdadeon.com.br\/portal\/2020\/03\/20\/sesi-franca-basquete-e-francana-decidem-paralisar-as-atividades-a-partir-desta-semana\/#primaryimage\",\"url\":\"https:\/\/i0.wp.com\/verdadeon.com.br\/portal\/wp-content\/uploads\/2020\/03\/DSC_8405.jpg?fit=1000%2C662&ssl=1\",\"contentUrl\":\"https:\/\/i0.wp.com\/verdadeon.com.br\/portal\/wp-content\/uploads\/2020\/03\/DSC_8405.jpg?fit=1000%2C662&ssl=1\",\"width\":1000,\"height\":662,\"caption\":\"paralisa\u00e7\u00e3o total - Plantel de jogadores da Francana durante treinamentos. Equipe teve as atividades canceladas por conta dos riscos de coronav\u00edrus. Dessa forma, os trabalhos est\u00e3o paralisados pelo menos at\u00e9 o final deste m\u00eas | Foto: Rodolfo C\u00e9sar\/Divulga\u00e7\u00e3o\"},{\"@type\":\"BreadcrumbList\",\"@id\":\"https:\/\/verdadeon.com.br\/portal\/2020\/03\/20\/sesi-franca-basquete-e-francana-decidem-paralisar-as-atividades-a-partir-desta-semana\/#breadcrumb\",\"itemListElement\":[{\"@type\":\"ListItem\",\"position\":1,\"name\":\"In\u00edcio\",\"item\":\"https:\/\/verdadeon.com.br\/portal\/\"},{\"@type\":\"ListItem\",\"position\":2,\"name\":\"Sesi Franca Basquete e Francana decidem paralisar as atividades a partir desta semana\"}]},{\"@type\":\"WebSite\",\"@id\":\"https:\/\/verdadeon.com.br\/portal\/#website\",\"url\":\"https:\/\/verdadeon.com.br\/portal\/\",\"name\":\"VerdadeOn\",\"description\":\"Not\u00edcias di\u00e1rias sobre Franca, Regi\u00e3o, Esporte, Cultura, Cotidiano, Colunas. Cobertura nos principais eventos da cidade \u00e9 aqui - Verdadeon Franca\",\"potentialAction\":[{\"@type\":\"SearchAction\",\"target\":{\"@type\":\"EntryPoint\",\"urlTemplate\":\"https:\/\/verdadeon.com.br\/portal\/?s={search_term_string}\"},\"query-input\":{\"@type\":\"PropertyValueSpecification\",\"valueRequired\":true,\"valueName\":\"search_term_string\"}}],\"inLanguage\":\"pt-BR\"},{\"@type\":\"Person\",\"@id\":\"https:\/\/verdadeon.com.br\/portal\/#\/schema\/person\/a5060ad1e9ea3df545188fc93ce43d2f\",\"name\":\"Redacao VerdadeOn\",\"image\":{\"@type\":\"ImageObject\",\"inLanguage\":\"pt-BR\",\"@id\":\"https:\/\/verdadeon.com.br\/portal\/#\/schema\/person\/image\/\",\"url\":\"https:\/\/secure.gravatar.com\/avatar\/459a9613caaaf07f582c3d0841eea68bdd66f533e465e6ba8b9cb45619572cf4?s=96&d=mm&r=g\",\"contentUrl\":\"https:\/\/secure.gravatar.com\/avatar\/459a9613caaaf07f582c3d0841eea68bdd66f533e465e6ba8b9cb45619572cf4?s=96&d=mm&r=g\",\"caption\":\"Redacao VerdadeOn\"},\"url\":\"https:\/\/verdadeon.com.br\/portal\/author\/redacao\/\"}]}<\/script>\n<!-- \/ Yoast SEO plugin. -->","yoast_head_json":{"title":"Sesi Franca Basquete e Francana decidem paralisar as atividades a partir desta semana - VerdadeOn","robots":{"index":"index","follow":"follow","max-snippet":"max-snippet:-1","max-image-preview":"max-image-preview:large","max-video-preview":"max-video-preview:-1"},"canonical":"https:\/\/verdadeon.com.br\/portal\/2020\/03\/20\/sesi-franca-basquete-e-francana-decidem-paralisar-as-atividades-a-partir-desta-semana\/","og_locale":"pt_BR","og_type":"article","og_title":"Sesi Franca Basquete e Francana decidem paralisar as atividades a partir desta semana - VerdadeOn","og_description":"Treinamentos dos times de basquete e futebol est\u00e3o cancelados at\u00e9 o final do m\u00eas &nbsp; Reportagem Gustavo Rodrigues H\u00e1 algum tempo o Covid-19, popularmente conhecido como [\u2026]","og_url":"https:\/\/verdadeon.com.br\/portal\/2020\/03\/20\/sesi-franca-basquete-e-francana-decidem-paralisar-as-atividades-a-partir-desta-semana\/","og_site_name":"VerdadeOn","article_published_time":"2020-03-20T10:20:08+00:00","article_modified_time":"2020-03-20T10:54:33+00:00","og_image":[{"width":1000,"height":662,"url":"https:\/\/verdadeon.com.br\/portal\/wp-content\/uploads\/2020\/03\/DSC_8405.jpg","type":"image\/jpeg"}],"author":"Redacao VerdadeOn","twitter_card":"summary_large_image","twitter_misc":{"Escrito por":"Redacao VerdadeOn","Est. tempo de leitura":"3 minutos"},"schema":{"@context":"https:\/\/schema.org","@graph":[{"@type":"WebPage","@id":"https:\/\/verdadeon.com.br\/portal\/2020\/03\/20\/sesi-franca-basquete-e-francana-decidem-paralisar-as-atividades-a-partir-desta-semana\/","url":"https:\/\/verdadeon.com.br\/portal\/2020\/03\/20\/sesi-franca-basquete-e-francana-decidem-paralisar-as-atividades-a-partir-desta-semana\/","name":"Sesi Franca Basquete e Francana decidem paralisar as atividades a partir desta semana - VerdadeOn","isPartOf":{"@id":"https:\/\/verdadeon.com.br\/portal\/#website"},"primaryImageOfPage":{"@id":"https:\/\/verdadeon.com.br\/portal\/2020\/03\/20\/sesi-franca-basquete-e-francana-decidem-paralisar-as-atividades-a-partir-desta-semana\/#primaryimage"},"image":{"@id":"https:\/\/verdadeon.com.br\/portal\/2020\/03\/20\/sesi-franca-basquete-e-francana-decidem-paralisar-as-atividades-a-partir-desta-semana\/#primaryimage"},"thumbnailUrl":"https:\/\/i0.wp.com\/verdadeon.com.br\/portal\/wp-content\/uploads\/2020\/03\/DSC_8405.jpg?fit=1000%2C662&ssl=1","datePublished":"2020-03-20T10:20:08+00:00","dateModified":"2020-03-20T10:54:33+00:00","author":{"@id":"https:\/\/verdadeon.com.br\/portal\/#\/schema\/person\/a5060ad1e9ea3df545188fc93ce43d2f"},"breadcrumb":{"@id":"https:\/\/verdadeon.com.br\/portal\/2020\/03\/20\/sesi-franca-basquete-e-francana-decidem-paralisar-as-atividades-a-partir-desta-semana\/#breadcrumb"},"inLanguage":"pt-BR","potentialAction":[{"@type":"ReadAction","target":["https:\/\/verdadeon.com.br\/portal\/2020\/03\/20\/sesi-franca-basquete-e-francana-decidem-paralisar-as-atividades-a-partir-desta-semana\/"]}]},{"@type":"ImageObject","inLanguage":"pt-BR","@id":"https:\/\/verdadeon.com.br\/portal\/2020\/03\/20\/sesi-franca-basquete-e-francana-decidem-paralisar-as-atividades-a-partir-desta-semana\/#primaryimage","url":"https:\/\/i0.wp.com\/verdadeon.com.br\/portal\/wp-content\/uploads\/2020\/03\/DSC_8405.jpg?fit=1000%2C662&ssl=1","contentUrl":"https:\/\/i0.wp.com\/verdadeon.com.br\/portal\/wp-content\/uploads\/2020\/03\/DSC_8405.jpg?fit=1000%2C662&ssl=1","width":1000,"height":662,"caption":"paralisa\u00e7\u00e3o total - Plantel de jogadores da Francana durante treinamentos. Equipe teve as atividades canceladas por conta dos riscos de coronav\u00edrus. Dessa forma, os trabalhos est\u00e3o paralisados pelo menos at\u00e9 o final deste m\u00eas | Foto: Rodolfo C\u00e9sar\/Divulga\u00e7\u00e3o"},{"@type":"BreadcrumbList","@id":"https:\/\/verdadeon.com.br\/portal\/2020\/03\/20\/sesi-franca-basquete-e-francana-decidem-paralisar-as-atividades-a-partir-desta-semana\/#breadcrumb","itemListElement":[{"@type":"ListItem","position":1,"name":"In\u00edcio","item":"https:\/\/verdadeon.com.br\/portal\/"},{"@type":"ListItem","position":2,"name":"Sesi Franca Basquete e Francana decidem paralisar as atividades a partir desta semana"}]},{"@type":"WebSite","@id":"https:\/\/verdadeon.com.br\/portal\/#website","url":"https:\/\/verdadeon.com.br\/portal\/","name":"VerdadeOn","description":"Not\u00edcias di\u00e1rias sobre Franca, Regi\u00e3o, Esporte, Cultura, Cotidiano, Colunas. Cobertura nos principais eventos da cidade \u00e9 aqui - Verdadeon Franca","potentialAction":[{"@type":"SearchAction","target":{"@type":"EntryPoint","urlTemplate":"https:\/\/verdadeon.com.br\/portal\/?s={search_term_string}"},"query-input":{"@type":"PropertyValueSpecification","valueRequired":true,"valueName":"search_term_string"}}],"inLanguage":"pt-BR"},{"@type":"Person","@id":"https:\/\/verdadeon.com.br\/portal\/#\/schema\/person\/a5060ad1e9ea3df545188fc93ce43d2f","name":"Redacao VerdadeOn","image":{"@type":"ImageObject","inLanguage":"pt-BR","@id":"https:\/\/verdadeon.com.br\/portal\/#\/schema\/person\/image\/","url":"https:\/\/secure.gravatar.com\/avatar\/459a9613caaaf07f582c3d0841eea68bdd66f533e465e6ba8b9cb45619572cf4?s=96&d=mm&r=g","contentUrl":"https:\/\/secure.gravatar.com\/avatar\/459a9613caaaf07f582c3d0841eea68bdd66f533e465e6ba8b9cb45619572cf4?s=96&d=mm&r=g","caption":"Redacao VerdadeOn"},"url":"https:\/\/verdadeon.com.br\/portal\/author\/redacao\/"}]}},"jetpack_publicize_connections":[],"jetpack_featured_media_url":"https:\/\/i0.wp.com\/verdadeon.com.br\/portal\/wp-content\/uploads\/2020\/03\/DSC_8405.jpg?fit=1000%2C662&ssl=1","jetpack_sharing_enabled":true,"_links":{"self":[{"href":"https:\/\/verdadeon.com.br\/portal\/wp-json\/wp\/v2\/posts\/5340","targetHints":{"allow":["GET"]}}],"collection":[{"href":"https:\/\/verdadeon.com.br\/portal\/wp-json\/wp\/v2\/posts"}],"about":[{"href":"https:\/\/verdadeon.com.br\/portal\/wp-json\/wp\/v2\/types\/post"}],"author":[{"embeddable":true,"href":"https:\/\/verdadeon.com.br\/portal\/wp-json\/wp\/v2\/users\/10"}],"replies":[{"embeddable":true,"href":"https:\/\/verdadeon.com.br\/portal\/wp-json\/wp\/v2\/comments?post=5340"}],"version-history":[{"count":0,"href":"https:\/\/verdadeon.com.br\/portal\/wp-json\/wp\/v2\/posts\/5340\/revisions"}],"wp:featuredmedia":[{"embeddable":true,"href":"https:\/\/verdadeon.com.br\/portal\/wp-json\/wp\/v2\/media\/5342"}],"wp:attachment":[{"href":"https:\/\/verdadeon.com.br\/portal\/wp-json\/wp\/v2\/media?parent=5340"}],"wp:term":[{"taxonomy":"category","embeddable":true,"href":"https:\/\/verdadeon.com.br\/portal\/wp-json\/wp\/v2\/categories?post=5340"},{"taxonomy":"post_tag","embeddable":true,"href":"https:\/\/verdadeon.com.br\/portal\/wp-json\/wp\/v2\/tags?post=5340"}],"curies":[{"name":"wp","href":"https:\/\/api.w.org\/{rel}","templated":true}]}}