{"id":53263,"date":"2025-01-21T13:43:38","date_gmt":"2025-01-21T16:43:38","guid":{"rendered":"https:\/\/verdadeon.com.br\/portal\/?p=53263"},"modified":"2025-01-21T13:43:38","modified_gmt":"2025-01-21T16:43:38","slug":"procuradoria-geral-do-municipio-cobra-na-justica-r-28-milhoes-em-atraso-de-iptu","status":"publish","type":"post","link":"https:\/\/verdadeon.com.br\/portal\/2025\/01\/21\/procuradoria-geral-do-municipio-cobra-na-justica-r-28-milhoes-em-atraso-de-iptu\/","title":{"rendered":"Procuradoria Geral do Munic\u00edpio cobra na justi\u00e7a R$ 28 milh\u00f5es em atraso de IPTU"},"content":{"rendered":"<h2>S\u00e3o mais de 43 mil impostos n\u00e3o pagos<\/h2>\n<p style=\"text-align: right;\"><em><strong>Por Pedro Maia<\/strong><\/em><br \/>\n<em><strong>Editor-chefe<\/strong><\/em><\/p>\n<p>Na \u00faltima sexta-feira, 17, a Procuradoria Geral do Munic\u00edpio de Franca registrou, no Di\u00e1rio Oficial do Munic\u00edpio, a inscri\u00e7\u00e3o de 43.618 d\u00e9bitos na d\u00edvida ativa pelo n\u00e3o pagamento do IPTU (Imposto Predial e Territorial Urbano), referente ao exerc\u00edcio de 2024. Os impostos somam R$ 28.869.633,63 (vinte e oito milh\u00f5es, oitocentos e sessenta e nove mil, seiscentos e trinta e tr\u00eas reais e sessenta e tr\u00eas centavos).<\/p>\n<p>O relat\u00f3rio apresentado no documento oficial est\u00e1 inserido em 928 p\u00e1ginas com o n\u00famero de cadastro dos respectivos im\u00f3veis em situa\u00e7\u00e3o irregular quanto ao pagamento dos atrasados. Os valores totais ser\u00e3o cobrados na forma administrativa, quando realizada por protesto em cart\u00f3rio, por exemplo, e\/ou nas vias judiciais.<\/p>\n<p><strong>Como regularizar?<\/strong><\/p>\n<div>Os contribuintes com impostos em atraso do ano passado podem pag\u00e1-los utilizando a guia que deve ser emitida no site da Prefeitura, no Servi\u00e7o de D\u00edvida Ativa, no link <a href=\"https:\/\/www.franca.sp.gov.br\/pmf-divida-ativa\/\" target=\"_blank\" rel=\"noopener\" data-saferedirecturl=\"https:\/\/www.google.com\/url?q=https:\/\/www.franca.sp.gov.br\/pmf-divida-ativa\/&amp;source=gmail&amp;ust=1737564081655000&amp;usg=AOvVaw271KWB8utPnh2PpVbKEePo\">https:\/\/www.franca.sp.gov.br\/<wbr \/>pmf-divida-ativa\/<\/a>. As pessoas que desejarem parcelar devem procurar o Setor de D\u00edvida Ativa ou enviar o pedido com os dados do im\u00f3vel no e-mail\u00a0<a href=\"mailto:divida@franca.sp.gov.br\" target=\"_blank\" rel=\"noopener\">divida@franca.sp.gov.br<\/a>\u00a0e ou no Regularize Zap (16) 3711-9102 e receber\u00e3o as orienta\u00e7\u00f5es sobre como proceder.<\/div>\n","protected":false},"excerpt":{"rendered":"<p>S\u00e3o mais de 43 mil impostos n\u00e3o pagos Por Pedro Maia Editor-chefe Na \u00faltima sexta-feira, 17, a Procuradoria Geral do Munic\u00edpio de Franca registrou, no Di\u00e1rio<span class=\"excerpt-hellip\"> [\u2026]<\/span><\/p>\n","protected":false},"author":10,"featured_media":52788,"comment_status":"open","ping_status":"open","sticky":false,"template":"","format":"standard","meta":{"_jetpack_memberships_contains_paid_content":false,"footnotes":"","jetpack_publicize_message":"","jetpack_publicize_feature_enabled":true,"jetpack_social_post_already_shared":true,"jetpack_social_options":{"image_generator_settings":{"template":"highway","default_image_id":0,"enabled":false},"version":2}},"categories":[28,81],"tags":[],"class_list":["post-53263","post","type-post","status-publish","format-standard","has-post-thumbnail","hentry","category-cotidiano","category-manchete"],"yoast_head":"<!-- This site is optimized with the Yoast SEO plugin v25.6 - https:\/\/yoast.com\/wordpress\/plugins\/seo\/ -->\n<title>Procuradoria Geral do Munic\u00edpio cobra na justi\u00e7a R$ 28 milh\u00f5es em atraso de IPTU - VerdadeOn<\/title>\n<meta name=\"robots\" content=\"index, follow, max-snippet:-1, max-image-preview:large, max-video-preview:-1\" \/>\n<link rel=\"canonical\" href=\"https:\/\/verdadeon.com.br\/portal\/2025\/01\/21\/procuradoria-geral-do-municipio-cobra-na-justica-r-28-milhoes-em-atraso-de-iptu\/\" \/>\n<meta property=\"og:locale\" content=\"pt_BR\" \/>\n<meta property=\"og:type\" content=\"article\" \/>\n<meta property=\"og:title\" content=\"Procuradoria Geral do Munic\u00edpio cobra na justi\u00e7a R$ 28 milh\u00f5es em atraso de IPTU - VerdadeOn\" \/>\n<meta property=\"og:description\" content=\"S\u00e3o mais de 43 mil impostos n\u00e3o pagos Por Pedro Maia Editor-chefe Na \u00faltima sexta-feira, 17, a Procuradoria Geral do Munic\u00edpio de Franca registrou, no Di\u00e1rio [\u2026]\" \/>\n<meta property=\"og:url\" content=\"https:\/\/verdadeon.com.br\/portal\/2025\/01\/21\/procuradoria-geral-do-municipio-cobra-na-justica-r-28-milhoes-em-atraso-de-iptu\/\" \/>\n<meta property=\"og:site_name\" content=\"VerdadeOn\" \/>\n<meta property=\"article:published_time\" content=\"2025-01-21T16:43:38+00:00\" \/>\n<meta property=\"og:image\" content=\"https:\/\/verdadeon.com.br\/portal\/wp-content\/uploads\/2025\/01\/IPTU-2025.jpeg\" \/>\n\t<meta property=\"og:image:width\" content=\"1302\" \/>\n\t<meta property=\"og:image:height\" content=\"872\" \/>\n\t<meta property=\"og:image:type\" content=\"image\/jpeg\" \/>\n<meta name=\"author\" content=\"Redacao VerdadeOn\" \/>\n<meta name=\"twitter:card\" content=\"summary_large_image\" \/>\n<meta name=\"twitter:label1\" content=\"Escrito por\" \/>\n\t<meta name=\"twitter:data1\" content=\"Redacao VerdadeOn\" \/>\n\t<meta name=\"twitter:label2\" content=\"Est. tempo de leitura\" \/>\n\t<meta name=\"twitter:data2\" content=\"2 minutos\" \/>\n<script type=\"application\/ld+json\" class=\"yoast-schema-graph\">{\"@context\":\"https:\/\/schema.org\",\"@graph\":[{\"@type\":\"WebPage\",\"@id\":\"https:\/\/verdadeon.com.br\/portal\/2025\/01\/21\/procuradoria-geral-do-municipio-cobra-na-justica-r-28-milhoes-em-atraso-de-iptu\/\",\"url\":\"https:\/\/verdadeon.com.br\/portal\/2025\/01\/21\/procuradoria-geral-do-municipio-cobra-na-justica-r-28-milhoes-em-atraso-de-iptu\/\",\"name\":\"Procuradoria Geral do Munic\u00edpio cobra na justi\u00e7a R$ 28 milh\u00f5es em atraso de IPTU - VerdadeOn\",\"isPartOf\":{\"@id\":\"https:\/\/verdadeon.com.br\/portal\/#website\"},\"primaryImageOfPage\":{\"@id\":\"https:\/\/verdadeon.com.br\/portal\/2025\/01\/21\/procuradoria-geral-do-municipio-cobra-na-justica-r-28-milhoes-em-atraso-de-iptu\/#primaryimage\"},\"image\":{\"@id\":\"https:\/\/verdadeon.com.br\/portal\/2025\/01\/21\/procuradoria-geral-do-municipio-cobra-na-justica-r-28-milhoes-em-atraso-de-iptu\/#primaryimage\"},\"thumbnailUrl\":\"https:\/\/i0.wp.com\/verdadeon.com.br\/portal\/wp-content\/uploads\/2025\/01\/IPTU-2025.jpeg?fit=1302%2C872&ssl=1\",\"datePublished\":\"2025-01-21T16:43:38+00:00\",\"author\":{\"@id\":\"https:\/\/verdadeon.com.br\/portal\/#\/schema\/person\/a5060ad1e9ea3df545188fc93ce43d2f\"},\"breadcrumb\":{\"@id\":\"https:\/\/verdadeon.com.br\/portal\/2025\/01\/21\/procuradoria-geral-do-municipio-cobra-na-justica-r-28-milhoes-em-atraso-de-iptu\/#breadcrumb\"},\"inLanguage\":\"pt-BR\",\"potentialAction\":[{\"@type\":\"ReadAction\",\"target\":[\"https:\/\/verdadeon.com.br\/portal\/2025\/01\/21\/procuradoria-geral-do-municipio-cobra-na-justica-r-28-milhoes-em-atraso-de-iptu\/\"]}]},{\"@type\":\"ImageObject\",\"inLanguage\":\"pt-BR\",\"@id\":\"https:\/\/verdadeon.com.br\/portal\/2025\/01\/21\/procuradoria-geral-do-municipio-cobra-na-justica-r-28-milhoes-em-atraso-de-iptu\/#primaryimage\",\"url\":\"https:\/\/i0.wp.com\/verdadeon.com.br\/portal\/wp-content\/uploads\/2025\/01\/IPTU-2025.jpeg?fit=1302%2C872&ssl=1\",\"contentUrl\":\"https:\/\/i0.wp.com\/verdadeon.com.br\/portal\/wp-content\/uploads\/2025\/01\/IPTU-2025.jpeg?fit=1302%2C872&ssl=1\",\"width\":1302,\"height\":872,\"caption\":\"Pedidos de isen\u00e7\u00e3o ou redu\u00e7\u00e3o de IPTU possuem requisitos diferentes (\u00a9Divulga\u00e7\u00e3o)\"},{\"@type\":\"BreadcrumbList\",\"@id\":\"https:\/\/verdadeon.com.br\/portal\/2025\/01\/21\/procuradoria-geral-do-municipio-cobra-na-justica-r-28-milhoes-em-atraso-de-iptu\/#breadcrumb\",\"itemListElement\":[{\"@type\":\"ListItem\",\"position\":1,\"name\":\"In\u00edcio\",\"item\":\"https:\/\/verdadeon.com.br\/portal\/\"},{\"@type\":\"ListItem\",\"position\":2,\"name\":\"Procuradoria Geral do Munic\u00edpio cobra na justi\u00e7a R$ 28 milh\u00f5es em atraso de IPTU\"}]},{\"@type\":\"WebSite\",\"@id\":\"https:\/\/verdadeon.com.br\/portal\/#website\",\"url\":\"https:\/\/verdadeon.com.br\/portal\/\",\"name\":\"VerdadeOn\",\"description\":\"Not\u00edcias di\u00e1rias sobre Franca, Regi\u00e3o, Esporte, Cultura, Cotidiano, Colunas. Cobertura nos principais eventos da cidade \u00e9 aqui - Verdadeon Franca\",\"potentialAction\":[{\"@type\":\"SearchAction\",\"target\":{\"@type\":\"EntryPoint\",\"urlTemplate\":\"https:\/\/verdadeon.com.br\/portal\/?s={search_term_string}\"},\"query-input\":{\"@type\":\"PropertyValueSpecification\",\"valueRequired\":true,\"valueName\":\"search_term_string\"}}],\"inLanguage\":\"pt-BR\"},{\"@type\":\"Person\",\"@id\":\"https:\/\/verdadeon.com.br\/portal\/#\/schema\/person\/a5060ad1e9ea3df545188fc93ce43d2f\",\"name\":\"Redacao VerdadeOn\",\"image\":{\"@type\":\"ImageObject\",\"inLanguage\":\"pt-BR\",\"@id\":\"https:\/\/verdadeon.com.br\/portal\/#\/schema\/person\/image\/\",\"url\":\"https:\/\/secure.gravatar.com\/avatar\/459a9613caaaf07f582c3d0841eea68bdd66f533e465e6ba8b9cb45619572cf4?s=96&d=mm&r=g\",\"contentUrl\":\"https:\/\/secure.gravatar.com\/avatar\/459a9613caaaf07f582c3d0841eea68bdd66f533e465e6ba8b9cb45619572cf4?s=96&d=mm&r=g\",\"caption\":\"Redacao VerdadeOn\"},\"url\":\"https:\/\/verdadeon.com.br\/portal\/author\/redacao\/\"}]}<\/script>\n<!-- \/ Yoast SEO plugin. -->","yoast_head_json":{"title":"Procuradoria Geral do Munic\u00edpio cobra na justi\u00e7a R$ 28 milh\u00f5es em atraso de IPTU - VerdadeOn","robots":{"index":"index","follow":"follow","max-snippet":"max-snippet:-1","max-image-preview":"max-image-preview:large","max-video-preview":"max-video-preview:-1"},"canonical":"https:\/\/verdadeon.com.br\/portal\/2025\/01\/21\/procuradoria-geral-do-municipio-cobra-na-justica-r-28-milhoes-em-atraso-de-iptu\/","og_locale":"pt_BR","og_type":"article","og_title":"Procuradoria Geral do Munic\u00edpio cobra na justi\u00e7a R$ 28 milh\u00f5es em atraso de IPTU - VerdadeOn","og_description":"S\u00e3o mais de 43 mil impostos n\u00e3o pagos Por Pedro Maia Editor-chefe Na \u00faltima sexta-feira, 17, a Procuradoria Geral do Munic\u00edpio de Franca registrou, no Di\u00e1rio [\u2026]","og_url":"https:\/\/verdadeon.com.br\/portal\/2025\/01\/21\/procuradoria-geral-do-municipio-cobra-na-justica-r-28-milhoes-em-atraso-de-iptu\/","og_site_name":"VerdadeOn","article_published_time":"2025-01-21T16:43:38+00:00","og_image":[{"width":1302,"height":872,"url":"https:\/\/verdadeon.com.br\/portal\/wp-content\/uploads\/2025\/01\/IPTU-2025.jpeg","type":"image\/jpeg"}],"author":"Redacao VerdadeOn","twitter_card":"summary_large_image","twitter_misc":{"Escrito por":"Redacao VerdadeOn","Est. tempo de leitura":"2 minutos"},"schema":{"@context":"https:\/\/schema.org","@graph":[{"@type":"WebPage","@id":"https:\/\/verdadeon.com.br\/portal\/2025\/01\/21\/procuradoria-geral-do-municipio-cobra-na-justica-r-28-milhoes-em-atraso-de-iptu\/","url":"https:\/\/verdadeon.com.br\/portal\/2025\/01\/21\/procuradoria-geral-do-municipio-cobra-na-justica-r-28-milhoes-em-atraso-de-iptu\/","name":"Procuradoria Geral do Munic\u00edpio cobra na justi\u00e7a R$ 28 milh\u00f5es em atraso de IPTU - VerdadeOn","isPartOf":{"@id":"https:\/\/verdadeon.com.br\/portal\/#website"},"primaryImageOfPage":{"@id":"https:\/\/verdadeon.com.br\/portal\/2025\/01\/21\/procuradoria-geral-do-municipio-cobra-na-justica-r-28-milhoes-em-atraso-de-iptu\/#primaryimage"},"image":{"@id":"https:\/\/verdadeon.com.br\/portal\/2025\/01\/21\/procuradoria-geral-do-municipio-cobra-na-justica-r-28-milhoes-em-atraso-de-iptu\/#primaryimage"},"thumbnailUrl":"https:\/\/i0.wp.com\/verdadeon.com.br\/portal\/wp-content\/uploads\/2025\/01\/IPTU-2025.jpeg?fit=1302%2C872&ssl=1","datePublished":"2025-01-21T16:43:38+00:00","author":{"@id":"https:\/\/verdadeon.com.br\/portal\/#\/schema\/person\/a5060ad1e9ea3df545188fc93ce43d2f"},"breadcrumb":{"@id":"https:\/\/verdadeon.com.br\/portal\/2025\/01\/21\/procuradoria-geral-do-municipio-cobra-na-justica-r-28-milhoes-em-atraso-de-iptu\/#breadcrumb"},"inLanguage":"pt-BR","potentialAction":[{"@type":"ReadAction","target":["https:\/\/verdadeon.com.br\/portal\/2025\/01\/21\/procuradoria-geral-do-municipio-cobra-na-justica-r-28-milhoes-em-atraso-de-iptu\/"]}]},{"@type":"ImageObject","inLanguage":"pt-BR","@id":"https:\/\/verdadeon.com.br\/portal\/2025\/01\/21\/procuradoria-geral-do-municipio-cobra-na-justica-r-28-milhoes-em-atraso-de-iptu\/#primaryimage","url":"https:\/\/i0.wp.com\/verdadeon.com.br\/portal\/wp-content\/uploads\/2025\/01\/IPTU-2025.jpeg?fit=1302%2C872&ssl=1","contentUrl":"https:\/\/i0.wp.com\/verdadeon.com.br\/portal\/wp-content\/uploads\/2025\/01\/IPTU-2025.jpeg?fit=1302%2C872&ssl=1","width":1302,"height":872,"caption":"Pedidos de isen\u00e7\u00e3o ou redu\u00e7\u00e3o de IPTU possuem requisitos diferentes (\u00a9Divulga\u00e7\u00e3o)"},{"@type":"BreadcrumbList","@id":"https:\/\/verdadeon.com.br\/portal\/2025\/01\/21\/procuradoria-geral-do-municipio-cobra-na-justica-r-28-milhoes-em-atraso-de-iptu\/#breadcrumb","itemListElement":[{"@type":"ListItem","position":1,"name":"In\u00edcio","item":"https:\/\/verdadeon.com.br\/portal\/"},{"@type":"ListItem","position":2,"name":"Procuradoria Geral do Munic\u00edpio cobra na justi\u00e7a R$ 28 milh\u00f5es em atraso de IPTU"}]},{"@type":"WebSite","@id":"https:\/\/verdadeon.com.br\/portal\/#website","url":"https:\/\/verdadeon.com.br\/portal\/","name":"VerdadeOn","description":"Not\u00edcias di\u00e1rias sobre Franca, Regi\u00e3o, Esporte, Cultura, Cotidiano, Colunas. Cobertura nos principais eventos da cidade \u00e9 aqui - Verdadeon Franca","potentialAction":[{"@type":"SearchAction","target":{"@type":"EntryPoint","urlTemplate":"https:\/\/verdadeon.com.br\/portal\/?s={search_term_string}"},"query-input":{"@type":"PropertyValueSpecification","valueRequired":true,"valueName":"search_term_string"}}],"inLanguage":"pt-BR"},{"@type":"Person","@id":"https:\/\/verdadeon.com.br\/portal\/#\/schema\/person\/a5060ad1e9ea3df545188fc93ce43d2f","name":"Redacao VerdadeOn","image":{"@type":"ImageObject","inLanguage":"pt-BR","@id":"https:\/\/verdadeon.com.br\/portal\/#\/schema\/person\/image\/","url":"https:\/\/secure.gravatar.com\/avatar\/459a9613caaaf07f582c3d0841eea68bdd66f533e465e6ba8b9cb45619572cf4?s=96&d=mm&r=g","contentUrl":"https:\/\/secure.gravatar.com\/avatar\/459a9613caaaf07f582c3d0841eea68bdd66f533e465e6ba8b9cb45619572cf4?s=96&d=mm&r=g","caption":"Redacao VerdadeOn"},"url":"https:\/\/verdadeon.com.br\/portal\/author\/redacao\/"}]}},"jetpack_publicize_connections":[],"jetpack_featured_media_url":"https:\/\/i0.wp.com\/verdadeon.com.br\/portal\/wp-content\/uploads\/2025\/01\/IPTU-2025.jpeg?fit=1302%2C872&ssl=1","jetpack_sharing_enabled":true,"_links":{"self":[{"href":"https:\/\/verdadeon.com.br\/portal\/wp-json\/wp\/v2\/posts\/53263","targetHints":{"allow":["GET"]}}],"collection":[{"href":"https:\/\/verdadeon.com.br\/portal\/wp-json\/wp\/v2\/posts"}],"about":[{"href":"https:\/\/verdadeon.com.br\/portal\/wp-json\/wp\/v2\/types\/post"}],"author":[{"embeddable":true,"href":"https:\/\/verdadeon.com.br\/portal\/wp-json\/wp\/v2\/users\/10"}],"replies":[{"embeddable":true,"href":"https:\/\/verdadeon.com.br\/portal\/wp-json\/wp\/v2\/comments?post=53263"}],"version-history":[{"count":1,"href":"https:\/\/verdadeon.com.br\/portal\/wp-json\/wp\/v2\/posts\/53263\/revisions"}],"predecessor-version":[{"id":53264,"href":"https:\/\/verdadeon.com.br\/portal\/wp-json\/wp\/v2\/posts\/53263\/revisions\/53264"}],"wp:featuredmedia":[{"embeddable":true,"href":"https:\/\/verdadeon.com.br\/portal\/wp-json\/wp\/v2\/media\/52788"}],"wp:attachment":[{"href":"https:\/\/verdadeon.com.br\/portal\/wp-json\/wp\/v2\/media?parent=53263"}],"wp:term":[{"taxonomy":"category","embeddable":true,"href":"https:\/\/verdadeon.com.br\/portal\/wp-json\/wp\/v2\/categories?post=53263"},{"taxonomy":"post_tag","embeddable":true,"href":"https:\/\/verdadeon.com.br\/portal\/wp-json\/wp\/v2\/tags?post=53263"}],"curies":[{"name":"wp","href":"https:\/\/api.w.org\/{rel}","templated":true}]}}