{"id":53261,"date":"2025-01-21T12:57:31","date_gmt":"2025-01-21T15:57:31","guid":{"rendered":"https:\/\/verdadeon.com.br\/portal\/?p=53261"},"modified":"2025-01-21T16:52:28","modified_gmt":"2025-01-21T19:52:28","slug":"covid-19-franca-investiga-possivel-obito-pela-doenca-em-2025","status":"publish","type":"post","link":"https:\/\/verdadeon.com.br\/portal\/2025\/01\/21\/covid-19-franca-investiga-possivel-obito-pela-doenca-em-2025\/","title":{"rendered":"COVID-19: Franca investiga poss\u00edvel \u00f3bito pela doen\u00e7a em 2025"},"content":{"rendered":"<h2>Casos positivos em janeiro s\u00e3o maiores que os meses de maio e novembro de 2024, individualmente<\/h2>\n<p style=\"text-align: right;\"><em><strong>Por Pedro Maia<\/strong><\/em><br \/>\n<em><strong>Editor-chefe<\/strong><\/em><\/p>\n<p>O Munic\u00edpio de Franca registrou 47 casos postivos de COVID-19 at\u00e9 o dia 16 de janeiro. Os dados foram divulgadas pela Secretaria Municipal de Sa\u00fade. Individualmente, este n\u00famero \u00e9 maior do que o que foi apontado em 2024 nos meses completos de maio, com 39, e novembro, com 43. Ainda, 6 casos s\u00e3o tratados como suspeitos e um \u00f3bito est\u00e1 sendo investigado. O total de casos negativos neste m\u00eas, at\u00e9 a data mencionada, \u00e9 de 223.<\/p>\n<p><b>Relat\u00f3rio COVID-19 2024<\/b><\/p>\n<p>Em 2024, 368 casos foram notificados no primeiro m\u00eas do ano em decorr\u00eancia do coronav\u00edrus <b>SARS-CoV-2<\/b>. Entretanto, esses n\u00fameros subiram 393,4% no m\u00eas de fevereiro, quando as estat\u00edsticas chegaram a 1.816. De fevereiro para mar\u00e7o, houve queda de 19,27%, indo a 1.466. Posteriormente, os casos ca\u00edram drasticamente, anotando 93 em abril e 39 em maio.<\/p>\n<p>No m\u00eas de junho, embora em baixa, os casos subiram levemente para 70. Mais que dobraram em julho, com 151 e, outra vez, mais que dobrou em agosto, com 387. Em setembro, 352 notifica\u00e7\u00f5es foram relatadas. Em outubro, os casos ca\u00edram para menos da metade, chegando a 109, e reduziu ainda mais em novembro, com 43. Em dezembro foram 64 ocorr\u00eancias.<\/p>\n<p>O total de casos positivos no ano de 2024 foi de 4.958. Casos negativos somaram praticamente o triplo, 16.835. 15 enfermos foram a \u00f3bito pela doen\u00e7a.<\/p>\n","protected":false},"excerpt":{"rendered":"<p>Casos positivos em janeiro s\u00e3o maiores que os meses de maio e novembro de 2024, individualmente Por Pedro Maia Editor-chefe O Munic\u00edpio de Franca registrou 47<span class=\"excerpt-hellip\"> [\u2026]<\/span><\/p>\n","protected":false},"author":10,"featured_media":34599,"comment_status":"open","ping_status":"open","sticky":false,"template":"","format":"standard","meta":{"_jetpack_memberships_contains_paid_content":false,"footnotes":"","jetpack_publicize_message":"","jetpack_publicize_feature_enabled":true,"jetpack_social_post_already_shared":true,"jetpack_social_options":{"image_generator_settings":{"template":"highway","default_image_id":0,"enabled":false},"version":2}},"categories":[28,81],"tags":[],"class_list":["post-53261","post","type-post","status-publish","format-standard","has-post-thumbnail","hentry","category-cotidiano","category-manchete"],"yoast_head":"<!-- This site is optimized with the Yoast SEO plugin v25.6 - https:\/\/yoast.com\/wordpress\/plugins\/seo\/ -->\n<title>COVID-19: Franca investiga poss\u00edvel \u00f3bito pela doen\u00e7a em 2025 - VerdadeOn<\/title>\n<meta name=\"robots\" content=\"index, follow, max-snippet:-1, max-image-preview:large, max-video-preview:-1\" \/>\n<link rel=\"canonical\" href=\"https:\/\/verdadeon.com.br\/portal\/2025\/01\/21\/covid-19-franca-investiga-possivel-obito-pela-doenca-em-2025\/\" \/>\n<meta property=\"og:locale\" content=\"pt_BR\" \/>\n<meta property=\"og:type\" content=\"article\" \/>\n<meta property=\"og:title\" content=\"COVID-19: Franca investiga poss\u00edvel \u00f3bito pela doen\u00e7a em 2025 - VerdadeOn\" \/>\n<meta property=\"og:description\" content=\"Casos positivos em janeiro s\u00e3o maiores que os meses de maio e novembro de 2024, individualmente Por Pedro Maia Editor-chefe O Munic\u00edpio de Franca registrou 47 [\u2026]\" \/>\n<meta property=\"og:url\" content=\"https:\/\/verdadeon.com.br\/portal\/2025\/01\/21\/covid-19-franca-investiga-possivel-obito-pela-doenca-em-2025\/\" \/>\n<meta property=\"og:site_name\" content=\"VerdadeOn\" \/>\n<meta property=\"article:published_time\" content=\"2025-01-21T15:57:31+00:00\" \/>\n<meta property=\"article:modified_time\" content=\"2025-01-21T19:52:28+00:00\" \/>\n<meta property=\"og:image\" content=\"https:\/\/verdadeon.com.br\/portal\/wp-content\/uploads\/2023\/05\/IMG_8445.jpg\" \/>\n\t<meta property=\"og:image:width\" content=\"1000\" \/>\n\t<meta property=\"og:image:height\" content=\"670\" \/>\n\t<meta property=\"og:image:type\" content=\"image\/jpeg\" \/>\n<meta name=\"author\" content=\"Redacao VerdadeOn\" \/>\n<meta name=\"twitter:card\" content=\"summary_large_image\" \/>\n<meta name=\"twitter:label1\" content=\"Escrito por\" \/>\n\t<meta name=\"twitter:data1\" content=\"Redacao VerdadeOn\" \/>\n\t<meta name=\"twitter:label2\" content=\"Est. tempo de leitura\" \/>\n\t<meta name=\"twitter:data2\" content=\"2 minutos\" \/>\n<script type=\"application\/ld+json\" class=\"yoast-schema-graph\">{\"@context\":\"https:\/\/schema.org\",\"@graph\":[{\"@type\":\"WebPage\",\"@id\":\"https:\/\/verdadeon.com.br\/portal\/2025\/01\/21\/covid-19-franca-investiga-possivel-obito-pela-doenca-em-2025\/\",\"url\":\"https:\/\/verdadeon.com.br\/portal\/2025\/01\/21\/covid-19-franca-investiga-possivel-obito-pela-doenca-em-2025\/\",\"name\":\"COVID-19: Franca investiga poss\u00edvel \u00f3bito pela doen\u00e7a em 2025 - VerdadeOn\",\"isPartOf\":{\"@id\":\"https:\/\/verdadeon.com.br\/portal\/#website\"},\"primaryImageOfPage\":{\"@id\":\"https:\/\/verdadeon.com.br\/portal\/2025\/01\/21\/covid-19-franca-investiga-possivel-obito-pela-doenca-em-2025\/#primaryimage\"},\"image\":{\"@id\":\"https:\/\/verdadeon.com.br\/portal\/2025\/01\/21\/covid-19-franca-investiga-possivel-obito-pela-doenca-em-2025\/#primaryimage\"},\"thumbnailUrl\":\"https:\/\/i0.wp.com\/verdadeon.com.br\/portal\/wp-content\/uploads\/2023\/05\/IMG_8445.jpg?fit=1000%2C670&ssl=1\",\"datePublished\":\"2025-01-21T15:57:31+00:00\",\"dateModified\":\"2025-01-21T19:52:28+00:00\",\"author\":{\"@id\":\"https:\/\/verdadeon.com.br\/portal\/#\/schema\/person\/a5060ad1e9ea3df545188fc93ce43d2f\"},\"breadcrumb\":{\"@id\":\"https:\/\/verdadeon.com.br\/portal\/2025\/01\/21\/covid-19-franca-investiga-possivel-obito-pela-doenca-em-2025\/#breadcrumb\"},\"inLanguage\":\"pt-BR\",\"potentialAction\":[{\"@type\":\"ReadAction\",\"target\":[\"https:\/\/verdadeon.com.br\/portal\/2025\/01\/21\/covid-19-franca-investiga-possivel-obito-pela-doenca-em-2025\/\"]}]},{\"@type\":\"ImageObject\",\"inLanguage\":\"pt-BR\",\"@id\":\"https:\/\/verdadeon.com.br\/portal\/2025\/01\/21\/covid-19-franca-investiga-possivel-obito-pela-doenca-em-2025\/#primaryimage\",\"url\":\"https:\/\/i0.wp.com\/verdadeon.com.br\/portal\/wp-content\/uploads\/2023\/05\/IMG_8445.jpg?fit=1000%2C670&ssl=1\",\"contentUrl\":\"https:\/\/i0.wp.com\/verdadeon.com.br\/portal\/wp-content\/uploads\/2023\/05\/IMG_8445.jpg?fit=1000%2C670&ssl=1\",\"width\":1000,\"height\":670,\"caption\":\"47 casos positivos de COVID-19 foram notificados na primeira quinzena de janeiro (\u00a9Divulga\u00e7\u00e3o)\"},{\"@type\":\"BreadcrumbList\",\"@id\":\"https:\/\/verdadeon.com.br\/portal\/2025\/01\/21\/covid-19-franca-investiga-possivel-obito-pela-doenca-em-2025\/#breadcrumb\",\"itemListElement\":[{\"@type\":\"ListItem\",\"position\":1,\"name\":\"In\u00edcio\",\"item\":\"https:\/\/verdadeon.com.br\/portal\/\"},{\"@type\":\"ListItem\",\"position\":2,\"name\":\"COVID-19: Franca investiga poss\u00edvel \u00f3bito pela doen\u00e7a em 2025\"}]},{\"@type\":\"WebSite\",\"@id\":\"https:\/\/verdadeon.com.br\/portal\/#website\",\"url\":\"https:\/\/verdadeon.com.br\/portal\/\",\"name\":\"VerdadeOn\",\"description\":\"Not\u00edcias di\u00e1rias sobre Franca, Regi\u00e3o, Esporte, Cultura, Cotidiano, Colunas. Cobertura nos principais eventos da cidade \u00e9 aqui - Verdadeon Franca\",\"potentialAction\":[{\"@type\":\"SearchAction\",\"target\":{\"@type\":\"EntryPoint\",\"urlTemplate\":\"https:\/\/verdadeon.com.br\/portal\/?s={search_term_string}\"},\"query-input\":{\"@type\":\"PropertyValueSpecification\",\"valueRequired\":true,\"valueName\":\"search_term_string\"}}],\"inLanguage\":\"pt-BR\"},{\"@type\":\"Person\",\"@id\":\"https:\/\/verdadeon.com.br\/portal\/#\/schema\/person\/a5060ad1e9ea3df545188fc93ce43d2f\",\"name\":\"Redacao VerdadeOn\",\"image\":{\"@type\":\"ImageObject\",\"inLanguage\":\"pt-BR\",\"@id\":\"https:\/\/verdadeon.com.br\/portal\/#\/schema\/person\/image\/\",\"url\":\"https:\/\/secure.gravatar.com\/avatar\/459a9613caaaf07f582c3d0841eea68bdd66f533e465e6ba8b9cb45619572cf4?s=96&d=mm&r=g\",\"contentUrl\":\"https:\/\/secure.gravatar.com\/avatar\/459a9613caaaf07f582c3d0841eea68bdd66f533e465e6ba8b9cb45619572cf4?s=96&d=mm&r=g\",\"caption\":\"Redacao VerdadeOn\"},\"url\":\"https:\/\/verdadeon.com.br\/portal\/author\/redacao\/\"}]}<\/script>\n<!-- \/ Yoast SEO plugin. -->","yoast_head_json":{"title":"COVID-19: Franca investiga poss\u00edvel \u00f3bito pela doen\u00e7a em 2025 - VerdadeOn","robots":{"index":"index","follow":"follow","max-snippet":"max-snippet:-1","max-image-preview":"max-image-preview:large","max-video-preview":"max-video-preview:-1"},"canonical":"https:\/\/verdadeon.com.br\/portal\/2025\/01\/21\/covid-19-franca-investiga-possivel-obito-pela-doenca-em-2025\/","og_locale":"pt_BR","og_type":"article","og_title":"COVID-19: Franca investiga poss\u00edvel \u00f3bito pela doen\u00e7a em 2025 - VerdadeOn","og_description":"Casos positivos em janeiro s\u00e3o maiores que os meses de maio e novembro de 2024, individualmente Por Pedro Maia Editor-chefe O Munic\u00edpio de Franca registrou 47 [\u2026]","og_url":"https:\/\/verdadeon.com.br\/portal\/2025\/01\/21\/covid-19-franca-investiga-possivel-obito-pela-doenca-em-2025\/","og_site_name":"VerdadeOn","article_published_time":"2025-01-21T15:57:31+00:00","article_modified_time":"2025-01-21T19:52:28+00:00","og_image":[{"width":1000,"height":670,"url":"https:\/\/verdadeon.com.br\/portal\/wp-content\/uploads\/2023\/05\/IMG_8445.jpg","type":"image\/jpeg"}],"author":"Redacao VerdadeOn","twitter_card":"summary_large_image","twitter_misc":{"Escrito por":"Redacao VerdadeOn","Est. tempo de leitura":"2 minutos"},"schema":{"@context":"https:\/\/schema.org","@graph":[{"@type":"WebPage","@id":"https:\/\/verdadeon.com.br\/portal\/2025\/01\/21\/covid-19-franca-investiga-possivel-obito-pela-doenca-em-2025\/","url":"https:\/\/verdadeon.com.br\/portal\/2025\/01\/21\/covid-19-franca-investiga-possivel-obito-pela-doenca-em-2025\/","name":"COVID-19: Franca investiga poss\u00edvel \u00f3bito pela doen\u00e7a em 2025 - VerdadeOn","isPartOf":{"@id":"https:\/\/verdadeon.com.br\/portal\/#website"},"primaryImageOfPage":{"@id":"https:\/\/verdadeon.com.br\/portal\/2025\/01\/21\/covid-19-franca-investiga-possivel-obito-pela-doenca-em-2025\/#primaryimage"},"image":{"@id":"https:\/\/verdadeon.com.br\/portal\/2025\/01\/21\/covid-19-franca-investiga-possivel-obito-pela-doenca-em-2025\/#primaryimage"},"thumbnailUrl":"https:\/\/i0.wp.com\/verdadeon.com.br\/portal\/wp-content\/uploads\/2023\/05\/IMG_8445.jpg?fit=1000%2C670&ssl=1","datePublished":"2025-01-21T15:57:31+00:00","dateModified":"2025-01-21T19:52:28+00:00","author":{"@id":"https:\/\/verdadeon.com.br\/portal\/#\/schema\/person\/a5060ad1e9ea3df545188fc93ce43d2f"},"breadcrumb":{"@id":"https:\/\/verdadeon.com.br\/portal\/2025\/01\/21\/covid-19-franca-investiga-possivel-obito-pela-doenca-em-2025\/#breadcrumb"},"inLanguage":"pt-BR","potentialAction":[{"@type":"ReadAction","target":["https:\/\/verdadeon.com.br\/portal\/2025\/01\/21\/covid-19-franca-investiga-possivel-obito-pela-doenca-em-2025\/"]}]},{"@type":"ImageObject","inLanguage":"pt-BR","@id":"https:\/\/verdadeon.com.br\/portal\/2025\/01\/21\/covid-19-franca-investiga-possivel-obito-pela-doenca-em-2025\/#primaryimage","url":"https:\/\/i0.wp.com\/verdadeon.com.br\/portal\/wp-content\/uploads\/2023\/05\/IMG_8445.jpg?fit=1000%2C670&ssl=1","contentUrl":"https:\/\/i0.wp.com\/verdadeon.com.br\/portal\/wp-content\/uploads\/2023\/05\/IMG_8445.jpg?fit=1000%2C670&ssl=1","width":1000,"height":670,"caption":"47 casos positivos de COVID-19 foram notificados na primeira quinzena de janeiro (\u00a9Divulga\u00e7\u00e3o)"},{"@type":"BreadcrumbList","@id":"https:\/\/verdadeon.com.br\/portal\/2025\/01\/21\/covid-19-franca-investiga-possivel-obito-pela-doenca-em-2025\/#breadcrumb","itemListElement":[{"@type":"ListItem","position":1,"name":"In\u00edcio","item":"https:\/\/verdadeon.com.br\/portal\/"},{"@type":"ListItem","position":2,"name":"COVID-19: Franca investiga poss\u00edvel \u00f3bito pela doen\u00e7a em 2025"}]},{"@type":"WebSite","@id":"https:\/\/verdadeon.com.br\/portal\/#website","url":"https:\/\/verdadeon.com.br\/portal\/","name":"VerdadeOn","description":"Not\u00edcias di\u00e1rias sobre Franca, Regi\u00e3o, Esporte, Cultura, Cotidiano, Colunas. Cobertura nos principais eventos da cidade \u00e9 aqui - Verdadeon Franca","potentialAction":[{"@type":"SearchAction","target":{"@type":"EntryPoint","urlTemplate":"https:\/\/verdadeon.com.br\/portal\/?s={search_term_string}"},"query-input":{"@type":"PropertyValueSpecification","valueRequired":true,"valueName":"search_term_string"}}],"inLanguage":"pt-BR"},{"@type":"Person","@id":"https:\/\/verdadeon.com.br\/portal\/#\/schema\/person\/a5060ad1e9ea3df545188fc93ce43d2f","name":"Redacao VerdadeOn","image":{"@type":"ImageObject","inLanguage":"pt-BR","@id":"https:\/\/verdadeon.com.br\/portal\/#\/schema\/person\/image\/","url":"https:\/\/secure.gravatar.com\/avatar\/459a9613caaaf07f582c3d0841eea68bdd66f533e465e6ba8b9cb45619572cf4?s=96&d=mm&r=g","contentUrl":"https:\/\/secure.gravatar.com\/avatar\/459a9613caaaf07f582c3d0841eea68bdd66f533e465e6ba8b9cb45619572cf4?s=96&d=mm&r=g","caption":"Redacao VerdadeOn"},"url":"https:\/\/verdadeon.com.br\/portal\/author\/redacao\/"}]}},"jetpack_publicize_connections":[],"jetpack_featured_media_url":"https:\/\/i0.wp.com\/verdadeon.com.br\/portal\/wp-content\/uploads\/2023\/05\/IMG_8445.jpg?fit=1000%2C670&ssl=1","jetpack_sharing_enabled":true,"_links":{"self":[{"href":"https:\/\/verdadeon.com.br\/portal\/wp-json\/wp\/v2\/posts\/53261","targetHints":{"allow":["GET"]}}],"collection":[{"href":"https:\/\/verdadeon.com.br\/portal\/wp-json\/wp\/v2\/posts"}],"about":[{"href":"https:\/\/verdadeon.com.br\/portal\/wp-json\/wp\/v2\/types\/post"}],"author":[{"embeddable":true,"href":"https:\/\/verdadeon.com.br\/portal\/wp-json\/wp\/v2\/users\/10"}],"replies":[{"embeddable":true,"href":"https:\/\/verdadeon.com.br\/portal\/wp-json\/wp\/v2\/comments?post=53261"}],"version-history":[{"count":2,"href":"https:\/\/verdadeon.com.br\/portal\/wp-json\/wp\/v2\/posts\/53261\/revisions"}],"predecessor-version":[{"id":53274,"href":"https:\/\/verdadeon.com.br\/portal\/wp-json\/wp\/v2\/posts\/53261\/revisions\/53274"}],"wp:featuredmedia":[{"embeddable":true,"href":"https:\/\/verdadeon.com.br\/portal\/wp-json\/wp\/v2\/media\/34599"}],"wp:attachment":[{"href":"https:\/\/verdadeon.com.br\/portal\/wp-json\/wp\/v2\/media?parent=53261"}],"wp:term":[{"taxonomy":"category","embeddable":true,"href":"https:\/\/verdadeon.com.br\/portal\/wp-json\/wp\/v2\/categories?post=53261"},{"taxonomy":"post_tag","embeddable":true,"href":"https:\/\/verdadeon.com.br\/portal\/wp-json\/wp\/v2\/tags?post=53261"}],"curies":[{"name":"wp","href":"https:\/\/api.w.org\/{rel}","templated":true}]}}