{"id":5324,"date":"2020-03-20T07:00:10","date_gmt":"2020-03-20T10:00:10","guid":{"rendered":"http:\/\/verdadeon.com.br\/portal\/?p=5324"},"modified":"2020-03-20T01:21:25","modified_gmt":"2020-03-20T04:21:25","slug":"grupo-santa-casa-de-franca-se-prepara-para-atuar-na-prevencao-e-contencao-do-coronavirus","status":"publish","type":"post","link":"https:\/\/verdadeon.com.br\/portal\/2020\/03\/20\/grupo-santa-casa-de-franca-se-prepara-para-atuar-na-prevencao-e-contencao-do-coronavirus\/","title":{"rendered":"Grupo Santa Casa de Franca se prepara para atuar na preven\u00e7\u00e3o e conten\u00e7\u00e3o do Coronav\u00edrus"},"content":{"rendered":"<h2>Institui\u00e7\u00e3o aplica medidas para preservar funcion\u00e1rios, pacientes e popula\u00e7\u00e3o em geral da transmiss\u00e3o da doen\u00e7a<\/h2>\n<p>&nbsp;<\/p>\n<p>A diretoria do Grupo Santa de Franca comp\u00f4s um Comit\u00ea Interno para COVID-19, com o objetivo de atuar com a\u00e7\u00f5es efetivas para preven\u00e7\u00e3o de cont\u00e1gio de colaboradores, pacientes, acompanhantes e visitantes. Este comit\u00ea interno &#8211; formado por m\u00e9dicos, enfermeiros, gerentes e gestores da institui\u00e7\u00e3o &#8211; atua alinhado ao comit\u00ea municipal que \u00e9 composto pelo DRS-VIII (Departamento Regional de Sa\u00fade) que representa o Governo do Estado, Secretaria Municipal de Sa\u00fade e Promotoria de Justi\u00e7a.<br \/>\nO Grupo Santa Casa de Franca, que \u00e9 composto por tr\u00eas grandes unidades \u2013 Hospital Geral, Hospital do Cora\u00e7\u00e3o e Hospital do C\u00e2ncer \u2013 divulgou na tarde do dia 18\/3 as medidas preventivas que j\u00e1 est\u00e3o sendo aplicadas, no intuito de diminuir a circula\u00e7\u00e3o de pessoas desnecessariamente nos ambientes dos hospitais, para coibir a transmiss\u00e3o do v\u00edrus.<br \/>\n\u2022 As visitas a pacientes ser\u00e3o suspensas a partir de quarta feira 18\/03\/2020;<br \/>\n\u2022 Cirurgias eletivas suspensas a partir de quarta-feira, 18\/03\/2020;<br \/>\n\u2022 Atividades do Centro de Volunt\u00e1rios suspensas (inicialmente por 15 dias);<br \/>\n\u2022 O servi\u00e7o de Reabilita\u00e7\u00e3o F\u00edsica ser\u00e1 suspenso; atendimento apenas para pacientes com AVC agudo e P\u00f3s-operat\u00f3rio &#8211; 18\/03\/2020;<br \/>\n\u2022 As visitas religiosas, t\u00e9cnicas, de palha\u00e7os e de volunt\u00e1rios foram suspensas a partir de quarta-feira, 18\/03\/2020;<br \/>\n\u2022 Classe Hospitalar est\u00e1 suspensa (imediato);<br \/>\n\u2022 Consultas do Ambulat\u00f3rio Escola ser\u00e3o desmarcadas a partir de segunda-feira, 23\/03\/2020;<br \/>\n\u2022 Atendimentos Oncol\u00f3gicos e de Hemodi\u00e1lise ser\u00e3o mantidos;<br \/>\n\u2022 Alunos no hospital: aulas suspensas a partir de 23\/3;<br \/>\n\u2022 Servi\u00e7o de Ortopedia apenas urg\u00eancia (a partir de 23\/3\/2020);<br \/>\n\u2022 As equipes de Enfermagem e Administrativa receberam treinamento para intensificar os protocolos de lavagem das m\u00e3os e desinfec\u00e7\u00e3o dos equipamentos.<br \/>\nO presidente do Grupo Santa Casa de Franca, Tony Graciano, declara: \u201cEste \u00e9 um momento crucial em que devemos manter uma atitude realista e positiva \u2013 e trabalharmos com foco na conten\u00e7\u00e3o da transmiss\u00e3o do v\u00edrus e no tratamento dos pacientes\u201d.<br \/>\nA m\u00e9dica infectologista Dr. Fernanda G. J. dos Santos, respons\u00e1vel pela CCIH da Santa Casa (Comiss\u00e3o de Controle de Infec\u00e7\u00e3o Hospitalar) faz um apelo \u00e0 popula\u00e7\u00e3o: \u201c\u00c9 importante que a popula\u00e7\u00e3o se conscientize de que apenas uma pequena parcela de pessoas infectadas pelo v\u00edrus desenvolver\u00e1 sintomas mais graves; portanto, pedimos que aqueles que estiverem com sintomas leves permane\u00e7am em casa, e n\u00e3o procurem as unidades de atendimento, pois podem espalhar ainda mais o v\u00edrus; assim, as pessoas que estiverem realmente com sintomas graves poder\u00e3o ser tratadas adequadamente e ter suas vidas resguardadas\u201d, informou a Dra. Fernanda dos Santos.<br \/>\nO Grupo Santa Casa de Franca pede que a popula\u00e7\u00e3o da cidade e da regi\u00e3o se mantenha calma e confiante, praticando as medidas de isolamento social, para evitar a propaga\u00e7\u00e3o do v\u00edrus e direcionando as pessoas com sintomas agudos para as unidades de atendimento.<\/p>\n","protected":false},"excerpt":{"rendered":"<p>Institui\u00e7\u00e3o aplica medidas para preservar funcion\u00e1rios, pacientes e popula\u00e7\u00e3o em geral da transmiss\u00e3o da doen\u00e7a &nbsp; A diretoria do Grupo Santa de Franca comp\u00f4s um Comit\u00ea<span class=\"excerpt-hellip\"> [\u2026]<\/span><\/p>\n","protected":false},"author":10,"featured_media":5325,"comment_status":"open","ping_status":"open","sticky":false,"template":"","format":"standard","meta":{"_jetpack_memberships_contains_paid_content":false,"footnotes":"","jetpack_publicize_message":"","jetpack_publicize_feature_enabled":true,"jetpack_social_post_already_shared":false,"jetpack_social_options":{"image_generator_settings":{"template":"highway","default_image_id":0,"enabled":false},"version":2}},"categories":[44],"tags":[],"class_list":["post-5324","post","type-post","status-publish","format-standard","has-post-thumbnail","hentry","category-noticias"],"yoast_head":"<!-- This site is optimized with the Yoast SEO plugin v25.6 - https:\/\/yoast.com\/wordpress\/plugins\/seo\/ -->\n<title>Grupo Santa Casa de Franca se prepara para atuar na preven\u00e7\u00e3o e conten\u00e7\u00e3o do Coronav\u00edrus - VerdadeOn<\/title>\n<meta name=\"robots\" content=\"index, follow, max-snippet:-1, max-image-preview:large, max-video-preview:-1\" \/>\n<link rel=\"canonical\" href=\"https:\/\/verdadeon.com.br\/portal\/2020\/03\/20\/grupo-santa-casa-de-franca-se-prepara-para-atuar-na-prevencao-e-contencao-do-coronavirus\/\" \/>\n<meta property=\"og:locale\" content=\"pt_BR\" \/>\n<meta property=\"og:type\" content=\"article\" \/>\n<meta property=\"og:title\" content=\"Grupo Santa Casa de Franca se prepara para atuar na preven\u00e7\u00e3o e conten\u00e7\u00e3o do Coronav\u00edrus - VerdadeOn\" \/>\n<meta property=\"og:description\" content=\"Institui\u00e7\u00e3o aplica medidas para preservar funcion\u00e1rios, pacientes e popula\u00e7\u00e3o em geral da transmiss\u00e3o da doen\u00e7a &nbsp; A diretoria do Grupo Santa de Franca comp\u00f4s um Comit\u00ea [\u2026]\" \/>\n<meta property=\"og:url\" content=\"https:\/\/verdadeon.com.br\/portal\/2020\/03\/20\/grupo-santa-casa-de-franca-se-prepara-para-atuar-na-prevencao-e-contencao-do-coronavirus\/\" \/>\n<meta property=\"og:site_name\" content=\"VerdadeOn\" \/>\n<meta property=\"article:published_time\" content=\"2020-03-20T10:00:10+00:00\" \/>\n<meta property=\"og:image\" content=\"https:\/\/verdadeon.com.br\/portal\/wp-content\/uploads\/2020\/03\/WhatsApp-Image-2020-03-19-at-16.56.04.jpg\" \/>\n\t<meta property=\"og:image:width\" content=\"1000\" \/>\n\t<meta property=\"og:image:height\" content=\"750\" \/>\n\t<meta property=\"og:image:type\" content=\"image\/jpeg\" \/>\n<meta name=\"author\" content=\"Redacao VerdadeOn\" \/>\n<meta name=\"twitter:card\" content=\"summary_large_image\" \/>\n<meta name=\"twitter:label1\" content=\"Escrito por\" \/>\n\t<meta name=\"twitter:data1\" content=\"Redacao VerdadeOn\" \/>\n\t<meta name=\"twitter:label2\" content=\"Est. tempo de leitura\" \/>\n\t<meta name=\"twitter:data2\" content=\"2 minutos\" \/>\n<script type=\"application\/ld+json\" class=\"yoast-schema-graph\">{\"@context\":\"https:\/\/schema.org\",\"@graph\":[{\"@type\":\"WebPage\",\"@id\":\"https:\/\/verdadeon.com.br\/portal\/2020\/03\/20\/grupo-santa-casa-de-franca-se-prepara-para-atuar-na-prevencao-e-contencao-do-coronavirus\/\",\"url\":\"https:\/\/verdadeon.com.br\/portal\/2020\/03\/20\/grupo-santa-casa-de-franca-se-prepara-para-atuar-na-prevencao-e-contencao-do-coronavirus\/\",\"name\":\"Grupo Santa Casa de Franca se prepara para atuar na preven\u00e7\u00e3o e conten\u00e7\u00e3o do Coronav\u00edrus - VerdadeOn\",\"isPartOf\":{\"@id\":\"https:\/\/verdadeon.com.br\/portal\/#website\"},\"primaryImageOfPage\":{\"@id\":\"https:\/\/verdadeon.com.br\/portal\/2020\/03\/20\/grupo-santa-casa-de-franca-se-prepara-para-atuar-na-prevencao-e-contencao-do-coronavirus\/#primaryimage\"},\"image\":{\"@id\":\"https:\/\/verdadeon.com.br\/portal\/2020\/03\/20\/grupo-santa-casa-de-franca-se-prepara-para-atuar-na-prevencao-e-contencao-do-coronavirus\/#primaryimage\"},\"thumbnailUrl\":\"https:\/\/i0.wp.com\/verdadeon.com.br\/portal\/wp-content\/uploads\/2020\/03\/WhatsApp-Image-2020-03-19-at-16.56.04.jpg?fit=1000%2C750&ssl=1\",\"datePublished\":\"2020-03-20T10:00:10+00:00\",\"author\":{\"@id\":\"https:\/\/verdadeon.com.br\/portal\/#\/schema\/person\/a5060ad1e9ea3df545188fc93ce43d2f\"},\"breadcrumb\":{\"@id\":\"https:\/\/verdadeon.com.br\/portal\/2020\/03\/20\/grupo-santa-casa-de-franca-se-prepara-para-atuar-na-prevencao-e-contencao-do-coronavirus\/#breadcrumb\"},\"inLanguage\":\"pt-BR\",\"potentialAction\":[{\"@type\":\"ReadAction\",\"target\":[\"https:\/\/verdadeon.com.br\/portal\/2020\/03\/20\/grupo-santa-casa-de-franca-se-prepara-para-atuar-na-prevencao-e-contencao-do-coronavirus\/\"]}]},{\"@type\":\"ImageObject\",\"inLanguage\":\"pt-BR\",\"@id\":\"https:\/\/verdadeon.com.br\/portal\/2020\/03\/20\/grupo-santa-casa-de-franca-se-prepara-para-atuar-na-prevencao-e-contencao-do-coronavirus\/#primaryimage\",\"url\":\"https:\/\/i0.wp.com\/verdadeon.com.br\/portal\/wp-content\/uploads\/2020\/03\/WhatsApp-Image-2020-03-19-at-16.56.04.jpg?fit=1000%2C750&ssl=1\",\"contentUrl\":\"https:\/\/i0.wp.com\/verdadeon.com.br\/portal\/wp-content\/uploads\/2020\/03\/WhatsApp-Image-2020-03-19-at-16.56.04.jpg?fit=1000%2C750&ssl=1\",\"width\":1000,\"height\":750,\"caption\":\"Cuidados O grupo Santa Casa de Franca pediu que a popula\u00e7\u00e3o se mantenha calma e confiante praticando as medidas de isolamento social | Foto: Lindomar Cailton\"},{\"@type\":\"BreadcrumbList\",\"@id\":\"https:\/\/verdadeon.com.br\/portal\/2020\/03\/20\/grupo-santa-casa-de-franca-se-prepara-para-atuar-na-prevencao-e-contencao-do-coronavirus\/#breadcrumb\",\"itemListElement\":[{\"@type\":\"ListItem\",\"position\":1,\"name\":\"In\u00edcio\",\"item\":\"https:\/\/verdadeon.com.br\/portal\/\"},{\"@type\":\"ListItem\",\"position\":2,\"name\":\"Grupo Santa Casa de Franca se prepara para atuar na preven\u00e7\u00e3o e conten\u00e7\u00e3o do Coronav\u00edrus\"}]},{\"@type\":\"WebSite\",\"@id\":\"https:\/\/verdadeon.com.br\/portal\/#website\",\"url\":\"https:\/\/verdadeon.com.br\/portal\/\",\"name\":\"VerdadeOn\",\"description\":\"Not\u00edcias di\u00e1rias sobre Franca, Regi\u00e3o, Esporte, Cultura, Cotidiano, Colunas. Cobertura nos principais eventos da cidade \u00e9 aqui - Verdadeon Franca\",\"potentialAction\":[{\"@type\":\"SearchAction\",\"target\":{\"@type\":\"EntryPoint\",\"urlTemplate\":\"https:\/\/verdadeon.com.br\/portal\/?s={search_term_string}\"},\"query-input\":{\"@type\":\"PropertyValueSpecification\",\"valueRequired\":true,\"valueName\":\"search_term_string\"}}],\"inLanguage\":\"pt-BR\"},{\"@type\":\"Person\",\"@id\":\"https:\/\/verdadeon.com.br\/portal\/#\/schema\/person\/a5060ad1e9ea3df545188fc93ce43d2f\",\"name\":\"Redacao VerdadeOn\",\"image\":{\"@type\":\"ImageObject\",\"inLanguage\":\"pt-BR\",\"@id\":\"https:\/\/verdadeon.com.br\/portal\/#\/schema\/person\/image\/\",\"url\":\"https:\/\/secure.gravatar.com\/avatar\/459a9613caaaf07f582c3d0841eea68bdd66f533e465e6ba8b9cb45619572cf4?s=96&d=mm&r=g\",\"contentUrl\":\"https:\/\/secure.gravatar.com\/avatar\/459a9613caaaf07f582c3d0841eea68bdd66f533e465e6ba8b9cb45619572cf4?s=96&d=mm&r=g\",\"caption\":\"Redacao VerdadeOn\"},\"url\":\"https:\/\/verdadeon.com.br\/portal\/author\/redacao\/\"}]}<\/script>\n<!-- \/ Yoast SEO plugin. -->","yoast_head_json":{"title":"Grupo Santa Casa de Franca se prepara para atuar na preven\u00e7\u00e3o e conten\u00e7\u00e3o do Coronav\u00edrus - VerdadeOn","robots":{"index":"index","follow":"follow","max-snippet":"max-snippet:-1","max-image-preview":"max-image-preview:large","max-video-preview":"max-video-preview:-1"},"canonical":"https:\/\/verdadeon.com.br\/portal\/2020\/03\/20\/grupo-santa-casa-de-franca-se-prepara-para-atuar-na-prevencao-e-contencao-do-coronavirus\/","og_locale":"pt_BR","og_type":"article","og_title":"Grupo Santa Casa de Franca se prepara para atuar na preven\u00e7\u00e3o e conten\u00e7\u00e3o do Coronav\u00edrus - VerdadeOn","og_description":"Institui\u00e7\u00e3o aplica medidas para preservar funcion\u00e1rios, pacientes e popula\u00e7\u00e3o em geral da transmiss\u00e3o da doen\u00e7a &nbsp; A diretoria do Grupo Santa de Franca comp\u00f4s um Comit\u00ea [\u2026]","og_url":"https:\/\/verdadeon.com.br\/portal\/2020\/03\/20\/grupo-santa-casa-de-franca-se-prepara-para-atuar-na-prevencao-e-contencao-do-coronavirus\/","og_site_name":"VerdadeOn","article_published_time":"2020-03-20T10:00:10+00:00","og_image":[{"width":1000,"height":750,"url":"https:\/\/verdadeon.com.br\/portal\/wp-content\/uploads\/2020\/03\/WhatsApp-Image-2020-03-19-at-16.56.04.jpg","type":"image\/jpeg"}],"author":"Redacao VerdadeOn","twitter_card":"summary_large_image","twitter_misc":{"Escrito por":"Redacao VerdadeOn","Est. tempo de leitura":"2 minutos"},"schema":{"@context":"https:\/\/schema.org","@graph":[{"@type":"WebPage","@id":"https:\/\/verdadeon.com.br\/portal\/2020\/03\/20\/grupo-santa-casa-de-franca-se-prepara-para-atuar-na-prevencao-e-contencao-do-coronavirus\/","url":"https:\/\/verdadeon.com.br\/portal\/2020\/03\/20\/grupo-santa-casa-de-franca-se-prepara-para-atuar-na-prevencao-e-contencao-do-coronavirus\/","name":"Grupo Santa Casa de Franca se prepara para atuar na preven\u00e7\u00e3o e conten\u00e7\u00e3o do Coronav\u00edrus - VerdadeOn","isPartOf":{"@id":"https:\/\/verdadeon.com.br\/portal\/#website"},"primaryImageOfPage":{"@id":"https:\/\/verdadeon.com.br\/portal\/2020\/03\/20\/grupo-santa-casa-de-franca-se-prepara-para-atuar-na-prevencao-e-contencao-do-coronavirus\/#primaryimage"},"image":{"@id":"https:\/\/verdadeon.com.br\/portal\/2020\/03\/20\/grupo-santa-casa-de-franca-se-prepara-para-atuar-na-prevencao-e-contencao-do-coronavirus\/#primaryimage"},"thumbnailUrl":"https:\/\/i0.wp.com\/verdadeon.com.br\/portal\/wp-content\/uploads\/2020\/03\/WhatsApp-Image-2020-03-19-at-16.56.04.jpg?fit=1000%2C750&ssl=1","datePublished":"2020-03-20T10:00:10+00:00","author":{"@id":"https:\/\/verdadeon.com.br\/portal\/#\/schema\/person\/a5060ad1e9ea3df545188fc93ce43d2f"},"breadcrumb":{"@id":"https:\/\/verdadeon.com.br\/portal\/2020\/03\/20\/grupo-santa-casa-de-franca-se-prepara-para-atuar-na-prevencao-e-contencao-do-coronavirus\/#breadcrumb"},"inLanguage":"pt-BR","potentialAction":[{"@type":"ReadAction","target":["https:\/\/verdadeon.com.br\/portal\/2020\/03\/20\/grupo-santa-casa-de-franca-se-prepara-para-atuar-na-prevencao-e-contencao-do-coronavirus\/"]}]},{"@type":"ImageObject","inLanguage":"pt-BR","@id":"https:\/\/verdadeon.com.br\/portal\/2020\/03\/20\/grupo-santa-casa-de-franca-se-prepara-para-atuar-na-prevencao-e-contencao-do-coronavirus\/#primaryimage","url":"https:\/\/i0.wp.com\/verdadeon.com.br\/portal\/wp-content\/uploads\/2020\/03\/WhatsApp-Image-2020-03-19-at-16.56.04.jpg?fit=1000%2C750&ssl=1","contentUrl":"https:\/\/i0.wp.com\/verdadeon.com.br\/portal\/wp-content\/uploads\/2020\/03\/WhatsApp-Image-2020-03-19-at-16.56.04.jpg?fit=1000%2C750&ssl=1","width":1000,"height":750,"caption":"Cuidados O grupo Santa Casa de Franca pediu que a popula\u00e7\u00e3o se mantenha calma e confiante praticando as medidas de isolamento social | Foto: Lindomar Cailton"},{"@type":"BreadcrumbList","@id":"https:\/\/verdadeon.com.br\/portal\/2020\/03\/20\/grupo-santa-casa-de-franca-se-prepara-para-atuar-na-prevencao-e-contencao-do-coronavirus\/#breadcrumb","itemListElement":[{"@type":"ListItem","position":1,"name":"In\u00edcio","item":"https:\/\/verdadeon.com.br\/portal\/"},{"@type":"ListItem","position":2,"name":"Grupo Santa Casa de Franca se prepara para atuar na preven\u00e7\u00e3o e conten\u00e7\u00e3o do Coronav\u00edrus"}]},{"@type":"WebSite","@id":"https:\/\/verdadeon.com.br\/portal\/#website","url":"https:\/\/verdadeon.com.br\/portal\/","name":"VerdadeOn","description":"Not\u00edcias di\u00e1rias sobre Franca, Regi\u00e3o, Esporte, Cultura, Cotidiano, Colunas. Cobertura nos principais eventos da cidade \u00e9 aqui - Verdadeon Franca","potentialAction":[{"@type":"SearchAction","target":{"@type":"EntryPoint","urlTemplate":"https:\/\/verdadeon.com.br\/portal\/?s={search_term_string}"},"query-input":{"@type":"PropertyValueSpecification","valueRequired":true,"valueName":"search_term_string"}}],"inLanguage":"pt-BR"},{"@type":"Person","@id":"https:\/\/verdadeon.com.br\/portal\/#\/schema\/person\/a5060ad1e9ea3df545188fc93ce43d2f","name":"Redacao VerdadeOn","image":{"@type":"ImageObject","inLanguage":"pt-BR","@id":"https:\/\/verdadeon.com.br\/portal\/#\/schema\/person\/image\/","url":"https:\/\/secure.gravatar.com\/avatar\/459a9613caaaf07f582c3d0841eea68bdd66f533e465e6ba8b9cb45619572cf4?s=96&d=mm&r=g","contentUrl":"https:\/\/secure.gravatar.com\/avatar\/459a9613caaaf07f582c3d0841eea68bdd66f533e465e6ba8b9cb45619572cf4?s=96&d=mm&r=g","caption":"Redacao VerdadeOn"},"url":"https:\/\/verdadeon.com.br\/portal\/author\/redacao\/"}]}},"jetpack_publicize_connections":[],"jetpack_featured_media_url":"https:\/\/i0.wp.com\/verdadeon.com.br\/portal\/wp-content\/uploads\/2020\/03\/WhatsApp-Image-2020-03-19-at-16.56.04.jpg?fit=1000%2C750&ssl=1","jetpack_sharing_enabled":true,"_links":{"self":[{"href":"https:\/\/verdadeon.com.br\/portal\/wp-json\/wp\/v2\/posts\/5324","targetHints":{"allow":["GET"]}}],"collection":[{"href":"https:\/\/verdadeon.com.br\/portal\/wp-json\/wp\/v2\/posts"}],"about":[{"href":"https:\/\/verdadeon.com.br\/portal\/wp-json\/wp\/v2\/types\/post"}],"author":[{"embeddable":true,"href":"https:\/\/verdadeon.com.br\/portal\/wp-json\/wp\/v2\/users\/10"}],"replies":[{"embeddable":true,"href":"https:\/\/verdadeon.com.br\/portal\/wp-json\/wp\/v2\/comments?post=5324"}],"version-history":[{"count":0,"href":"https:\/\/verdadeon.com.br\/portal\/wp-json\/wp\/v2\/posts\/5324\/revisions"}],"wp:featuredmedia":[{"embeddable":true,"href":"https:\/\/verdadeon.com.br\/portal\/wp-json\/wp\/v2\/media\/5325"}],"wp:attachment":[{"href":"https:\/\/verdadeon.com.br\/portal\/wp-json\/wp\/v2\/media?parent=5324"}],"wp:term":[{"taxonomy":"category","embeddable":true,"href":"https:\/\/verdadeon.com.br\/portal\/wp-json\/wp\/v2\/categories?post=5324"},{"taxonomy":"post_tag","embeddable":true,"href":"https:\/\/verdadeon.com.br\/portal\/wp-json\/wp\/v2\/tags?post=5324"}],"curies":[{"name":"wp","href":"https:\/\/api.w.org\/{rel}","templated":true}]}}