{"id":53119,"date":"2025-01-16T15:06:31","date_gmt":"2025-01-16T18:06:31","guid":{"rendered":"https:\/\/verdadeon.com.br\/portal\/?p=53119"},"modified":"2025-01-16T15:06:31","modified_gmt":"2025-01-16T18:06:31","slug":"liminar-obtida-por-promotoria-determina-regularizacao-de-unidades-de-saude-em-sao-joaquim-da-barra","status":"publish","type":"post","link":"https:\/\/verdadeon.com.br\/portal\/2025\/01\/16\/liminar-obtida-por-promotoria-determina-regularizacao-de-unidades-de-saude-em-sao-joaquim-da-barra\/","title":{"rendered":"Liminar obtida por Promotoria determina regulariza\u00e7\u00e3o de unidades de sa\u00fade em S\u00e3o Joaquim da Barra"},"content":{"rendered":"<h2>Decis\u00e3o \u00e9 de 19 de dezembro e d\u00e1 90 dias para implementa\u00e7\u00e3o de melhorias<\/h2>\n<div class=\"mpsp-display__socialmedia\">\n<div class=\"mpsp-display__socialmedia-date\">\n<p>Liminar concedida pelo Poder Judici\u00e1rio em 19 de dezembro a pedido do MPSP deu 90 dias para que o munic\u00edpio de S\u00e3o Joaquim da Barra regularize unidades de sa\u00fade geridas pelo Executivo local, adotando medidas que atendam \u00e0s recomenda\u00e7\u00f5es do Conselho Regional de Medicina (CREMESP), do Conselho Regional de Enfermagem (COREN-SP) e da Vigil\u00e2ncia Sanit\u00e1ria.<\/p>\n<p>As melhorias devem ser implementadas nos seguintes locais: PSF Jos\u00e9 Otac\u00edlio Quaresmin (Jo\u00e3o Mattaraia), UPA Dr. Dante Chavaglia, CAPS I Prof. Alexandre Dezem, PSF ESF Dr. Am\u00e9lio Joaquim de Oliveira (Lapa), ESF Maciel Francisco Garcia, PSF Rosinha Basso (Jardim Para\u00edso &#8211; Sanbra), PSF Vila Deienno, ESF Oswaldo Dal Pino, Centro de Preven\u00e7\u00e3o Jorge de Lollo IST\/HIV, Vigil\u00e2ncia em Sa\u00fade Sanit\u00e1ria, Epidemiol\u00f3gica e Ambiental, Centro Integrado de Sa\u00fade Dr. Luiz Gonzaga Maffia e Centro de Sa\u00fade Dr. Jos\u00e9 Ribeiro Fortes.<\/p>\n<p>Entre os problemas apontados pelas entidades de classe e pela autoridade sanit\u00e1ria est\u00e3o falta de materiais e insumos, de acessibilidade e de pessoal, assim como de Auto de Vistoria do Corpo de Bombeiros, em alguns casos. Em uma das unidades, por exemplo, n\u00e3o havia identifica\u00e7\u00e3o de respons\u00e1vel t\u00e9cnico e foi verificada a presen\u00e7a de infiltra\u00e7\u00f5es, pragas e mofo.<\/p>\n<p>A Promotoria de S\u00e3o Joaquim da Barra afirma nos autos ter tentado celebrar Termo de Ajustamento de Conduta para evitar a via judicial e garantir celeridade e seguran\u00e7a na solu\u00e7\u00e3o do caso, mas a prefeitura recusou o ajuste.<\/p>\n<\/div>\n<\/div>\n","protected":false},"excerpt":{"rendered":"<p>Decis\u00e3o \u00e9 de 19 de dezembro e d\u00e1 90 dias para implementa\u00e7\u00e3o de melhorias Liminar concedida pelo Poder Judici\u00e1rio em 19 de dezembro a pedido do<span class=\"excerpt-hellip\"> [\u2026]<\/span><\/p>\n","protected":false},"author":10,"featured_media":7722,"comment_status":"open","ping_status":"open","sticky":false,"template":"","format":"standard","meta":{"_jetpack_memberships_contains_paid_content":false,"footnotes":"","jetpack_publicize_message":"","jetpack_publicize_feature_enabled":true,"jetpack_social_post_already_shared":true,"jetpack_social_options":{"image_generator_settings":{"template":"highway","default_image_id":0,"enabled":false},"version":2}},"categories":[28,81],"tags":[],"class_list":["post-53119","post","type-post","status-publish","format-standard","has-post-thumbnail","hentry","category-cotidiano","category-manchete"],"yoast_head":"<!-- This site is optimized with the Yoast SEO plugin v25.6 - https:\/\/yoast.com\/wordpress\/plugins\/seo\/ -->\n<title>Liminar obtida por Promotoria determina regulariza\u00e7\u00e3o de unidades de sa\u00fade em S\u00e3o Joaquim da Barra - VerdadeOn<\/title>\n<meta name=\"robots\" content=\"index, follow, max-snippet:-1, max-image-preview:large, max-video-preview:-1\" \/>\n<link rel=\"canonical\" href=\"https:\/\/verdadeon.com.br\/portal\/2025\/01\/16\/liminar-obtida-por-promotoria-determina-regularizacao-de-unidades-de-saude-em-sao-joaquim-da-barra\/\" \/>\n<meta property=\"og:locale\" content=\"pt_BR\" \/>\n<meta property=\"og:type\" content=\"article\" \/>\n<meta property=\"og:title\" content=\"Liminar obtida por Promotoria determina regulariza\u00e7\u00e3o de unidades de sa\u00fade em S\u00e3o Joaquim da Barra - VerdadeOn\" \/>\n<meta property=\"og:description\" content=\"Decis\u00e3o \u00e9 de 19 de dezembro e d\u00e1 90 dias para implementa\u00e7\u00e3o de melhorias Liminar concedida pelo Poder Judici\u00e1rio em 19 de dezembro a pedido do [\u2026]\" \/>\n<meta property=\"og:url\" content=\"https:\/\/verdadeon.com.br\/portal\/2025\/01\/16\/liminar-obtida-por-promotoria-determina-regularizacao-de-unidades-de-saude-em-sao-joaquim-da-barra\/\" \/>\n<meta property=\"og:site_name\" content=\"VerdadeOn\" \/>\n<meta property=\"article:published_time\" content=\"2025-01-16T18:06:31+00:00\" \/>\n<meta property=\"og:image\" content=\"https:\/\/verdadeon.com.br\/portal\/wp-content\/uploads\/2020\/06\/WhatsApp-Image-2020-06-06-at-19.15.36.jpeg\" \/>\n\t<meta property=\"og:image:width\" content=\"1000\" \/>\n\t<meta property=\"og:image:height\" content=\"670\" \/>\n\t<meta property=\"og:image:type\" content=\"image\/jpeg\" \/>\n<meta name=\"author\" content=\"Redacao VerdadeOn\" \/>\n<meta name=\"twitter:card\" content=\"summary_large_image\" \/>\n<meta name=\"twitter:label1\" content=\"Escrito por\" \/>\n\t<meta name=\"twitter:data1\" content=\"Redacao VerdadeOn\" \/>\n\t<meta name=\"twitter:label2\" content=\"Est. tempo de leitura\" \/>\n\t<meta name=\"twitter:data2\" content=\"2 minutos\" \/>\n<script type=\"application\/ld+json\" class=\"yoast-schema-graph\">{\"@context\":\"https:\/\/schema.org\",\"@graph\":[{\"@type\":\"WebPage\",\"@id\":\"https:\/\/verdadeon.com.br\/portal\/2025\/01\/16\/liminar-obtida-por-promotoria-determina-regularizacao-de-unidades-de-saude-em-sao-joaquim-da-barra\/\",\"url\":\"https:\/\/verdadeon.com.br\/portal\/2025\/01\/16\/liminar-obtida-por-promotoria-determina-regularizacao-de-unidades-de-saude-em-sao-joaquim-da-barra\/\",\"name\":\"Liminar obtida por Promotoria determina regulariza\u00e7\u00e3o de unidades de sa\u00fade em S\u00e3o Joaquim da Barra - VerdadeOn\",\"isPartOf\":{\"@id\":\"https:\/\/verdadeon.com.br\/portal\/#website\"},\"primaryImageOfPage\":{\"@id\":\"https:\/\/verdadeon.com.br\/portal\/2025\/01\/16\/liminar-obtida-por-promotoria-determina-regularizacao-de-unidades-de-saude-em-sao-joaquim-da-barra\/#primaryimage\"},\"image\":{\"@id\":\"https:\/\/verdadeon.com.br\/portal\/2025\/01\/16\/liminar-obtida-por-promotoria-determina-regularizacao-de-unidades-de-saude-em-sao-joaquim-da-barra\/#primaryimage\"},\"thumbnailUrl\":\"https:\/\/i0.wp.com\/verdadeon.com.br\/portal\/wp-content\/uploads\/2020\/06\/WhatsApp-Image-2020-06-06-at-19.15.36.jpeg?fit=1000%2C670&ssl=1\",\"datePublished\":\"2025-01-16T18:06:31+00:00\",\"author\":{\"@id\":\"https:\/\/verdadeon.com.br\/portal\/#\/schema\/person\/a5060ad1e9ea3df545188fc93ce43d2f\"},\"breadcrumb\":{\"@id\":\"https:\/\/verdadeon.com.br\/portal\/2025\/01\/16\/liminar-obtida-por-promotoria-determina-regularizacao-de-unidades-de-saude-em-sao-joaquim-da-barra\/#breadcrumb\"},\"inLanguage\":\"pt-BR\",\"potentialAction\":[{\"@type\":\"ReadAction\",\"target\":[\"https:\/\/verdadeon.com.br\/portal\/2025\/01\/16\/liminar-obtida-por-promotoria-determina-regularizacao-de-unidades-de-saude-em-sao-joaquim-da-barra\/\"]}]},{\"@type\":\"ImageObject\",\"inLanguage\":\"pt-BR\",\"@id\":\"https:\/\/verdadeon.com.br\/portal\/2025\/01\/16\/liminar-obtida-por-promotoria-determina-regularizacao-de-unidades-de-saude-em-sao-joaquim-da-barra\/#primaryimage\",\"url\":\"https:\/\/i0.wp.com\/verdadeon.com.br\/portal\/wp-content\/uploads\/2020\/06\/WhatsApp-Image-2020-06-06-at-19.15.36.jpeg?fit=1000%2C670&ssl=1\",\"contentUrl\":\"https:\/\/i0.wp.com\/verdadeon.com.br\/portal\/wp-content\/uploads\/2020\/06\/WhatsApp-Image-2020-06-06-at-19.15.36.jpeg?fit=1000%2C670&ssl=1\",\"width\":1000,\"height\":670,\"caption\":\"Vista panor\u00e2mica de S\u00e3o Joaquim da Barra (\u00a9Divulga\u00e7\u00e3o)\"},{\"@type\":\"BreadcrumbList\",\"@id\":\"https:\/\/verdadeon.com.br\/portal\/2025\/01\/16\/liminar-obtida-por-promotoria-determina-regularizacao-de-unidades-de-saude-em-sao-joaquim-da-barra\/#breadcrumb\",\"itemListElement\":[{\"@type\":\"ListItem\",\"position\":1,\"name\":\"In\u00edcio\",\"item\":\"https:\/\/verdadeon.com.br\/portal\/\"},{\"@type\":\"ListItem\",\"position\":2,\"name\":\"Liminar obtida por Promotoria determina regulariza\u00e7\u00e3o de unidades de sa\u00fade em S\u00e3o Joaquim da Barra\"}]},{\"@type\":\"WebSite\",\"@id\":\"https:\/\/verdadeon.com.br\/portal\/#website\",\"url\":\"https:\/\/verdadeon.com.br\/portal\/\",\"name\":\"VerdadeOn\",\"description\":\"Not\u00edcias di\u00e1rias sobre Franca, Regi\u00e3o, Esporte, Cultura, Cotidiano, Colunas. Cobertura nos principais eventos da cidade \u00e9 aqui - Verdadeon Franca\",\"potentialAction\":[{\"@type\":\"SearchAction\",\"target\":{\"@type\":\"EntryPoint\",\"urlTemplate\":\"https:\/\/verdadeon.com.br\/portal\/?s={search_term_string}\"},\"query-input\":{\"@type\":\"PropertyValueSpecification\",\"valueRequired\":true,\"valueName\":\"search_term_string\"}}],\"inLanguage\":\"pt-BR\"},{\"@type\":\"Person\",\"@id\":\"https:\/\/verdadeon.com.br\/portal\/#\/schema\/person\/a5060ad1e9ea3df545188fc93ce43d2f\",\"name\":\"Redacao VerdadeOn\",\"image\":{\"@type\":\"ImageObject\",\"inLanguage\":\"pt-BR\",\"@id\":\"https:\/\/verdadeon.com.br\/portal\/#\/schema\/person\/image\/\",\"url\":\"https:\/\/secure.gravatar.com\/avatar\/459a9613caaaf07f582c3d0841eea68bdd66f533e465e6ba8b9cb45619572cf4?s=96&d=mm&r=g\",\"contentUrl\":\"https:\/\/secure.gravatar.com\/avatar\/459a9613caaaf07f582c3d0841eea68bdd66f533e465e6ba8b9cb45619572cf4?s=96&d=mm&r=g\",\"caption\":\"Redacao VerdadeOn\"},\"url\":\"https:\/\/verdadeon.com.br\/portal\/author\/redacao\/\"}]}<\/script>\n<!-- \/ Yoast SEO plugin. -->","yoast_head_json":{"title":"Liminar obtida por Promotoria determina regulariza\u00e7\u00e3o de unidades de sa\u00fade em S\u00e3o Joaquim da Barra - VerdadeOn","robots":{"index":"index","follow":"follow","max-snippet":"max-snippet:-1","max-image-preview":"max-image-preview:large","max-video-preview":"max-video-preview:-1"},"canonical":"https:\/\/verdadeon.com.br\/portal\/2025\/01\/16\/liminar-obtida-por-promotoria-determina-regularizacao-de-unidades-de-saude-em-sao-joaquim-da-barra\/","og_locale":"pt_BR","og_type":"article","og_title":"Liminar obtida por Promotoria determina regulariza\u00e7\u00e3o de unidades de sa\u00fade em S\u00e3o Joaquim da Barra - VerdadeOn","og_description":"Decis\u00e3o \u00e9 de 19 de dezembro e d\u00e1 90 dias para implementa\u00e7\u00e3o de melhorias Liminar concedida pelo Poder Judici\u00e1rio em 19 de dezembro a pedido do [\u2026]","og_url":"https:\/\/verdadeon.com.br\/portal\/2025\/01\/16\/liminar-obtida-por-promotoria-determina-regularizacao-de-unidades-de-saude-em-sao-joaquim-da-barra\/","og_site_name":"VerdadeOn","article_published_time":"2025-01-16T18:06:31+00:00","og_image":[{"width":1000,"height":670,"url":"https:\/\/verdadeon.com.br\/portal\/wp-content\/uploads\/2020\/06\/WhatsApp-Image-2020-06-06-at-19.15.36.jpeg","type":"image\/jpeg"}],"author":"Redacao VerdadeOn","twitter_card":"summary_large_image","twitter_misc":{"Escrito por":"Redacao VerdadeOn","Est. tempo de leitura":"2 minutos"},"schema":{"@context":"https:\/\/schema.org","@graph":[{"@type":"WebPage","@id":"https:\/\/verdadeon.com.br\/portal\/2025\/01\/16\/liminar-obtida-por-promotoria-determina-regularizacao-de-unidades-de-saude-em-sao-joaquim-da-barra\/","url":"https:\/\/verdadeon.com.br\/portal\/2025\/01\/16\/liminar-obtida-por-promotoria-determina-regularizacao-de-unidades-de-saude-em-sao-joaquim-da-barra\/","name":"Liminar obtida por Promotoria determina regulariza\u00e7\u00e3o de unidades de sa\u00fade em S\u00e3o Joaquim da Barra - VerdadeOn","isPartOf":{"@id":"https:\/\/verdadeon.com.br\/portal\/#website"},"primaryImageOfPage":{"@id":"https:\/\/verdadeon.com.br\/portal\/2025\/01\/16\/liminar-obtida-por-promotoria-determina-regularizacao-de-unidades-de-saude-em-sao-joaquim-da-barra\/#primaryimage"},"image":{"@id":"https:\/\/verdadeon.com.br\/portal\/2025\/01\/16\/liminar-obtida-por-promotoria-determina-regularizacao-de-unidades-de-saude-em-sao-joaquim-da-barra\/#primaryimage"},"thumbnailUrl":"https:\/\/i0.wp.com\/verdadeon.com.br\/portal\/wp-content\/uploads\/2020\/06\/WhatsApp-Image-2020-06-06-at-19.15.36.jpeg?fit=1000%2C670&ssl=1","datePublished":"2025-01-16T18:06:31+00:00","author":{"@id":"https:\/\/verdadeon.com.br\/portal\/#\/schema\/person\/a5060ad1e9ea3df545188fc93ce43d2f"},"breadcrumb":{"@id":"https:\/\/verdadeon.com.br\/portal\/2025\/01\/16\/liminar-obtida-por-promotoria-determina-regularizacao-de-unidades-de-saude-em-sao-joaquim-da-barra\/#breadcrumb"},"inLanguage":"pt-BR","potentialAction":[{"@type":"ReadAction","target":["https:\/\/verdadeon.com.br\/portal\/2025\/01\/16\/liminar-obtida-por-promotoria-determina-regularizacao-de-unidades-de-saude-em-sao-joaquim-da-barra\/"]}]},{"@type":"ImageObject","inLanguage":"pt-BR","@id":"https:\/\/verdadeon.com.br\/portal\/2025\/01\/16\/liminar-obtida-por-promotoria-determina-regularizacao-de-unidades-de-saude-em-sao-joaquim-da-barra\/#primaryimage","url":"https:\/\/i0.wp.com\/verdadeon.com.br\/portal\/wp-content\/uploads\/2020\/06\/WhatsApp-Image-2020-06-06-at-19.15.36.jpeg?fit=1000%2C670&ssl=1","contentUrl":"https:\/\/i0.wp.com\/verdadeon.com.br\/portal\/wp-content\/uploads\/2020\/06\/WhatsApp-Image-2020-06-06-at-19.15.36.jpeg?fit=1000%2C670&ssl=1","width":1000,"height":670,"caption":"Vista panor\u00e2mica de S\u00e3o Joaquim da Barra (\u00a9Divulga\u00e7\u00e3o)"},{"@type":"BreadcrumbList","@id":"https:\/\/verdadeon.com.br\/portal\/2025\/01\/16\/liminar-obtida-por-promotoria-determina-regularizacao-de-unidades-de-saude-em-sao-joaquim-da-barra\/#breadcrumb","itemListElement":[{"@type":"ListItem","position":1,"name":"In\u00edcio","item":"https:\/\/verdadeon.com.br\/portal\/"},{"@type":"ListItem","position":2,"name":"Liminar obtida por Promotoria determina regulariza\u00e7\u00e3o de unidades de sa\u00fade em S\u00e3o Joaquim da Barra"}]},{"@type":"WebSite","@id":"https:\/\/verdadeon.com.br\/portal\/#website","url":"https:\/\/verdadeon.com.br\/portal\/","name":"VerdadeOn","description":"Not\u00edcias di\u00e1rias sobre Franca, Regi\u00e3o, Esporte, Cultura, Cotidiano, Colunas. Cobertura nos principais eventos da cidade \u00e9 aqui - Verdadeon Franca","potentialAction":[{"@type":"SearchAction","target":{"@type":"EntryPoint","urlTemplate":"https:\/\/verdadeon.com.br\/portal\/?s={search_term_string}"},"query-input":{"@type":"PropertyValueSpecification","valueRequired":true,"valueName":"search_term_string"}}],"inLanguage":"pt-BR"},{"@type":"Person","@id":"https:\/\/verdadeon.com.br\/portal\/#\/schema\/person\/a5060ad1e9ea3df545188fc93ce43d2f","name":"Redacao VerdadeOn","image":{"@type":"ImageObject","inLanguage":"pt-BR","@id":"https:\/\/verdadeon.com.br\/portal\/#\/schema\/person\/image\/","url":"https:\/\/secure.gravatar.com\/avatar\/459a9613caaaf07f582c3d0841eea68bdd66f533e465e6ba8b9cb45619572cf4?s=96&d=mm&r=g","contentUrl":"https:\/\/secure.gravatar.com\/avatar\/459a9613caaaf07f582c3d0841eea68bdd66f533e465e6ba8b9cb45619572cf4?s=96&d=mm&r=g","caption":"Redacao VerdadeOn"},"url":"https:\/\/verdadeon.com.br\/portal\/author\/redacao\/"}]}},"jetpack_publicize_connections":[],"jetpack_featured_media_url":"https:\/\/i0.wp.com\/verdadeon.com.br\/portal\/wp-content\/uploads\/2020\/06\/WhatsApp-Image-2020-06-06-at-19.15.36.jpeg?fit=1000%2C670&ssl=1","jetpack_sharing_enabled":true,"_links":{"self":[{"href":"https:\/\/verdadeon.com.br\/portal\/wp-json\/wp\/v2\/posts\/53119","targetHints":{"allow":["GET"]}}],"collection":[{"href":"https:\/\/verdadeon.com.br\/portal\/wp-json\/wp\/v2\/posts"}],"about":[{"href":"https:\/\/verdadeon.com.br\/portal\/wp-json\/wp\/v2\/types\/post"}],"author":[{"embeddable":true,"href":"https:\/\/verdadeon.com.br\/portal\/wp-json\/wp\/v2\/users\/10"}],"replies":[{"embeddable":true,"href":"https:\/\/verdadeon.com.br\/portal\/wp-json\/wp\/v2\/comments?post=53119"}],"version-history":[{"count":1,"href":"https:\/\/verdadeon.com.br\/portal\/wp-json\/wp\/v2\/posts\/53119\/revisions"}],"predecessor-version":[{"id":53120,"href":"https:\/\/verdadeon.com.br\/portal\/wp-json\/wp\/v2\/posts\/53119\/revisions\/53120"}],"wp:featuredmedia":[{"embeddable":true,"href":"https:\/\/verdadeon.com.br\/portal\/wp-json\/wp\/v2\/media\/7722"}],"wp:attachment":[{"href":"https:\/\/verdadeon.com.br\/portal\/wp-json\/wp\/v2\/media?parent=53119"}],"wp:term":[{"taxonomy":"category","embeddable":true,"href":"https:\/\/verdadeon.com.br\/portal\/wp-json\/wp\/v2\/categories?post=53119"},{"taxonomy":"post_tag","embeddable":true,"href":"https:\/\/verdadeon.com.br\/portal\/wp-json\/wp\/v2\/tags?post=53119"}],"curies":[{"name":"wp","href":"https:\/\/api.w.org\/{rel}","templated":true}]}}